{"id":89767,"date":"2025-09-11T17:39:36","date_gmt":"2025-09-11T20:39:36","guid":{"rendered":"https:\/\/portalnpm.com\/?p=89767"},"modified":"2025-09-11T17:40:14","modified_gmt":"2025-09-11T20:40:14","slug":"com-apoio-do-centro-integrado-de-reabilitacao-secretaria-municipal-de-saude-de-sao-juliao-entrega-equipamentos-ortopedicos-para-a-populacao","status":"publish","type":"post","link":"https:\/\/portalnpm.com\/index.php\/2025\/09\/11\/com-apoio-do-centro-integrado-de-reabilitacao-secretaria-municipal-de-saude-de-sao-juliao-entrega-equipamentos-ortopedicos-para-a-populacao\/","title":{"rendered":"Com apoio do Centro Integrado de Reabilita\u00e7\u00e3o, Secretaria Municipal de Sa\u00fade de S\u00e3o Juli\u00e3o entrega equipamentos ortop\u00e9dicos para a popula\u00e7\u00e3o"},"content":{"rendered":"<p>Com o objetivo de promover mais acessibilidade, qualidade de vida e bem-estar \u00e0 popula\u00e7\u00e3o, a Secretaria Municipal de Sa\u00fade, com apoio do Prefeito Municipal, realizou a entrega de equipamentos ortop\u00e9dicos por meio da Oficina Ortop\u00e9dica de \u00d3rteses e Pr\u00f3teses.<\/p>\n<p><img fetchpriority=\"high\" decoding=\"async\" class=\"alignnone wp-image-89769 size-full\" src=\"https:\/\/portalnpm.com\/wp-content\/uploads\/2025\/09\/IMG-20250911-WA0780.jpg\" alt=\"\" width=\"900\" height=\"1600\" srcset=\"https:\/\/portalnpm.com\/wp-content\/uploads\/2025\/09\/IMG-20250911-WA0780.jpg 900w, https:\/\/portalnpm.com\/wp-content\/uploads\/2025\/09\/IMG-20250911-WA0780-169x300.jpg 169w, https:\/\/portalnpm.com\/wp-content\/uploads\/2025\/09\/IMG-20250911-WA0780-576x1024.jpg 576w, https:\/\/portalnpm.com\/wp-content\/uploads\/2025\/09\/IMG-20250911-WA0780-768x1365.jpg 768w, https:\/\/portalnpm.com\/wp-content\/uploads\/2025\/09\/IMG-20250911-WA0780-864x1536.jpg 864w\" sizes=\"(max-width: 900px) 100vw, 900px\" \/><\/p>\n<p>A a\u00e7\u00e3o contou com a entrega de 3 cadeiras de rodas, 5 cadeiras de banho e 1 andador a usu\u00e1rios cadastrados e acompanhados pelas equipes de sa\u00fade e assist\u00eancia social do munic\u00edpio.<\/p>\n<p>Os equipamentos foram adquiridos por meio de parceria com o CEIR \u2014 Centro Integrado de Reabilita\u00e7\u00e3o, um importante aliado na garantia dos direitos das pessoas com defici\u00eancia ou mobilidade reduzida. O trabalho \u00e9 fruto da atua\u00e7\u00e3o integrada do servi\u00e7o social da sa\u00fade, da assist\u00eancia social e da equipe e-Multi, que acompanham de perto as necessidades da popula\u00e7\u00e3o.<\/p>\n<p>De acordo com a Secret\u00e1ria Municipal de Sa\u00fade, a a\u00e7\u00e3o representa um avan\u00e7o importante na pol\u00edtica de inclus\u00e3o. &#8220;Esses equipamentos fazem toda a diferen\u00e7a no dia a dia dos usu\u00e1rios. Estamos garantindo dignidade e autonomia \u00e0s pessoas que mais precisam&#8221;, destacou.<\/p>\n<p>O Prefeito Municipal tamb\u00e9m participou da entrega e refor\u00e7ou o compromisso da gest\u00e3o com pol\u00edticas p\u00fablicas voltadas \u00e0 sa\u00fade e \u00e0 inclus\u00e3o social. <em>&#8220;Nosso trabalho \u00e9 garantir que os servi\u00e7os cheguem a quem mais precisa, com responsabilidade, sensibilidade e compromisso com o bem-estar da popula\u00e7\u00e3o&#8221;<\/em>, afirmou.<\/p>\n<p>A entrega dos equipamentos refor\u00e7a o papel do munic\u00edpio na promo\u00e7\u00e3o da equidade no acesso \u00e0 sa\u00fade, assegurando os direitos dos usu\u00e1rios e contribuindo para uma vida mais ativa, segura e com mais qualidade.<\/p>\n<p><img decoding=\"async\" class=\"alignnone wp-image-89770 size-full\" src=\"https:\/\/portalnpm.com\/wp-content\/uploads\/2025\/09\/IMG-20250911-WA0785.jpg\" alt=\"\" width=\"900\" height=\"1600\" srcset=\"https:\/\/portalnpm.com\/wp-content\/uploads\/2025\/09\/IMG-20250911-WA0785.jpg 900w, https:\/\/portalnpm.com\/wp-content\/uploads\/2025\/09\/IMG-20250911-WA0785-169x300.jpg 169w, https:\/\/portalnpm.com\/wp-content\/uploads\/2025\/09\/IMG-20250911-WA0785-576x1024.jpg 576w, https:\/\/portalnpm.com\/wp-content\/uploads\/2025\/09\/IMG-20250911-WA0785-768x1365.jpg 768w, https:\/\/portalnpm.com\/wp-content\/uploads\/2025\/09\/IMG-20250911-WA0785-864x1536.jpg 864w\" sizes=\"(max-width: 900px) 100vw, 900px\" \/><\/p>\n<p>Fotos: Ascom<\/p>\n","protected":false},"excerpt":{"rendered":"<p>Com o objetivo de promover mais acessibilidade, qualidade de vida e bem-estar \u00e0 popula\u00e7\u00e3o, a Secretaria Municipal de Sa\u00fade, com apoio do Prefeito Municipal, realizou a entrega de equipamentos ortop\u00e9dicos por meio da Oficina Ortop\u00e9dica de \u00d3rteses e Pr\u00f3teses. A a\u00e7\u00e3o contou com a entrega de 3 cadeiras de rodas, 5 cadeiras de banho e &hellip;<\/p>\n","protected":false},"author":3,"featured_media":89773,"comment_status":"open","ping_status":"open","sticky":false,"template":"","format":"standard","meta":{"content-type":"","rop_custom_images_group":[],"rop_custom_messages_group":[],"rop_publish_now":"yes","rop_publish_now_accounts":{"facebook_2648258775420054_1618374048415101":""},"rop_publish_now_history":[],"rop_publish_now_status":"pending","footnotes":"","_jetpack_memberships_contains_paid_content":false},"categories":[113,109,3998],"tags":[576,3213,230,2326,13445,16037,1197,1923,16714,852,2080,16713,1196,417,2024],"yoast_head":"<!-- This site is optimized with the Yoast SEO plugin v22.3 - https:\/\/yoast.com\/wordpress\/plugins\/seo\/ -->\n<title>Com apoio do Centro Integrado de Reabilita\u00e7\u00e3o, Secretaria Municipal de Sa\u00fade de S\u00e3o Juli\u00e3o entrega equipamentos ortop\u00e9dicos para a popula\u00e7\u00e3o - Portal NPM<\/title>\n<meta name=\"robots\" content=\"index, follow, max-snippet:-1, max-image-preview:large, max-video-preview:-1\" \/>\n<link rel=\"canonical\" href=\"https:\/\/portalnpm.com\/index.php\/2025\/09\/11\/com-apoio-do-centro-integrado-de-reabilitacao-secretaria-municipal-de-saude-de-sao-juliao-entrega-equipamentos-ortopedicos-para-a-populacao\/\" \/>\n<meta property=\"og:locale\" content=\"pt_BR\" \/>\n<meta property=\"og:type\" content=\"article\" \/>\n<meta property=\"og:title\" content=\"Com apoio do Centro Integrado de Reabilita\u00e7\u00e3o, Secretaria Municipal de Sa\u00fade de S\u00e3o Juli\u00e3o entrega equipamentos ortop\u00e9dicos para a popula\u00e7\u00e3o - Portal NPM\" \/>\n<meta property=\"og:description\" content=\"Com o objetivo de promover mais acessibilidade, qualidade de vida e bem-estar \u00e0 popula\u00e7\u00e3o, a Secretaria Municipal de Sa\u00fade, com apoio do Prefeito Municipal, realizou a entrega de equipamentos ortop\u00e9dicos por meio da Oficina Ortop\u00e9dica de \u00d3rteses e Pr\u00f3teses. A a\u00e7\u00e3o contou com a entrega de 3 cadeiras de rodas, 5 cadeiras de banho e &hellip;\" \/>\n<meta property=\"og:url\" content=\"https:\/\/portalnpm.com\/index.php\/2025\/09\/11\/com-apoio-do-centro-integrado-de-reabilitacao-secretaria-municipal-de-saude-de-sao-juliao-entrega-equipamentos-ortopedicos-para-a-populacao\/\" \/>\n<meta property=\"og:site_name\" content=\"Portal NPM\" \/>\n<meta property=\"article:published_time\" content=\"2025-09-11T20:39:36+00:00\" \/>\n<meta property=\"article:modified_time\" content=\"2025-09-11T20:40:14+00:00\" \/>\n<meta property=\"og:image\" content=\"https:\/\/portalnpm.com\/wp-content\/uploads\/2025\/09\/IMG-20250911-WA0793.jpg\" \/>\n\t<meta property=\"og:image:width\" content=\"900\" \/>\n\t<meta property=\"og:image:height\" content=\"599\" \/>\n\t<meta property=\"og:image:type\" content=\"image\/jpeg\" \/>\n<meta name=\"author\" content=\"Luis Alberto\" \/>\n<meta name=\"twitter:card\" content=\"summary_large_image\" \/>\n<meta name=\"twitter:label1\" content=\"Escrito por\" \/>\n\t<meta name=\"twitter:data1\" content=\"Luis Alberto\" \/>\n\t<meta name=\"twitter:label2\" content=\"Est. tempo de leitura\" \/>\n\t<meta name=\"twitter:data2\" content=\"2 minutos\" \/>\n<script type=\"application\/ld+json\" class=\"yoast-schema-graph\">{\"@context\":\"https:\/\/schema.org\",\"@graph\":[{\"@type\":\"WebPage\",\"@id\":\"https:\/\/portalnpm.com\/index.php\/2025\/09\/11\/com-apoio-do-centro-integrado-de-reabilitacao-secretaria-municipal-de-saude-de-sao-juliao-entrega-equipamentos-ortopedicos-para-a-populacao\/\",\"url\":\"https:\/\/portalnpm.com\/index.php\/2025\/09\/11\/com-apoio-do-centro-integrado-de-reabilitacao-secretaria-municipal-de-saude-de-sao-juliao-entrega-equipamentos-ortopedicos-para-a-populacao\/\",\"name\":\"Com apoio do Centro Integrado de Reabilita\u00e7\u00e3o, Secretaria Municipal de Sa\u00fade de S\u00e3o Juli\u00e3o entrega equipamentos ortop\u00e9dicos para a popula\u00e7\u00e3o - Portal NPM\",\"isPartOf\":{\"@id\":\"https:\/\/portalnpm.com\/#website\"},\"primaryImageOfPage\":{\"@id\":\"https:\/\/portalnpm.com\/index.php\/2025\/09\/11\/com-apoio-do-centro-integrado-de-reabilitacao-secretaria-municipal-de-saude-de-sao-juliao-entrega-equipamentos-ortopedicos-para-a-populacao\/#primaryimage\"},\"image\":{\"@id\":\"https:\/\/portalnpm.com\/index.php\/2025\/09\/11\/com-apoio-do-centro-integrado-de-reabilitacao-secretaria-municipal-de-saude-de-sao-juliao-entrega-equipamentos-ortopedicos-para-a-populacao\/#primaryimage\"},\"thumbnailUrl\":\"https:\/\/portalnpm.com\/wp-content\/uploads\/2025\/09\/IMG-20250911-WA0793.jpg\",\"datePublished\":\"2025-09-11T20:39:36+00:00\",\"dateModified\":\"2025-09-11T20:40:14+00:00\",\"author\":{\"@id\":\"https:\/\/portalnpm.com\/#\/schema\/person\/5c8006acdf71774cd4e7a5ab98482152\"},\"breadcrumb\":{\"@id\":\"https:\/\/portalnpm.com\/index.php\/2025\/09\/11\/com-apoio-do-centro-integrado-de-reabilitacao-secretaria-municipal-de-saude-de-sao-juliao-entrega-equipamentos-ortopedicos-para-a-populacao\/#breadcrumb\"},\"inLanguage\":\"pt-BR\",\"potentialAction\":[{\"@type\":\"ReadAction\",\"target\":[\"https:\/\/portalnpm.com\/index.php\/2025\/09\/11\/com-apoio-do-centro-integrado-de-reabilitacao-secretaria-municipal-de-saude-de-sao-juliao-entrega-equipamentos-ortopedicos-para-a-populacao\/\"]}]},{\"@type\":\"ImageObject\",\"inLanguage\":\"pt-BR\",\"@id\":\"https:\/\/portalnpm.com\/index.php\/2025\/09\/11\/com-apoio-do-centro-integrado-de-reabilitacao-secretaria-municipal-de-saude-de-sao-juliao-entrega-equipamentos-ortopedicos-para-a-populacao\/#primaryimage\",\"url\":\"https:\/\/portalnpm.com\/wp-content\/uploads\/2025\/09\/IMG-20250911-WA0793.jpg\",\"contentUrl\":\"https:\/\/portalnpm.com\/wp-content\/uploads\/2025\/09\/IMG-20250911-WA0793.jpg\",\"width\":900,\"height\":599},{\"@type\":\"BreadcrumbList\",\"@id\":\"https:\/\/portalnpm.com\/index.php\/2025\/09\/11\/com-apoio-do-centro-integrado-de-reabilitacao-secretaria-municipal-de-saude-de-sao-juliao-entrega-equipamentos-ortopedicos-para-a-populacao\/#breadcrumb\",\"itemListElement\":[{\"@type\":\"ListItem\",\"position\":1,\"name\":\"In\u00edcio\",\"item\":\"https:\/\/portalnpm.com\/\"},{\"@type\":\"ListItem\",\"position\":2,\"name\":\"Com apoio do Centro Integrado de Reabilita\u00e7\u00e3o, Secretaria Municipal de Sa\u00fade de S\u00e3o Juli\u00e3o entrega equipamentos ortop\u00e9dicos para a popula\u00e7\u00e3o\"}]},{\"@type\":\"WebSite\",\"@id\":\"https:\/\/portalnpm.com\/#website\",\"url\":\"https:\/\/portalnpm.com\/\",\"name\":\"Portal NPM\",\"description\":\"Not\u00edcias em Primeira M\u00e3o\",\"potentialAction\":[{\"@type\":\"SearchAction\",\"target\":{\"@type\":\"EntryPoint\",\"urlTemplate\":\"https:\/\/portalnpm.com\/?s={search_term_string}\"},\"query-input\":\"required name=search_term_string\"}],\"inLanguage\":\"pt-BR\"},{\"@type\":\"Person\",\"@id\":\"https:\/\/portalnpm.com\/#\/schema\/person\/5c8006acdf71774cd4e7a5ab98482152\",\"name\":\"Luis Alberto\",\"image\":{\"@type\":\"ImageObject\",\"inLanguage\":\"pt-BR\",\"@id\":\"https:\/\/portalnpm.com\/#\/schema\/person\/image\/\",\"url\":\"https:\/\/portalnpm.com\/wp-content\/uploads\/2024\/12\/avatar_user_3_1734699769-96x96.jpeg\",\"contentUrl\":\"https:\/\/portalnpm.com\/wp-content\/uploads\/2024\/12\/avatar_user_3_1734699769-96x96.jpeg\",\"caption\":\"Luis Alberto\"},\"description\":\"Editor-geral do Portal NPM, \u00e9 formado como T\u00e9cnico em Seguran\u00e7a do Trabalho pela Escola Metropolitana de Cursos T\u00e9cnicos. Det\u00e9m ainda licenciatura em Educa\u00e7\u00e3o F\u00edsica e bacharelado em Ci\u00eancias Pol\u00edticas, ambos obtidos pela institui\u00e7\u00e3o Anhanguera\/UNOPAR.\",\"url\":\"https:\/\/portalnpm.com\/index.php\/author\/pereira\/\"}]}<\/script>\n<!-- \/ Yoast SEO plugin. -->","yoast_head_json":{"title":"Com apoio do Centro Integrado de Reabilita\u00e7\u00e3o, Secretaria Municipal de Sa\u00fade de S\u00e3o Juli\u00e3o entrega equipamentos ortop\u00e9dicos para a popula\u00e7\u00e3o - Portal NPM","robots":{"index":"index","follow":"follow","max-snippet":"max-snippet:-1","max-image-preview":"max-image-preview:large","max-video-preview":"max-video-preview:-1"},"canonical":"https:\/\/portalnpm.com\/index.php\/2025\/09\/11\/com-apoio-do-centro-integrado-de-reabilitacao-secretaria-municipal-de-saude-de-sao-juliao-entrega-equipamentos-ortopedicos-para-a-populacao\/","og_locale":"pt_BR","og_type":"article","og_title":"Com apoio do Centro Integrado de Reabilita\u00e7\u00e3o, Secretaria Municipal de Sa\u00fade de S\u00e3o Juli\u00e3o entrega equipamentos ortop\u00e9dicos para a popula\u00e7\u00e3o - Portal NPM","og_description":"Com o objetivo de promover mais acessibilidade, qualidade de vida e bem-estar \u00e0 popula\u00e7\u00e3o, a Secretaria Municipal de Sa\u00fade, com apoio do Prefeito Municipal, realizou a entrega de equipamentos ortop\u00e9dicos por meio da Oficina Ortop\u00e9dica de \u00d3rteses e Pr\u00f3teses. A a\u00e7\u00e3o contou com a entrega de 3 cadeiras de rodas, 5 cadeiras de banho e &hellip;","og_url":"https:\/\/portalnpm.com\/index.php\/2025\/09\/11\/com-apoio-do-centro-integrado-de-reabilitacao-secretaria-municipal-de-saude-de-sao-juliao-entrega-equipamentos-ortopedicos-para-a-populacao\/","og_site_name":"Portal NPM","article_published_time":"2025-09-11T20:39:36+00:00","article_modified_time":"2025-09-11T20:40:14+00:00","og_image":[{"width":900,"height":599,"url":"https:\/\/portalnpm.com\/wp-content\/uploads\/2025\/09\/IMG-20250911-WA0793.jpg","type":"image\/jpeg"}],"author":"Luis Alberto","twitter_card":"summary_large_image","twitter_misc":{"Escrito por":"Luis Alberto","Est. tempo de leitura":"2 minutos"},"schema":{"@context":"https:\/\/schema.org","@graph":[{"@type":"WebPage","@id":"https:\/\/portalnpm.com\/index.php\/2025\/09\/11\/com-apoio-do-centro-integrado-de-reabilitacao-secretaria-municipal-de-saude-de-sao-juliao-entrega-equipamentos-ortopedicos-para-a-populacao\/","url":"https:\/\/portalnpm.com\/index.php\/2025\/09\/11\/com-apoio-do-centro-integrado-de-reabilitacao-secretaria-municipal-de-saude-de-sao-juliao-entrega-equipamentos-ortopedicos-para-a-populacao\/","name":"Com apoio do Centro Integrado de Reabilita\u00e7\u00e3o, Secretaria Municipal de Sa\u00fade de S\u00e3o Juli\u00e3o entrega equipamentos ortop\u00e9dicos para a popula\u00e7\u00e3o - Portal NPM","isPartOf":{"@id":"https:\/\/portalnpm.com\/#website"},"primaryImageOfPage":{"@id":"https:\/\/portalnpm.com\/index.php\/2025\/09\/11\/com-apoio-do-centro-integrado-de-reabilitacao-secretaria-municipal-de-saude-de-sao-juliao-entrega-equipamentos-ortopedicos-para-a-populacao\/#primaryimage"},"image":{"@id":"https:\/\/portalnpm.com\/index.php\/2025\/09\/11\/com-apoio-do-centro-integrado-de-reabilitacao-secretaria-municipal-de-saude-de-sao-juliao-entrega-equipamentos-ortopedicos-para-a-populacao\/#primaryimage"},"thumbnailUrl":"https:\/\/portalnpm.com\/wp-content\/uploads\/2025\/09\/IMG-20250911-WA0793.jpg","datePublished":"2025-09-11T20:39:36+00:00","dateModified":"2025-09-11T20:40:14+00:00","author":{"@id":"https:\/\/portalnpm.com\/#\/schema\/person\/5c8006acdf71774cd4e7a5ab98482152"},"breadcrumb":{"@id":"https:\/\/portalnpm.com\/index.php\/2025\/09\/11\/com-apoio-do-centro-integrado-de-reabilitacao-secretaria-municipal-de-saude-de-sao-juliao-entrega-equipamentos-ortopedicos-para-a-populacao\/#breadcrumb"},"inLanguage":"pt-BR","potentialAction":[{"@type":"ReadAction","target":["https:\/\/portalnpm.com\/index.php\/2025\/09\/11\/com-apoio-do-centro-integrado-de-reabilitacao-secretaria-municipal-de-saude-de-sao-juliao-entrega-equipamentos-ortopedicos-para-a-populacao\/"]}]},{"@type":"ImageObject","inLanguage":"pt-BR","@id":"https:\/\/portalnpm.com\/index.php\/2025\/09\/11\/com-apoio-do-centro-integrado-de-reabilitacao-secretaria-municipal-de-saude-de-sao-juliao-entrega-equipamentos-ortopedicos-para-a-populacao\/#primaryimage","url":"https:\/\/portalnpm.com\/wp-content\/uploads\/2025\/09\/IMG-20250911-WA0793.jpg","contentUrl":"https:\/\/portalnpm.com\/wp-content\/uploads\/2025\/09\/IMG-20250911-WA0793.jpg","width":900,"height":599},{"@type":"BreadcrumbList","@id":"https:\/\/portalnpm.com\/index.php\/2025\/09\/11\/com-apoio-do-centro-integrado-de-reabilitacao-secretaria-municipal-de-saude-de-sao-juliao-entrega-equipamentos-ortopedicos-para-a-populacao\/#breadcrumb","itemListElement":[{"@type":"ListItem","position":1,"name":"In\u00edcio","item":"https:\/\/portalnpm.com\/"},{"@type":"ListItem","position":2,"name":"Com apoio do Centro Integrado de Reabilita\u00e7\u00e3o, Secretaria Municipal de Sa\u00fade de S\u00e3o Juli\u00e3o entrega equipamentos ortop\u00e9dicos para a popula\u00e7\u00e3o"}]},{"@type":"WebSite","@id":"https:\/\/portalnpm.com\/#website","url":"https:\/\/portalnpm.com\/","name":"Portal NPM","description":"Not\u00edcias em Primeira M\u00e3o","potentialAction":[{"@type":"SearchAction","target":{"@type":"EntryPoint","urlTemplate":"https:\/\/portalnpm.com\/?s={search_term_string}"},"query-input":"required name=search_term_string"}],"inLanguage":"pt-BR"},{"@type":"Person","@id":"https:\/\/portalnpm.com\/#\/schema\/person\/5c8006acdf71774cd4e7a5ab98482152","name":"Luis Alberto","image":{"@type":"ImageObject","inLanguage":"pt-BR","@id":"https:\/\/portalnpm.com\/#\/schema\/person\/image\/","url":"https:\/\/portalnpm.com\/wp-content\/uploads\/2024\/12\/avatar_user_3_1734699769-96x96.jpeg","contentUrl":"https:\/\/portalnpm.com\/wp-content\/uploads\/2024\/12\/avatar_user_3_1734699769-96x96.jpeg","caption":"Luis Alberto"},"description":"Editor-geral do Portal NPM, \u00e9 formado como T\u00e9cnico em Seguran\u00e7a do Trabalho pela Escola Metropolitana de Cursos T\u00e9cnicos. Det\u00e9m ainda licenciatura em Educa\u00e7\u00e3o F\u00edsica e bacharelado em Ci\u00eancias Pol\u00edticas, ambos obtidos pela institui\u00e7\u00e3o Anhanguera\/UNOPAR.","url":"https:\/\/portalnpm.com\/index.php\/author\/pereira\/"}]}},"jetpack_sharing_enabled":true,"jetpack_featured_media_url":"https:\/\/portalnpm.com\/wp-content\/uploads\/2025\/09\/IMG-20250911-WA0793.jpg","_links":{"self":[{"href":"https:\/\/portalnpm.com\/index.php\/wp-json\/wp\/v2\/posts\/89767"}],"collection":[{"href":"https:\/\/portalnpm.com\/index.php\/wp-json\/wp\/v2\/posts"}],"about":[{"href":"https:\/\/portalnpm.com\/index.php\/wp-json\/wp\/v2\/types\/post"}],"author":[{"embeddable":true,"href":"https:\/\/portalnpm.com\/index.php\/wp-json\/wp\/v2\/users\/3"}],"replies":[{"embeddable":true,"href":"https:\/\/portalnpm.com\/index.php\/wp-json\/wp\/v2\/comments?post=89767"}],"version-history":[{"count":2,"href":"https:\/\/portalnpm.com\/index.php\/wp-json\/wp\/v2\/posts\/89767\/revisions"}],"predecessor-version":[{"id":89771,"href":"https:\/\/portalnpm.com\/index.php\/wp-json\/wp\/v2\/posts\/89767\/revisions\/89771"}],"wp:featuredmedia":[{"embeddable":true,"href":"https:\/\/portalnpm.com\/index.php\/wp-json\/wp\/v2\/media\/89773"}],"wp:attachment":[{"href":"https:\/\/portalnpm.com\/index.php\/wp-json\/wp\/v2\/media?parent=89767"}],"wp:term":[{"taxonomy":"category","embeddable":true,"href":"https:\/\/portalnpm.com\/index.php\/wp-json\/wp\/v2\/categories?post=89767"},{"taxonomy":"post_tag","embeddable":true,"href":"https:\/\/portalnpm.com\/index.php\/wp-json\/wp\/v2\/tags?post=89767"}],"curies":[{"name":"wp","href":"https:\/\/api.w.org\/{rel}","templated":true}]}}