{"id":89897,"date":"2025-09-22T16:48:06","date_gmt":"2025-09-22T19:48:06","guid":{"rendered":"https:\/\/portalnpm.com\/?p=89897"},"modified":"2025-09-22T16:48:06","modified_gmt":"2025-09-22T19:48:06","slug":"integrante-do-projeto-vida-de-sao-juliao-miguel-arcanjo-de-8-anos-e-vice-campeao-brasileiro-de-karate-veja","status":"publish","type":"post","link":"https:\/\/portalnpm.com\/index.php\/2025\/09\/22\/integrante-do-projeto-vida-de-sao-juliao-miguel-arcanjo-de-8-anos-e-vice-campeao-brasileiro-de-karate-veja\/","title":{"rendered":"Integrante do Projeto Vida de S\u00e3o Juli\u00e3o, Miguel Arcanjo, de 8 anos, \u00e9 vice-campe\u00e3o brasileiro de karat\u00ea; veja!"},"content":{"rendered":"<p>O pequeno atleta Miguel Arcanjo, de Alegrete do Piau\u00ed, brilhou no Campeonato Brasileiro de Karat\u00ea Interestilos, realizado de 11 a 14 de setembro, no Gin\u00e1sio do Ibirapuera, em S\u00e3o Paulo. Aos 8 anos, ele garantiu o t\u00edtulo de vice-campe\u00e3o brasileiro na modalidade kumite\/luta, categoria 7 e 8 anos masculino, e assegurou vaga para o Campeonato Mundial de Karat\u00ea, que acontecer\u00e1 em 2026, na Rom\u00eania.<\/p>\n<p><img fetchpriority=\"high\" decoding=\"async\" class=\"alignnone wp-image-89907 size-full\" src=\"https:\/\/portalnpm.com\/wp-content\/uploads\/2025\/09\/IMG-20250922-WA01981.jpg\" alt=\"\" width=\"960\" height=\"1280\" srcset=\"https:\/\/portalnpm.com\/wp-content\/uploads\/2025\/09\/IMG-20250922-WA01981.jpg 960w, https:\/\/portalnpm.com\/wp-content\/uploads\/2025\/09\/IMG-20250922-WA01981-225x300.jpg 225w, https:\/\/portalnpm.com\/wp-content\/uploads\/2025\/09\/IMG-20250922-WA01981-768x1024.jpg 768w\" sizes=\"(max-width: 960px) 100vw, 960px\" \/><\/p>\n<p>A vit\u00f3ria tem a marca do apoio de S\u00e3o Juli\u00e3o, onde Miguel treina no Projeto Vida, iniciativa da Prefeitura que atende cerca de 100 crian\u00e7as e \u00e9 apoiada pelo <strong>prefeito Renaldinho Ramos<\/strong>. Al\u00e9m das aulas no projeto social, o atleta tamb\u00e9m integra a Academia Adrianokaratedo, em Campo Grande do Piau\u00ed.<\/p>\n<p>Miguel come\u00e7ou no karat\u00ea aos dois anos e meio, orientado pelo pai e professor Adriano Silva, depois de enfrentar uma cirurgia para corre\u00e7\u00e3o de cardiopatia cong\u00eanita. Em 2023, j\u00e1 na Sele\u00e7\u00e3o Piauiense de Karat\u00ea Interestilos (FEKIPI), passou por uma segunda cirurgia card\u00edaca e voltou aos tatames com determina\u00e7\u00e3o.<\/p>\n<p><img decoding=\"async\" class=\"alignnone size-medium wp-image-89908\" src=\"https:\/\/portalnpm.com\/wp-content\/uploads\/2025\/09\/IMG-20250922-WA0203-225x300.jpg\" alt=\"\" width=\"225\" height=\"300\" srcset=\"https:\/\/portalnpm.com\/wp-content\/uploads\/2025\/09\/IMG-20250922-WA0203-225x300.jpg 225w, https:\/\/portalnpm.com\/wp-content\/uploads\/2025\/09\/IMG-20250922-WA0203-768x1024.jpg 768w, https:\/\/portalnpm.com\/wp-content\/uploads\/2025\/09\/IMG-20250922-WA0203.jpg 960w\" sizes=\"(max-width: 225px) 100vw, 225px\" \/> <img decoding=\"async\" class=\"alignnone size-medium wp-image-89910\" src=\"https:\/\/portalnpm.com\/wp-content\/uploads\/2025\/09\/IMG-20250922-WA0242-300x241.jpg\" alt=\"\" width=\"300\" height=\"241\" srcset=\"https:\/\/portalnpm.com\/wp-content\/uploads\/2025\/09\/IMG-20250922-WA0242-300x241.jpg 300w, https:\/\/portalnpm.com\/wp-content\/uploads\/2025\/09\/IMG-20250922-WA0242-768x617.jpg 768w, https:\/\/portalnpm.com\/wp-content\/uploads\/2025\/09\/IMG-20250922-WA0242.jpg 960w\" sizes=\"(max-width: 300px) 100vw, 300px\" \/> <img loading=\"lazy\" decoding=\"async\" class=\"alignnone wp-image-89911 size-large\" src=\"https:\/\/portalnpm.com\/wp-content\/uploads\/2025\/09\/IMG-20250922-WA0203-1-768x1024.jpg\" alt=\"\" width=\"768\" height=\"1024\" srcset=\"https:\/\/portalnpm.com\/wp-content\/uploads\/2025\/09\/IMG-20250922-WA0203-1-768x1024.jpg 768w, https:\/\/portalnpm.com\/wp-content\/uploads\/2025\/09\/IMG-20250922-WA0203-1-225x300.jpg 225w, https:\/\/portalnpm.com\/wp-content\/uploads\/2025\/09\/IMG-20250922-WA0203-1.jpg 960w\" sizes=\"(max-width: 768px) 100vw, 768px\" \/><\/p>\n<p>Hoje, \u00e9 faixa roxa de karat\u00ea shotokan e estudante do 3\u00ba ano do ensino fundamental.<\/p>\n<p>O resultado refor\u00e7a a import\u00e2ncia do incentivo de S\u00e3o Juli\u00e3o ao esporte. O Projeto Vida tem sido um espa\u00e7o de forma\u00e7\u00e3o e cidadania para crian\u00e7as e adolescentes, ajudando talentos como Miguel a levarem o nome do Piau\u00ed para o Brasil e, em breve, para o mundo.<\/p>\n<p><img loading=\"lazy\" decoding=\"async\" class=\"alignnone size-medium wp-image-89899\" src=\"https:\/\/portalnpm.com\/wp-content\/uploads\/2025\/09\/IMG-20250922-WA0202-225x300.jpg\" alt=\"\" width=\"225\" height=\"300\" srcset=\"https:\/\/portalnpm.com\/wp-content\/uploads\/2025\/09\/IMG-20250922-WA0202-225x300.jpg 225w, https:\/\/portalnpm.com\/wp-content\/uploads\/2025\/09\/IMG-20250922-WA0202-768x1024.jpg 768w, https:\/\/portalnpm.com\/wp-content\/uploads\/2025\/09\/IMG-20250922-WA0202.jpg 960w\" sizes=\"(max-width: 225px) 100vw, 225px\" \/> <img loading=\"lazy\" decoding=\"async\" class=\"alignnone size-medium wp-image-89900\" src=\"https:\/\/portalnpm.com\/wp-content\/uploads\/2025\/09\/IMG-20250922-WA0201-169x300.jpg\" alt=\"\" width=\"169\" height=\"300\" srcset=\"https:\/\/portalnpm.com\/wp-content\/uploads\/2025\/09\/IMG-20250922-WA0201-169x300.jpg 169w, https:\/\/portalnpm.com\/wp-content\/uploads\/2025\/09\/IMG-20250922-WA0201-576x1024.jpg 576w, https:\/\/portalnpm.com\/wp-content\/uploads\/2025\/09\/IMG-20250922-WA0201.jpg 720w\" sizes=\"(max-width: 169px) 100vw, 169px\" \/> <img loading=\"lazy\" decoding=\"async\" class=\"alignnone size-medium wp-image-89901\" src=\"https:\/\/portalnpm.com\/wp-content\/uploads\/2025\/09\/IMG-20250922-WA0205-225x300.jpg\" alt=\"\" width=\"225\" height=\"300\" srcset=\"https:\/\/portalnpm.com\/wp-content\/uploads\/2025\/09\/IMG-20250922-WA0205-225x300.jpg 225w, https:\/\/portalnpm.com\/wp-content\/uploads\/2025\/09\/IMG-20250922-WA0205-768x1024.jpg 768w, https:\/\/portalnpm.com\/wp-content\/uploads\/2025\/09\/IMG-20250922-WA0205.jpg 960w\" sizes=\"(max-width: 225px) 100vw, 225px\" \/> <img loading=\"lazy\" decoding=\"async\" class=\"alignnone size-medium wp-image-89902\" src=\"https:\/\/portalnpm.com\/wp-content\/uploads\/2025\/09\/IMG-20250922-WA0198-225x300.jpg\" alt=\"\" width=\"225\" height=\"300\" srcset=\"https:\/\/portalnpm.com\/wp-content\/uploads\/2025\/09\/IMG-20250922-WA0198-225x300.jpg 225w, https:\/\/portalnpm.com\/wp-content\/uploads\/2025\/09\/IMG-20250922-WA0198-768x1024.jpg 768w, https:\/\/portalnpm.com\/wp-content\/uploads\/2025\/09\/IMG-20250922-WA0198.jpg 960w\" sizes=\"(max-width: 225px) 100vw, 225px\" \/> <img loading=\"lazy\" decoding=\"async\" class=\"alignnone size-medium wp-image-89903\" src=\"https:\/\/portalnpm.com\/wp-content\/uploads\/2025\/09\/IMG-20250922-WA0206-225x300.jpg\" alt=\"\" width=\"225\" height=\"300\" srcset=\"https:\/\/portalnpm.com\/wp-content\/uploads\/2025\/09\/IMG-20250922-WA0206-225x300.jpg 225w, https:\/\/portalnpm.com\/wp-content\/uploads\/2025\/09\/IMG-20250922-WA0206-768x1024.jpg 768w, https:\/\/portalnpm.com\/wp-content\/uploads\/2025\/09\/IMG-20250922-WA0206.jpg 960w\" sizes=\"(max-width: 225px) 100vw, 225px\" \/> <img loading=\"lazy\" decoding=\"async\" class=\"alignnone size-medium wp-image-89904\" src=\"https:\/\/portalnpm.com\/wp-content\/uploads\/2025\/09\/IMG-20250922-WA0199-225x300.jpg\" alt=\"\" width=\"225\" height=\"300\" srcset=\"https:\/\/portalnpm.com\/wp-content\/uploads\/2025\/09\/IMG-20250922-WA0199-225x300.jpg 225w, https:\/\/portalnpm.com\/wp-content\/uploads\/2025\/09\/IMG-20250922-WA0199-768x1024.jpg 768w, https:\/\/portalnpm.com\/wp-content\/uploads\/2025\/09\/IMG-20250922-WA0199.jpg 960w\" sizes=\"(max-width: 225px) 100vw, 225px\" \/> <img loading=\"lazy\" decoding=\"async\" class=\"alignnone size-medium wp-image-89905\" src=\"https:\/\/portalnpm.com\/wp-content\/uploads\/2025\/09\/IMG-20250922-WA0197-225x300.jpg\" alt=\"\" width=\"225\" height=\"300\" srcset=\"https:\/\/portalnpm.com\/wp-content\/uploads\/2025\/09\/IMG-20250922-WA0197-225x300.jpg 225w, https:\/\/portalnpm.com\/wp-content\/uploads\/2025\/09\/IMG-20250922-WA0197-768x1024.jpg 768w, https:\/\/portalnpm.com\/wp-content\/uploads\/2025\/09\/IMG-20250922-WA0197.jpg 960w\" sizes=\"(max-width: 225px) 100vw, 225px\" \/> <img loading=\"lazy\" decoding=\"async\" class=\"alignnone size-medium wp-image-89906\" src=\"https:\/\/portalnpm.com\/wp-content\/uploads\/2025\/09\/IMG-20250922-WA0204-225x300.jpg\" alt=\"\" width=\"225\" height=\"300\" srcset=\"https:\/\/portalnpm.com\/wp-content\/uploads\/2025\/09\/IMG-20250922-WA0204-225x300.jpg 225w, https:\/\/portalnpm.com\/wp-content\/uploads\/2025\/09\/IMG-20250922-WA0204-768x1024.jpg 768w, https:\/\/portalnpm.com\/wp-content\/uploads\/2025\/09\/IMG-20250922-WA0204.jpg 960w\" sizes=\"(max-width: 225px) 100vw, 225px\" \/><\/p>\n","protected":false},"excerpt":{"rendered":"<p>O pequeno atleta Miguel Arcanjo, de Alegrete do Piau\u00ed, brilhou no Campeonato Brasileiro de Karat\u00ea Interestilos, realizado de 11 a 14 de setembro, no Gin\u00e1sio do Ibirapuera, em S\u00e3o Paulo. Aos 8 anos, ele garantiu o t\u00edtulo de vice-campe\u00e3o brasileiro na modalidade kumite\/luta, categoria 7 e 8 anos masculino, e assegurou vaga para o Campeonato &hellip;<\/p>\n","protected":false},"author":3,"featured_media":89912,"comment_status":"open","ping_status":"open","sticky":false,"template":"","format":"standard","meta":{"content-type":"","rop_custom_images_group":[],"rop_custom_messages_group":[],"rop_publish_now":"yes","rop_publish_now_accounts":{"facebook_2648258775420054_1618374048415101":""},"rop_publish_now_history":[],"rop_publish_now_status":"pending","footnotes":"","_jetpack_memberships_contains_paid_content":false},"categories":[113,109,3998],"tags":[221,16724,913,230,925,16723,1197,16475,3308,752,1196,842,16725,11450],"yoast_head":"<!-- This site is optimized with the Yoast SEO plugin v22.3 - https:\/\/yoast.com\/wordpress\/plugins\/seo\/ -->\n<title>Integrante do Projeto Vida de S\u00e3o Juli\u00e3o, Miguel Arcanjo, de 8 anos, \u00e9 vice-campe\u00e3o brasileiro de karat\u00ea; veja! - Portal NPM<\/title>\n<meta name=\"robots\" content=\"index, follow, max-snippet:-1, max-image-preview:large, max-video-preview:-1\" \/>\n<link rel=\"canonical\" href=\"https:\/\/portalnpm.com\/index.php\/2025\/09\/22\/integrante-do-projeto-vida-de-sao-juliao-miguel-arcanjo-de-8-anos-e-vice-campeao-brasileiro-de-karate-veja\/\" \/>\n<meta property=\"og:locale\" content=\"pt_BR\" \/>\n<meta property=\"og:type\" content=\"article\" \/>\n<meta property=\"og:title\" content=\"Integrante do Projeto Vida de S\u00e3o Juli\u00e3o, Miguel Arcanjo, de 8 anos, \u00e9 vice-campe\u00e3o brasileiro de karat\u00ea; veja! - Portal NPM\" \/>\n<meta property=\"og:description\" content=\"O pequeno atleta Miguel Arcanjo, de Alegrete do Piau\u00ed, brilhou no Campeonato Brasileiro de Karat\u00ea Interestilos, realizado de 11 a 14 de setembro, no Gin\u00e1sio do Ibirapuera, em S\u00e3o Paulo. Aos 8 anos, ele garantiu o t\u00edtulo de vice-campe\u00e3o brasileiro na modalidade kumite\/luta, categoria 7 e 8 anos masculino, e assegurou vaga para o Campeonato &hellip;\" \/>\n<meta property=\"og:url\" content=\"https:\/\/portalnpm.com\/index.php\/2025\/09\/22\/integrante-do-projeto-vida-de-sao-juliao-miguel-arcanjo-de-8-anos-e-vice-campeao-brasileiro-de-karate-veja\/\" \/>\n<meta property=\"og:site_name\" content=\"Portal NPM\" \/>\n<meta property=\"article:published_time\" content=\"2025-09-22T19:48:06+00:00\" \/>\n<meta property=\"og:image\" content=\"https:\/\/portalnpm.com\/wp-content\/uploads\/2025\/09\/IMG-20250922-WA0243.jpg\" \/>\n\t<meta property=\"og:image:width\" content=\"960\" \/>\n\t<meta property=\"og:image:height\" content=\"600\" \/>\n\t<meta property=\"og:image:type\" content=\"image\/jpeg\" \/>\n<meta name=\"author\" content=\"Luis Alberto\" \/>\n<meta name=\"twitter:card\" content=\"summary_large_image\" \/>\n<meta name=\"twitter:label1\" content=\"Escrito por\" \/>\n\t<meta name=\"twitter:data1\" content=\"Luis Alberto\" \/>\n\t<meta name=\"twitter:label2\" content=\"Est. tempo de leitura\" \/>\n\t<meta name=\"twitter:data2\" content=\"4 minutos\" \/>\n<script type=\"application\/ld+json\" class=\"yoast-schema-graph\">{\"@context\":\"https:\/\/schema.org\",\"@graph\":[{\"@type\":\"WebPage\",\"@id\":\"https:\/\/portalnpm.com\/index.php\/2025\/09\/22\/integrante-do-projeto-vida-de-sao-juliao-miguel-arcanjo-de-8-anos-e-vice-campeao-brasileiro-de-karate-veja\/\",\"url\":\"https:\/\/portalnpm.com\/index.php\/2025\/09\/22\/integrante-do-projeto-vida-de-sao-juliao-miguel-arcanjo-de-8-anos-e-vice-campeao-brasileiro-de-karate-veja\/\",\"name\":\"Integrante do Projeto Vida de S\u00e3o Juli\u00e3o, Miguel Arcanjo, de 8 anos, \u00e9 vice-campe\u00e3o brasileiro de karat\u00ea; veja! - Portal NPM\",\"isPartOf\":{\"@id\":\"https:\/\/portalnpm.com\/#website\"},\"primaryImageOfPage\":{\"@id\":\"https:\/\/portalnpm.com\/index.php\/2025\/09\/22\/integrante-do-projeto-vida-de-sao-juliao-miguel-arcanjo-de-8-anos-e-vice-campeao-brasileiro-de-karate-veja\/#primaryimage\"},\"image\":{\"@id\":\"https:\/\/portalnpm.com\/index.php\/2025\/09\/22\/integrante-do-projeto-vida-de-sao-juliao-miguel-arcanjo-de-8-anos-e-vice-campeao-brasileiro-de-karate-veja\/#primaryimage\"},\"thumbnailUrl\":\"https:\/\/portalnpm.com\/wp-content\/uploads\/2025\/09\/IMG-20250922-WA0243.jpg\",\"datePublished\":\"2025-09-22T19:48:06+00:00\",\"dateModified\":\"2025-09-22T19:48:06+00:00\",\"author\":{\"@id\":\"https:\/\/portalnpm.com\/#\/schema\/person\/5c8006acdf71774cd4e7a5ab98482152\"},\"breadcrumb\":{\"@id\":\"https:\/\/portalnpm.com\/index.php\/2025\/09\/22\/integrante-do-projeto-vida-de-sao-juliao-miguel-arcanjo-de-8-anos-e-vice-campeao-brasileiro-de-karate-veja\/#breadcrumb\"},\"inLanguage\":\"pt-BR\",\"potentialAction\":[{\"@type\":\"ReadAction\",\"target\":[\"https:\/\/portalnpm.com\/index.php\/2025\/09\/22\/integrante-do-projeto-vida-de-sao-juliao-miguel-arcanjo-de-8-anos-e-vice-campeao-brasileiro-de-karate-veja\/\"]}]},{\"@type\":\"ImageObject\",\"inLanguage\":\"pt-BR\",\"@id\":\"https:\/\/portalnpm.com\/index.php\/2025\/09\/22\/integrante-do-projeto-vida-de-sao-juliao-miguel-arcanjo-de-8-anos-e-vice-campeao-brasileiro-de-karate-veja\/#primaryimage\",\"url\":\"https:\/\/portalnpm.com\/wp-content\/uploads\/2025\/09\/IMG-20250922-WA0243.jpg\",\"contentUrl\":\"https:\/\/portalnpm.com\/wp-content\/uploads\/2025\/09\/IMG-20250922-WA0243.jpg\",\"width\":960,\"height\":600},{\"@type\":\"BreadcrumbList\",\"@id\":\"https:\/\/portalnpm.com\/index.php\/2025\/09\/22\/integrante-do-projeto-vida-de-sao-juliao-miguel-arcanjo-de-8-anos-e-vice-campeao-brasileiro-de-karate-veja\/#breadcrumb\",\"itemListElement\":[{\"@type\":\"ListItem\",\"position\":1,\"name\":\"In\u00edcio\",\"item\":\"https:\/\/portalnpm.com\/\"},{\"@type\":\"ListItem\",\"position\":2,\"name\":\"Integrante do Projeto Vida de S\u00e3o Juli\u00e3o, Miguel Arcanjo, de 8 anos, \u00e9 vice-campe\u00e3o brasileiro de karat\u00ea; veja!\"}]},{\"@type\":\"WebSite\",\"@id\":\"https:\/\/portalnpm.com\/#website\",\"url\":\"https:\/\/portalnpm.com\/\",\"name\":\"Portal NPM\",\"description\":\"Not\u00edcias em Primeira M\u00e3o\",\"potentialAction\":[{\"@type\":\"SearchAction\",\"target\":{\"@type\":\"EntryPoint\",\"urlTemplate\":\"https:\/\/portalnpm.com\/?s={search_term_string}\"},\"query-input\":\"required name=search_term_string\"}],\"inLanguage\":\"pt-BR\"},{\"@type\":\"Person\",\"@id\":\"https:\/\/portalnpm.com\/#\/schema\/person\/5c8006acdf71774cd4e7a5ab98482152\",\"name\":\"Luis Alberto\",\"image\":{\"@type\":\"ImageObject\",\"inLanguage\":\"pt-BR\",\"@id\":\"https:\/\/portalnpm.com\/#\/schema\/person\/image\/\",\"url\":\"https:\/\/portalnpm.com\/wp-content\/uploads\/2024\/12\/avatar_user_3_1734699769-96x96.jpeg\",\"contentUrl\":\"https:\/\/portalnpm.com\/wp-content\/uploads\/2024\/12\/avatar_user_3_1734699769-96x96.jpeg\",\"caption\":\"Luis Alberto\"},\"description\":\"Editor-geral do Portal NPM, \u00e9 formado como T\u00e9cnico em Seguran\u00e7a do Trabalho pela Escola Metropolitana de Cursos T\u00e9cnicos. Det\u00e9m ainda licenciatura em Educa\u00e7\u00e3o F\u00edsica e bacharelado em Ci\u00eancias Pol\u00edticas, ambos obtidos pela institui\u00e7\u00e3o Anhanguera\/UNOPAR.\",\"url\":\"https:\/\/portalnpm.com\/index.php\/author\/pereira\/\"}]}<\/script>\n<!-- \/ Yoast SEO plugin. -->","yoast_head_json":{"title":"Integrante do Projeto Vida de S\u00e3o Juli\u00e3o, Miguel Arcanjo, de 8 anos, \u00e9 vice-campe\u00e3o brasileiro de karat\u00ea; veja! - Portal NPM","robots":{"index":"index","follow":"follow","max-snippet":"max-snippet:-1","max-image-preview":"max-image-preview:large","max-video-preview":"max-video-preview:-1"},"canonical":"https:\/\/portalnpm.com\/index.php\/2025\/09\/22\/integrante-do-projeto-vida-de-sao-juliao-miguel-arcanjo-de-8-anos-e-vice-campeao-brasileiro-de-karate-veja\/","og_locale":"pt_BR","og_type":"article","og_title":"Integrante do Projeto Vida de S\u00e3o Juli\u00e3o, Miguel Arcanjo, de 8 anos, \u00e9 vice-campe\u00e3o brasileiro de karat\u00ea; veja! - Portal NPM","og_description":"O pequeno atleta Miguel Arcanjo, de Alegrete do Piau\u00ed, brilhou no Campeonato Brasileiro de Karat\u00ea Interestilos, realizado de 11 a 14 de setembro, no Gin\u00e1sio do Ibirapuera, em S\u00e3o Paulo. Aos 8 anos, ele garantiu o t\u00edtulo de vice-campe\u00e3o brasileiro na modalidade kumite\/luta, categoria 7 e 8 anos masculino, e assegurou vaga para o Campeonato &hellip;","og_url":"https:\/\/portalnpm.com\/index.php\/2025\/09\/22\/integrante-do-projeto-vida-de-sao-juliao-miguel-arcanjo-de-8-anos-e-vice-campeao-brasileiro-de-karate-veja\/","og_site_name":"Portal NPM","article_published_time":"2025-09-22T19:48:06+00:00","og_image":[{"width":960,"height":600,"url":"https:\/\/portalnpm.com\/wp-content\/uploads\/2025\/09\/IMG-20250922-WA0243.jpg","type":"image\/jpeg"}],"author":"Luis Alberto","twitter_card":"summary_large_image","twitter_misc":{"Escrito por":"Luis Alberto","Est. tempo de leitura":"4 minutos"},"schema":{"@context":"https:\/\/schema.org","@graph":[{"@type":"WebPage","@id":"https:\/\/portalnpm.com\/index.php\/2025\/09\/22\/integrante-do-projeto-vida-de-sao-juliao-miguel-arcanjo-de-8-anos-e-vice-campeao-brasileiro-de-karate-veja\/","url":"https:\/\/portalnpm.com\/index.php\/2025\/09\/22\/integrante-do-projeto-vida-de-sao-juliao-miguel-arcanjo-de-8-anos-e-vice-campeao-brasileiro-de-karate-veja\/","name":"Integrante do Projeto Vida de S\u00e3o Juli\u00e3o, Miguel Arcanjo, de 8 anos, \u00e9 vice-campe\u00e3o brasileiro de karat\u00ea; veja! - Portal NPM","isPartOf":{"@id":"https:\/\/portalnpm.com\/#website"},"primaryImageOfPage":{"@id":"https:\/\/portalnpm.com\/index.php\/2025\/09\/22\/integrante-do-projeto-vida-de-sao-juliao-miguel-arcanjo-de-8-anos-e-vice-campeao-brasileiro-de-karate-veja\/#primaryimage"},"image":{"@id":"https:\/\/portalnpm.com\/index.php\/2025\/09\/22\/integrante-do-projeto-vida-de-sao-juliao-miguel-arcanjo-de-8-anos-e-vice-campeao-brasileiro-de-karate-veja\/#primaryimage"},"thumbnailUrl":"https:\/\/portalnpm.com\/wp-content\/uploads\/2025\/09\/IMG-20250922-WA0243.jpg","datePublished":"2025-09-22T19:48:06+00:00","dateModified":"2025-09-22T19:48:06+00:00","author":{"@id":"https:\/\/portalnpm.com\/#\/schema\/person\/5c8006acdf71774cd4e7a5ab98482152"},"breadcrumb":{"@id":"https:\/\/portalnpm.com\/index.php\/2025\/09\/22\/integrante-do-projeto-vida-de-sao-juliao-miguel-arcanjo-de-8-anos-e-vice-campeao-brasileiro-de-karate-veja\/#breadcrumb"},"inLanguage":"pt-BR","potentialAction":[{"@type":"ReadAction","target":["https:\/\/portalnpm.com\/index.php\/2025\/09\/22\/integrante-do-projeto-vida-de-sao-juliao-miguel-arcanjo-de-8-anos-e-vice-campeao-brasileiro-de-karate-veja\/"]}]},{"@type":"ImageObject","inLanguage":"pt-BR","@id":"https:\/\/portalnpm.com\/index.php\/2025\/09\/22\/integrante-do-projeto-vida-de-sao-juliao-miguel-arcanjo-de-8-anos-e-vice-campeao-brasileiro-de-karate-veja\/#primaryimage","url":"https:\/\/portalnpm.com\/wp-content\/uploads\/2025\/09\/IMG-20250922-WA0243.jpg","contentUrl":"https:\/\/portalnpm.com\/wp-content\/uploads\/2025\/09\/IMG-20250922-WA0243.jpg","width":960,"height":600},{"@type":"BreadcrumbList","@id":"https:\/\/portalnpm.com\/index.php\/2025\/09\/22\/integrante-do-projeto-vida-de-sao-juliao-miguel-arcanjo-de-8-anos-e-vice-campeao-brasileiro-de-karate-veja\/#breadcrumb","itemListElement":[{"@type":"ListItem","position":1,"name":"In\u00edcio","item":"https:\/\/portalnpm.com\/"},{"@type":"ListItem","position":2,"name":"Integrante do Projeto Vida de S\u00e3o Juli\u00e3o, Miguel Arcanjo, de 8 anos, \u00e9 vice-campe\u00e3o brasileiro de karat\u00ea; veja!"}]},{"@type":"WebSite","@id":"https:\/\/portalnpm.com\/#website","url":"https:\/\/portalnpm.com\/","name":"Portal NPM","description":"Not\u00edcias em Primeira M\u00e3o","potentialAction":[{"@type":"SearchAction","target":{"@type":"EntryPoint","urlTemplate":"https:\/\/portalnpm.com\/?s={search_term_string}"},"query-input":"required name=search_term_string"}],"inLanguage":"pt-BR"},{"@type":"Person","@id":"https:\/\/portalnpm.com\/#\/schema\/person\/5c8006acdf71774cd4e7a5ab98482152","name":"Luis Alberto","image":{"@type":"ImageObject","inLanguage":"pt-BR","@id":"https:\/\/portalnpm.com\/#\/schema\/person\/image\/","url":"https:\/\/portalnpm.com\/wp-content\/uploads\/2024\/12\/avatar_user_3_1734699769-96x96.jpeg","contentUrl":"https:\/\/portalnpm.com\/wp-content\/uploads\/2024\/12\/avatar_user_3_1734699769-96x96.jpeg","caption":"Luis Alberto"},"description":"Editor-geral do Portal NPM, \u00e9 formado como T\u00e9cnico em Seguran\u00e7a do Trabalho pela Escola Metropolitana de Cursos T\u00e9cnicos. Det\u00e9m ainda licenciatura em Educa\u00e7\u00e3o F\u00edsica e bacharelado em Ci\u00eancias Pol\u00edticas, ambos obtidos pela institui\u00e7\u00e3o Anhanguera\/UNOPAR.","url":"https:\/\/portalnpm.com\/index.php\/author\/pereira\/"}]}},"jetpack_sharing_enabled":true,"jetpack_featured_media_url":"https:\/\/portalnpm.com\/wp-content\/uploads\/2025\/09\/IMG-20250922-WA0243.jpg","_links":{"self":[{"href":"https:\/\/portalnpm.com\/index.php\/wp-json\/wp\/v2\/posts\/89897"}],"collection":[{"href":"https:\/\/portalnpm.com\/index.php\/wp-json\/wp\/v2\/posts"}],"about":[{"href":"https:\/\/portalnpm.com\/index.php\/wp-json\/wp\/v2\/types\/post"}],"author":[{"embeddable":true,"href":"https:\/\/portalnpm.com\/index.php\/wp-json\/wp\/v2\/users\/3"}],"replies":[{"embeddable":true,"href":"https:\/\/portalnpm.com\/index.php\/wp-json\/wp\/v2\/comments?post=89897"}],"version-history":[{"count":3,"href":"https:\/\/portalnpm.com\/index.php\/wp-json\/wp\/v2\/posts\/89897\/revisions"}],"predecessor-version":[{"id":89913,"href":"https:\/\/portalnpm.com\/index.php\/wp-json\/wp\/v2\/posts\/89897\/revisions\/89913"}],"wp:featuredmedia":[{"embeddable":true,"href":"https:\/\/portalnpm.com\/index.php\/wp-json\/wp\/v2\/media\/89912"}],"wp:attachment":[{"href":"https:\/\/portalnpm.com\/index.php\/wp-json\/wp\/v2\/media?parent=89897"}],"wp:term":[{"taxonomy":"category","embeddable":true,"href":"https:\/\/portalnpm.com\/index.php\/wp-json\/wp\/v2\/categories?post=89897"},{"taxonomy":"post_tag","embeddable":true,"href":"https:\/\/portalnpm.com\/index.php\/wp-json\/wp\/v2\/tags?post=89897"}],"curies":[{"name":"wp","href":"https:\/\/api.w.org\/{rel}","templated":true}]}}