{"id":8995,"date":"2019-06-12T09:59:52","date_gmt":"2019-06-12T12:59:52","guid":{"rendered":"http:\/\/srv.portalnpm.com.br\/?p=8995"},"modified":"2019-06-12T09:59:52","modified_gmt":"2019-06-12T12:59:52","slug":"aos-22-anos-cantor-petrolinense-vitor-fernandes-ve-o-sucesso-bater-a-porta-apos-parceria-com-safadao","status":"publish","type":"post","link":"https:\/\/portalnpm.com\/index.php\/2019\/06\/12\/aos-22-anos-cantor-petrolinense-vitor-fernandes-ve-o-sucesso-bater-a-porta-apos-parceria-com-safadao\/","title":{"rendered":"Aos 22 anos, cantor petrolinense Vitor Fernandes v\u00ea o sucesso bater \u00e0 porta ap\u00f3s parceria com Safad\u00e3o"},"content":{"rendered":"<p style=\"text-align: justify;\">Ele tem apenas 22 anos, mas come\u00e7a a surgir como uma nova promessa do estilo forr\u00f3 estilizado-sertanejo-sofr\u00eancia. Vitor Fernandes \u00e9 de Petrolina, mora no N-6 do Per\u00edmetro de Irriga\u00e7\u00e3o Senador Nilo Coelho. Leva uma rotina de muito trabalho com sua fam\u00edlia, mas um fato recente come\u00e7a a dar uma guinada em sua vida.<\/p>\n<p style=\"text-align: justify;\">Ap\u00f3s gravar a m\u00fasica \u2018Bebe e vem me procurar\u2019, em parceria com ningu\u00e9m menos que Wesley Safad\u00e3o, Vitor estourou nas emissoras de r\u00e1dio locais e nos \u2018pared\u00f5es\u2019 de som pelos quatro cantos da cidade. A partir de ent\u00e3o, o jovem petrolinense conseguiu o suporte de empres\u00e1rios, essencial para alavancar sua carreira. Atrav\u00e9s deles a m\u00fasica chegou at\u00e9 Safad\u00e3o, que gostou do que viu e ouviu.<\/p>\n<p style=\"text-align: justify;\">Segundo Vitor, \u2018Bebe e vem me chamar\u2019 foi gravada com playback na casa de Vitor, de forma despretensiosa. \u201c<em>A m\u00fasica era em estilo sertanejo, a\u00ed eu fiz a \u2018pisadinha\u2019 (adapta\u00e7\u00e3o), e as pessoas come\u00e7aram a me marcar. No meu Instagram deu mais de 300 mil visualiza\u00e7\u00f5es. A\u00ed comecei a ganhar seguidores. Se n\u00e3o me engano eu tinha 20 mil seguidores e pulei para 40 mil, bem ligeirinho\u201d<\/em>, lembra Vitor,\u00a0<a href=\"https:\/\/www.facebook.com\/blogdocarlosbritto\/videos\/vb.457275907657380\/300124360868651\/?type=2&amp;theater\"><strong>em entrevista ao Carlos Britto Talk Show<\/strong><\/a>.<\/p>\n<p style=\"text-align: justify;\">Depois do primeiro contato entre o empres\u00e1rio dele e o de Safad\u00e3o, chegou o dia de gravar com o \u00eddolo. Vitor garante n\u00e3o ter ficado nervoso. \u201c<em>S\u00f3 estava muito feliz. Nunca imaginei sair do N-6 para gravar um clipe com Wesley Safad\u00e3o. Foi dentro de um m\u00eas que isso tudo aconteceu<\/em>\u201d, afirmou Vitor, que atualmente faz parte do casting musical do cantor.<\/p>\n<p style=\"text-align: justify;\"><strong>Tristeza<\/strong><\/p>\n<p style=\"text-align: justify;\">O petrolinense tamb\u00e9m mencionou, com tristeza, a tr\u00e1gica morte de outro nome que crescia no g\u00eanero: Gabriel Diniz, conhecido carinhosamente no meio art\u00edstico como \u2018GD\u2019. Segundo Vitor, GD era um dos s\u00f3cios no seu projeto musical. \u201c<em>Ele foi uma das primeiras pessoas e me dar oportunidade no palco, e conheci primeiro ele do que Wesley. Ele era um cara muito humilde. A todo momento ele estava brincando. Para ele n\u00e3o tinha tristeza<\/em>\u201d. Com seu primeiro CD pronto, Vitor lembrou que por conta na correria da agenda de Gabriel nessa \u00e9poca do ano, ficou de gravar uma can\u00e7\u00e3o com ele ap\u00f3s o S\u00e3o Jo\u00e3o, \u2018Sai da minha vida\u2019. \u201c<em>Mas por conta do destino, n\u00e3o deu tempo<\/em>\u201d, lamentou.<\/p>\n<p style=\"text-align: justify;\"><strong>Apoio<\/strong><\/p>\n<p style=\"text-align: justify;\">Com voca\u00e7\u00e3o art\u00edstica ainda de moleque, Vitor contou ter come\u00e7ado a cantar aos dez anos. Cinco anos depois, j\u00e1 estava investindo profissionalmente na carreira. Como acontece na maioria das fam\u00edlias, os primeiros a apoiar o filho s\u00e3o os pais. Com Vitor s\u00e3o os pais. \u201c<em>At\u00e9 hoje eles continuam me apoiando\u201d<\/em>, frisou. Com o sucesso batendo \u00e0 porta, o jovem quer retribuir esse carinho em breve. \u201c<em>Pretendo dar um vida melhor a eles<\/em>\u201d, finalizou. Perdeu a entrevista completa? \u00c9 s\u00f3 acessar o link disponibilizado pelo Blog.<\/p>\n<p><strong>FONTE: Blog do Carlos Britto<\/strong><\/p>\n","protected":false},"excerpt":{"rendered":"<p>Ele tem apenas 22 anos, mas come\u00e7a a surgir como uma nova promessa do estilo forr\u00f3 estilizado-sertanejo-sofr\u00eancia. Vitor Fernandes \u00e9 de Petrolina, mora no N-6 do Per\u00edmetro de Irriga\u00e7\u00e3o Senador Nilo Coelho. Leva uma rotina de muito trabalho com sua fam\u00edlia, mas um fato recente come\u00e7a a dar uma guinada em sua vida. Ap\u00f3s gravar &hellip;<\/p>\n","protected":false},"author":4,"featured_media":8996,"comment_status":"open","ping_status":"open","sticky":false,"template":"","format":"standard","meta":{"content-type":"","rop_custom_images_group":[],"rop_custom_messages_group":[],"rop_publish_now":"initial","rop_publish_now_accounts":{"facebook_2648258775420054_1618374048415101":""},"rop_publish_now_history":[],"rop_publish_now_status":"pending","footnotes":"","_jetpack_memberships_contains_paid_content":false},"categories":[147],"tags":[155,2964,2965],"yoast_head":"<!-- This site is optimized with the Yoast SEO plugin v22.3 - https:\/\/yoast.com\/wordpress\/plugins\/seo\/ -->\n<title>Aos 22 anos, cantor petrolinense Vitor Fernandes v\u00ea o sucesso bater \u00e0 porta ap\u00f3s parceria com Safad\u00e3o - Portal NPM<\/title>\n<meta name=\"robots\" content=\"index, follow, max-snippet:-1, max-image-preview:large, max-video-preview:-1\" \/>\n<link rel=\"canonical\" href=\"https:\/\/portalnpm.com\/index.php\/2019\/06\/12\/aos-22-anos-cantor-petrolinense-vitor-fernandes-ve-o-sucesso-bater-a-porta-apos-parceria-com-safadao\/\" \/>\n<meta property=\"og:locale\" content=\"pt_BR\" \/>\n<meta property=\"og:type\" content=\"article\" \/>\n<meta property=\"og:title\" content=\"Aos 22 anos, cantor petrolinense Vitor Fernandes v\u00ea o sucesso bater \u00e0 porta ap\u00f3s parceria com Safad\u00e3o - Portal NPM\" \/>\n<meta property=\"og:description\" content=\"Ele tem apenas 22 anos, mas come\u00e7a a surgir como uma nova promessa do estilo forr\u00f3 estilizado-sertanejo-sofr\u00eancia. Vitor Fernandes \u00e9 de Petrolina, mora no N-6 do Per\u00edmetro de Irriga\u00e7\u00e3o Senador Nilo Coelho. Leva uma rotina de muito trabalho com sua fam\u00edlia, mas um fato recente come\u00e7a a dar uma guinada em sua vida. Ap\u00f3s gravar &hellip;\" \/>\n<meta property=\"og:url\" content=\"https:\/\/portalnpm.com\/index.php\/2019\/06\/12\/aos-22-anos-cantor-petrolinense-vitor-fernandes-ve-o-sucesso-bater-a-porta-apos-parceria-com-safadao\/\" \/>\n<meta property=\"og:site_name\" content=\"Portal NPM\" \/>\n<meta property=\"article:published_time\" content=\"2019-06-12T12:59:52+00:00\" \/>\n<meta name=\"author\" content=\"Reda\u00e7\u00e3o\" \/>\n<meta name=\"twitter:card\" content=\"summary_large_image\" \/>\n<meta name=\"twitter:label1\" content=\"Escrito por\" \/>\n\t<meta name=\"twitter:data1\" content=\"Reda\u00e7\u00e3o\" \/>\n\t<meta name=\"twitter:label2\" content=\"Est. tempo de leitura\" \/>\n\t<meta name=\"twitter:data2\" content=\"3 minutos\" \/>\n<script type=\"application\/ld+json\" class=\"yoast-schema-graph\">{\"@context\":\"https:\/\/schema.org\",\"@graph\":[{\"@type\":\"WebPage\",\"@id\":\"https:\/\/portalnpm.com\/index.php\/2019\/06\/12\/aos-22-anos-cantor-petrolinense-vitor-fernandes-ve-o-sucesso-bater-a-porta-apos-parceria-com-safadao\/\",\"url\":\"https:\/\/portalnpm.com\/index.php\/2019\/06\/12\/aos-22-anos-cantor-petrolinense-vitor-fernandes-ve-o-sucesso-bater-a-porta-apos-parceria-com-safadao\/\",\"name\":\"Aos 22 anos, cantor petrolinense Vitor Fernandes v\u00ea o sucesso bater \u00e0 porta ap\u00f3s parceria com Safad\u00e3o - Portal NPM\",\"isPartOf\":{\"@id\":\"https:\/\/portalnpm.com\/#website\"},\"primaryImageOfPage\":{\"@id\":\"https:\/\/portalnpm.com\/index.php\/2019\/06\/12\/aos-22-anos-cantor-petrolinense-vitor-fernandes-ve-o-sucesso-bater-a-porta-apos-parceria-com-safadao\/#primaryimage\"},\"image\":{\"@id\":\"https:\/\/portalnpm.com\/index.php\/2019\/06\/12\/aos-22-anos-cantor-petrolinense-vitor-fernandes-ve-o-sucesso-bater-a-porta-apos-parceria-com-safadao\/#primaryimage\"},\"thumbnailUrl\":\"\",\"datePublished\":\"2019-06-12T12:59:52+00:00\",\"dateModified\":\"2019-06-12T12:59:52+00:00\",\"author\":{\"@id\":\"https:\/\/portalnpm.com\/#\/schema\/person\/0b5f230ec96cee25504fa328e7f2b733\"},\"breadcrumb\":{\"@id\":\"https:\/\/portalnpm.com\/index.php\/2019\/06\/12\/aos-22-anos-cantor-petrolinense-vitor-fernandes-ve-o-sucesso-bater-a-porta-apos-parceria-com-safadao\/#breadcrumb\"},\"inLanguage\":\"pt-BR\",\"potentialAction\":[{\"@type\":\"ReadAction\",\"target\":[\"https:\/\/portalnpm.com\/index.php\/2019\/06\/12\/aos-22-anos-cantor-petrolinense-vitor-fernandes-ve-o-sucesso-bater-a-porta-apos-parceria-com-safadao\/\"]}]},{\"@type\":\"ImageObject\",\"inLanguage\":\"pt-BR\",\"@id\":\"https:\/\/portalnpm.com\/index.php\/2019\/06\/12\/aos-22-anos-cantor-petrolinense-vitor-fernandes-ve-o-sucesso-bater-a-porta-apos-parceria-com-safadao\/#primaryimage\",\"url\":\"\",\"contentUrl\":\"\"},{\"@type\":\"BreadcrumbList\",\"@id\":\"https:\/\/portalnpm.com\/index.php\/2019\/06\/12\/aos-22-anos-cantor-petrolinense-vitor-fernandes-ve-o-sucesso-bater-a-porta-apos-parceria-com-safadao\/#breadcrumb\",\"itemListElement\":[{\"@type\":\"ListItem\",\"position\":1,\"name\":\"In\u00edcio\",\"item\":\"https:\/\/portalnpm.com\/\"},{\"@type\":\"ListItem\",\"position\":2,\"name\":\"Aos 22 anos, cantor petrolinense Vitor Fernandes v\u00ea o sucesso bater \u00e0 porta ap\u00f3s parceria com Safad\u00e3o\"}]},{\"@type\":\"WebSite\",\"@id\":\"https:\/\/portalnpm.com\/#website\",\"url\":\"https:\/\/portalnpm.com\/\",\"name\":\"Portal NPM\",\"description\":\"Not\u00edcias em Primeira M\u00e3o\",\"potentialAction\":[{\"@type\":\"SearchAction\",\"target\":{\"@type\":\"EntryPoint\",\"urlTemplate\":\"https:\/\/portalnpm.com\/?s={search_term_string}\"},\"query-input\":\"required name=search_term_string\"}],\"inLanguage\":\"pt-BR\"},{\"@type\":\"Person\",\"@id\":\"https:\/\/portalnpm.com\/#\/schema\/person\/0b5f230ec96cee25504fa328e7f2b733\",\"name\":\"Reda\u00e7\u00e3o\",\"image\":{\"@type\":\"ImageObject\",\"inLanguage\":\"pt-BR\",\"@id\":\"https:\/\/portalnpm.com\/#\/schema\/person\/image\/\",\"url\":\"https:\/\/portalnpm.com\/wp-content\/uploads\/2024\/03\/avatar_user_4_1710097212-96x96.png\",\"contentUrl\":\"https:\/\/portalnpm.com\/wp-content\/uploads\/2024\/03\/avatar_user_4_1710097212-96x96.png\",\"caption\":\"Reda\u00e7\u00e3o\"},\"url\":\"https:\/\/portalnpm.com\/index.php\/author\/redacao\/\"}]}<\/script>\n<!-- \/ Yoast SEO plugin. -->","yoast_head_json":{"title":"Aos 22 anos, cantor petrolinense Vitor Fernandes v\u00ea o sucesso bater \u00e0 porta ap\u00f3s parceria com Safad\u00e3o - Portal NPM","robots":{"index":"index","follow":"follow","max-snippet":"max-snippet:-1","max-image-preview":"max-image-preview:large","max-video-preview":"max-video-preview:-1"},"canonical":"https:\/\/portalnpm.com\/index.php\/2019\/06\/12\/aos-22-anos-cantor-petrolinense-vitor-fernandes-ve-o-sucesso-bater-a-porta-apos-parceria-com-safadao\/","og_locale":"pt_BR","og_type":"article","og_title":"Aos 22 anos, cantor petrolinense Vitor Fernandes v\u00ea o sucesso bater \u00e0 porta ap\u00f3s parceria com Safad\u00e3o - Portal NPM","og_description":"Ele tem apenas 22 anos, mas come\u00e7a a surgir como uma nova promessa do estilo forr\u00f3 estilizado-sertanejo-sofr\u00eancia. Vitor Fernandes \u00e9 de Petrolina, mora no N-6 do Per\u00edmetro de Irriga\u00e7\u00e3o Senador Nilo Coelho. Leva uma rotina de muito trabalho com sua fam\u00edlia, mas um fato recente come\u00e7a a dar uma guinada em sua vida. Ap\u00f3s gravar &hellip;","og_url":"https:\/\/portalnpm.com\/index.php\/2019\/06\/12\/aos-22-anos-cantor-petrolinense-vitor-fernandes-ve-o-sucesso-bater-a-porta-apos-parceria-com-safadao\/","og_site_name":"Portal NPM","article_published_time":"2019-06-12T12:59:52+00:00","author":"Reda\u00e7\u00e3o","twitter_card":"summary_large_image","twitter_misc":{"Escrito por":"Reda\u00e7\u00e3o","Est. tempo de leitura":"3 minutos"},"schema":{"@context":"https:\/\/schema.org","@graph":[{"@type":"WebPage","@id":"https:\/\/portalnpm.com\/index.php\/2019\/06\/12\/aos-22-anos-cantor-petrolinense-vitor-fernandes-ve-o-sucesso-bater-a-porta-apos-parceria-com-safadao\/","url":"https:\/\/portalnpm.com\/index.php\/2019\/06\/12\/aos-22-anos-cantor-petrolinense-vitor-fernandes-ve-o-sucesso-bater-a-porta-apos-parceria-com-safadao\/","name":"Aos 22 anos, cantor petrolinense Vitor Fernandes v\u00ea o sucesso bater \u00e0 porta ap\u00f3s parceria com Safad\u00e3o - Portal NPM","isPartOf":{"@id":"https:\/\/portalnpm.com\/#website"},"primaryImageOfPage":{"@id":"https:\/\/portalnpm.com\/index.php\/2019\/06\/12\/aos-22-anos-cantor-petrolinense-vitor-fernandes-ve-o-sucesso-bater-a-porta-apos-parceria-com-safadao\/#primaryimage"},"image":{"@id":"https:\/\/portalnpm.com\/index.php\/2019\/06\/12\/aos-22-anos-cantor-petrolinense-vitor-fernandes-ve-o-sucesso-bater-a-porta-apos-parceria-com-safadao\/#primaryimage"},"thumbnailUrl":"","datePublished":"2019-06-12T12:59:52+00:00","dateModified":"2019-06-12T12:59:52+00:00","author":{"@id":"https:\/\/portalnpm.com\/#\/schema\/person\/0b5f230ec96cee25504fa328e7f2b733"},"breadcrumb":{"@id":"https:\/\/portalnpm.com\/index.php\/2019\/06\/12\/aos-22-anos-cantor-petrolinense-vitor-fernandes-ve-o-sucesso-bater-a-porta-apos-parceria-com-safadao\/#breadcrumb"},"inLanguage":"pt-BR","potentialAction":[{"@type":"ReadAction","target":["https:\/\/portalnpm.com\/index.php\/2019\/06\/12\/aos-22-anos-cantor-petrolinense-vitor-fernandes-ve-o-sucesso-bater-a-porta-apos-parceria-com-safadao\/"]}]},{"@type":"ImageObject","inLanguage":"pt-BR","@id":"https:\/\/portalnpm.com\/index.php\/2019\/06\/12\/aos-22-anos-cantor-petrolinense-vitor-fernandes-ve-o-sucesso-bater-a-porta-apos-parceria-com-safadao\/#primaryimage","url":"","contentUrl":""},{"@type":"BreadcrumbList","@id":"https:\/\/portalnpm.com\/index.php\/2019\/06\/12\/aos-22-anos-cantor-petrolinense-vitor-fernandes-ve-o-sucesso-bater-a-porta-apos-parceria-com-safadao\/#breadcrumb","itemListElement":[{"@type":"ListItem","position":1,"name":"In\u00edcio","item":"https:\/\/portalnpm.com\/"},{"@type":"ListItem","position":2,"name":"Aos 22 anos, cantor petrolinense Vitor Fernandes v\u00ea o sucesso bater \u00e0 porta ap\u00f3s parceria com Safad\u00e3o"}]},{"@type":"WebSite","@id":"https:\/\/portalnpm.com\/#website","url":"https:\/\/portalnpm.com\/","name":"Portal NPM","description":"Not\u00edcias em Primeira M\u00e3o","potentialAction":[{"@type":"SearchAction","target":{"@type":"EntryPoint","urlTemplate":"https:\/\/portalnpm.com\/?s={search_term_string}"},"query-input":"required name=search_term_string"}],"inLanguage":"pt-BR"},{"@type":"Person","@id":"https:\/\/portalnpm.com\/#\/schema\/person\/0b5f230ec96cee25504fa328e7f2b733","name":"Reda\u00e7\u00e3o","image":{"@type":"ImageObject","inLanguage":"pt-BR","@id":"https:\/\/portalnpm.com\/#\/schema\/person\/image\/","url":"https:\/\/portalnpm.com\/wp-content\/uploads\/2024\/03\/avatar_user_4_1710097212-96x96.png","contentUrl":"https:\/\/portalnpm.com\/wp-content\/uploads\/2024\/03\/avatar_user_4_1710097212-96x96.png","caption":"Reda\u00e7\u00e3o"},"url":"https:\/\/portalnpm.com\/index.php\/author\/redacao\/"}]}},"jetpack_sharing_enabled":true,"jetpack_featured_media_url":"","_links":{"self":[{"href":"https:\/\/portalnpm.com\/index.php\/wp-json\/wp\/v2\/posts\/8995"}],"collection":[{"href":"https:\/\/portalnpm.com\/index.php\/wp-json\/wp\/v2\/posts"}],"about":[{"href":"https:\/\/portalnpm.com\/index.php\/wp-json\/wp\/v2\/types\/post"}],"author":[{"embeddable":true,"href":"https:\/\/portalnpm.com\/index.php\/wp-json\/wp\/v2\/users\/4"}],"replies":[{"embeddable":true,"href":"https:\/\/portalnpm.com\/index.php\/wp-json\/wp\/v2\/comments?post=8995"}],"version-history":[{"count":0,"href":"https:\/\/portalnpm.com\/index.php\/wp-json\/wp\/v2\/posts\/8995\/revisions"}],"wp:featuredmedia":[{"embeddable":true,"href":"https:\/\/portalnpm.com\/index.php\/wp-json\/"}],"wp:attachment":[{"href":"https:\/\/portalnpm.com\/index.php\/wp-json\/wp\/v2\/media?parent=8995"}],"wp:term":[{"taxonomy":"category","embeddable":true,"href":"https:\/\/portalnpm.com\/index.php\/wp-json\/wp\/v2\/categories?post=8995"},{"taxonomy":"post_tag","embeddable":true,"href":"https:\/\/portalnpm.com\/index.php\/wp-json\/wp\/v2\/tags?post=8995"}],"curies":[{"name":"wp","href":"https:\/\/api.w.org\/{rel}","templated":true}]}}