{"id":90141,"date":"2025-10-19T10:57:40","date_gmt":"2025-10-19T13:57:40","guid":{"rendered":"https:\/\/portalnpm.com\/?p=90141"},"modified":"2025-10-19T10:57:40","modified_gmt":"2025-10-19T13:57:40","slug":"afonso-gabriel-de-sao-juliao-lanca-candidatura-a-secretaria-estadual-de-juventude-do-pt-e-representa-o-interior-na-disputa","status":"publish","type":"post","link":"https:\/\/portalnpm.com\/index.php\/2025\/10\/19\/afonso-gabriel-de-sao-juliao-lanca-candidatura-a-secretaria-estadual-de-juventude-do-pt-e-representa-o-interior-na-disputa\/","title":{"rendered":"Afonso Gabriel, de S\u00e3o Juli\u00e3o, lan\u00e7a candidatura \u00e0 Secretaria Estadual de Juventude do PT e representa o interior na disputa"},"content":{"rendered":"<p>O jovem Afonso Gabriel, natural de S\u00e3o Juli\u00e3o -PI, lan\u00e7ou oficialmente sua candidatura \u00e0 Secretaria Estadual de Juventude do Partido dos Trabalhadores (PT\/PI). Militante hist\u00f3rico da juventude petista e integrante do Coletivo Paratodes, Afonso se destaca como o primeiro jovem da regi\u00e3o de Picos a disputar o cargo \u2014 e pode se tornar o primeiro secret\u00e1rio estadual de juventude vindo do interior da regi\u00e3o.<\/p>\n<figure id=\"attachment_90147\" aria-describedby=\"caption-attachment-90147\" style=\"width: 1080px\" class=\"wp-caption alignnone\"><img fetchpriority=\"high\" decoding=\"async\" class=\"wp-image-90147 size-full\" src=\"https:\/\/portalnpm.com\/wp-content\/uploads\/2025\/10\/IMG-20251019-WA0067.jpg\" alt=\"\" width=\"1080\" height=\"1350\" srcset=\"https:\/\/portalnpm.com\/wp-content\/uploads\/2025\/10\/IMG-20251019-WA0067.jpg 1080w, https:\/\/portalnpm.com\/wp-content\/uploads\/2025\/10\/IMG-20251019-WA0067-240x300.jpg 240w, https:\/\/portalnpm.com\/wp-content\/uploads\/2025\/10\/IMG-20251019-WA0067-819x1024.jpg 819w, https:\/\/portalnpm.com\/wp-content\/uploads\/2025\/10\/IMG-20251019-WA0067-768x960.jpg 768w\" sizes=\"(max-width: 1080px) 100vw, 1080px\" \/><figcaption id=\"caption-attachment-90147\" class=\"wp-caption-text\">Afonso Gabriel, natural de S\u00e3o Juli\u00e3o, no interior do Piau\u00ed<\/figcaption><\/figure>\n<p>Petista desde sempre, Afonso tem constru\u00eddo sua trajet\u00f3ria pol\u00edtica com base no di\u00e1logo, na inclus\u00e3o e na valoriza\u00e7\u00e3o das juventudes do interior. Em suas falas, ele ressalta que a nova gera\u00e7\u00e3o quer mais do que repetir f\u00f3rmulas:<\/p>\n<blockquote><p>\u201cQueremos construir um projeto com as bases, com o interior, com quem vive na ponta. Acreditamos que o partido cresce com unidade e com a participa\u00e7\u00e3o real da juventude\u201d, afirmou.<\/p><\/blockquote>\n<p>Para Afonso, a disputa pela Secretaria Estadual de Juventude n\u00e3o \u00e9 sobre nomes, mas sobre projeto, di\u00e1logo e coragem de renovar sem romper com a hist\u00f3ria. \u201c<em>\u00c9 sobre abrir espa\u00e7o para quem sonha, luta e quer fazer da juventude o motor da transforma\u00e7\u00e3o social que o Piau\u00ed precisa<\/em>\u201d, destacou.<\/p>\n<figure id=\"attachment_90147\" aria-describedby=\"caption-attachment-90147\" style=\"width: 1080px\" class=\"wp-caption alignnone\"><img fetchpriority=\"high\" decoding=\"async\" class=\"wp-image-90147 size-full\" src=\"https:\/\/portalnpm.com\/wp-content\/uploads\/2025\/10\/IMG-20251019-WA0067.jpg\" alt=\"\" width=\"1080\" height=\"1350\" srcset=\"https:\/\/portalnpm.com\/wp-content\/uploads\/2025\/10\/IMG-20251019-WA0067.jpg 1080w, https:\/\/portalnpm.com\/wp-content\/uploads\/2025\/10\/IMG-20251019-WA0067-240x300.jpg 240w, https:\/\/portalnpm.com\/wp-content\/uploads\/2025\/10\/IMG-20251019-WA0067-819x1024.jpg 819w, https:\/\/portalnpm.com\/wp-content\/uploads\/2025\/10\/IMG-20251019-WA0067-768x960.jpg 768w\" sizes=\"(max-width: 1080px) 100vw, 1080px\" \/><figcaption id=\"caption-attachment-90147\" class=\"wp-caption-text\">Afonso Gabriel, natural de S\u00e3o Juli\u00e3o, no interior do Piau\u00ed<\/figcaption><\/figure>\n<p>A candidatura vem ganhando apoios importantes dentro do partido, entre eles o do vereador e presidente municipal do PT, Jo\u00e3o Pereira, al\u00e9m de ex-secret\u00e1rios estaduais de juventude, que reconhecem em Afonso uma lideran\u00e7a comprometida com a unidade e com a constru\u00e7\u00e3o de um projeto coletivo.<\/p>\n<p><img decoding=\"async\" class=\"alignnone size-medium wp-image-90145\" src=\"https:\/\/portalnpm.com\/wp-content\/uploads\/2025\/10\/IMG-20251019-WA0060-169x300.jpg\" alt=\"\" width=\"169\" height=\"300\" srcset=\"https:\/\/portalnpm.com\/wp-content\/uploads\/2025\/10\/IMG-20251019-WA0060-169x300.jpg 169w, https:\/\/portalnpm.com\/wp-content\/uploads\/2025\/10\/IMG-20251019-WA0060-576x1024.jpg 576w, https:\/\/portalnpm.com\/wp-content\/uploads\/2025\/10\/IMG-20251019-WA0060-768x1365.jpg 768w, https:\/\/portalnpm.com\/wp-content\/uploads\/2025\/10\/IMG-20251019-WA0060-864x1536.jpg 864w, https:\/\/portalnpm.com\/wp-content\/uploads\/2025\/10\/IMG-20251019-WA0060.jpg 900w\" sizes=\"(max-width: 169px) 100vw, 169px\" \/> <img decoding=\"async\" class=\"alignnone size-medium wp-image-90146\" src=\"https:\/\/portalnpm.com\/wp-content\/uploads\/2025\/10\/IMG-20251019-WA0061-169x300.jpg\" alt=\"\" width=\"169\" height=\"300\" srcset=\"https:\/\/portalnpm.com\/wp-content\/uploads\/2025\/10\/IMG-20251019-WA0061-169x300.jpg 169w, https:\/\/portalnpm.com\/wp-content\/uploads\/2025\/10\/IMG-20251019-WA0061-576x1024.jpg 576w, https:\/\/portalnpm.com\/wp-content\/uploads\/2025\/10\/IMG-20251019-WA0061-768x1365.jpg 768w, https:\/\/portalnpm.com\/wp-content\/uploads\/2025\/10\/IMG-20251019-WA0061-864x1536.jpg 864w, https:\/\/portalnpm.com\/wp-content\/uploads\/2025\/10\/IMG-20251019-WA0061.jpg 900w\" sizes=\"(max-width: 169px) 100vw, 169px\" \/><\/p>\n<p>Com um perfil marcado pela escuta, pelo di\u00e1logo e pela defesa das pautas sociais,<br \/>\nAfonso Gabriel representa uma nova gera\u00e7\u00e3o do PT, que acredita na renova\u00e7\u00e3o com responsabilidade, nascida das bases e dos territ\u00f3rios do interior.<\/p>\n<p><img loading=\"lazy\" decoding=\"async\" class=\"alignnone size-medium wp-image-90148\" src=\"https:\/\/portalnpm.com\/wp-content\/uploads\/2025\/10\/IMG-20251019-WA0062-300x300.jpg\" alt=\"\" width=\"300\" height=\"300\" srcset=\"https:\/\/portalnpm.com\/wp-content\/uploads\/2025\/10\/IMG-20251019-WA0062-300x300.jpg 300w, https:\/\/portalnpm.com\/wp-content\/uploads\/2025\/10\/IMG-20251019-WA0062-150x150.jpg 150w, https:\/\/portalnpm.com\/wp-content\/uploads\/2025\/10\/IMG-20251019-WA0062-768x768.jpg 768w, https:\/\/portalnpm.com\/wp-content\/uploads\/2025\/10\/IMG-20251019-WA0062.jpg 999w\" sizes=\"(max-width: 300px) 100vw, 300px\" \/> <img loading=\"lazy\" decoding=\"async\" class=\"alignnone size-medium wp-image-90149\" src=\"https:\/\/portalnpm.com\/wp-content\/uploads\/2025\/10\/IMG-20251019-WA0064-300x225.jpg\" alt=\"\" width=\"300\" height=\"225\" srcset=\"https:\/\/portalnpm.com\/wp-content\/uploads\/2025\/10\/IMG-20251019-WA0064-300x225.jpg 300w, https:\/\/portalnpm.com\/wp-content\/uploads\/2025\/10\/IMG-20251019-WA0064-1024x768.jpg 1024w, https:\/\/portalnpm.com\/wp-content\/uploads\/2025\/10\/IMG-20251019-WA0064-768x576.jpg 768w, https:\/\/portalnpm.com\/wp-content\/uploads\/2025\/10\/IMG-20251019-WA0064-1536x1152.jpg 1536w, https:\/\/portalnpm.com\/wp-content\/uploads\/2025\/10\/IMG-20251019-WA0064.jpg 1600w\" sizes=\"(max-width: 300px) 100vw, 300px\" \/> <img loading=\"lazy\" decoding=\"async\" class=\"alignnone size-medium wp-image-90150\" src=\"https:\/\/portalnpm.com\/wp-content\/uploads\/2025\/10\/IMG-20251019-WA0063-300x225.jpg\" alt=\"\" width=\"300\" height=\"225\" srcset=\"https:\/\/portalnpm.com\/wp-content\/uploads\/2025\/10\/IMG-20251019-WA0063-300x225.jpg 300w, https:\/\/portalnpm.com\/wp-content\/uploads\/2025\/10\/IMG-20251019-WA0063-1024x768.jpg 1024w, https:\/\/portalnpm.com\/wp-content\/uploads\/2025\/10\/IMG-20251019-WA0063-768x576.jpg 768w, https:\/\/portalnpm.com\/wp-content\/uploads\/2025\/10\/IMG-20251019-WA0063-1536x1152.jpg 1536w, https:\/\/portalnpm.com\/wp-content\/uploads\/2025\/10\/IMG-20251019-WA0063.jpg 1600w\" sizes=\"(max-width: 300px) 100vw, 300px\" \/> <img loading=\"lazy\" decoding=\"async\" class=\"alignnone size-medium wp-image-90151\" src=\"https:\/\/portalnpm.com\/wp-content\/uploads\/2025\/10\/IMG-20251019-WA0065-300x225.jpg\" alt=\"\" width=\"300\" height=\"225\" srcset=\"https:\/\/portalnpm.com\/wp-content\/uploads\/2025\/10\/IMG-20251019-WA0065-300x225.jpg 300w, https:\/\/portalnpm.com\/wp-content\/uploads\/2025\/10\/IMG-20251019-WA0065-1024x768.jpg 1024w, https:\/\/portalnpm.com\/wp-content\/uploads\/2025\/10\/IMG-20251019-WA0065-768x576.jpg 768w, https:\/\/portalnpm.com\/wp-content\/uploads\/2025\/10\/IMG-20251019-WA0065-1536x1152.jpg 1536w, https:\/\/portalnpm.com\/wp-content\/uploads\/2025\/10\/IMG-20251019-WA0065.jpg 1600w\" sizes=\"(max-width: 300px) 100vw, 300px\" \/><\/p>\n","protected":false},"excerpt":{"rendered":"<p>O jovem Afonso Gabriel, natural de S\u00e3o Juli\u00e3o -PI, lan\u00e7ou oficialmente sua candidatura \u00e0 Secretaria Estadual de Juventude do Partido dos Trabalhadores (PT\/PI). Militante hist\u00f3rico da juventude petista e integrante do Coletivo Paratodes, Afonso se destaca como o primeiro jovem da regi\u00e3o de Picos a disputar o cargo \u2014 e pode se tornar o primeiro &hellip;<\/p>\n","protected":false},"author":3,"featured_media":90147,"comment_status":"open","ping_status":"open","sticky":false,"template":"","format":"standard","meta":{"content-type":"","rop_custom_images_group":[],"rop_custom_messages_group":[],"rop_publish_now":"yes","rop_publish_now_accounts":{"facebook_2648258775420054_1618374048415101":""},"rop_publish_now_history":[],"rop_publish_now_status":"pending","footnotes":"","_jetpack_memberships_contains_paid_content":false},"categories":[113,188,130,3998],"tags":[883,13393,539,230,784,1170,3346,395,1197,13321,2668,911,403,16613,1196,2024],"yoast_head":"<!-- This site is optimized with the Yoast SEO plugin v22.3 - https:\/\/yoast.com\/wordpress\/plugins\/seo\/ -->\n<title>Afonso Gabriel, de S\u00e3o Juli\u00e3o, lan\u00e7a candidatura \u00e0 Secretaria Estadual de Juventude do PT e representa o interior na disputa - Portal NPM<\/title>\n<meta name=\"robots\" content=\"index, follow, max-snippet:-1, max-image-preview:large, max-video-preview:-1\" \/>\n<link rel=\"canonical\" href=\"https:\/\/portalnpm.com\/index.php\/2025\/10\/19\/afonso-gabriel-de-sao-juliao-lanca-candidatura-a-secretaria-estadual-de-juventude-do-pt-e-representa-o-interior-na-disputa\/\" \/>\n<meta property=\"og:locale\" content=\"pt_BR\" \/>\n<meta property=\"og:type\" content=\"article\" \/>\n<meta property=\"og:title\" content=\"Afonso Gabriel, de S\u00e3o Juli\u00e3o, lan\u00e7a candidatura \u00e0 Secretaria Estadual de Juventude do PT e representa o interior na disputa - Portal NPM\" \/>\n<meta property=\"og:description\" content=\"O jovem Afonso Gabriel, natural de S\u00e3o Juli\u00e3o -PI, lan\u00e7ou oficialmente sua candidatura \u00e0 Secretaria Estadual de Juventude do Partido dos Trabalhadores (PT\/PI). Militante hist\u00f3rico da juventude petista e integrante do Coletivo Paratodes, Afonso se destaca como o primeiro jovem da regi\u00e3o de Picos a disputar o cargo \u2014 e pode se tornar o primeiro &hellip;\" \/>\n<meta property=\"og:url\" content=\"https:\/\/portalnpm.com\/index.php\/2025\/10\/19\/afonso-gabriel-de-sao-juliao-lanca-candidatura-a-secretaria-estadual-de-juventude-do-pt-e-representa-o-interior-na-disputa\/\" \/>\n<meta property=\"og:site_name\" content=\"Portal NPM\" \/>\n<meta property=\"article:published_time\" content=\"2025-10-19T13:57:40+00:00\" \/>\n<meta property=\"og:image\" content=\"https:\/\/portalnpm.com\/wp-content\/uploads\/2025\/10\/IMG-20251019-WA0067.jpg\" \/>\n\t<meta property=\"og:image:width\" content=\"1080\" \/>\n\t<meta property=\"og:image:height\" content=\"1350\" \/>\n\t<meta property=\"og:image:type\" content=\"image\/jpeg\" \/>\n<meta name=\"author\" content=\"Luis Alberto\" \/>\n<meta name=\"twitter:card\" content=\"summary_large_image\" \/>\n<meta name=\"twitter:label1\" content=\"Escrito por\" \/>\n\t<meta name=\"twitter:data1\" content=\"Luis Alberto\" \/>\n\t<meta name=\"twitter:label2\" content=\"Est. tempo de leitura\" \/>\n\t<meta name=\"twitter:data2\" content=\"4 minutos\" \/>\n<script type=\"application\/ld+json\" class=\"yoast-schema-graph\">{\"@context\":\"https:\/\/schema.org\",\"@graph\":[{\"@type\":\"WebPage\",\"@id\":\"https:\/\/portalnpm.com\/index.php\/2025\/10\/19\/afonso-gabriel-de-sao-juliao-lanca-candidatura-a-secretaria-estadual-de-juventude-do-pt-e-representa-o-interior-na-disputa\/\",\"url\":\"https:\/\/portalnpm.com\/index.php\/2025\/10\/19\/afonso-gabriel-de-sao-juliao-lanca-candidatura-a-secretaria-estadual-de-juventude-do-pt-e-representa-o-interior-na-disputa\/\",\"name\":\"Afonso Gabriel, de S\u00e3o Juli\u00e3o, lan\u00e7a candidatura \u00e0 Secretaria Estadual de Juventude do PT e representa o interior na disputa - Portal NPM\",\"isPartOf\":{\"@id\":\"https:\/\/portalnpm.com\/#website\"},\"primaryImageOfPage\":{\"@id\":\"https:\/\/portalnpm.com\/index.php\/2025\/10\/19\/afonso-gabriel-de-sao-juliao-lanca-candidatura-a-secretaria-estadual-de-juventude-do-pt-e-representa-o-interior-na-disputa\/#primaryimage\"},\"image\":{\"@id\":\"https:\/\/portalnpm.com\/index.php\/2025\/10\/19\/afonso-gabriel-de-sao-juliao-lanca-candidatura-a-secretaria-estadual-de-juventude-do-pt-e-representa-o-interior-na-disputa\/#primaryimage\"},\"thumbnailUrl\":\"https:\/\/portalnpm.com\/wp-content\/uploads\/2025\/10\/IMG-20251019-WA0067.jpg\",\"datePublished\":\"2025-10-19T13:57:40+00:00\",\"dateModified\":\"2025-10-19T13:57:40+00:00\",\"author\":{\"@id\":\"https:\/\/portalnpm.com\/#\/schema\/person\/5c8006acdf71774cd4e7a5ab98482152\"},\"breadcrumb\":{\"@id\":\"https:\/\/portalnpm.com\/index.php\/2025\/10\/19\/afonso-gabriel-de-sao-juliao-lanca-candidatura-a-secretaria-estadual-de-juventude-do-pt-e-representa-o-interior-na-disputa\/#breadcrumb\"},\"inLanguage\":\"pt-BR\",\"potentialAction\":[{\"@type\":\"ReadAction\",\"target\":[\"https:\/\/portalnpm.com\/index.php\/2025\/10\/19\/afonso-gabriel-de-sao-juliao-lanca-candidatura-a-secretaria-estadual-de-juventude-do-pt-e-representa-o-interior-na-disputa\/\"]}]},{\"@type\":\"ImageObject\",\"inLanguage\":\"pt-BR\",\"@id\":\"https:\/\/portalnpm.com\/index.php\/2025\/10\/19\/afonso-gabriel-de-sao-juliao-lanca-candidatura-a-secretaria-estadual-de-juventude-do-pt-e-representa-o-interior-na-disputa\/#primaryimage\",\"url\":\"https:\/\/portalnpm.com\/wp-content\/uploads\/2025\/10\/IMG-20251019-WA0067.jpg\",\"contentUrl\":\"https:\/\/portalnpm.com\/wp-content\/uploads\/2025\/10\/IMG-20251019-WA0067.jpg\",\"width\":1080,\"height\":1350,\"caption\":\"Afonso Gabriel, natural de S\u00e3o Juli\u00e3o, no interior do Piau\u00ed\"},{\"@type\":\"BreadcrumbList\",\"@id\":\"https:\/\/portalnpm.com\/index.php\/2025\/10\/19\/afonso-gabriel-de-sao-juliao-lanca-candidatura-a-secretaria-estadual-de-juventude-do-pt-e-representa-o-interior-na-disputa\/#breadcrumb\",\"itemListElement\":[{\"@type\":\"ListItem\",\"position\":1,\"name\":\"In\u00edcio\",\"item\":\"https:\/\/portalnpm.com\/\"},{\"@type\":\"ListItem\",\"position\":2,\"name\":\"Afonso Gabriel, de S\u00e3o Juli\u00e3o, lan\u00e7a candidatura \u00e0 Secretaria Estadual de Juventude do PT e representa o interior na disputa\"}]},{\"@type\":\"WebSite\",\"@id\":\"https:\/\/portalnpm.com\/#website\",\"url\":\"https:\/\/portalnpm.com\/\",\"name\":\"Portal NPM\",\"description\":\"Not\u00edcias em Primeira M\u00e3o\",\"potentialAction\":[{\"@type\":\"SearchAction\",\"target\":{\"@type\":\"EntryPoint\",\"urlTemplate\":\"https:\/\/portalnpm.com\/?s={search_term_string}\"},\"query-input\":\"required name=search_term_string\"}],\"inLanguage\":\"pt-BR\"},{\"@type\":\"Person\",\"@id\":\"https:\/\/portalnpm.com\/#\/schema\/person\/5c8006acdf71774cd4e7a5ab98482152\",\"name\":\"Luis Alberto\",\"image\":{\"@type\":\"ImageObject\",\"inLanguage\":\"pt-BR\",\"@id\":\"https:\/\/portalnpm.com\/#\/schema\/person\/image\/\",\"url\":\"https:\/\/portalnpm.com\/wp-content\/uploads\/2024\/12\/avatar_user_3_1734699769-96x96.jpeg\",\"contentUrl\":\"https:\/\/portalnpm.com\/wp-content\/uploads\/2024\/12\/avatar_user_3_1734699769-96x96.jpeg\",\"caption\":\"Luis Alberto\"},\"description\":\"Editor-geral do Portal NPM, \u00e9 formado como T\u00e9cnico em Seguran\u00e7a do Trabalho pela Escola Metropolitana de Cursos T\u00e9cnicos. Det\u00e9m ainda licenciatura em Educa\u00e7\u00e3o F\u00edsica e bacharelado em Ci\u00eancias Pol\u00edticas, ambos obtidos pela institui\u00e7\u00e3o Anhanguera\/UNOPAR.\",\"url\":\"https:\/\/portalnpm.com\/index.php\/author\/pereira\/\"}]}<\/script>\n<!-- \/ Yoast SEO plugin. -->","yoast_head_json":{"title":"Afonso Gabriel, de S\u00e3o Juli\u00e3o, lan\u00e7a candidatura \u00e0 Secretaria Estadual de Juventude do PT e representa o interior na disputa - Portal NPM","robots":{"index":"index","follow":"follow","max-snippet":"max-snippet:-1","max-image-preview":"max-image-preview:large","max-video-preview":"max-video-preview:-1"},"canonical":"https:\/\/portalnpm.com\/index.php\/2025\/10\/19\/afonso-gabriel-de-sao-juliao-lanca-candidatura-a-secretaria-estadual-de-juventude-do-pt-e-representa-o-interior-na-disputa\/","og_locale":"pt_BR","og_type":"article","og_title":"Afonso Gabriel, de S\u00e3o Juli\u00e3o, lan\u00e7a candidatura \u00e0 Secretaria Estadual de Juventude do PT e representa o interior na disputa - Portal NPM","og_description":"O jovem Afonso Gabriel, natural de S\u00e3o Juli\u00e3o -PI, lan\u00e7ou oficialmente sua candidatura \u00e0 Secretaria Estadual de Juventude do Partido dos Trabalhadores (PT\/PI). Militante hist\u00f3rico da juventude petista e integrante do Coletivo Paratodes, Afonso se destaca como o primeiro jovem da regi\u00e3o de Picos a disputar o cargo \u2014 e pode se tornar o primeiro &hellip;","og_url":"https:\/\/portalnpm.com\/index.php\/2025\/10\/19\/afonso-gabriel-de-sao-juliao-lanca-candidatura-a-secretaria-estadual-de-juventude-do-pt-e-representa-o-interior-na-disputa\/","og_site_name":"Portal NPM","article_published_time":"2025-10-19T13:57:40+00:00","og_image":[{"width":1080,"height":1350,"url":"https:\/\/portalnpm.com\/wp-content\/uploads\/2025\/10\/IMG-20251019-WA0067.jpg","type":"image\/jpeg"}],"author":"Luis Alberto","twitter_card":"summary_large_image","twitter_misc":{"Escrito por":"Luis Alberto","Est. tempo de leitura":"4 minutos"},"schema":{"@context":"https:\/\/schema.org","@graph":[{"@type":"WebPage","@id":"https:\/\/portalnpm.com\/index.php\/2025\/10\/19\/afonso-gabriel-de-sao-juliao-lanca-candidatura-a-secretaria-estadual-de-juventude-do-pt-e-representa-o-interior-na-disputa\/","url":"https:\/\/portalnpm.com\/index.php\/2025\/10\/19\/afonso-gabriel-de-sao-juliao-lanca-candidatura-a-secretaria-estadual-de-juventude-do-pt-e-representa-o-interior-na-disputa\/","name":"Afonso Gabriel, de S\u00e3o Juli\u00e3o, lan\u00e7a candidatura \u00e0 Secretaria Estadual de Juventude do PT e representa o interior na disputa - Portal NPM","isPartOf":{"@id":"https:\/\/portalnpm.com\/#website"},"primaryImageOfPage":{"@id":"https:\/\/portalnpm.com\/index.php\/2025\/10\/19\/afonso-gabriel-de-sao-juliao-lanca-candidatura-a-secretaria-estadual-de-juventude-do-pt-e-representa-o-interior-na-disputa\/#primaryimage"},"image":{"@id":"https:\/\/portalnpm.com\/index.php\/2025\/10\/19\/afonso-gabriel-de-sao-juliao-lanca-candidatura-a-secretaria-estadual-de-juventude-do-pt-e-representa-o-interior-na-disputa\/#primaryimage"},"thumbnailUrl":"https:\/\/portalnpm.com\/wp-content\/uploads\/2025\/10\/IMG-20251019-WA0067.jpg","datePublished":"2025-10-19T13:57:40+00:00","dateModified":"2025-10-19T13:57:40+00:00","author":{"@id":"https:\/\/portalnpm.com\/#\/schema\/person\/5c8006acdf71774cd4e7a5ab98482152"},"breadcrumb":{"@id":"https:\/\/portalnpm.com\/index.php\/2025\/10\/19\/afonso-gabriel-de-sao-juliao-lanca-candidatura-a-secretaria-estadual-de-juventude-do-pt-e-representa-o-interior-na-disputa\/#breadcrumb"},"inLanguage":"pt-BR","potentialAction":[{"@type":"ReadAction","target":["https:\/\/portalnpm.com\/index.php\/2025\/10\/19\/afonso-gabriel-de-sao-juliao-lanca-candidatura-a-secretaria-estadual-de-juventude-do-pt-e-representa-o-interior-na-disputa\/"]}]},{"@type":"ImageObject","inLanguage":"pt-BR","@id":"https:\/\/portalnpm.com\/index.php\/2025\/10\/19\/afonso-gabriel-de-sao-juliao-lanca-candidatura-a-secretaria-estadual-de-juventude-do-pt-e-representa-o-interior-na-disputa\/#primaryimage","url":"https:\/\/portalnpm.com\/wp-content\/uploads\/2025\/10\/IMG-20251019-WA0067.jpg","contentUrl":"https:\/\/portalnpm.com\/wp-content\/uploads\/2025\/10\/IMG-20251019-WA0067.jpg","width":1080,"height":1350,"caption":"Afonso Gabriel, natural de S\u00e3o Juli\u00e3o, no interior do Piau\u00ed"},{"@type":"BreadcrumbList","@id":"https:\/\/portalnpm.com\/index.php\/2025\/10\/19\/afonso-gabriel-de-sao-juliao-lanca-candidatura-a-secretaria-estadual-de-juventude-do-pt-e-representa-o-interior-na-disputa\/#breadcrumb","itemListElement":[{"@type":"ListItem","position":1,"name":"In\u00edcio","item":"https:\/\/portalnpm.com\/"},{"@type":"ListItem","position":2,"name":"Afonso Gabriel, de S\u00e3o Juli\u00e3o, lan\u00e7a candidatura \u00e0 Secretaria Estadual de Juventude do PT e representa o interior na disputa"}]},{"@type":"WebSite","@id":"https:\/\/portalnpm.com\/#website","url":"https:\/\/portalnpm.com\/","name":"Portal NPM","description":"Not\u00edcias em Primeira M\u00e3o","potentialAction":[{"@type":"SearchAction","target":{"@type":"EntryPoint","urlTemplate":"https:\/\/portalnpm.com\/?s={search_term_string}"},"query-input":"required name=search_term_string"}],"inLanguage":"pt-BR"},{"@type":"Person","@id":"https:\/\/portalnpm.com\/#\/schema\/person\/5c8006acdf71774cd4e7a5ab98482152","name":"Luis Alberto","image":{"@type":"ImageObject","inLanguage":"pt-BR","@id":"https:\/\/portalnpm.com\/#\/schema\/person\/image\/","url":"https:\/\/portalnpm.com\/wp-content\/uploads\/2024\/12\/avatar_user_3_1734699769-96x96.jpeg","contentUrl":"https:\/\/portalnpm.com\/wp-content\/uploads\/2024\/12\/avatar_user_3_1734699769-96x96.jpeg","caption":"Luis Alberto"},"description":"Editor-geral do Portal NPM, \u00e9 formado como T\u00e9cnico em Seguran\u00e7a do Trabalho pela Escola Metropolitana de Cursos T\u00e9cnicos. Det\u00e9m ainda licenciatura em Educa\u00e7\u00e3o F\u00edsica e bacharelado em Ci\u00eancias Pol\u00edticas, ambos obtidos pela institui\u00e7\u00e3o Anhanguera\/UNOPAR.","url":"https:\/\/portalnpm.com\/index.php\/author\/pereira\/"}]}},"jetpack_sharing_enabled":true,"jetpack_featured_media_url":"https:\/\/portalnpm.com\/wp-content\/uploads\/2025\/10\/IMG-20251019-WA0067.jpg","_links":{"self":[{"href":"https:\/\/portalnpm.com\/index.php\/wp-json\/wp\/v2\/posts\/90141"}],"collection":[{"href":"https:\/\/portalnpm.com\/index.php\/wp-json\/wp\/v2\/posts"}],"about":[{"href":"https:\/\/portalnpm.com\/index.php\/wp-json\/wp\/v2\/types\/post"}],"author":[{"embeddable":true,"href":"https:\/\/portalnpm.com\/index.php\/wp-json\/wp\/v2\/users\/3"}],"replies":[{"embeddable":true,"href":"https:\/\/portalnpm.com\/index.php\/wp-json\/wp\/v2\/comments?post=90141"}],"version-history":[{"count":2,"href":"https:\/\/portalnpm.com\/index.php\/wp-json\/wp\/v2\/posts\/90141\/revisions"}],"predecessor-version":[{"id":90152,"href":"https:\/\/portalnpm.com\/index.php\/wp-json\/wp\/v2\/posts\/90141\/revisions\/90152"}],"wp:featuredmedia":[{"embeddable":true,"href":"https:\/\/portalnpm.com\/index.php\/wp-json\/wp\/v2\/media\/90147"}],"wp:attachment":[{"href":"https:\/\/portalnpm.com\/index.php\/wp-json\/wp\/v2\/media?parent=90141"}],"wp:term":[{"taxonomy":"category","embeddable":true,"href":"https:\/\/portalnpm.com\/index.php\/wp-json\/wp\/v2\/categories?post=90141"},{"taxonomy":"post_tag","embeddable":true,"href":"https:\/\/portalnpm.com\/index.php\/wp-json\/wp\/v2\/tags?post=90141"}],"curies":[{"name":"wp","href":"https:\/\/api.w.org\/{rel}","templated":true}]}}