{"id":9017,"date":"2019-06-12T15:38:53","date_gmt":"2019-06-12T18:38:53","guid":{"rendered":"http:\/\/srv.portalnpm.com.br\/?p=9017"},"modified":"2019-06-12T15:38:53","modified_gmt":"2019-06-12T18:38:53","slug":"comandante-do-corpo-de-bombeiros-de-picos-faz-alerta-sobre-festividades-juninas","status":"publish","type":"post","link":"https:\/\/portalnpm.com\/index.php\/2019\/06\/12\/comandante-do-corpo-de-bombeiros-de-picos-faz-alerta-sobre-festividades-juninas\/","title":{"rendered":"Comandante do Corpo de Bombeiros de Picos faz alerta sobre festividades juninas"},"content":{"rendered":"<p style=\"text-align: justify;\">O m\u00eas de junho chegou e, com ele, o in\u00edcio das festas juninas. Em todo o pa\u00eds, as comemora\u00e7\u00f5es s\u00e3o diversas: em escolas, campos de futebol, pra\u00e7as p\u00fablicas e, para manter a tradi\u00e7\u00e3o nordestina, no terreiro das casas.<\/p>\n<p style=\"text-align: justify;\">Em Picos, cidade do interior do Piau\u00ed, estado nordestino, n\u00e3o \u00e9 diferente. Especialmente nos dias de S\u00e3o Pedro e S\u00e3o Jo\u00e3o, onde as pessoas se re\u00fanem, armam suas fogueiras e, em quase todos os casos, utilizam de fogos de artif\u00edcio e outros elementos que utilizam a p\u00f3lvora como material principal de sua fabrica\u00e7\u00e3o.<\/p>\n<p style=\"text-align: justify;\">O comandante do Corpo de Bombeiros de Picos, Tenente Hamilton Lemos, faz um alerta quanto ao modo em que essas festas s\u00e3o realizadas e os cuidados que os foli\u00f5es devem ter para que transtornos maiores sejam evitados.<\/p>\n<figure id=\"attachment_9018\" aria-describedby=\"caption-attachment-9018\" style=\"width: 768px\" class=\"wp-caption aligncenter\"><img fetchpriority=\"high\" decoding=\"async\" class=\"size-full wp-image-9018\" src=\"http:\/\/portalnpm.com\/wp-content\/uploads\/2019\/06\/tenente-hamilton-lemos-768x404.jpg\" alt=\"\" width=\"768\" height=\"404\" \/><figcaption id=\"caption-attachment-9018\" class=\"wp-caption-text\">Tenente Hamilton Lemos \/ Imagem: Jesika Mayara<\/figcaption><\/figure>\n<p style=\"text-align: justify;\">\u201c\u00c9 preciso que se haja preven\u00e7\u00e3o em rela\u00e7\u00e3o aos fogos de artif\u00edcios. Primeiramente, aos pais devem evitar que seus filhos comprem, pois \u00e9 crime. As pessoas que forem comprar, devem observar o tamanho do pavio, se est\u00e1 correto, se est\u00e1 lacrado e se possui o selo do Instituto Nacional de Metrologia, Qualidade e Tecnologia \u2013 Inmetro. Em rela\u00e7\u00e3o aos dados de queimaduras do ano passado, a maior parte foi nessa \u00e9poca junina. Ent\u00e3o a gente deve ter o maior cuidado\u201d, disse ele.<\/p>\n<p style=\"text-align: justify;\">O comandante dos Bombeiros indicou ainda que pessoas com cabelo grande mantenha-o preso, pois a probabilidade de causar um incidente \u00e9 grande. Ele alerta para os roj\u00f5es e locais em que s\u00e3o utilizados.<\/p>\n<p style=\"text-align: justify;\">\u201cAs mulheres ou pessoas com cabelo grande possuem uma probabilidade grande em acontecer algum acidente, principalmente com esses fogos que a pessoa gira e solta fa\u00edsca. H\u00e1 muitas ocorr\u00eancias em rela\u00e7\u00e3o a isso. Se forem soltar, que amarre o cabelo, que o proteja. Os roj\u00f5es, as explos\u00f5es feitas para o alto t\u00eam que ter uma aten\u00e7\u00e3o maior. Se \u00e9 perto de hospitais, se na redondeza moram idosos, os fios de alta tens\u00e3o, enfim\u2026 Tudo isso tem que ser verificado. Esses fogos apontados para a vegeta\u00e7\u00e3o, ao cair, podem provocar inc\u00eandios. Ent\u00e3o pedimos encarecidamente, que todos mantenham cuidado nesse per\u00edodo\u201d, apelou.<\/p>\n<p style=\"text-align: justify;\"><strong>Inc\u00eandios em lix\u00f5es<\/strong><br \/>\nUm problema recorrente s\u00e3o as queimadas de lixos. Segundo o comandante, as pessoas, sem responsabilidade alguma, ateiam fogo em montes de lixos, o que tem prejudicado a sa\u00fade de muitos idosos e crian\u00e7as.<\/p>\n<p style=\"text-align: justify;\">\u201cTivemos algumas ocorr\u00eancias de inc\u00eandio, mais espec\u00edficas em lix\u00f5es. As pessoas est\u00e3o tocando fogo e isso perde o controle e a gente sempre bate na tecla dos problemas que isso traz, principalmente os respirat\u00f3rios, tanto para a pessoa que p\u00f4s quanto para a vizinhan\u00e7a. As mais afetadas t\u00eam sido as crian\u00e7as e idosos. S\u00e3o elas quem mais sofrem com esses inc\u00eandios provocados deliberadamente\u201d, afirmou.<\/p>\n<p style=\"text-align: justify;\">Tenente Hamilton afirmou ainda que o Plano de Emerg\u00eancia para o per\u00edodo de estiagem j\u00e1 est\u00e1 pronto e em breve ser\u00e1 apresentado \u00e0s autoridades da cidade.<\/p>\n<p style=\"text-align: justify;\"><strong>FONTE<\/strong>: Cidades na Net<\/p>\n","protected":false},"excerpt":{"rendered":"<p>O m\u00eas de junho chegou e, com ele, o in\u00edcio das festas juninas. Em todo o pa\u00eds, as comemora\u00e7\u00f5es s\u00e3o diversas: em escolas, campos de futebol, pra\u00e7as p\u00fablicas e, para manter a tradi\u00e7\u00e3o nordestina, no terreiro das casas. Em Picos, cidade do interior do Piau\u00ed, estado nordestino, n\u00e3o \u00e9 diferente. Especialmente nos dias de S\u00e3o &hellip;<\/p>\n","protected":false},"author":8,"featured_media":9019,"comment_status":"open","ping_status":"open","sticky":false,"template":"","format":"standard","meta":{"content-type":"","rop_custom_images_group":[],"rop_custom_messages_group":[],"rop_publish_now":"initial","rop_publish_now_accounts":{"facebook_2648258775420054_1618374048415101":""},"rop_publish_now_history":[],"rop_publish_now_status":"pending","footnotes":"","_jetpack_memberships_contains_paid_content":false},"categories":[113,127],"tags":[1439,2969,128],"yoast_head":"<!-- This site is optimized with the Yoast SEO plugin v22.3 - https:\/\/yoast.com\/wordpress\/plugins\/seo\/ -->\n<title>Comandante do Corpo de Bombeiros de Picos faz alerta sobre festividades juninas - Portal NPM<\/title>\n<meta name=\"robots\" content=\"index, follow, max-snippet:-1, max-image-preview:large, max-video-preview:-1\" \/>\n<link rel=\"canonical\" href=\"https:\/\/portalnpm.com\/index.php\/2019\/06\/12\/comandante-do-corpo-de-bombeiros-de-picos-faz-alerta-sobre-festividades-juninas\/\" \/>\n<meta property=\"og:locale\" content=\"pt_BR\" \/>\n<meta property=\"og:type\" content=\"article\" \/>\n<meta property=\"og:title\" content=\"Comandante do Corpo de Bombeiros de Picos faz alerta sobre festividades juninas - Portal NPM\" \/>\n<meta property=\"og:description\" content=\"O m\u00eas de junho chegou e, com ele, o in\u00edcio das festas juninas. Em todo o pa\u00eds, as comemora\u00e7\u00f5es s\u00e3o diversas: em escolas, campos de futebol, pra\u00e7as p\u00fablicas e, para manter a tradi\u00e7\u00e3o nordestina, no terreiro das casas. Em Picos, cidade do interior do Piau\u00ed, estado nordestino, n\u00e3o \u00e9 diferente. Especialmente nos dias de S\u00e3o &hellip;\" \/>\n<meta property=\"og:url\" content=\"https:\/\/portalnpm.com\/index.php\/2019\/06\/12\/comandante-do-corpo-de-bombeiros-de-picos-faz-alerta-sobre-festividades-juninas\/\" \/>\n<meta property=\"og:site_name\" content=\"Portal NPM\" \/>\n<meta property=\"article:published_time\" content=\"2019-06-12T18:38:53+00:00\" \/>\n<meta name=\"author\" content=\"Zenilton Lima\" \/>\n<meta name=\"twitter:card\" content=\"summary_large_image\" \/>\n<meta name=\"twitter:label1\" content=\"Escrito por\" \/>\n\t<meta name=\"twitter:data1\" content=\"Zenilton Lima\" \/>\n\t<meta name=\"twitter:label2\" content=\"Est. tempo de leitura\" \/>\n\t<meta name=\"twitter:data2\" content=\"3 minutos\" \/>\n<script type=\"application\/ld+json\" class=\"yoast-schema-graph\">{\"@context\":\"https:\/\/schema.org\",\"@graph\":[{\"@type\":\"WebPage\",\"@id\":\"https:\/\/portalnpm.com\/index.php\/2019\/06\/12\/comandante-do-corpo-de-bombeiros-de-picos-faz-alerta-sobre-festividades-juninas\/\",\"url\":\"https:\/\/portalnpm.com\/index.php\/2019\/06\/12\/comandante-do-corpo-de-bombeiros-de-picos-faz-alerta-sobre-festividades-juninas\/\",\"name\":\"Comandante do Corpo de Bombeiros de Picos faz alerta sobre festividades juninas - Portal NPM\",\"isPartOf\":{\"@id\":\"https:\/\/portalnpm.com\/#website\"},\"primaryImageOfPage\":{\"@id\":\"https:\/\/portalnpm.com\/index.php\/2019\/06\/12\/comandante-do-corpo-de-bombeiros-de-picos-faz-alerta-sobre-festividades-juninas\/#primaryimage\"},\"image\":{\"@id\":\"https:\/\/portalnpm.com\/index.php\/2019\/06\/12\/comandante-do-corpo-de-bombeiros-de-picos-faz-alerta-sobre-festividades-juninas\/#primaryimage\"},\"thumbnailUrl\":\"\",\"datePublished\":\"2019-06-12T18:38:53+00:00\",\"dateModified\":\"2019-06-12T18:38:53+00:00\",\"author\":{\"@id\":\"https:\/\/portalnpm.com\/#\/schema\/person\/35cb55186eae3f074b6783da6d35591e\"},\"breadcrumb\":{\"@id\":\"https:\/\/portalnpm.com\/index.php\/2019\/06\/12\/comandante-do-corpo-de-bombeiros-de-picos-faz-alerta-sobre-festividades-juninas\/#breadcrumb\"},\"inLanguage\":\"pt-BR\",\"potentialAction\":[{\"@type\":\"ReadAction\",\"target\":[\"https:\/\/portalnpm.com\/index.php\/2019\/06\/12\/comandante-do-corpo-de-bombeiros-de-picos-faz-alerta-sobre-festividades-juninas\/\"]}]},{\"@type\":\"ImageObject\",\"inLanguage\":\"pt-BR\",\"@id\":\"https:\/\/portalnpm.com\/index.php\/2019\/06\/12\/comandante-do-corpo-de-bombeiros-de-picos-faz-alerta-sobre-festividades-juninas\/#primaryimage\",\"url\":\"\",\"contentUrl\":\"\"},{\"@type\":\"BreadcrumbList\",\"@id\":\"https:\/\/portalnpm.com\/index.php\/2019\/06\/12\/comandante-do-corpo-de-bombeiros-de-picos-faz-alerta-sobre-festividades-juninas\/#breadcrumb\",\"itemListElement\":[{\"@type\":\"ListItem\",\"position\":1,\"name\":\"In\u00edcio\",\"item\":\"https:\/\/portalnpm.com\/\"},{\"@type\":\"ListItem\",\"position\":2,\"name\":\"Comandante do Corpo de Bombeiros de Picos faz alerta sobre festividades juninas\"}]},{\"@type\":\"WebSite\",\"@id\":\"https:\/\/portalnpm.com\/#website\",\"url\":\"https:\/\/portalnpm.com\/\",\"name\":\"Portal NPM\",\"description\":\"Not\u00edcias em Primeira M\u00e3o\",\"potentialAction\":[{\"@type\":\"SearchAction\",\"target\":{\"@type\":\"EntryPoint\",\"urlTemplate\":\"https:\/\/portalnpm.com\/?s={search_term_string}\"},\"query-input\":\"required name=search_term_string\"}],\"inLanguage\":\"pt-BR\"},{\"@type\":\"Person\",\"@id\":\"https:\/\/portalnpm.com\/#\/schema\/person\/35cb55186eae3f074b6783da6d35591e\",\"name\":\"Zenilton Lima\",\"image\":{\"@type\":\"ImageObject\",\"inLanguage\":\"pt-BR\",\"@id\":\"https:\/\/portalnpm.com\/#\/schema\/person\/image\/\",\"url\":\"https:\/\/portalnpm.com\/wp-content\/uploads\/2024\/12\/avatar_user_8_1733658137-96x96.jpeg\",\"contentUrl\":\"https:\/\/portalnpm.com\/wp-content\/uploads\/2024\/12\/avatar_user_8_1733658137-96x96.jpeg\",\"caption\":\"Zenilton Lima\"},\"url\":\"https:\/\/portalnpm.com\/index.php\/author\/zenilton\/\"}]}<\/script>\n<!-- \/ Yoast SEO plugin. -->","yoast_head_json":{"title":"Comandante do Corpo de Bombeiros de Picos faz alerta sobre festividades juninas - Portal NPM","robots":{"index":"index","follow":"follow","max-snippet":"max-snippet:-1","max-image-preview":"max-image-preview:large","max-video-preview":"max-video-preview:-1"},"canonical":"https:\/\/portalnpm.com\/index.php\/2019\/06\/12\/comandante-do-corpo-de-bombeiros-de-picos-faz-alerta-sobre-festividades-juninas\/","og_locale":"pt_BR","og_type":"article","og_title":"Comandante do Corpo de Bombeiros de Picos faz alerta sobre festividades juninas - Portal NPM","og_description":"O m\u00eas de junho chegou e, com ele, o in\u00edcio das festas juninas. Em todo o pa\u00eds, as comemora\u00e7\u00f5es s\u00e3o diversas: em escolas, campos de futebol, pra\u00e7as p\u00fablicas e, para manter a tradi\u00e7\u00e3o nordestina, no terreiro das casas. Em Picos, cidade do interior do Piau\u00ed, estado nordestino, n\u00e3o \u00e9 diferente. Especialmente nos dias de S\u00e3o &hellip;","og_url":"https:\/\/portalnpm.com\/index.php\/2019\/06\/12\/comandante-do-corpo-de-bombeiros-de-picos-faz-alerta-sobre-festividades-juninas\/","og_site_name":"Portal NPM","article_published_time":"2019-06-12T18:38:53+00:00","author":"Zenilton Lima","twitter_card":"summary_large_image","twitter_misc":{"Escrito por":"Zenilton Lima","Est. tempo de leitura":"3 minutos"},"schema":{"@context":"https:\/\/schema.org","@graph":[{"@type":"WebPage","@id":"https:\/\/portalnpm.com\/index.php\/2019\/06\/12\/comandante-do-corpo-de-bombeiros-de-picos-faz-alerta-sobre-festividades-juninas\/","url":"https:\/\/portalnpm.com\/index.php\/2019\/06\/12\/comandante-do-corpo-de-bombeiros-de-picos-faz-alerta-sobre-festividades-juninas\/","name":"Comandante do Corpo de Bombeiros de Picos faz alerta sobre festividades juninas - Portal NPM","isPartOf":{"@id":"https:\/\/portalnpm.com\/#website"},"primaryImageOfPage":{"@id":"https:\/\/portalnpm.com\/index.php\/2019\/06\/12\/comandante-do-corpo-de-bombeiros-de-picos-faz-alerta-sobre-festividades-juninas\/#primaryimage"},"image":{"@id":"https:\/\/portalnpm.com\/index.php\/2019\/06\/12\/comandante-do-corpo-de-bombeiros-de-picos-faz-alerta-sobre-festividades-juninas\/#primaryimage"},"thumbnailUrl":"","datePublished":"2019-06-12T18:38:53+00:00","dateModified":"2019-06-12T18:38:53+00:00","author":{"@id":"https:\/\/portalnpm.com\/#\/schema\/person\/35cb55186eae3f074b6783da6d35591e"},"breadcrumb":{"@id":"https:\/\/portalnpm.com\/index.php\/2019\/06\/12\/comandante-do-corpo-de-bombeiros-de-picos-faz-alerta-sobre-festividades-juninas\/#breadcrumb"},"inLanguage":"pt-BR","potentialAction":[{"@type":"ReadAction","target":["https:\/\/portalnpm.com\/index.php\/2019\/06\/12\/comandante-do-corpo-de-bombeiros-de-picos-faz-alerta-sobre-festividades-juninas\/"]}]},{"@type":"ImageObject","inLanguage":"pt-BR","@id":"https:\/\/portalnpm.com\/index.php\/2019\/06\/12\/comandante-do-corpo-de-bombeiros-de-picos-faz-alerta-sobre-festividades-juninas\/#primaryimage","url":"","contentUrl":""},{"@type":"BreadcrumbList","@id":"https:\/\/portalnpm.com\/index.php\/2019\/06\/12\/comandante-do-corpo-de-bombeiros-de-picos-faz-alerta-sobre-festividades-juninas\/#breadcrumb","itemListElement":[{"@type":"ListItem","position":1,"name":"In\u00edcio","item":"https:\/\/portalnpm.com\/"},{"@type":"ListItem","position":2,"name":"Comandante do Corpo de Bombeiros de Picos faz alerta sobre festividades juninas"}]},{"@type":"WebSite","@id":"https:\/\/portalnpm.com\/#website","url":"https:\/\/portalnpm.com\/","name":"Portal NPM","description":"Not\u00edcias em Primeira M\u00e3o","potentialAction":[{"@type":"SearchAction","target":{"@type":"EntryPoint","urlTemplate":"https:\/\/portalnpm.com\/?s={search_term_string}"},"query-input":"required name=search_term_string"}],"inLanguage":"pt-BR"},{"@type":"Person","@id":"https:\/\/portalnpm.com\/#\/schema\/person\/35cb55186eae3f074b6783da6d35591e","name":"Zenilton Lima","image":{"@type":"ImageObject","inLanguage":"pt-BR","@id":"https:\/\/portalnpm.com\/#\/schema\/person\/image\/","url":"https:\/\/portalnpm.com\/wp-content\/uploads\/2024\/12\/avatar_user_8_1733658137-96x96.jpeg","contentUrl":"https:\/\/portalnpm.com\/wp-content\/uploads\/2024\/12\/avatar_user_8_1733658137-96x96.jpeg","caption":"Zenilton Lima"},"url":"https:\/\/portalnpm.com\/index.php\/author\/zenilton\/"}]}},"jetpack_sharing_enabled":true,"jetpack_featured_media_url":"","_links":{"self":[{"href":"https:\/\/portalnpm.com\/index.php\/wp-json\/wp\/v2\/posts\/9017"}],"collection":[{"href":"https:\/\/portalnpm.com\/index.php\/wp-json\/wp\/v2\/posts"}],"about":[{"href":"https:\/\/portalnpm.com\/index.php\/wp-json\/wp\/v2\/types\/post"}],"author":[{"embeddable":true,"href":"https:\/\/portalnpm.com\/index.php\/wp-json\/wp\/v2\/users\/8"}],"replies":[{"embeddable":true,"href":"https:\/\/portalnpm.com\/index.php\/wp-json\/wp\/v2\/comments?post=9017"}],"version-history":[{"count":0,"href":"https:\/\/portalnpm.com\/index.php\/wp-json\/wp\/v2\/posts\/9017\/revisions"}],"wp:featuredmedia":[{"embeddable":true,"href":"https:\/\/portalnpm.com\/index.php\/wp-json\/"}],"wp:attachment":[{"href":"https:\/\/portalnpm.com\/index.php\/wp-json\/wp\/v2\/media?parent=9017"}],"wp:term":[{"taxonomy":"category","embeddable":true,"href":"https:\/\/portalnpm.com\/index.php\/wp-json\/wp\/v2\/categories?post=9017"},{"taxonomy":"post_tag","embeddable":true,"href":"https:\/\/portalnpm.com\/index.php\/wp-json\/wp\/v2\/tags?post=9017"}],"curies":[{"name":"wp","href":"https:\/\/api.w.org\/{rel}","templated":true}]}}