{"id":90224,"date":"2025-11-01T09:13:24","date_gmt":"2025-11-01T12:13:24","guid":{"rendered":"https:\/\/portalnpm.com\/?p=90224"},"modified":"2025-11-01T09:13:24","modified_gmt":"2025-11-01T12:13:24","slug":"gestao-sao-juliao-para-todos-entrega-cemiterio-da-sede-reformado-e-limpo-para-o-dia-de-finados-veja","status":"publish","type":"post","link":"https:\/\/portalnpm.com\/index.php\/2025\/11\/01\/gestao-sao-juliao-para-todos-entrega-cemiterio-da-sede-reformado-e-limpo-para-o-dia-de-finados-veja\/","title":{"rendered":"Gest\u00e3o \u201cS\u00e3o Juli\u00e3o Para Todos\u201d entrega cemit\u00e9rio da sede reformado e limpo para o Dia de Finados; veja!"},"content":{"rendered":"<p>O Cemit\u00e9rio Municipal Aquiles Pedro de Brito, localizado na cidade de S\u00e3o Juli\u00e3o-PI, passou por uma ampla a\u00e7\u00e3o de limpeza e manuten\u00e7\u00e3o para receber a popula\u00e7\u00e3o neste Dia de Finados, celebrado em 2 de novembro. O espa\u00e7o est\u00e1 com port\u00e3o novo, capela reformada e todo o ambiente limpo e organizado, oferecendo um local mais acolhedor e digno para que os moradores possam prestar suas homenagens aos entes queridos.<\/p>\n<p><img fetchpriority=\"high\" decoding=\"async\" class=\"alignnone wp-image-90226 size-full\" src=\"https:\/\/portalnpm.com\/wp-content\/uploads\/2025\/11\/IMG-20251101-WA0051.jpg\" alt=\"\" width=\"1600\" height=\"1204\" srcset=\"https:\/\/portalnpm.com\/wp-content\/uploads\/2025\/11\/IMG-20251101-WA0051.jpg 1600w, https:\/\/portalnpm.com\/wp-content\/uploads\/2025\/11\/IMG-20251101-WA0051-300x226.jpg 300w, https:\/\/portalnpm.com\/wp-content\/uploads\/2025\/11\/IMG-20251101-WA0051-1024x771.jpg 1024w, https:\/\/portalnpm.com\/wp-content\/uploads\/2025\/11\/IMG-20251101-WA0051-768x578.jpg 768w, https:\/\/portalnpm.com\/wp-content\/uploads\/2025\/11\/IMG-20251101-WA0051-1536x1156.jpg 1536w\" sizes=\"(max-width: 1600px) 100vw, 1600px\" \/><\/p>\n<p>A iniciativa faz parte do trabalho da gest\u00e3o<strong><em> \u201cS\u00e3o<\/em> <em>Juli\u00e3o Para Todos\u201d<\/em><\/strong>, liderada pelo prefeito Renaldinho Ramos, que tamb\u00e9m promoveu a limpeza dos cemit\u00e9rios nos povoados Mandacaru e Fujona, demonstrando o compromisso da administra\u00e7\u00e3o com todo o munic\u00edpio.<\/p>\n<p>Em entrevista ao <strong>Portal NPM<\/strong>, o prefeito <strong><em>Renaldinho<\/em><\/strong> destacou a import\u00e2ncia dessas a\u00e7\u00f5es:<\/p>\n<figure id=\"attachment_87681\" aria-describedby=\"caption-attachment-87681\" style=\"width: 300px\" class=\"wp-caption alignnone\"><img decoding=\"async\" class=\"size-medium wp-image-87681\" src=\"https:\/\/portalnpm.com\/wp-content\/uploads\/2025\/06\/IMG-20250614-WA0211-300x204.jpg\" alt=\"\" width=\"300\" height=\"204\" srcset=\"https:\/\/portalnpm.com\/wp-content\/uploads\/2025\/06\/IMG-20250614-WA0211-300x204.jpg 300w, https:\/\/portalnpm.com\/wp-content\/uploads\/2025\/06\/IMG-20250614-WA0211-768x523.jpg 768w, https:\/\/portalnpm.com\/wp-content\/uploads\/2025\/06\/IMG-20250614-WA0211-220x150.jpg 220w, https:\/\/portalnpm.com\/wp-content\/uploads\/2025\/06\/IMG-20250614-WA0211.jpg 914w\" sizes=\"(max-width: 300px) 100vw, 300px\" \/><figcaption id=\"caption-attachment-87681\" class=\"wp-caption-text\">Prefeito Renaldinho Ramos<\/figcaption><\/figure>\n<blockquote><p>\u00a0\u201cO Dia de Finados \u00e9 um momento de lembran\u00e7a, respeito e f\u00e9. Sabemos o quanto esse dia \u00e9 significativo para as fam\u00edlias de S\u00e3o Juli\u00e3o, por isso, tivemos o cuidado de garantir que todos os nossos cemit\u00e9rios estejam limpos e bem estruturados. Cuidar desses espa\u00e7os \u00e9 tamb\u00e9m uma forma de valorizar a mem\u00f3ria e o sentimento do nosso povo.\u201d<\/p><\/blockquote>\n<p>Com as melhorias realizadas, a Prefeitura de S\u00e3o Juli\u00e3o refor\u00e7a o compromisso com o bem-estar da popula\u00e7\u00e3o e a preserva\u00e7\u00e3o dos espa\u00e7os p\u00fablicos, garantindo que o Dia de Finados seja marcado pela tranquilidade, respeito e organiza\u00e7\u00e3o em todo o munic\u00edpio.<\/p>\n<p><img decoding=\"async\" class=\"alignnone wp-image-90227 size-full\" src=\"https:\/\/portalnpm.com\/wp-content\/uploads\/2025\/11\/IMG-20251101-WA0055.jpg\" alt=\"\" width=\"1599\" height=\"899\" srcset=\"https:\/\/portalnpm.com\/wp-content\/uploads\/2025\/11\/IMG-20251101-WA0055.jpg 1599w, https:\/\/portalnpm.com\/wp-content\/uploads\/2025\/11\/IMG-20251101-WA0055-300x169.jpg 300w, https:\/\/portalnpm.com\/wp-content\/uploads\/2025\/11\/IMG-20251101-WA0055-1024x576.jpg 1024w, https:\/\/portalnpm.com\/wp-content\/uploads\/2025\/11\/IMG-20251101-WA0055-768x432.jpg 768w, https:\/\/portalnpm.com\/wp-content\/uploads\/2025\/11\/IMG-20251101-WA0055-1536x864.jpg 1536w, https:\/\/portalnpm.com\/wp-content\/uploads\/2025\/11\/IMG-20251101-WA0055-390x220.jpg 390w\" sizes=\"(max-width: 1599px) 100vw, 1599px\" \/><\/p>\n","protected":false},"excerpt":{"rendered":"<p>O Cemit\u00e9rio Municipal Aquiles Pedro de Brito, localizado na cidade de S\u00e3o Juli\u00e3o-PI, passou por uma ampla a\u00e7\u00e3o de limpeza e manuten\u00e7\u00e3o para receber a popula\u00e7\u00e3o neste Dia de Finados, celebrado em 2 de novembro. O espa\u00e7o est\u00e1 com port\u00e3o novo, capela reformada e todo o ambiente limpo e organizado, oferecendo um local mais acolhedor &hellip;<\/p>\n","protected":false},"author":4,"featured_media":90228,"comment_status":"open","ping_status":"open","sticky":false,"template":"","format":"standard","meta":{"content-type":"","rop_custom_images_group":[],"rop_custom_messages_group":[],"rop_publish_now":"yes","rop_publish_now_accounts":{"facebook_2648258775420054_1618374048415101":""},"rop_publish_now_history":[],"rop_publish_now_status":"pending","footnotes":"","_jetpack_memberships_contains_paid_content":false},"categories":[113,109,3998],"tags":[1060,836,230,1178,2326,7320,3282,1197,16670,852,16618,1196,1687,3246,842],"yoast_head":"<!-- This site is optimized with the Yoast SEO plugin v22.3 - https:\/\/yoast.com\/wordpress\/plugins\/seo\/ -->\n<title>Gest\u00e3o \u201cS\u00e3o Juli\u00e3o Para Todos\u201d entrega cemit\u00e9rio da sede reformado e limpo para o Dia de Finados; veja! - Portal NPM<\/title>\n<meta name=\"robots\" content=\"index, follow, max-snippet:-1, max-image-preview:large, max-video-preview:-1\" \/>\n<link rel=\"canonical\" href=\"https:\/\/portalnpm.com\/index.php\/2025\/11\/01\/gestao-sao-juliao-para-todos-entrega-cemiterio-da-sede-reformado-e-limpo-para-o-dia-de-finados-veja\/\" \/>\n<meta property=\"og:locale\" content=\"pt_BR\" \/>\n<meta property=\"og:type\" content=\"article\" \/>\n<meta property=\"og:title\" content=\"Gest\u00e3o \u201cS\u00e3o Juli\u00e3o Para Todos\u201d entrega cemit\u00e9rio da sede reformado e limpo para o Dia de Finados; veja! - Portal NPM\" \/>\n<meta property=\"og:description\" content=\"O Cemit\u00e9rio Municipal Aquiles Pedro de Brito, localizado na cidade de S\u00e3o Juli\u00e3o-PI, passou por uma ampla a\u00e7\u00e3o de limpeza e manuten\u00e7\u00e3o para receber a popula\u00e7\u00e3o neste Dia de Finados, celebrado em 2 de novembro. O espa\u00e7o est\u00e1 com port\u00e3o novo, capela reformada e todo o ambiente limpo e organizado, oferecendo um local mais acolhedor &hellip;\" \/>\n<meta property=\"og:url\" content=\"https:\/\/portalnpm.com\/index.php\/2025\/11\/01\/gestao-sao-juliao-para-todos-entrega-cemiterio-da-sede-reformado-e-limpo-para-o-dia-de-finados-veja\/\" \/>\n<meta property=\"og:site_name\" content=\"Portal NPM\" \/>\n<meta property=\"article:published_time\" content=\"2025-11-01T12:13:24+00:00\" \/>\n<meta property=\"og:image\" content=\"https:\/\/portalnpm.com\/wp-content\/uploads\/2025\/11\/IMG-20251101-WA0050.jpg\" \/>\n\t<meta property=\"og:image:width\" content=\"1600\" \/>\n\t<meta property=\"og:image:height\" content=\"1204\" \/>\n\t<meta property=\"og:image:type\" content=\"image\/jpeg\" \/>\n<meta name=\"author\" content=\"Reda\u00e7\u00e3o\" \/>\n<meta name=\"twitter:card\" content=\"summary_large_image\" \/>\n<meta name=\"twitter:label1\" content=\"Escrito por\" \/>\n\t<meta name=\"twitter:data1\" content=\"Reda\u00e7\u00e3o\" \/>\n\t<meta name=\"twitter:label2\" content=\"Est. tempo de leitura\" \/>\n\t<meta name=\"twitter:data2\" content=\"2 minutos\" \/>\n<script type=\"application\/ld+json\" class=\"yoast-schema-graph\">{\"@context\":\"https:\/\/schema.org\",\"@graph\":[{\"@type\":\"WebPage\",\"@id\":\"https:\/\/portalnpm.com\/index.php\/2025\/11\/01\/gestao-sao-juliao-para-todos-entrega-cemiterio-da-sede-reformado-e-limpo-para-o-dia-de-finados-veja\/\",\"url\":\"https:\/\/portalnpm.com\/index.php\/2025\/11\/01\/gestao-sao-juliao-para-todos-entrega-cemiterio-da-sede-reformado-e-limpo-para-o-dia-de-finados-veja\/\",\"name\":\"Gest\u00e3o \u201cS\u00e3o Juli\u00e3o Para Todos\u201d entrega cemit\u00e9rio da sede reformado e limpo para o Dia de Finados; veja! - Portal NPM\",\"isPartOf\":{\"@id\":\"https:\/\/portalnpm.com\/#website\"},\"primaryImageOfPage\":{\"@id\":\"https:\/\/portalnpm.com\/index.php\/2025\/11\/01\/gestao-sao-juliao-para-todos-entrega-cemiterio-da-sede-reformado-e-limpo-para-o-dia-de-finados-veja\/#primaryimage\"},\"image\":{\"@id\":\"https:\/\/portalnpm.com\/index.php\/2025\/11\/01\/gestao-sao-juliao-para-todos-entrega-cemiterio-da-sede-reformado-e-limpo-para-o-dia-de-finados-veja\/#primaryimage\"},\"thumbnailUrl\":\"https:\/\/portalnpm.com\/wp-content\/uploads\/2025\/11\/IMG-20251101-WA0050.jpg\",\"datePublished\":\"2025-11-01T12:13:24+00:00\",\"dateModified\":\"2025-11-01T12:13:24+00:00\",\"author\":{\"@id\":\"https:\/\/portalnpm.com\/#\/schema\/person\/0b5f230ec96cee25504fa328e7f2b733\"},\"breadcrumb\":{\"@id\":\"https:\/\/portalnpm.com\/index.php\/2025\/11\/01\/gestao-sao-juliao-para-todos-entrega-cemiterio-da-sede-reformado-e-limpo-para-o-dia-de-finados-veja\/#breadcrumb\"},\"inLanguage\":\"pt-BR\",\"potentialAction\":[{\"@type\":\"ReadAction\",\"target\":[\"https:\/\/portalnpm.com\/index.php\/2025\/11\/01\/gestao-sao-juliao-para-todos-entrega-cemiterio-da-sede-reformado-e-limpo-para-o-dia-de-finados-veja\/\"]}]},{\"@type\":\"ImageObject\",\"inLanguage\":\"pt-BR\",\"@id\":\"https:\/\/portalnpm.com\/index.php\/2025\/11\/01\/gestao-sao-juliao-para-todos-entrega-cemiterio-da-sede-reformado-e-limpo-para-o-dia-de-finados-veja\/#primaryimage\",\"url\":\"https:\/\/portalnpm.com\/wp-content\/uploads\/2025\/11\/IMG-20251101-WA0050.jpg\",\"contentUrl\":\"https:\/\/portalnpm.com\/wp-content\/uploads\/2025\/11\/IMG-20251101-WA0050.jpg\",\"width\":1600,\"height\":1204},{\"@type\":\"BreadcrumbList\",\"@id\":\"https:\/\/portalnpm.com\/index.php\/2025\/11\/01\/gestao-sao-juliao-para-todos-entrega-cemiterio-da-sede-reformado-e-limpo-para-o-dia-de-finados-veja\/#breadcrumb\",\"itemListElement\":[{\"@type\":\"ListItem\",\"position\":1,\"name\":\"In\u00edcio\",\"item\":\"https:\/\/portalnpm.com\/\"},{\"@type\":\"ListItem\",\"position\":2,\"name\":\"Gest\u00e3o \u201cS\u00e3o Juli\u00e3o Para Todos\u201d entrega cemit\u00e9rio da sede reformado e limpo para o Dia de Finados; veja!\"}]},{\"@type\":\"WebSite\",\"@id\":\"https:\/\/portalnpm.com\/#website\",\"url\":\"https:\/\/portalnpm.com\/\",\"name\":\"Portal NPM\",\"description\":\"Not\u00edcias em Primeira M\u00e3o\",\"potentialAction\":[{\"@type\":\"SearchAction\",\"target\":{\"@type\":\"EntryPoint\",\"urlTemplate\":\"https:\/\/portalnpm.com\/?s={search_term_string}\"},\"query-input\":\"required name=search_term_string\"}],\"inLanguage\":\"pt-BR\"},{\"@type\":\"Person\",\"@id\":\"https:\/\/portalnpm.com\/#\/schema\/person\/0b5f230ec96cee25504fa328e7f2b733\",\"name\":\"Reda\u00e7\u00e3o\",\"image\":{\"@type\":\"ImageObject\",\"inLanguage\":\"pt-BR\",\"@id\":\"https:\/\/portalnpm.com\/#\/schema\/person\/image\/\",\"url\":\"https:\/\/portalnpm.com\/wp-content\/uploads\/2024\/03\/avatar_user_4_1710097212-96x96.png\",\"contentUrl\":\"https:\/\/portalnpm.com\/wp-content\/uploads\/2024\/03\/avatar_user_4_1710097212-96x96.png\",\"caption\":\"Reda\u00e7\u00e3o\"},\"url\":\"https:\/\/portalnpm.com\/index.php\/author\/redacao\/\"}]}<\/script>\n<!-- \/ Yoast SEO plugin. -->","yoast_head_json":{"title":"Gest\u00e3o \u201cS\u00e3o Juli\u00e3o Para Todos\u201d entrega cemit\u00e9rio da sede reformado e limpo para o Dia de Finados; veja! - Portal NPM","robots":{"index":"index","follow":"follow","max-snippet":"max-snippet:-1","max-image-preview":"max-image-preview:large","max-video-preview":"max-video-preview:-1"},"canonical":"https:\/\/portalnpm.com\/index.php\/2025\/11\/01\/gestao-sao-juliao-para-todos-entrega-cemiterio-da-sede-reformado-e-limpo-para-o-dia-de-finados-veja\/","og_locale":"pt_BR","og_type":"article","og_title":"Gest\u00e3o \u201cS\u00e3o Juli\u00e3o Para Todos\u201d entrega cemit\u00e9rio da sede reformado e limpo para o Dia de Finados; veja! - Portal NPM","og_description":"O Cemit\u00e9rio Municipal Aquiles Pedro de Brito, localizado na cidade de S\u00e3o Juli\u00e3o-PI, passou por uma ampla a\u00e7\u00e3o de limpeza e manuten\u00e7\u00e3o para receber a popula\u00e7\u00e3o neste Dia de Finados, celebrado em 2 de novembro. O espa\u00e7o est\u00e1 com port\u00e3o novo, capela reformada e todo o ambiente limpo e organizado, oferecendo um local mais acolhedor &hellip;","og_url":"https:\/\/portalnpm.com\/index.php\/2025\/11\/01\/gestao-sao-juliao-para-todos-entrega-cemiterio-da-sede-reformado-e-limpo-para-o-dia-de-finados-veja\/","og_site_name":"Portal NPM","article_published_time":"2025-11-01T12:13:24+00:00","og_image":[{"width":1600,"height":1204,"url":"https:\/\/portalnpm.com\/wp-content\/uploads\/2025\/11\/IMG-20251101-WA0050.jpg","type":"image\/jpeg"}],"author":"Reda\u00e7\u00e3o","twitter_card":"summary_large_image","twitter_misc":{"Escrito por":"Reda\u00e7\u00e3o","Est. tempo de leitura":"2 minutos"},"schema":{"@context":"https:\/\/schema.org","@graph":[{"@type":"WebPage","@id":"https:\/\/portalnpm.com\/index.php\/2025\/11\/01\/gestao-sao-juliao-para-todos-entrega-cemiterio-da-sede-reformado-e-limpo-para-o-dia-de-finados-veja\/","url":"https:\/\/portalnpm.com\/index.php\/2025\/11\/01\/gestao-sao-juliao-para-todos-entrega-cemiterio-da-sede-reformado-e-limpo-para-o-dia-de-finados-veja\/","name":"Gest\u00e3o \u201cS\u00e3o Juli\u00e3o Para Todos\u201d entrega cemit\u00e9rio da sede reformado e limpo para o Dia de Finados; veja! - Portal NPM","isPartOf":{"@id":"https:\/\/portalnpm.com\/#website"},"primaryImageOfPage":{"@id":"https:\/\/portalnpm.com\/index.php\/2025\/11\/01\/gestao-sao-juliao-para-todos-entrega-cemiterio-da-sede-reformado-e-limpo-para-o-dia-de-finados-veja\/#primaryimage"},"image":{"@id":"https:\/\/portalnpm.com\/index.php\/2025\/11\/01\/gestao-sao-juliao-para-todos-entrega-cemiterio-da-sede-reformado-e-limpo-para-o-dia-de-finados-veja\/#primaryimage"},"thumbnailUrl":"https:\/\/portalnpm.com\/wp-content\/uploads\/2025\/11\/IMG-20251101-WA0050.jpg","datePublished":"2025-11-01T12:13:24+00:00","dateModified":"2025-11-01T12:13:24+00:00","author":{"@id":"https:\/\/portalnpm.com\/#\/schema\/person\/0b5f230ec96cee25504fa328e7f2b733"},"breadcrumb":{"@id":"https:\/\/portalnpm.com\/index.php\/2025\/11\/01\/gestao-sao-juliao-para-todos-entrega-cemiterio-da-sede-reformado-e-limpo-para-o-dia-de-finados-veja\/#breadcrumb"},"inLanguage":"pt-BR","potentialAction":[{"@type":"ReadAction","target":["https:\/\/portalnpm.com\/index.php\/2025\/11\/01\/gestao-sao-juliao-para-todos-entrega-cemiterio-da-sede-reformado-e-limpo-para-o-dia-de-finados-veja\/"]}]},{"@type":"ImageObject","inLanguage":"pt-BR","@id":"https:\/\/portalnpm.com\/index.php\/2025\/11\/01\/gestao-sao-juliao-para-todos-entrega-cemiterio-da-sede-reformado-e-limpo-para-o-dia-de-finados-veja\/#primaryimage","url":"https:\/\/portalnpm.com\/wp-content\/uploads\/2025\/11\/IMG-20251101-WA0050.jpg","contentUrl":"https:\/\/portalnpm.com\/wp-content\/uploads\/2025\/11\/IMG-20251101-WA0050.jpg","width":1600,"height":1204},{"@type":"BreadcrumbList","@id":"https:\/\/portalnpm.com\/index.php\/2025\/11\/01\/gestao-sao-juliao-para-todos-entrega-cemiterio-da-sede-reformado-e-limpo-para-o-dia-de-finados-veja\/#breadcrumb","itemListElement":[{"@type":"ListItem","position":1,"name":"In\u00edcio","item":"https:\/\/portalnpm.com\/"},{"@type":"ListItem","position":2,"name":"Gest\u00e3o \u201cS\u00e3o Juli\u00e3o Para Todos\u201d entrega cemit\u00e9rio da sede reformado e limpo para o Dia de Finados; veja!"}]},{"@type":"WebSite","@id":"https:\/\/portalnpm.com\/#website","url":"https:\/\/portalnpm.com\/","name":"Portal NPM","description":"Not\u00edcias em Primeira M\u00e3o","potentialAction":[{"@type":"SearchAction","target":{"@type":"EntryPoint","urlTemplate":"https:\/\/portalnpm.com\/?s={search_term_string}"},"query-input":"required name=search_term_string"}],"inLanguage":"pt-BR"},{"@type":"Person","@id":"https:\/\/portalnpm.com\/#\/schema\/person\/0b5f230ec96cee25504fa328e7f2b733","name":"Reda\u00e7\u00e3o","image":{"@type":"ImageObject","inLanguage":"pt-BR","@id":"https:\/\/portalnpm.com\/#\/schema\/person\/image\/","url":"https:\/\/portalnpm.com\/wp-content\/uploads\/2024\/03\/avatar_user_4_1710097212-96x96.png","contentUrl":"https:\/\/portalnpm.com\/wp-content\/uploads\/2024\/03\/avatar_user_4_1710097212-96x96.png","caption":"Reda\u00e7\u00e3o"},"url":"https:\/\/portalnpm.com\/index.php\/author\/redacao\/"}]}},"jetpack_sharing_enabled":true,"jetpack_featured_media_url":"https:\/\/portalnpm.com\/wp-content\/uploads\/2025\/11\/IMG-20251101-WA0050.jpg","_links":{"self":[{"href":"https:\/\/portalnpm.com\/index.php\/wp-json\/wp\/v2\/posts\/90224"}],"collection":[{"href":"https:\/\/portalnpm.com\/index.php\/wp-json\/wp\/v2\/posts"}],"about":[{"href":"https:\/\/portalnpm.com\/index.php\/wp-json\/wp\/v2\/types\/post"}],"author":[{"embeddable":true,"href":"https:\/\/portalnpm.com\/index.php\/wp-json\/wp\/v2\/users\/4"}],"replies":[{"embeddable":true,"href":"https:\/\/portalnpm.com\/index.php\/wp-json\/wp\/v2\/comments?post=90224"}],"version-history":[{"count":2,"href":"https:\/\/portalnpm.com\/index.php\/wp-json\/wp\/v2\/posts\/90224\/revisions"}],"predecessor-version":[{"id":90229,"href":"https:\/\/portalnpm.com\/index.php\/wp-json\/wp\/v2\/posts\/90224\/revisions\/90229"}],"wp:featuredmedia":[{"embeddable":true,"href":"https:\/\/portalnpm.com\/index.php\/wp-json\/wp\/v2\/media\/90228"}],"wp:attachment":[{"href":"https:\/\/portalnpm.com\/index.php\/wp-json\/wp\/v2\/media?parent=90224"}],"wp:term":[{"taxonomy":"category","embeddable":true,"href":"https:\/\/portalnpm.com\/index.php\/wp-json\/wp\/v2\/categories?post=90224"},{"taxonomy":"post_tag","embeddable":true,"href":"https:\/\/portalnpm.com\/index.php\/wp-json\/wp\/v2\/tags?post=90224"}],"curies":[{"name":"wp","href":"https:\/\/api.w.org\/{rel}","templated":true}]}}