{"id":90231,"date":"2025-11-02T20:48:15","date_gmt":"2025-11-02T23:48:15","guid":{"rendered":"https:\/\/portalnpm.com\/?p=90231"},"modified":"2025-11-02T20:48:15","modified_gmt":"2025-11-02T23:48:15","slug":"jornalista-carmo-neto-de-sao-juliao-emplaca-reportagem-sobre-o-piaui-na-rede-globo-nacional-veja-a-reportagem","status":"publish","type":"post","link":"https:\/\/portalnpm.com\/index.php\/2025\/11\/02\/jornalista-carmo-neto-de-sao-juliao-emplaca-reportagem-sobre-o-piaui-na-rede-globo-nacional-veja-a-reportagem\/","title":{"rendered":"Jornalista Carmo Neto, de S\u00e3o Juli\u00e3o, emplaca reportagem sobre o Piau\u00ed na Rede Globo Nacional; veja a reportagem!"},"content":{"rendered":"<p>Foi ao ar na manh\u00e3 deste domingo, 2 de novembro, no Globo Rural, programa dominical da Rede Globo, a mat\u00e9ria do jornalista Carmo Neto, rep\u00f3rter da TV Clube, afiliada da emissora no Piau\u00ed.<\/p>\n<div style=\"width: 640px;\" class=\"wp-video\"><!--[if lt IE 9]><script>document.createElement('video');<\/script><![endif]-->\n<video class=\"wp-video-shortcode\" id=\"video-90231-1\" width=\"640\" height=\"360\" preload=\"metadata\" controls=\"controls\"><source type=\"video\/mp4\" src=\"https:\/\/portalnpm.com\/wp-content\/uploads\/2025\/11\/VID-20251102-WA0585.mp4?_=1\" \/><a href=\"https:\/\/portalnpm.com\/wp-content\/uploads\/2025\/11\/VID-20251102-WA0585.mp4\">https:\/\/portalnpm.com\/wp-content\/uploads\/2025\/11\/VID-20251102-WA0585.mp4<\/a><\/video><\/div>\n<p>A reportagem abordou a gravidade das queimadas e inc\u00eandios no estado, que enfrenta a pior seca dos \u00faltimos seis anos.<\/p>\n<p><img fetchpriority=\"high\" decoding=\"async\" class=\"alignnone wp-image-90234 size-full\" src=\"https:\/\/portalnpm.com\/wp-content\/uploads\/2025\/11\/IMG-20251102-WA0583.jpg\" alt=\"\" width=\"1170\" height=\"1088\" srcset=\"https:\/\/portalnpm.com\/wp-content\/uploads\/2025\/11\/IMG-20251102-WA0583.jpg 1170w, https:\/\/portalnpm.com\/wp-content\/uploads\/2025\/11\/IMG-20251102-WA0583-300x279.jpg 300w, https:\/\/portalnpm.com\/wp-content\/uploads\/2025\/11\/IMG-20251102-WA0583-1024x952.jpg 1024w, https:\/\/portalnpm.com\/wp-content\/uploads\/2025\/11\/IMG-20251102-WA0583-768x714.jpg 768w\" sizes=\"(max-width: 1170px) 100vw, 1170px\" \/><\/p>\n<p>Com temperaturas elevadas e longos per\u00edodos de estiagem, o Piau\u00ed tem registrado um cen\u00e1rio prop\u00edcio para o avan\u00e7o das queimadas.<\/p>\n<p>A mat\u00e9ria exibida em rede nacional destacou os preju\u00edzos provocados pelo fogo na zona rural de Valen\u00e7a do Piau\u00ed, onde as chamas destru\u00edram api\u00e1rios , comprometendo o trabalho de apicultores e afetando diretamente a produ\u00e7\u00e3o de mel, uma das principais atividades econ\u00f4micas da regi\u00e3o.<\/p>\n<p>Esta foi a primeira reportagem de Carmo Neto exibida na Globo Nacional, um marco importante na trajet\u00f3ria do jovem jornalista natural de S\u00e3o Juli\u00e3o, no interior do Piau\u00ed.<\/p>\n<p>Em suas palavras, o momento representa um novo passo na carreira, resultado de anos de dedica\u00e7\u00e3o, esfor\u00e7o e amor pelo jornalismo.<\/p>\n<p><img decoding=\"async\" class=\"alignnone wp-image-90233 size-large\" src=\"https:\/\/portalnpm.com\/wp-content\/uploads\/2025\/11\/IMG-20251102-WA0582-1024x831.jpg\" alt=\"\" width=\"1024\" height=\"831\" srcset=\"https:\/\/portalnpm.com\/wp-content\/uploads\/2025\/11\/IMG-20251102-WA0582-1024x831.jpg 1024w, https:\/\/portalnpm.com\/wp-content\/uploads\/2025\/11\/IMG-20251102-WA0582-300x244.jpg 300w, https:\/\/portalnpm.com\/wp-content\/uploads\/2025\/11\/IMG-20251102-WA0582-768x624.jpg 768w, https:\/\/portalnpm.com\/wp-content\/uploads\/2025\/11\/IMG-20251102-WA0582.jpg 1170w\" sizes=\"(max-width: 1024px) 100vw, 1024px\" \/><\/p>\n<blockquote><p>\u201cVer uma pauta sobre o nosso Piau\u00ed chegando a todo o Brasil \u00e9 motivo de orgulho. \u00c9 fruto de muito trabalho e de acreditar no poder das hist\u00f3rias que contamos\u201d, disse Carmo Neto.<\/p><\/blockquote>\n<p>A exibi\u00e7\u00e3o nacional da reportagem refor\u00e7a a relev\u00e2ncia das produ\u00e7\u00f5es jornal\u00edsticas feitas no Piau\u00ed e coloca em evid\u00eancia o talento de profissionais que, como Carmo, levam ao pa\u00eds a realidade, os desafios e a for\u00e7a do povo piauiense.<\/p>\n","protected":false},"excerpt":{"rendered":"<p>Foi ao ar na manh\u00e3 deste domingo, 2 de novembro, no Globo Rural, programa dominical da Rede Globo, a mat\u00e9ria do jornalista Carmo Neto, rep\u00f3rter da TV Clube, afiliada da emissora no Piau\u00ed. https:\/\/portalnpm.com\/wp-content\/uploads\/2025\/11\/VID-20251102-WA0585.mp4 A reportagem abordou a gravidade das queimadas e inc\u00eandios no estado, que enfrenta a pior seca dos \u00faltimos seis anos. Com &hellip;<\/p>\n","protected":false},"author":4,"featured_media":90238,"comment_status":"open","ping_status":"open","sticky":false,"template":"","format":"standard","meta":{"content-type":"","rop_custom_images_group":[],"rop_custom_messages_group":[],"rop_publish_now":"yes","rop_publish_now_accounts":{"facebook_2648258775420054_1618374048415101":""},"rop_publish_now_history":[],"rop_publish_now_status":"pending","footnotes":"","_jetpack_memberships_contains_paid_content":false},"categories":[113,188,3998],"tags":[5512,230,7238,895,2191,1197,911,2787,3694,187,2531,13797,1196,1856,842],"yoast_head":"<!-- This site is optimized with the Yoast SEO plugin v22.3 - https:\/\/yoast.com\/wordpress\/plugins\/seo\/ -->\n<title>Jornalista Carmo Neto, de S\u00e3o Juli\u00e3o, emplaca reportagem sobre o Piau\u00ed na Rede Globo Nacional; veja a reportagem! - Portal NPM<\/title>\n<meta name=\"robots\" content=\"index, follow, max-snippet:-1, max-image-preview:large, max-video-preview:-1\" \/>\n<link rel=\"canonical\" href=\"https:\/\/portalnpm.com\/index.php\/2025\/11\/02\/jornalista-carmo-neto-de-sao-juliao-emplaca-reportagem-sobre-o-piaui-na-rede-globo-nacional-veja-a-reportagem\/\" \/>\n<meta property=\"og:locale\" content=\"pt_BR\" \/>\n<meta property=\"og:type\" content=\"article\" \/>\n<meta property=\"og:title\" content=\"Jornalista Carmo Neto, de S\u00e3o Juli\u00e3o, emplaca reportagem sobre o Piau\u00ed na Rede Globo Nacional; veja a reportagem! - Portal NPM\" \/>\n<meta property=\"og:description\" content=\"Foi ao ar na manh\u00e3 deste domingo, 2 de novembro, no Globo Rural, programa dominical da Rede Globo, a mat\u00e9ria do jornalista Carmo Neto, rep\u00f3rter da TV Clube, afiliada da emissora no Piau\u00ed. https:\/\/portalnpm.com\/wp-content\/uploads\/2025\/11\/VID-20251102-WA0585.mp4 A reportagem abordou a gravidade das queimadas e inc\u00eandios no estado, que enfrenta a pior seca dos \u00faltimos seis anos. Com &hellip;\" \/>\n<meta property=\"og:url\" content=\"https:\/\/portalnpm.com\/index.php\/2025\/11\/02\/jornalista-carmo-neto-de-sao-juliao-emplaca-reportagem-sobre-o-piaui-na-rede-globo-nacional-veja-a-reportagem\/\" \/>\n<meta property=\"og:site_name\" content=\"Portal NPM\" \/>\n<meta property=\"article:published_time\" content=\"2025-11-02T23:48:15+00:00\" \/>\n<meta property=\"og:image\" content=\"https:\/\/portalnpm.com\/wp-content\/uploads\/2025\/11\/IMG-20251102-WA0630.jpg\" \/>\n\t<meta property=\"og:image:width\" content=\"1170\" \/>\n\t<meta property=\"og:image:height\" content=\"732\" \/>\n\t<meta property=\"og:image:type\" content=\"image\/jpeg\" \/>\n<meta name=\"author\" content=\"Reda\u00e7\u00e3o\" \/>\n<meta name=\"twitter:card\" content=\"summary_large_image\" \/>\n<meta name=\"twitter:label1\" content=\"Escrito por\" \/>\n\t<meta name=\"twitter:data1\" content=\"Reda\u00e7\u00e3o\" \/>\n\t<meta name=\"twitter:label2\" content=\"Est. tempo de leitura\" \/>\n\t<meta name=\"twitter:data2\" content=\"2 minutos\" \/>\n<script type=\"application\/ld+json\" class=\"yoast-schema-graph\">{\"@context\":\"https:\/\/schema.org\",\"@graph\":[{\"@type\":\"WebPage\",\"@id\":\"https:\/\/portalnpm.com\/index.php\/2025\/11\/02\/jornalista-carmo-neto-de-sao-juliao-emplaca-reportagem-sobre-o-piaui-na-rede-globo-nacional-veja-a-reportagem\/\",\"url\":\"https:\/\/portalnpm.com\/index.php\/2025\/11\/02\/jornalista-carmo-neto-de-sao-juliao-emplaca-reportagem-sobre-o-piaui-na-rede-globo-nacional-veja-a-reportagem\/\",\"name\":\"Jornalista Carmo Neto, de S\u00e3o Juli\u00e3o, emplaca reportagem sobre o Piau\u00ed na Rede Globo Nacional; veja a reportagem! - Portal NPM\",\"isPartOf\":{\"@id\":\"https:\/\/portalnpm.com\/#website\"},\"primaryImageOfPage\":{\"@id\":\"https:\/\/portalnpm.com\/index.php\/2025\/11\/02\/jornalista-carmo-neto-de-sao-juliao-emplaca-reportagem-sobre-o-piaui-na-rede-globo-nacional-veja-a-reportagem\/#primaryimage\"},\"image\":{\"@id\":\"https:\/\/portalnpm.com\/index.php\/2025\/11\/02\/jornalista-carmo-neto-de-sao-juliao-emplaca-reportagem-sobre-o-piaui-na-rede-globo-nacional-veja-a-reportagem\/#primaryimage\"},\"thumbnailUrl\":\"https:\/\/portalnpm.com\/wp-content\/uploads\/2025\/11\/IMG-20251102-WA0630.jpg\",\"datePublished\":\"2025-11-02T23:48:15+00:00\",\"dateModified\":\"2025-11-02T23:48:15+00:00\",\"author\":{\"@id\":\"https:\/\/portalnpm.com\/#\/schema\/person\/0b5f230ec96cee25504fa328e7f2b733\"},\"breadcrumb\":{\"@id\":\"https:\/\/portalnpm.com\/index.php\/2025\/11\/02\/jornalista-carmo-neto-de-sao-juliao-emplaca-reportagem-sobre-o-piaui-na-rede-globo-nacional-veja-a-reportagem\/#breadcrumb\"},\"inLanguage\":\"pt-BR\",\"potentialAction\":[{\"@type\":\"ReadAction\",\"target\":[\"https:\/\/portalnpm.com\/index.php\/2025\/11\/02\/jornalista-carmo-neto-de-sao-juliao-emplaca-reportagem-sobre-o-piaui-na-rede-globo-nacional-veja-a-reportagem\/\"]}]},{\"@type\":\"ImageObject\",\"inLanguage\":\"pt-BR\",\"@id\":\"https:\/\/portalnpm.com\/index.php\/2025\/11\/02\/jornalista-carmo-neto-de-sao-juliao-emplaca-reportagem-sobre-o-piaui-na-rede-globo-nacional-veja-a-reportagem\/#primaryimage\",\"url\":\"https:\/\/portalnpm.com\/wp-content\/uploads\/2025\/11\/IMG-20251102-WA0630.jpg\",\"contentUrl\":\"https:\/\/portalnpm.com\/wp-content\/uploads\/2025\/11\/IMG-20251102-WA0630.jpg\",\"width\":1170,\"height\":732},{\"@type\":\"BreadcrumbList\",\"@id\":\"https:\/\/portalnpm.com\/index.php\/2025\/11\/02\/jornalista-carmo-neto-de-sao-juliao-emplaca-reportagem-sobre-o-piaui-na-rede-globo-nacional-veja-a-reportagem\/#breadcrumb\",\"itemListElement\":[{\"@type\":\"ListItem\",\"position\":1,\"name\":\"In\u00edcio\",\"item\":\"https:\/\/portalnpm.com\/\"},{\"@type\":\"ListItem\",\"position\":2,\"name\":\"Jornalista Carmo Neto, de S\u00e3o Juli\u00e3o, emplaca reportagem sobre o Piau\u00ed na Rede Globo Nacional; veja a reportagem!\"}]},{\"@type\":\"WebSite\",\"@id\":\"https:\/\/portalnpm.com\/#website\",\"url\":\"https:\/\/portalnpm.com\/\",\"name\":\"Portal NPM\",\"description\":\"Not\u00edcias em Primeira M\u00e3o\",\"potentialAction\":[{\"@type\":\"SearchAction\",\"target\":{\"@type\":\"EntryPoint\",\"urlTemplate\":\"https:\/\/portalnpm.com\/?s={search_term_string}\"},\"query-input\":\"required name=search_term_string\"}],\"inLanguage\":\"pt-BR\"},{\"@type\":\"Person\",\"@id\":\"https:\/\/portalnpm.com\/#\/schema\/person\/0b5f230ec96cee25504fa328e7f2b733\",\"name\":\"Reda\u00e7\u00e3o\",\"image\":{\"@type\":\"ImageObject\",\"inLanguage\":\"pt-BR\",\"@id\":\"https:\/\/portalnpm.com\/#\/schema\/person\/image\/\",\"url\":\"https:\/\/portalnpm.com\/wp-content\/uploads\/2024\/03\/avatar_user_4_1710097212-96x96.png\",\"contentUrl\":\"https:\/\/portalnpm.com\/wp-content\/uploads\/2024\/03\/avatar_user_4_1710097212-96x96.png\",\"caption\":\"Reda\u00e7\u00e3o\"},\"url\":\"https:\/\/portalnpm.com\/index.php\/author\/redacao\/\"}]}<\/script>\n<!-- \/ Yoast SEO plugin. -->","yoast_head_json":{"title":"Jornalista Carmo Neto, de S\u00e3o Juli\u00e3o, emplaca reportagem sobre o Piau\u00ed na Rede Globo Nacional; veja a reportagem! - Portal NPM","robots":{"index":"index","follow":"follow","max-snippet":"max-snippet:-1","max-image-preview":"max-image-preview:large","max-video-preview":"max-video-preview:-1"},"canonical":"https:\/\/portalnpm.com\/index.php\/2025\/11\/02\/jornalista-carmo-neto-de-sao-juliao-emplaca-reportagem-sobre-o-piaui-na-rede-globo-nacional-veja-a-reportagem\/","og_locale":"pt_BR","og_type":"article","og_title":"Jornalista Carmo Neto, de S\u00e3o Juli\u00e3o, emplaca reportagem sobre o Piau\u00ed na Rede Globo Nacional; veja a reportagem! - Portal NPM","og_description":"Foi ao ar na manh\u00e3 deste domingo, 2 de novembro, no Globo Rural, programa dominical da Rede Globo, a mat\u00e9ria do jornalista Carmo Neto, rep\u00f3rter da TV Clube, afiliada da emissora no Piau\u00ed. https:\/\/portalnpm.com\/wp-content\/uploads\/2025\/11\/VID-20251102-WA0585.mp4 A reportagem abordou a gravidade das queimadas e inc\u00eandios no estado, que enfrenta a pior seca dos \u00faltimos seis anos. Com &hellip;","og_url":"https:\/\/portalnpm.com\/index.php\/2025\/11\/02\/jornalista-carmo-neto-de-sao-juliao-emplaca-reportagem-sobre-o-piaui-na-rede-globo-nacional-veja-a-reportagem\/","og_site_name":"Portal NPM","article_published_time":"2025-11-02T23:48:15+00:00","og_image":[{"width":1170,"height":732,"url":"https:\/\/portalnpm.com\/wp-content\/uploads\/2025\/11\/IMG-20251102-WA0630.jpg","type":"image\/jpeg"}],"author":"Reda\u00e7\u00e3o","twitter_card":"summary_large_image","twitter_misc":{"Escrito por":"Reda\u00e7\u00e3o","Est. tempo de leitura":"2 minutos"},"schema":{"@context":"https:\/\/schema.org","@graph":[{"@type":"WebPage","@id":"https:\/\/portalnpm.com\/index.php\/2025\/11\/02\/jornalista-carmo-neto-de-sao-juliao-emplaca-reportagem-sobre-o-piaui-na-rede-globo-nacional-veja-a-reportagem\/","url":"https:\/\/portalnpm.com\/index.php\/2025\/11\/02\/jornalista-carmo-neto-de-sao-juliao-emplaca-reportagem-sobre-o-piaui-na-rede-globo-nacional-veja-a-reportagem\/","name":"Jornalista Carmo Neto, de S\u00e3o Juli\u00e3o, emplaca reportagem sobre o Piau\u00ed na Rede Globo Nacional; veja a reportagem! - Portal NPM","isPartOf":{"@id":"https:\/\/portalnpm.com\/#website"},"primaryImageOfPage":{"@id":"https:\/\/portalnpm.com\/index.php\/2025\/11\/02\/jornalista-carmo-neto-de-sao-juliao-emplaca-reportagem-sobre-o-piaui-na-rede-globo-nacional-veja-a-reportagem\/#primaryimage"},"image":{"@id":"https:\/\/portalnpm.com\/index.php\/2025\/11\/02\/jornalista-carmo-neto-de-sao-juliao-emplaca-reportagem-sobre-o-piaui-na-rede-globo-nacional-veja-a-reportagem\/#primaryimage"},"thumbnailUrl":"https:\/\/portalnpm.com\/wp-content\/uploads\/2025\/11\/IMG-20251102-WA0630.jpg","datePublished":"2025-11-02T23:48:15+00:00","dateModified":"2025-11-02T23:48:15+00:00","author":{"@id":"https:\/\/portalnpm.com\/#\/schema\/person\/0b5f230ec96cee25504fa328e7f2b733"},"breadcrumb":{"@id":"https:\/\/portalnpm.com\/index.php\/2025\/11\/02\/jornalista-carmo-neto-de-sao-juliao-emplaca-reportagem-sobre-o-piaui-na-rede-globo-nacional-veja-a-reportagem\/#breadcrumb"},"inLanguage":"pt-BR","potentialAction":[{"@type":"ReadAction","target":["https:\/\/portalnpm.com\/index.php\/2025\/11\/02\/jornalista-carmo-neto-de-sao-juliao-emplaca-reportagem-sobre-o-piaui-na-rede-globo-nacional-veja-a-reportagem\/"]}]},{"@type":"ImageObject","inLanguage":"pt-BR","@id":"https:\/\/portalnpm.com\/index.php\/2025\/11\/02\/jornalista-carmo-neto-de-sao-juliao-emplaca-reportagem-sobre-o-piaui-na-rede-globo-nacional-veja-a-reportagem\/#primaryimage","url":"https:\/\/portalnpm.com\/wp-content\/uploads\/2025\/11\/IMG-20251102-WA0630.jpg","contentUrl":"https:\/\/portalnpm.com\/wp-content\/uploads\/2025\/11\/IMG-20251102-WA0630.jpg","width":1170,"height":732},{"@type":"BreadcrumbList","@id":"https:\/\/portalnpm.com\/index.php\/2025\/11\/02\/jornalista-carmo-neto-de-sao-juliao-emplaca-reportagem-sobre-o-piaui-na-rede-globo-nacional-veja-a-reportagem\/#breadcrumb","itemListElement":[{"@type":"ListItem","position":1,"name":"In\u00edcio","item":"https:\/\/portalnpm.com\/"},{"@type":"ListItem","position":2,"name":"Jornalista Carmo Neto, de S\u00e3o Juli\u00e3o, emplaca reportagem sobre o Piau\u00ed na Rede Globo Nacional; veja a reportagem!"}]},{"@type":"WebSite","@id":"https:\/\/portalnpm.com\/#website","url":"https:\/\/portalnpm.com\/","name":"Portal NPM","description":"Not\u00edcias em Primeira M\u00e3o","potentialAction":[{"@type":"SearchAction","target":{"@type":"EntryPoint","urlTemplate":"https:\/\/portalnpm.com\/?s={search_term_string}"},"query-input":"required name=search_term_string"}],"inLanguage":"pt-BR"},{"@type":"Person","@id":"https:\/\/portalnpm.com\/#\/schema\/person\/0b5f230ec96cee25504fa328e7f2b733","name":"Reda\u00e7\u00e3o","image":{"@type":"ImageObject","inLanguage":"pt-BR","@id":"https:\/\/portalnpm.com\/#\/schema\/person\/image\/","url":"https:\/\/portalnpm.com\/wp-content\/uploads\/2024\/03\/avatar_user_4_1710097212-96x96.png","contentUrl":"https:\/\/portalnpm.com\/wp-content\/uploads\/2024\/03\/avatar_user_4_1710097212-96x96.png","caption":"Reda\u00e7\u00e3o"},"url":"https:\/\/portalnpm.com\/index.php\/author\/redacao\/"}]}},"jetpack_sharing_enabled":true,"jetpack_featured_media_url":"https:\/\/portalnpm.com\/wp-content\/uploads\/2025\/11\/IMG-20251102-WA0630.jpg","_links":{"self":[{"href":"https:\/\/portalnpm.com\/index.php\/wp-json\/wp\/v2\/posts\/90231"}],"collection":[{"href":"https:\/\/portalnpm.com\/index.php\/wp-json\/wp\/v2\/posts"}],"about":[{"href":"https:\/\/portalnpm.com\/index.php\/wp-json\/wp\/v2\/types\/post"}],"author":[{"embeddable":true,"href":"https:\/\/portalnpm.com\/index.php\/wp-json\/wp\/v2\/users\/4"}],"replies":[{"embeddable":true,"href":"https:\/\/portalnpm.com\/index.php\/wp-json\/wp\/v2\/comments?post=90231"}],"version-history":[{"count":3,"href":"https:\/\/portalnpm.com\/index.php\/wp-json\/wp\/v2\/posts\/90231\/revisions"}],"predecessor-version":[{"id":90237,"href":"https:\/\/portalnpm.com\/index.php\/wp-json\/wp\/v2\/posts\/90231\/revisions\/90237"}],"wp:featuredmedia":[{"embeddable":true,"href":"https:\/\/portalnpm.com\/index.php\/wp-json\/wp\/v2\/media\/90238"}],"wp:attachment":[{"href":"https:\/\/portalnpm.com\/index.php\/wp-json\/wp\/v2\/media?parent=90231"}],"wp:term":[{"taxonomy":"category","embeddable":true,"href":"https:\/\/portalnpm.com\/index.php\/wp-json\/wp\/v2\/categories?post=90231"},{"taxonomy":"post_tag","embeddable":true,"href":"https:\/\/portalnpm.com\/index.php\/wp-json\/wp\/v2\/tags?post=90231"}],"curies":[{"name":"wp","href":"https:\/\/api.w.org\/{rel}","templated":true}]}}