{"id":9027,"date":"2019-06-13T08:47:33","date_gmt":"2019-06-13T11:47:33","guid":{"rendered":"http:\/\/srv.portalnpm.com.br\/?p=9027"},"modified":"2019-06-13T08:47:33","modified_gmt":"2019-06-13T11:47:33","slug":"corpo-de-piauiense-e-encontrado-proximo-a-matagal-em-brasilia","status":"publish","type":"post","link":"https:\/\/portalnpm.com\/index.php\/2019\/06\/13\/corpo-de-piauiense-e-encontrado-proximo-a-matagal-em-brasilia\/","title":{"rendered":"Corpo de piauiense \u00e9 encontrado pr\u00f3ximo a matagal em Bras\u00edlia"},"content":{"rendered":"<p style=\"text-align: justify;\">A Pol\u00edcia Civil do Distrito Federal (PCDF) localizou, na quarta-feira (12), o corpo da piauiense Genir Pereira de Sousa, 47 anos. Ela estava desaparecida desde 2 de junho.<\/p>\n<p style=\"text-align: justify;\">O corpo estava em uma \u00e1rea de mata entre o Parano\u00e1 , onde ela trabalhava, e Planaltina, onde morava, mas o local exato n\u00e3o foi informado. O desaparecimento de Genir foi comunicado pela patroa dela, ap\u00f3s a empres\u00e1ria, dona de uma pizzaria, estranhar as aus\u00eancias da funcion\u00e1ria.<\/p>\n<p style=\"text-align: justify;\">Em depoimento prestado na 6\u00aa Delegacia de Pol\u00edcia (Parano\u00e1), a mulher disse que, em 15 anos de servi\u00e7o, Genir nunca tinha faltado ao trabalho e era muito respons\u00e1vel.<\/p>\n<p style=\"text-align: justify;\">No dia anterior ao desaparecimento, a mulher trabalhou normalmente na pizzaria e saiu por volta da meia-noite. Naquela ocasi\u00e3o, ela saiu para tomar cerveja com o namorado, que tamb\u00e9m \u00e9 contratado do estabelecimento.<\/p>\n<p style=\"text-align: justify;\">Genir passou a noite com o companheiro e, no dia seguinte, por volta das 8h, foi \u00e0 casa da patroa, pegou\u00a0<span id=\"IL_AD1\" class=\"IL_AD\">alguns<\/span>\u00a0objetos pessoais e se dirigiu ao ponto de \u00f4nibus para pegar uma condu\u00e7\u00e3o at\u00e9 o Arapoanga, em Planaltina. Ap\u00f3s se dirigir \u00e0 parada, ela n\u00e3o foi mais vista. A PCDF apura o caso.<\/p>\n<p style=\"text-align: justify;\"><strong>FONTE<\/strong>: metr\u00f3poles<\/p>\n","protected":false},"excerpt":{"rendered":"<p>A Pol\u00edcia Civil do Distrito Federal (PCDF) localizou, na quarta-feira (12), o corpo da piauiense Genir Pereira de Sousa, 47 anos. Ela estava desaparecida desde 2 de junho. O corpo estava em uma \u00e1rea de mata entre o Parano\u00e1 , onde ela trabalhava, e Planaltina, onde morava, mas o local exato n\u00e3o foi informado. O &hellip;<\/p>\n","protected":false},"author":8,"featured_media":9028,"comment_status":"open","ping_status":"open","sticky":false,"template":"","format":"standard","meta":{"content-type":"","rop_custom_images_group":[],"rop_custom_messages_group":[],"rop_publish_now":"initial","rop_publish_now_accounts":{"facebook_2648258775420054_1618374048415101":""},"rop_publish_now_history":[],"rop_publish_now_status":"pending","footnotes":"","_jetpack_memberships_contains_paid_content":false},"categories":[145],"tags":[431,1989,1937,2973,608,2974],"yoast_head":"<!-- This site is optimized with the Yoast SEO plugin v22.3 - https:\/\/yoast.com\/wordpress\/plugins\/seo\/ -->\n<title>Corpo de piauiense \u00e9 encontrado pr\u00f3ximo a matagal em Bras\u00edlia - Portal NPM<\/title>\n<meta name=\"robots\" content=\"index, follow, max-snippet:-1, max-image-preview:large, max-video-preview:-1\" \/>\n<link rel=\"canonical\" href=\"https:\/\/portalnpm.com\/index.php\/2019\/06\/13\/corpo-de-piauiense-e-encontrado-proximo-a-matagal-em-brasilia\/\" \/>\n<meta property=\"og:locale\" content=\"pt_BR\" \/>\n<meta property=\"og:type\" content=\"article\" \/>\n<meta property=\"og:title\" content=\"Corpo de piauiense \u00e9 encontrado pr\u00f3ximo a matagal em Bras\u00edlia - Portal NPM\" \/>\n<meta property=\"og:description\" content=\"A Pol\u00edcia Civil do Distrito Federal (PCDF) localizou, na quarta-feira (12), o corpo da piauiense Genir Pereira de Sousa, 47 anos. Ela estava desaparecida desde 2 de junho. O corpo estava em uma \u00e1rea de mata entre o Parano\u00e1 , onde ela trabalhava, e Planaltina, onde morava, mas o local exato n\u00e3o foi informado. O &hellip;\" \/>\n<meta property=\"og:url\" content=\"https:\/\/portalnpm.com\/index.php\/2019\/06\/13\/corpo-de-piauiense-e-encontrado-proximo-a-matagal-em-brasilia\/\" \/>\n<meta property=\"og:site_name\" content=\"Portal NPM\" \/>\n<meta property=\"article:published_time\" content=\"2019-06-13T11:47:33+00:00\" \/>\n<meta name=\"author\" content=\"Zenilton Lima\" \/>\n<meta name=\"twitter:card\" content=\"summary_large_image\" \/>\n<meta name=\"twitter:label1\" content=\"Escrito por\" \/>\n\t<meta name=\"twitter:data1\" content=\"Zenilton Lima\" \/>\n\t<meta name=\"twitter:label2\" content=\"Est. tempo de leitura\" \/>\n\t<meta name=\"twitter:data2\" content=\"1 minuto\" \/>\n<script type=\"application\/ld+json\" class=\"yoast-schema-graph\">{\"@context\":\"https:\/\/schema.org\",\"@graph\":[{\"@type\":\"WebPage\",\"@id\":\"https:\/\/portalnpm.com\/index.php\/2019\/06\/13\/corpo-de-piauiense-e-encontrado-proximo-a-matagal-em-brasilia\/\",\"url\":\"https:\/\/portalnpm.com\/index.php\/2019\/06\/13\/corpo-de-piauiense-e-encontrado-proximo-a-matagal-em-brasilia\/\",\"name\":\"Corpo de piauiense \u00e9 encontrado pr\u00f3ximo a matagal em Bras\u00edlia - Portal NPM\",\"isPartOf\":{\"@id\":\"https:\/\/portalnpm.com\/#website\"},\"primaryImageOfPage\":{\"@id\":\"https:\/\/portalnpm.com\/index.php\/2019\/06\/13\/corpo-de-piauiense-e-encontrado-proximo-a-matagal-em-brasilia\/#primaryimage\"},\"image\":{\"@id\":\"https:\/\/portalnpm.com\/index.php\/2019\/06\/13\/corpo-de-piauiense-e-encontrado-proximo-a-matagal-em-brasilia\/#primaryimage\"},\"thumbnailUrl\":\"\",\"datePublished\":\"2019-06-13T11:47:33+00:00\",\"dateModified\":\"2019-06-13T11:47:33+00:00\",\"author\":{\"@id\":\"https:\/\/portalnpm.com\/#\/schema\/person\/35cb55186eae3f074b6783da6d35591e\"},\"breadcrumb\":{\"@id\":\"https:\/\/portalnpm.com\/index.php\/2019\/06\/13\/corpo-de-piauiense-e-encontrado-proximo-a-matagal-em-brasilia\/#breadcrumb\"},\"inLanguage\":\"pt-BR\",\"potentialAction\":[{\"@type\":\"ReadAction\",\"target\":[\"https:\/\/portalnpm.com\/index.php\/2019\/06\/13\/corpo-de-piauiense-e-encontrado-proximo-a-matagal-em-brasilia\/\"]}]},{\"@type\":\"ImageObject\",\"inLanguage\":\"pt-BR\",\"@id\":\"https:\/\/portalnpm.com\/index.php\/2019\/06\/13\/corpo-de-piauiense-e-encontrado-proximo-a-matagal-em-brasilia\/#primaryimage\",\"url\":\"\",\"contentUrl\":\"\"},{\"@type\":\"BreadcrumbList\",\"@id\":\"https:\/\/portalnpm.com\/index.php\/2019\/06\/13\/corpo-de-piauiense-e-encontrado-proximo-a-matagal-em-brasilia\/#breadcrumb\",\"itemListElement\":[{\"@type\":\"ListItem\",\"position\":1,\"name\":\"In\u00edcio\",\"item\":\"https:\/\/portalnpm.com\/\"},{\"@type\":\"ListItem\",\"position\":2,\"name\":\"Corpo de piauiense \u00e9 encontrado pr\u00f3ximo a matagal em Bras\u00edlia\"}]},{\"@type\":\"WebSite\",\"@id\":\"https:\/\/portalnpm.com\/#website\",\"url\":\"https:\/\/portalnpm.com\/\",\"name\":\"Portal NPM\",\"description\":\"Not\u00edcias em Primeira M\u00e3o\",\"potentialAction\":[{\"@type\":\"SearchAction\",\"target\":{\"@type\":\"EntryPoint\",\"urlTemplate\":\"https:\/\/portalnpm.com\/?s={search_term_string}\"},\"query-input\":\"required name=search_term_string\"}],\"inLanguage\":\"pt-BR\"},{\"@type\":\"Person\",\"@id\":\"https:\/\/portalnpm.com\/#\/schema\/person\/35cb55186eae3f074b6783da6d35591e\",\"name\":\"Zenilton Lima\",\"image\":{\"@type\":\"ImageObject\",\"inLanguage\":\"pt-BR\",\"@id\":\"https:\/\/portalnpm.com\/#\/schema\/person\/image\/\",\"url\":\"https:\/\/portalnpm.com\/wp-content\/uploads\/2024\/12\/avatar_user_8_1733658137-96x96.jpeg\",\"contentUrl\":\"https:\/\/portalnpm.com\/wp-content\/uploads\/2024\/12\/avatar_user_8_1733658137-96x96.jpeg\",\"caption\":\"Zenilton Lima\"},\"url\":\"https:\/\/portalnpm.com\/index.php\/author\/zenilton\/\"}]}<\/script>\n<!-- \/ Yoast SEO plugin. -->","yoast_head_json":{"title":"Corpo de piauiense \u00e9 encontrado pr\u00f3ximo a matagal em Bras\u00edlia - Portal NPM","robots":{"index":"index","follow":"follow","max-snippet":"max-snippet:-1","max-image-preview":"max-image-preview:large","max-video-preview":"max-video-preview:-1"},"canonical":"https:\/\/portalnpm.com\/index.php\/2019\/06\/13\/corpo-de-piauiense-e-encontrado-proximo-a-matagal-em-brasilia\/","og_locale":"pt_BR","og_type":"article","og_title":"Corpo de piauiense \u00e9 encontrado pr\u00f3ximo a matagal em Bras\u00edlia - Portal NPM","og_description":"A Pol\u00edcia Civil do Distrito Federal (PCDF) localizou, na quarta-feira (12), o corpo da piauiense Genir Pereira de Sousa, 47 anos. Ela estava desaparecida desde 2 de junho. O corpo estava em uma \u00e1rea de mata entre o Parano\u00e1 , onde ela trabalhava, e Planaltina, onde morava, mas o local exato n\u00e3o foi informado. O &hellip;","og_url":"https:\/\/portalnpm.com\/index.php\/2019\/06\/13\/corpo-de-piauiense-e-encontrado-proximo-a-matagal-em-brasilia\/","og_site_name":"Portal NPM","article_published_time":"2019-06-13T11:47:33+00:00","author":"Zenilton Lima","twitter_card":"summary_large_image","twitter_misc":{"Escrito por":"Zenilton Lima","Est. tempo de leitura":"1 minuto"},"schema":{"@context":"https:\/\/schema.org","@graph":[{"@type":"WebPage","@id":"https:\/\/portalnpm.com\/index.php\/2019\/06\/13\/corpo-de-piauiense-e-encontrado-proximo-a-matagal-em-brasilia\/","url":"https:\/\/portalnpm.com\/index.php\/2019\/06\/13\/corpo-de-piauiense-e-encontrado-proximo-a-matagal-em-brasilia\/","name":"Corpo de piauiense \u00e9 encontrado pr\u00f3ximo a matagal em Bras\u00edlia - Portal NPM","isPartOf":{"@id":"https:\/\/portalnpm.com\/#website"},"primaryImageOfPage":{"@id":"https:\/\/portalnpm.com\/index.php\/2019\/06\/13\/corpo-de-piauiense-e-encontrado-proximo-a-matagal-em-brasilia\/#primaryimage"},"image":{"@id":"https:\/\/portalnpm.com\/index.php\/2019\/06\/13\/corpo-de-piauiense-e-encontrado-proximo-a-matagal-em-brasilia\/#primaryimage"},"thumbnailUrl":"","datePublished":"2019-06-13T11:47:33+00:00","dateModified":"2019-06-13T11:47:33+00:00","author":{"@id":"https:\/\/portalnpm.com\/#\/schema\/person\/35cb55186eae3f074b6783da6d35591e"},"breadcrumb":{"@id":"https:\/\/portalnpm.com\/index.php\/2019\/06\/13\/corpo-de-piauiense-e-encontrado-proximo-a-matagal-em-brasilia\/#breadcrumb"},"inLanguage":"pt-BR","potentialAction":[{"@type":"ReadAction","target":["https:\/\/portalnpm.com\/index.php\/2019\/06\/13\/corpo-de-piauiense-e-encontrado-proximo-a-matagal-em-brasilia\/"]}]},{"@type":"ImageObject","inLanguage":"pt-BR","@id":"https:\/\/portalnpm.com\/index.php\/2019\/06\/13\/corpo-de-piauiense-e-encontrado-proximo-a-matagal-em-brasilia\/#primaryimage","url":"","contentUrl":""},{"@type":"BreadcrumbList","@id":"https:\/\/portalnpm.com\/index.php\/2019\/06\/13\/corpo-de-piauiense-e-encontrado-proximo-a-matagal-em-brasilia\/#breadcrumb","itemListElement":[{"@type":"ListItem","position":1,"name":"In\u00edcio","item":"https:\/\/portalnpm.com\/"},{"@type":"ListItem","position":2,"name":"Corpo de piauiense \u00e9 encontrado pr\u00f3ximo a matagal em Bras\u00edlia"}]},{"@type":"WebSite","@id":"https:\/\/portalnpm.com\/#website","url":"https:\/\/portalnpm.com\/","name":"Portal NPM","description":"Not\u00edcias em Primeira M\u00e3o","potentialAction":[{"@type":"SearchAction","target":{"@type":"EntryPoint","urlTemplate":"https:\/\/portalnpm.com\/?s={search_term_string}"},"query-input":"required name=search_term_string"}],"inLanguage":"pt-BR"},{"@type":"Person","@id":"https:\/\/portalnpm.com\/#\/schema\/person\/35cb55186eae3f074b6783da6d35591e","name":"Zenilton Lima","image":{"@type":"ImageObject","inLanguage":"pt-BR","@id":"https:\/\/portalnpm.com\/#\/schema\/person\/image\/","url":"https:\/\/portalnpm.com\/wp-content\/uploads\/2024\/12\/avatar_user_8_1733658137-96x96.jpeg","contentUrl":"https:\/\/portalnpm.com\/wp-content\/uploads\/2024\/12\/avatar_user_8_1733658137-96x96.jpeg","caption":"Zenilton Lima"},"url":"https:\/\/portalnpm.com\/index.php\/author\/zenilton\/"}]}},"jetpack_sharing_enabled":true,"jetpack_featured_media_url":"","_links":{"self":[{"href":"https:\/\/portalnpm.com\/index.php\/wp-json\/wp\/v2\/posts\/9027"}],"collection":[{"href":"https:\/\/portalnpm.com\/index.php\/wp-json\/wp\/v2\/posts"}],"about":[{"href":"https:\/\/portalnpm.com\/index.php\/wp-json\/wp\/v2\/types\/post"}],"author":[{"embeddable":true,"href":"https:\/\/portalnpm.com\/index.php\/wp-json\/wp\/v2\/users\/8"}],"replies":[{"embeddable":true,"href":"https:\/\/portalnpm.com\/index.php\/wp-json\/wp\/v2\/comments?post=9027"}],"version-history":[{"count":0,"href":"https:\/\/portalnpm.com\/index.php\/wp-json\/wp\/v2\/posts\/9027\/revisions"}],"wp:featuredmedia":[{"embeddable":true,"href":"https:\/\/portalnpm.com\/index.php\/wp-json\/"}],"wp:attachment":[{"href":"https:\/\/portalnpm.com\/index.php\/wp-json\/wp\/v2\/media?parent=9027"}],"wp:term":[{"taxonomy":"category","embeddable":true,"href":"https:\/\/portalnpm.com\/index.php\/wp-json\/wp\/v2\/categories?post=9027"},{"taxonomy":"post_tag","embeddable":true,"href":"https:\/\/portalnpm.com\/index.php\/wp-json\/wp\/v2\/tags?post=9027"}],"curies":[{"name":"wp","href":"https:\/\/api.w.org\/{rel}","templated":true}]}}