{"id":90280,"date":"2025-11-05T08:33:07","date_gmt":"2025-11-05T11:33:07","guid":{"rendered":"https:\/\/portalnpm.com\/?p=90280"},"modified":"2025-11-05T08:33:07","modified_gmt":"2025-11-05T11:33:07","slug":"ex-prefeito-de-alto-longa-e-condenado-por-irregularidades-na-merenda-escolar","status":"publish","type":"post","link":"https:\/\/portalnpm.com\/index.php\/2025\/11\/05\/ex-prefeito-de-alto-longa-e-condenado-por-irregularidades-na-merenda-escolar\/","title":{"rendered":"Ex-prefeito de Alto Long\u00e1 \u00e9 condenado por irregularidades na merenda escolar"},"content":{"rendered":"<article class=\"clearfix\">\n<div id=\"post-body-news\" class=\"post-body\">\n<p>&nbsp;<\/p>\n<p>O ex-prefeito de Alto Long\u00e1, Fl\u00e1vio Campos Soares, o empres\u00e1rio Sebasti\u00e3o Paulino e a empresa SP Comercial e Distribuidora Ltda. foram condenados por irregularidades na aplica\u00e7\u00e3o de recursos do Programa Nacional de Alimenta\u00e7\u00e3o Escolar (Pnae) e fraude em licita\u00e7\u00e3o para compra de merenda. A decis\u00e3o \u00e9 resultado de a\u00e7\u00e3o de improbidade administrativa movida pelo Minist\u00e9rio P\u00fablico Federal (MPF) em 2020.<\/p>\n<p>O ex-prefeito foi procurado pela reportagem do Cidadeverde.com por chamadas telef\u00f4nicas e mensagens, por\u00e9m n\u00e3o respondeu aos questionamentos.\u00a0Ainda cabe recurso da decis\u00e3o.<\/p>\n<p data-end=\"756\" data-start=\"405\">Segundo o MPF, as irregularidades ocorreram entre 2013 e 2014. Em novembro de 2013, o ex-prefeito transferiu R$ 8.100,00 da conta espec\u00edfica do Pnae para outra conta de livre movimenta\u00e7\u00e3o da prefeitura, em desacordo com a Lei n\u00ba 11.947\/2009, que determina o uso exclusivo dos recursos para aquisi\u00e7\u00e3o de alimentos, com pagamento direto ao fornecedor.<\/p>\n<p data-end=\"1008\" data-start=\"758\">O \u00f3rg\u00e3o tamb\u00e9m apontou direcionamento na Tomada de Pre\u00e7os n\u00ba 3\/2013, que resultou na contrata\u00e7\u00e3o da SP Comercial e Distribuidora Ltda., representada por Sebasti\u00e3o Paulino, contrariando o artigo 10, inciso VIII, da Lei de Improbidade Administrativa.<\/p>\n<p data-end=\"1238\" data-start=\"1010\">Auditoria da Controladoria-Geral da Uni\u00e3o (CGU) apontou falta de publicidade do edital, descumprimento do termo de refer\u00eancia e desclassifica\u00e7\u00e3o indevida de empresa que apresentou pre\u00e7os at\u00e9 60% mais baixos em parte dos itens.<\/p>\n<h2 data-end=\"1238\" data-start=\"1010\">Ressarcimento<\/h2>\n<p data-end=\"1522\" data-start=\"1240\">A Justi\u00e7a Federal condenou os r\u00e9us ao ressarcimento de mais de R$ 380 mil, atualizados, em favor do Pnae de Alto Long\u00e1, al\u00e9m de multa civil no mesmo valor, aplicada de forma solid\u00e1ria. Fl\u00e1vio Campos Soares e Sebasti\u00e3o Paulino tiveram os direitos pol\u00edticos suspensos por seis anos.<\/p>\n<p data-end=\"1778\" data-start=\"1524\">A SP Comercial e Distribuidora Ltda. ficou proibida de contratar com o poder p\u00fablico ou receber benef\u00edcios fiscais e credit\u00edcios pelo mesmo per\u00edodo. Os r\u00e9us tamb\u00e9m dever\u00e3o pagar custas processuais e honor\u00e1rios advocat\u00edcios de 10% sobre o valor do dano.<\/p>\n<p data-end=\"1992\" data-is-last-node=\"\" data-is-only-node=\"\" data-start=\"1780\">O ju\u00edzo considerou improcedentes outras acusa\u00e7\u00f5es por falta de comprova\u00e7\u00e3o de dano efetivo ao er\u00e1rio, conforme a Lei n\u00ba 14.230\/2021, que alterou a Lei de Improbidade Administrativa<\/p>\n<p data-end=\"1992\" data-is-last-node=\"\" data-is-only-node=\"\" data-start=\"1780\">Fonte: Cidade Verde<\/p>\n<\/div>\n<\/article>\n","protected":false},"excerpt":{"rendered":"<p>&nbsp; O ex-prefeito de Alto Long\u00e1, Fl\u00e1vio Campos Soares, o empres\u00e1rio Sebasti\u00e3o Paulino e a empresa SP Comercial e Distribuidora Ltda. foram condenados por irregularidades na aplica\u00e7\u00e3o de recursos do Programa Nacional de Alimenta\u00e7\u00e3o Escolar (Pnae) e fraude em licita\u00e7\u00e3o para compra de merenda. A decis\u00e3o \u00e9 resultado de a\u00e7\u00e3o de improbidade administrativa movida pelo &hellip;<\/p>\n","protected":false},"author":2,"featured_media":90281,"comment_status":"open","ping_status":"open","sticky":false,"template":"","format":"standard","meta":{"content-type":"","rop_custom_images_group":[],"rop_custom_messages_group":[],"rop_publish_now":"yes","rop_publish_now_accounts":{"facebook_2648258775420054_1618374048415101":""},"rop_publish_now_history":[],"rop_publish_now_status":"pending","footnotes":"","_jetpack_memberships_contains_paid_content":false},"categories":[15216],"tags":[10491,1395,230,925,2222,4283,3602,12535,4098,911,1167],"yoast_head":"<!-- This site is optimized with the Yoast SEO plugin v22.3 - https:\/\/yoast.com\/wordpress\/plugins\/seo\/ -->\n<title>Ex-prefeito de Alto Long\u00e1 \u00e9 condenado por irregularidades na merenda escolar - Portal NPM<\/title>\n<meta name=\"robots\" content=\"index, follow, max-snippet:-1, max-image-preview:large, max-video-preview:-1\" \/>\n<link rel=\"canonical\" href=\"https:\/\/portalnpm.com\/index.php\/2025\/11\/05\/ex-prefeito-de-alto-longa-e-condenado-por-irregularidades-na-merenda-escolar\/\" \/>\n<meta property=\"og:locale\" content=\"pt_BR\" \/>\n<meta property=\"og:type\" content=\"article\" \/>\n<meta property=\"og:title\" content=\"Ex-prefeito de Alto Long\u00e1 \u00e9 condenado por irregularidades na merenda escolar - Portal NPM\" \/>\n<meta property=\"og:description\" content=\"&nbsp; O ex-prefeito de Alto Long\u00e1, Fl\u00e1vio Campos Soares, o empres\u00e1rio Sebasti\u00e3o Paulino e a empresa SP Comercial e Distribuidora Ltda. foram condenados por irregularidades na aplica\u00e7\u00e3o de recursos do Programa Nacional de Alimenta\u00e7\u00e3o Escolar (Pnae) e fraude em licita\u00e7\u00e3o para compra de merenda. A decis\u00e3o \u00e9 resultado de a\u00e7\u00e3o de improbidade administrativa movida pelo &hellip;\" \/>\n<meta property=\"og:url\" content=\"https:\/\/portalnpm.com\/index.php\/2025\/11\/05\/ex-prefeito-de-alto-longa-e-condenado-por-irregularidades-na-merenda-escolar\/\" \/>\n<meta property=\"og:site_name\" content=\"Portal NPM\" \/>\n<meta property=\"article:published_time\" content=\"2025-11-05T11:33:07+00:00\" \/>\n<meta property=\"og:image\" content=\"https:\/\/portalnpm.com\/wp-content\/uploads\/2025\/11\/MG_8696-1.jpg\" \/>\n\t<meta property=\"og:image:width\" content=\"750\" \/>\n\t<meta property=\"og:image:height\" content=\"500\" \/>\n\t<meta property=\"og:image:type\" content=\"image\/jpeg\" \/>\n<meta name=\"author\" content=\"Genival Barbosa\" \/>\n<meta name=\"twitter:card\" content=\"summary_large_image\" \/>\n<meta name=\"twitter:label1\" content=\"Escrito por\" \/>\n\t<meta name=\"twitter:data1\" content=\"Genival Barbosa\" \/>\n\t<meta name=\"twitter:label2\" content=\"Est. tempo de leitura\" \/>\n\t<meta name=\"twitter:data2\" content=\"2 minutos\" \/>\n<script type=\"application\/ld+json\" class=\"yoast-schema-graph\">{\"@context\":\"https:\/\/schema.org\",\"@graph\":[{\"@type\":\"WebPage\",\"@id\":\"https:\/\/portalnpm.com\/index.php\/2025\/11\/05\/ex-prefeito-de-alto-longa-e-condenado-por-irregularidades-na-merenda-escolar\/\",\"url\":\"https:\/\/portalnpm.com\/index.php\/2025\/11\/05\/ex-prefeito-de-alto-longa-e-condenado-por-irregularidades-na-merenda-escolar\/\",\"name\":\"Ex-prefeito de Alto Long\u00e1 \u00e9 condenado por irregularidades na merenda escolar - Portal NPM\",\"isPartOf\":{\"@id\":\"https:\/\/portalnpm.com\/#website\"},\"primaryImageOfPage\":{\"@id\":\"https:\/\/portalnpm.com\/index.php\/2025\/11\/05\/ex-prefeito-de-alto-longa-e-condenado-por-irregularidades-na-merenda-escolar\/#primaryimage\"},\"image\":{\"@id\":\"https:\/\/portalnpm.com\/index.php\/2025\/11\/05\/ex-prefeito-de-alto-longa-e-condenado-por-irregularidades-na-merenda-escolar\/#primaryimage\"},\"thumbnailUrl\":\"https:\/\/portalnpm.com\/wp-content\/uploads\/2025\/11\/MG_8696-1.jpg\",\"datePublished\":\"2025-11-05T11:33:07+00:00\",\"dateModified\":\"2025-11-05T11:33:07+00:00\",\"author\":{\"@id\":\"https:\/\/portalnpm.com\/#\/schema\/person\/49313e563cfdefcc167f1ee4c017c294\"},\"breadcrumb\":{\"@id\":\"https:\/\/portalnpm.com\/index.php\/2025\/11\/05\/ex-prefeito-de-alto-longa-e-condenado-por-irregularidades-na-merenda-escolar\/#breadcrumb\"},\"inLanguage\":\"pt-BR\",\"potentialAction\":[{\"@type\":\"ReadAction\",\"target\":[\"https:\/\/portalnpm.com\/index.php\/2025\/11\/05\/ex-prefeito-de-alto-longa-e-condenado-por-irregularidades-na-merenda-escolar\/\"]}]},{\"@type\":\"ImageObject\",\"inLanguage\":\"pt-BR\",\"@id\":\"https:\/\/portalnpm.com\/index.php\/2025\/11\/05\/ex-prefeito-de-alto-longa-e-condenado-por-irregularidades-na-merenda-escolar\/#primaryimage\",\"url\":\"https:\/\/portalnpm.com\/wp-content\/uploads\/2025\/11\/MG_8696-1.jpg\",\"contentUrl\":\"https:\/\/portalnpm.com\/wp-content\/uploads\/2025\/11\/MG_8696-1.jpg\",\"width\":750,\"height\":500},{\"@type\":\"BreadcrumbList\",\"@id\":\"https:\/\/portalnpm.com\/index.php\/2025\/11\/05\/ex-prefeito-de-alto-longa-e-condenado-por-irregularidades-na-merenda-escolar\/#breadcrumb\",\"itemListElement\":[{\"@type\":\"ListItem\",\"position\":1,\"name\":\"In\u00edcio\",\"item\":\"https:\/\/portalnpm.com\/\"},{\"@type\":\"ListItem\",\"position\":2,\"name\":\"Ex-prefeito de Alto Long\u00e1 \u00e9 condenado por irregularidades na merenda escolar\"}]},{\"@type\":\"WebSite\",\"@id\":\"https:\/\/portalnpm.com\/#website\",\"url\":\"https:\/\/portalnpm.com\/\",\"name\":\"Portal NPM\",\"description\":\"Not\u00edcias em Primeira M\u00e3o\",\"potentialAction\":[{\"@type\":\"SearchAction\",\"target\":{\"@type\":\"EntryPoint\",\"urlTemplate\":\"https:\/\/portalnpm.com\/?s={search_term_string}\"},\"query-input\":\"required name=search_term_string\"}],\"inLanguage\":\"pt-BR\"},{\"@type\":\"Person\",\"@id\":\"https:\/\/portalnpm.com\/#\/schema\/person\/49313e563cfdefcc167f1ee4c017c294\",\"name\":\"Genival Barbosa\",\"image\":{\"@type\":\"ImageObject\",\"inLanguage\":\"pt-BR\",\"@id\":\"https:\/\/portalnpm.com\/#\/schema\/person\/image\/\",\"url\":\"https:\/\/portalnpm.com\/wp-content\/uploads\/2024\/02\/avatar_user_2_1707743258-96x96.jpeg\",\"contentUrl\":\"https:\/\/portalnpm.com\/wp-content\/uploads\/2024\/02\/avatar_user_2_1707743258-96x96.jpeg\",\"caption\":\"Genival Barbosa\"},\"url\":\"https:\/\/portalnpm.com\/index.php\/author\/genival\/\"}]}<\/script>\n<!-- \/ Yoast SEO plugin. -->","yoast_head_json":{"title":"Ex-prefeito de Alto Long\u00e1 \u00e9 condenado por irregularidades na merenda escolar - Portal NPM","robots":{"index":"index","follow":"follow","max-snippet":"max-snippet:-1","max-image-preview":"max-image-preview:large","max-video-preview":"max-video-preview:-1"},"canonical":"https:\/\/portalnpm.com\/index.php\/2025\/11\/05\/ex-prefeito-de-alto-longa-e-condenado-por-irregularidades-na-merenda-escolar\/","og_locale":"pt_BR","og_type":"article","og_title":"Ex-prefeito de Alto Long\u00e1 \u00e9 condenado por irregularidades na merenda escolar - Portal NPM","og_description":"&nbsp; O ex-prefeito de Alto Long\u00e1, Fl\u00e1vio Campos Soares, o empres\u00e1rio Sebasti\u00e3o Paulino e a empresa SP Comercial e Distribuidora Ltda. foram condenados por irregularidades na aplica\u00e7\u00e3o de recursos do Programa Nacional de Alimenta\u00e7\u00e3o Escolar (Pnae) e fraude em licita\u00e7\u00e3o para compra de merenda. A decis\u00e3o \u00e9 resultado de a\u00e7\u00e3o de improbidade administrativa movida pelo &hellip;","og_url":"https:\/\/portalnpm.com\/index.php\/2025\/11\/05\/ex-prefeito-de-alto-longa-e-condenado-por-irregularidades-na-merenda-escolar\/","og_site_name":"Portal NPM","article_published_time":"2025-11-05T11:33:07+00:00","og_image":[{"width":750,"height":500,"url":"https:\/\/portalnpm.com\/wp-content\/uploads\/2025\/11\/MG_8696-1.jpg","type":"image\/jpeg"}],"author":"Genival Barbosa","twitter_card":"summary_large_image","twitter_misc":{"Escrito por":"Genival Barbosa","Est. tempo de leitura":"2 minutos"},"schema":{"@context":"https:\/\/schema.org","@graph":[{"@type":"WebPage","@id":"https:\/\/portalnpm.com\/index.php\/2025\/11\/05\/ex-prefeito-de-alto-longa-e-condenado-por-irregularidades-na-merenda-escolar\/","url":"https:\/\/portalnpm.com\/index.php\/2025\/11\/05\/ex-prefeito-de-alto-longa-e-condenado-por-irregularidades-na-merenda-escolar\/","name":"Ex-prefeito de Alto Long\u00e1 \u00e9 condenado por irregularidades na merenda escolar - Portal NPM","isPartOf":{"@id":"https:\/\/portalnpm.com\/#website"},"primaryImageOfPage":{"@id":"https:\/\/portalnpm.com\/index.php\/2025\/11\/05\/ex-prefeito-de-alto-longa-e-condenado-por-irregularidades-na-merenda-escolar\/#primaryimage"},"image":{"@id":"https:\/\/portalnpm.com\/index.php\/2025\/11\/05\/ex-prefeito-de-alto-longa-e-condenado-por-irregularidades-na-merenda-escolar\/#primaryimage"},"thumbnailUrl":"https:\/\/portalnpm.com\/wp-content\/uploads\/2025\/11\/MG_8696-1.jpg","datePublished":"2025-11-05T11:33:07+00:00","dateModified":"2025-11-05T11:33:07+00:00","author":{"@id":"https:\/\/portalnpm.com\/#\/schema\/person\/49313e563cfdefcc167f1ee4c017c294"},"breadcrumb":{"@id":"https:\/\/portalnpm.com\/index.php\/2025\/11\/05\/ex-prefeito-de-alto-longa-e-condenado-por-irregularidades-na-merenda-escolar\/#breadcrumb"},"inLanguage":"pt-BR","potentialAction":[{"@type":"ReadAction","target":["https:\/\/portalnpm.com\/index.php\/2025\/11\/05\/ex-prefeito-de-alto-longa-e-condenado-por-irregularidades-na-merenda-escolar\/"]}]},{"@type":"ImageObject","inLanguage":"pt-BR","@id":"https:\/\/portalnpm.com\/index.php\/2025\/11\/05\/ex-prefeito-de-alto-longa-e-condenado-por-irregularidades-na-merenda-escolar\/#primaryimage","url":"https:\/\/portalnpm.com\/wp-content\/uploads\/2025\/11\/MG_8696-1.jpg","contentUrl":"https:\/\/portalnpm.com\/wp-content\/uploads\/2025\/11\/MG_8696-1.jpg","width":750,"height":500},{"@type":"BreadcrumbList","@id":"https:\/\/portalnpm.com\/index.php\/2025\/11\/05\/ex-prefeito-de-alto-longa-e-condenado-por-irregularidades-na-merenda-escolar\/#breadcrumb","itemListElement":[{"@type":"ListItem","position":1,"name":"In\u00edcio","item":"https:\/\/portalnpm.com\/"},{"@type":"ListItem","position":2,"name":"Ex-prefeito de Alto Long\u00e1 \u00e9 condenado por irregularidades na merenda escolar"}]},{"@type":"WebSite","@id":"https:\/\/portalnpm.com\/#website","url":"https:\/\/portalnpm.com\/","name":"Portal NPM","description":"Not\u00edcias em Primeira M\u00e3o","potentialAction":[{"@type":"SearchAction","target":{"@type":"EntryPoint","urlTemplate":"https:\/\/portalnpm.com\/?s={search_term_string}"},"query-input":"required name=search_term_string"}],"inLanguage":"pt-BR"},{"@type":"Person","@id":"https:\/\/portalnpm.com\/#\/schema\/person\/49313e563cfdefcc167f1ee4c017c294","name":"Genival Barbosa","image":{"@type":"ImageObject","inLanguage":"pt-BR","@id":"https:\/\/portalnpm.com\/#\/schema\/person\/image\/","url":"https:\/\/portalnpm.com\/wp-content\/uploads\/2024\/02\/avatar_user_2_1707743258-96x96.jpeg","contentUrl":"https:\/\/portalnpm.com\/wp-content\/uploads\/2024\/02\/avatar_user_2_1707743258-96x96.jpeg","caption":"Genival Barbosa"},"url":"https:\/\/portalnpm.com\/index.php\/author\/genival\/"}]}},"jetpack_sharing_enabled":true,"jetpack_featured_media_url":"https:\/\/portalnpm.com\/wp-content\/uploads\/2025\/11\/MG_8696-1.jpg","_links":{"self":[{"href":"https:\/\/portalnpm.com\/index.php\/wp-json\/wp\/v2\/posts\/90280"}],"collection":[{"href":"https:\/\/portalnpm.com\/index.php\/wp-json\/wp\/v2\/posts"}],"about":[{"href":"https:\/\/portalnpm.com\/index.php\/wp-json\/wp\/v2\/types\/post"}],"author":[{"embeddable":true,"href":"https:\/\/portalnpm.com\/index.php\/wp-json\/wp\/v2\/users\/2"}],"replies":[{"embeddable":true,"href":"https:\/\/portalnpm.com\/index.php\/wp-json\/wp\/v2\/comments?post=90280"}],"version-history":[{"count":1,"href":"https:\/\/portalnpm.com\/index.php\/wp-json\/wp\/v2\/posts\/90280\/revisions"}],"predecessor-version":[{"id":90282,"href":"https:\/\/portalnpm.com\/index.php\/wp-json\/wp\/v2\/posts\/90280\/revisions\/90282"}],"wp:featuredmedia":[{"embeddable":true,"href":"https:\/\/portalnpm.com\/index.php\/wp-json\/wp\/v2\/media\/90281"}],"wp:attachment":[{"href":"https:\/\/portalnpm.com\/index.php\/wp-json\/wp\/v2\/media?parent=90280"}],"wp:term":[{"taxonomy":"category","embeddable":true,"href":"https:\/\/portalnpm.com\/index.php\/wp-json\/wp\/v2\/categories?post=90280"},{"taxonomy":"post_tag","embeddable":true,"href":"https:\/\/portalnpm.com\/index.php\/wp-json\/wp\/v2\/tags?post=90280"}],"curies":[{"name":"wp","href":"https:\/\/api.w.org\/{rel}","templated":true}]}}