{"id":90310,"date":"2025-11-07T12:29:26","date_gmt":"2025-11-07T15:29:26","guid":{"rendered":"https:\/\/portalnpm.com\/?p=90310"},"modified":"2025-11-07T12:29:26","modified_gmt":"2025-11-07T15:29:26","slug":"prefeitura-de-sao-juliao-anuncia-o-saoju-fest-2025-em-comemoracao-aos-65-anos-de-emancipacao-politica-veja","status":"publish","type":"post","link":"https:\/\/portalnpm.com\/index.php\/2025\/11\/07\/prefeitura-de-sao-juliao-anuncia-o-saoju-fest-2025-em-comemoracao-aos-65-anos-de-emancipacao-politica-veja\/","title":{"rendered":"Prefeitura de S\u00e3o Juli\u00e3o anuncia o S\u00c3OJU FEST 2025 em comemora\u00e7\u00e3o aos 65 anos de Emancipa\u00e7\u00e3o Pol\u00edtica; veja!"},"content":{"rendered":"<p>A <strong>Prefeitura Municipal de S\u00e3o Juli\u00e3o-PI,<\/strong> por meio da gest\u00e3o \u201c<strong><em>S\u00e3o Juli\u00e3o Para Todos<\/em><\/strong>\u201d, anunciou a realiza\u00e7\u00e3o de um dos eventos mais aguardados do ano: o <strong>S\u00c3OJU FEST 2025<\/strong>. A grande festa celebrar\u00e1 os <strong>65 anos de<\/strong> E<strong>mancipa\u00e7\u00e3o Pol\u00edtica e Administrativa do munic\u00edpio<\/strong>, marcando um momento especial de uni\u00e3o, alegria e orgulho para todos os s\u00e3o-julienses.<\/p>\n<div style=\"width: 640px;\" class=\"wp-video\"><!--[if lt IE 9]><script>document.createElement('video');<\/script><![endif]-->\n<video class=\"wp-video-shortcode\" id=\"video-90310-1\" width=\"640\" height=\"360\" preload=\"metadata\" controls=\"controls\"><source type=\"video\/mp4\" src=\"https:\/\/portalnpm.com\/wp-content\/uploads\/2025\/11\/VID-20251107-WA0098.mp4?_=1\" \/><a href=\"https:\/\/portalnpm.com\/wp-content\/uploads\/2025\/11\/VID-20251107-WA0098.mp4\">https:\/\/portalnpm.com\/wp-content\/uploads\/2025\/11\/VID-20251107-WA0098.mp4<\/a><\/video><\/div>\n<p>O evento acontecer\u00e1 no dia 18 de dezembro, na Pra\u00e7a P\u00fablica de S\u00e3o Juli\u00e3o, e promete agitar o p\u00fablico com uma programa\u00e7\u00e3o musical de peso. Entre as atra\u00e7\u00f5es confirmadas est\u00e3o <strong>L\u00e9o Magalh\u00e3es, Cavalo de Pau, Lamarck e Forroz\u00e3o<\/strong> <strong>Classe<\/strong> <strong>A<\/strong>, garantindo uma noite inesquec\u00edvel de muito forr\u00f3 e emo\u00e7\u00e3o.<\/p>\n<p>O prefeito <strong>Renaldinho Ramos<\/strong> destacou que o S\u00c3OJU FEST 2025 ser\u00e1 uma celebra\u00e7\u00e3o para todos:<\/p>\n<figure id=\"attachment_87681\" aria-describedby=\"caption-attachment-87681\" style=\"width: 914px\" class=\"wp-caption alignnone\"><img fetchpriority=\"high\" decoding=\"async\" class=\"wp-image-87681 size-full\" src=\"https:\/\/portalnpm.com\/wp-content\/uploads\/2025\/06\/IMG-20250614-WA0211.jpg\" alt=\"\" width=\"914\" height=\"622\" srcset=\"https:\/\/portalnpm.com\/wp-content\/uploads\/2025\/06\/IMG-20250614-WA0211.jpg 914w, https:\/\/portalnpm.com\/wp-content\/uploads\/2025\/06\/IMG-20250614-WA0211-300x204.jpg 300w, https:\/\/portalnpm.com\/wp-content\/uploads\/2025\/06\/IMG-20250614-WA0211-768x523.jpg 768w, https:\/\/portalnpm.com\/wp-content\/uploads\/2025\/06\/IMG-20250614-WA0211-220x150.jpg 220w\" sizes=\"(max-width: 914px) 100vw, 914px\" \/><figcaption id=\"caption-attachment-87681\" class=\"wp-caption-text\">Prefeito Renaldinho Ramos<\/figcaption><\/figure>\n<blockquote><p>\u00a0\u201cSer\u00e1 uma festa feita com carinho, para comemorarmos juntos a hist\u00f3ria e o progresso da nossa querida S\u00e3o Juli\u00e3o. \u00c9 um momento de gratid\u00e3o e alegria por tudo que nossa cidade vem conquistando.\u201d<\/p><\/blockquote>\n<p>A realiza\u00e7\u00e3o \u00e9 da Prefeitura de S\u00e3o Juli\u00e3o, reafirmando o compromisso da gest\u00e3o em promover cultura, lazer e desenvolvimento para o povo e contar\u00e1 com apoios dos deputados federais Dr. Francisco Costa e Jadyel Alencar, do deputado estadual Nerinho e de Anyara Santos.<br \/>\nS\u00e3o Juli\u00e3o \u2014 um novo tempo de progresso e amor pela nossa terra!<\/p>\n","protected":false},"excerpt":{"rendered":"<p>A Prefeitura Municipal de S\u00e3o Juli\u00e3o-PI, por meio da gest\u00e3o \u201cS\u00e3o Juli\u00e3o Para Todos\u201d, anunciou a realiza\u00e7\u00e3o de um dos eventos mais aguardados do ano: o S\u00c3OJU FEST 2025. A grande festa celebrar\u00e1 os 65 anos de Emancipa\u00e7\u00e3o Pol\u00edtica e Administrativa do munic\u00edpio, marcando um momento especial de uni\u00e3o, alegria e orgulho para todos os &hellip;<\/p>\n","protected":false},"author":4,"featured_media":82775,"comment_status":"open","ping_status":"open","sticky":false,"template":"","format":"standard","meta":{"content-type":"","rop_custom_images_group":[],"rop_custom_messages_group":[],"rop_publish_now":"yes","rop_publish_now_accounts":{"facebook_2648258775420054_1618374048415101":""},"rop_publish_now_history":[],"rop_publish_now_status":"pending","footnotes":"","_jetpack_memberships_contains_paid_content":false},"categories":[113,109,3998],"tags":[13744,4497,221,223,953,15826,230,855,5318,2011,1197,134,222,1196,16759,842],"yoast_head":"<!-- This site is optimized with the Yoast SEO plugin v22.3 - https:\/\/yoast.com\/wordpress\/plugins\/seo\/ -->\n<title>Prefeitura de S\u00e3o Juli\u00e3o anuncia o S\u00c3OJU FEST 2025 em comemora\u00e7\u00e3o aos 65 anos de Emancipa\u00e7\u00e3o Pol\u00edtica; veja! - Portal NPM<\/title>\n<meta name=\"robots\" content=\"index, follow, max-snippet:-1, max-image-preview:large, max-video-preview:-1\" \/>\n<link rel=\"canonical\" href=\"https:\/\/portalnpm.com\/index.php\/2025\/11\/07\/prefeitura-de-sao-juliao-anuncia-o-saoju-fest-2025-em-comemoracao-aos-65-anos-de-emancipacao-politica-veja\/\" \/>\n<meta property=\"og:locale\" content=\"pt_BR\" \/>\n<meta property=\"og:type\" content=\"article\" \/>\n<meta property=\"og:title\" content=\"Prefeitura de S\u00e3o Juli\u00e3o anuncia o S\u00c3OJU FEST 2025 em comemora\u00e7\u00e3o aos 65 anos de Emancipa\u00e7\u00e3o Pol\u00edtica; veja! - Portal NPM\" \/>\n<meta property=\"og:description\" content=\"A Prefeitura Municipal de S\u00e3o Juli\u00e3o-PI, por meio da gest\u00e3o \u201cS\u00e3o Juli\u00e3o Para Todos\u201d, anunciou a realiza\u00e7\u00e3o de um dos eventos mais aguardados do ano: o S\u00c3OJU FEST 2025. A grande festa celebrar\u00e1 os 65 anos de Emancipa\u00e7\u00e3o Pol\u00edtica e Administrativa do munic\u00edpio, marcando um momento especial de uni\u00e3o, alegria e orgulho para todos os &hellip;\" \/>\n<meta property=\"og:url\" content=\"https:\/\/portalnpm.com\/index.php\/2025\/11\/07\/prefeitura-de-sao-juliao-anuncia-o-saoju-fest-2025-em-comemoracao-aos-65-anos-de-emancipacao-politica-veja\/\" \/>\n<meta property=\"og:site_name\" content=\"Portal NPM\" \/>\n<meta property=\"article:published_time\" content=\"2025-11-07T15:29:26+00:00\" \/>\n<meta property=\"og:image\" content=\"https:\/\/portalnpm.com\/wp-content\/uploads\/2025\/01\/IMG-20250103-WA0605.jpg\" \/>\n\t<meta property=\"og:image:width\" content=\"1500\" \/>\n\t<meta property=\"og:image:height\" content=\"1500\" \/>\n\t<meta property=\"og:image:type\" content=\"image\/jpeg\" \/>\n<meta name=\"author\" content=\"Reda\u00e7\u00e3o\" \/>\n<meta name=\"twitter:card\" content=\"summary_large_image\" \/>\n<meta name=\"twitter:label1\" content=\"Escrito por\" \/>\n\t<meta name=\"twitter:data1\" content=\"Reda\u00e7\u00e3o\" \/>\n\t<meta name=\"twitter:label2\" content=\"Est. tempo de leitura\" \/>\n\t<meta name=\"twitter:data2\" content=\"2 minutos\" \/>\n<script type=\"application\/ld+json\" class=\"yoast-schema-graph\">{\"@context\":\"https:\/\/schema.org\",\"@graph\":[{\"@type\":\"WebPage\",\"@id\":\"https:\/\/portalnpm.com\/index.php\/2025\/11\/07\/prefeitura-de-sao-juliao-anuncia-o-saoju-fest-2025-em-comemoracao-aos-65-anos-de-emancipacao-politica-veja\/\",\"url\":\"https:\/\/portalnpm.com\/index.php\/2025\/11\/07\/prefeitura-de-sao-juliao-anuncia-o-saoju-fest-2025-em-comemoracao-aos-65-anos-de-emancipacao-politica-veja\/\",\"name\":\"Prefeitura de S\u00e3o Juli\u00e3o anuncia o S\u00c3OJU FEST 2025 em comemora\u00e7\u00e3o aos 65 anos de Emancipa\u00e7\u00e3o Pol\u00edtica; veja! - Portal NPM\",\"isPartOf\":{\"@id\":\"https:\/\/portalnpm.com\/#website\"},\"primaryImageOfPage\":{\"@id\":\"https:\/\/portalnpm.com\/index.php\/2025\/11\/07\/prefeitura-de-sao-juliao-anuncia-o-saoju-fest-2025-em-comemoracao-aos-65-anos-de-emancipacao-politica-veja\/#primaryimage\"},\"image\":{\"@id\":\"https:\/\/portalnpm.com\/index.php\/2025\/11\/07\/prefeitura-de-sao-juliao-anuncia-o-saoju-fest-2025-em-comemoracao-aos-65-anos-de-emancipacao-politica-veja\/#primaryimage\"},\"thumbnailUrl\":\"https:\/\/portalnpm.com\/wp-content\/uploads\/2025\/01\/IMG-20250103-WA0605.jpg\",\"datePublished\":\"2025-11-07T15:29:26+00:00\",\"dateModified\":\"2025-11-07T15:29:26+00:00\",\"author\":{\"@id\":\"https:\/\/portalnpm.com\/#\/schema\/person\/0b5f230ec96cee25504fa328e7f2b733\"},\"breadcrumb\":{\"@id\":\"https:\/\/portalnpm.com\/index.php\/2025\/11\/07\/prefeitura-de-sao-juliao-anuncia-o-saoju-fest-2025-em-comemoracao-aos-65-anos-de-emancipacao-politica-veja\/#breadcrumb\"},\"inLanguage\":\"pt-BR\",\"potentialAction\":[{\"@type\":\"ReadAction\",\"target\":[\"https:\/\/portalnpm.com\/index.php\/2025\/11\/07\/prefeitura-de-sao-juliao-anuncia-o-saoju-fest-2025-em-comemoracao-aos-65-anos-de-emancipacao-politica-veja\/\"]}]},{\"@type\":\"ImageObject\",\"inLanguage\":\"pt-BR\",\"@id\":\"https:\/\/portalnpm.com\/index.php\/2025\/11\/07\/prefeitura-de-sao-juliao-anuncia-o-saoju-fest-2025-em-comemoracao-aos-65-anos-de-emancipacao-politica-veja\/#primaryimage\",\"url\":\"https:\/\/portalnpm.com\/wp-content\/uploads\/2025\/01\/IMG-20250103-WA0605.jpg\",\"contentUrl\":\"https:\/\/portalnpm.com\/wp-content\/uploads\/2025\/01\/IMG-20250103-WA0605.jpg\",\"width\":1500,\"height\":1500,\"caption\":\"Logomarca da Gest\u00e3o S\u00e3o Juli\u00e3o Para Todos, em S\u00e3o Juli\u00e3o- PI\"},{\"@type\":\"BreadcrumbList\",\"@id\":\"https:\/\/portalnpm.com\/index.php\/2025\/11\/07\/prefeitura-de-sao-juliao-anuncia-o-saoju-fest-2025-em-comemoracao-aos-65-anos-de-emancipacao-politica-veja\/#breadcrumb\",\"itemListElement\":[{\"@type\":\"ListItem\",\"position\":1,\"name\":\"In\u00edcio\",\"item\":\"https:\/\/portalnpm.com\/\"},{\"@type\":\"ListItem\",\"position\":2,\"name\":\"Prefeitura de S\u00e3o Juli\u00e3o anuncia o S\u00c3OJU FEST 2025 em comemora\u00e7\u00e3o aos 65 anos de Emancipa\u00e7\u00e3o Pol\u00edtica; veja!\"}]},{\"@type\":\"WebSite\",\"@id\":\"https:\/\/portalnpm.com\/#website\",\"url\":\"https:\/\/portalnpm.com\/\",\"name\":\"Portal NPM\",\"description\":\"Not\u00edcias em Primeira M\u00e3o\",\"potentialAction\":[{\"@type\":\"SearchAction\",\"target\":{\"@type\":\"EntryPoint\",\"urlTemplate\":\"https:\/\/portalnpm.com\/?s={search_term_string}\"},\"query-input\":\"required name=search_term_string\"}],\"inLanguage\":\"pt-BR\"},{\"@type\":\"Person\",\"@id\":\"https:\/\/portalnpm.com\/#\/schema\/person\/0b5f230ec96cee25504fa328e7f2b733\",\"name\":\"Reda\u00e7\u00e3o\",\"image\":{\"@type\":\"ImageObject\",\"inLanguage\":\"pt-BR\",\"@id\":\"https:\/\/portalnpm.com\/#\/schema\/person\/image\/\",\"url\":\"https:\/\/portalnpm.com\/wp-content\/uploads\/2024\/03\/avatar_user_4_1710097212-96x96.png\",\"contentUrl\":\"https:\/\/portalnpm.com\/wp-content\/uploads\/2024\/03\/avatar_user_4_1710097212-96x96.png\",\"caption\":\"Reda\u00e7\u00e3o\"},\"url\":\"https:\/\/portalnpm.com\/index.php\/author\/redacao\/\"}]}<\/script>\n<!-- \/ Yoast SEO plugin. -->","yoast_head_json":{"title":"Prefeitura de S\u00e3o Juli\u00e3o anuncia o S\u00c3OJU FEST 2025 em comemora\u00e7\u00e3o aos 65 anos de Emancipa\u00e7\u00e3o Pol\u00edtica; veja! - Portal NPM","robots":{"index":"index","follow":"follow","max-snippet":"max-snippet:-1","max-image-preview":"max-image-preview:large","max-video-preview":"max-video-preview:-1"},"canonical":"https:\/\/portalnpm.com\/index.php\/2025\/11\/07\/prefeitura-de-sao-juliao-anuncia-o-saoju-fest-2025-em-comemoracao-aos-65-anos-de-emancipacao-politica-veja\/","og_locale":"pt_BR","og_type":"article","og_title":"Prefeitura de S\u00e3o Juli\u00e3o anuncia o S\u00c3OJU FEST 2025 em comemora\u00e7\u00e3o aos 65 anos de Emancipa\u00e7\u00e3o Pol\u00edtica; veja! - Portal NPM","og_description":"A Prefeitura Municipal de S\u00e3o Juli\u00e3o-PI, por meio da gest\u00e3o \u201cS\u00e3o Juli\u00e3o Para Todos\u201d, anunciou a realiza\u00e7\u00e3o de um dos eventos mais aguardados do ano: o S\u00c3OJU FEST 2025. A grande festa celebrar\u00e1 os 65 anos de Emancipa\u00e7\u00e3o Pol\u00edtica e Administrativa do munic\u00edpio, marcando um momento especial de uni\u00e3o, alegria e orgulho para todos os &hellip;","og_url":"https:\/\/portalnpm.com\/index.php\/2025\/11\/07\/prefeitura-de-sao-juliao-anuncia-o-saoju-fest-2025-em-comemoracao-aos-65-anos-de-emancipacao-politica-veja\/","og_site_name":"Portal NPM","article_published_time":"2025-11-07T15:29:26+00:00","og_image":[{"width":1500,"height":1500,"url":"https:\/\/portalnpm.com\/wp-content\/uploads\/2025\/01\/IMG-20250103-WA0605.jpg","type":"image\/jpeg"}],"author":"Reda\u00e7\u00e3o","twitter_card":"summary_large_image","twitter_misc":{"Escrito por":"Reda\u00e7\u00e3o","Est. tempo de leitura":"2 minutos"},"schema":{"@context":"https:\/\/schema.org","@graph":[{"@type":"WebPage","@id":"https:\/\/portalnpm.com\/index.php\/2025\/11\/07\/prefeitura-de-sao-juliao-anuncia-o-saoju-fest-2025-em-comemoracao-aos-65-anos-de-emancipacao-politica-veja\/","url":"https:\/\/portalnpm.com\/index.php\/2025\/11\/07\/prefeitura-de-sao-juliao-anuncia-o-saoju-fest-2025-em-comemoracao-aos-65-anos-de-emancipacao-politica-veja\/","name":"Prefeitura de S\u00e3o Juli\u00e3o anuncia o S\u00c3OJU FEST 2025 em comemora\u00e7\u00e3o aos 65 anos de Emancipa\u00e7\u00e3o Pol\u00edtica; veja! - Portal NPM","isPartOf":{"@id":"https:\/\/portalnpm.com\/#website"},"primaryImageOfPage":{"@id":"https:\/\/portalnpm.com\/index.php\/2025\/11\/07\/prefeitura-de-sao-juliao-anuncia-o-saoju-fest-2025-em-comemoracao-aos-65-anos-de-emancipacao-politica-veja\/#primaryimage"},"image":{"@id":"https:\/\/portalnpm.com\/index.php\/2025\/11\/07\/prefeitura-de-sao-juliao-anuncia-o-saoju-fest-2025-em-comemoracao-aos-65-anos-de-emancipacao-politica-veja\/#primaryimage"},"thumbnailUrl":"https:\/\/portalnpm.com\/wp-content\/uploads\/2025\/01\/IMG-20250103-WA0605.jpg","datePublished":"2025-11-07T15:29:26+00:00","dateModified":"2025-11-07T15:29:26+00:00","author":{"@id":"https:\/\/portalnpm.com\/#\/schema\/person\/0b5f230ec96cee25504fa328e7f2b733"},"breadcrumb":{"@id":"https:\/\/portalnpm.com\/index.php\/2025\/11\/07\/prefeitura-de-sao-juliao-anuncia-o-saoju-fest-2025-em-comemoracao-aos-65-anos-de-emancipacao-politica-veja\/#breadcrumb"},"inLanguage":"pt-BR","potentialAction":[{"@type":"ReadAction","target":["https:\/\/portalnpm.com\/index.php\/2025\/11\/07\/prefeitura-de-sao-juliao-anuncia-o-saoju-fest-2025-em-comemoracao-aos-65-anos-de-emancipacao-politica-veja\/"]}]},{"@type":"ImageObject","inLanguage":"pt-BR","@id":"https:\/\/portalnpm.com\/index.php\/2025\/11\/07\/prefeitura-de-sao-juliao-anuncia-o-saoju-fest-2025-em-comemoracao-aos-65-anos-de-emancipacao-politica-veja\/#primaryimage","url":"https:\/\/portalnpm.com\/wp-content\/uploads\/2025\/01\/IMG-20250103-WA0605.jpg","contentUrl":"https:\/\/portalnpm.com\/wp-content\/uploads\/2025\/01\/IMG-20250103-WA0605.jpg","width":1500,"height":1500,"caption":"Logomarca da Gest\u00e3o S\u00e3o Juli\u00e3o Para Todos, em S\u00e3o Juli\u00e3o- PI"},{"@type":"BreadcrumbList","@id":"https:\/\/portalnpm.com\/index.php\/2025\/11\/07\/prefeitura-de-sao-juliao-anuncia-o-saoju-fest-2025-em-comemoracao-aos-65-anos-de-emancipacao-politica-veja\/#breadcrumb","itemListElement":[{"@type":"ListItem","position":1,"name":"In\u00edcio","item":"https:\/\/portalnpm.com\/"},{"@type":"ListItem","position":2,"name":"Prefeitura de S\u00e3o Juli\u00e3o anuncia o S\u00c3OJU FEST 2025 em comemora\u00e7\u00e3o aos 65 anos de Emancipa\u00e7\u00e3o Pol\u00edtica; veja!"}]},{"@type":"WebSite","@id":"https:\/\/portalnpm.com\/#website","url":"https:\/\/portalnpm.com\/","name":"Portal NPM","description":"Not\u00edcias em Primeira M\u00e3o","potentialAction":[{"@type":"SearchAction","target":{"@type":"EntryPoint","urlTemplate":"https:\/\/portalnpm.com\/?s={search_term_string}"},"query-input":"required name=search_term_string"}],"inLanguage":"pt-BR"},{"@type":"Person","@id":"https:\/\/portalnpm.com\/#\/schema\/person\/0b5f230ec96cee25504fa328e7f2b733","name":"Reda\u00e7\u00e3o","image":{"@type":"ImageObject","inLanguage":"pt-BR","@id":"https:\/\/portalnpm.com\/#\/schema\/person\/image\/","url":"https:\/\/portalnpm.com\/wp-content\/uploads\/2024\/03\/avatar_user_4_1710097212-96x96.png","contentUrl":"https:\/\/portalnpm.com\/wp-content\/uploads\/2024\/03\/avatar_user_4_1710097212-96x96.png","caption":"Reda\u00e7\u00e3o"},"url":"https:\/\/portalnpm.com\/index.php\/author\/redacao\/"}]}},"jetpack_sharing_enabled":true,"jetpack_featured_media_url":"https:\/\/portalnpm.com\/wp-content\/uploads\/2025\/01\/IMG-20250103-WA0605.jpg","_links":{"self":[{"href":"https:\/\/portalnpm.com\/index.php\/wp-json\/wp\/v2\/posts\/90310"}],"collection":[{"href":"https:\/\/portalnpm.com\/index.php\/wp-json\/wp\/v2\/posts"}],"about":[{"href":"https:\/\/portalnpm.com\/index.php\/wp-json\/wp\/v2\/types\/post"}],"author":[{"embeddable":true,"href":"https:\/\/portalnpm.com\/index.php\/wp-json\/wp\/v2\/users\/4"}],"replies":[{"embeddable":true,"href":"https:\/\/portalnpm.com\/index.php\/wp-json\/wp\/v2\/comments?post=90310"}],"version-history":[{"count":3,"href":"https:\/\/portalnpm.com\/index.php\/wp-json\/wp\/v2\/posts\/90310\/revisions"}],"predecessor-version":[{"id":90317,"href":"https:\/\/portalnpm.com\/index.php\/wp-json\/wp\/v2\/posts\/90310\/revisions\/90317"}],"wp:featuredmedia":[{"embeddable":true,"href":"https:\/\/portalnpm.com\/index.php\/wp-json\/wp\/v2\/media\/82775"}],"wp:attachment":[{"href":"https:\/\/portalnpm.com\/index.php\/wp-json\/wp\/v2\/media?parent=90310"}],"wp:term":[{"taxonomy":"category","embeddable":true,"href":"https:\/\/portalnpm.com\/index.php\/wp-json\/wp\/v2\/categories?post=90310"},{"taxonomy":"post_tag","embeddable":true,"href":"https:\/\/portalnpm.com\/index.php\/wp-json\/wp\/v2\/tags?post=90310"}],"curies":[{"name":"wp","href":"https:\/\/api.w.org\/{rel}","templated":true}]}}