{"id":90350,"date":"2025-11-10T10:34:32","date_gmt":"2025-11-10T13:34:32","guid":{"rendered":"https:\/\/portalnpm.com\/?p=90350"},"modified":"2025-11-10T10:34:32","modified_gmt":"2025-11-10T13:34:32","slug":"colaborador-do-trecho-de-sao-juliao-falece-em-goiania-goias","status":"publish","type":"post","link":"https:\/\/portalnpm.com\/index.php\/2025\/11\/10\/colaborador-do-trecho-de-sao-juliao-falece-em-goiania-goias\/","title":{"rendered":"Colaborador do trecho de S\u00e3o Juli\u00e3o falece em Goi\u00e2nia, Goi\u00e1s"},"content":{"rendered":"<header class=\"entry-header-outer\">\n<div class=\"entry-header\">\n<h1 class=\"post-title entry-title\"><\/h1>\n<\/div>\n<\/header>\n<div class=\"entry-content entry clearfix\">\n<p data-start=\"190\" data-end=\"381\">Faleceu nesta segunda-feira, 10 de novembro, em Goi\u00e2nia (GO), o jovem colaborador do trecho de S\u00e3o Juli\u00e3o \u2013 PI,\u00a0<strong data-start=\"260\" data-end=\"286\">Pedro Alisson da Silva<\/strong>, conhecido por todos como\u00a0<strong data-start=\"318\" data-end=\"332\">\u201cPedrinho da Adrim\u00e1ria\u201d.<\/strong><\/p>\n<div class=\"google-auto-placed ap_container\"><ins class=\"adsbygoogle adsbygoogle-noablate\" data-ad-format=\"auto\" data-ad-client=\"ca-pub-5781754374918970\" data-adsbygoogle-status=\"done\"><\/p>\n<div id=\"aswift_2_host\">\n<div><\/div>\n<\/div>\n<p><\/ins><\/div>\n<p data-start=\"383\" data-end=\"522\">Natural e residente do\u00a0<strong data-start=\"406\" data-end=\"427\">Mandacaru<\/strong>, povoado de S\u00e3o Juli\u00e3o, Pedrinho estava na capital goiana a trabalho quando veio a \u00f3bito. As\u00a0<strong data-start=\"527\" data-end=\"560\">circunst\u00e2ncias do falecimento<\/strong>\u00a0n\u00e3o foram divulgadas pela fam\u00edlia at\u00e9 o momento.<\/p>\n<p data-start=\"613\" data-end=\"804\">A not\u00edcia da morte do jovem causou\u00a0<strong data-start=\"648\" data-end=\"668\">profunda como\u00e7\u00e3o<\/strong>\u00a0entre familiares, amigos e conhecidos nas redes sociais, onde muitas mensagens de pesar e homenagens foram publicadas em sua mem\u00f3ria.<\/p>\n<div class=\"google-anno-skip google-anno-sc\" tabindex=\"0\" role=\"link\" aria-label=\"Turismo Piau\u00ed\" data-google-vignette=\"false\" data-google-interstitial=\"false\"><\/div>\n<p data-start=\"613\" data-end=\"804\"><em>Aguardem mais informa\u00e7\u00f5es!<\/em><\/p>\n<\/div>\n<p data-start=\"613\" data-end=\"804\"><strong>Fonte: Portal \u00e9 Not\u00edcias<\/strong><\/p>\n","protected":false},"excerpt":{"rendered":"<p>Faleceu nesta segunda-feira, 10 de novembro, em Goi\u00e2nia (GO), o jovem colaborador do trecho de S\u00e3o Juli\u00e3o \u2013 PI,\u00a0Pedro Alisson da Silva, conhecido por todos como\u00a0\u201cPedrinho da Adrim\u00e1ria\u201d. Natural e residente do\u00a0Mandacaru, povoado de S\u00e3o Juli\u00e3o, Pedrinho estava na capital goiana a trabalho quando veio a \u00f3bito. As\u00a0circunst\u00e2ncias do falecimento\u00a0n\u00e3o foram divulgadas pela fam\u00edlia at\u00e9 &hellip;<\/p>\n","protected":false},"author":4,"featured_media":90351,"comment_status":"open","ping_status":"open","sticky":false,"template":"","format":"standard","meta":{"content-type":"","rop_custom_images_group":[],"rop_custom_messages_group":[],"rop_publish_now":"yes","rop_publish_now_accounts":{"facebook_2648258775420054_1618374048415101":""},"rop_publish_now_history":[],"rop_publish_now_status":"pending","footnotes":"","_jetpack_memberships_contains_paid_content":false},"categories":[113,109,3998],"tags":[11459,230,855,725,8975,168,1197,1196,149],"yoast_head":"<!-- This site is optimized with the Yoast SEO plugin v22.3 - https:\/\/yoast.com\/wordpress\/plugins\/seo\/ -->\n<title>Colaborador do trecho de S\u00e3o Juli\u00e3o falece em Goi\u00e2nia, Goi\u00e1s - Portal NPM<\/title>\n<meta name=\"robots\" content=\"index, follow, max-snippet:-1, max-image-preview:large, max-video-preview:-1\" \/>\n<link rel=\"canonical\" href=\"https:\/\/portalnpm.com\/index.php\/2025\/11\/10\/colaborador-do-trecho-de-sao-juliao-falece-em-goiania-goias\/\" \/>\n<meta property=\"og:locale\" content=\"pt_BR\" \/>\n<meta property=\"og:type\" content=\"article\" \/>\n<meta property=\"og:title\" content=\"Colaborador do trecho de S\u00e3o Juli\u00e3o falece em Goi\u00e2nia, Goi\u00e1s - Portal NPM\" \/>\n<meta property=\"og:description\" content=\"Faleceu nesta segunda-feira, 10 de novembro, em Goi\u00e2nia (GO), o jovem colaborador do trecho de S\u00e3o Juli\u00e3o \u2013 PI,\u00a0Pedro Alisson da Silva, conhecido por todos como\u00a0\u201cPedrinho da Adrim\u00e1ria\u201d. Natural e residente do\u00a0Mandacaru, povoado de S\u00e3o Juli\u00e3o, Pedrinho estava na capital goiana a trabalho quando veio a \u00f3bito. As\u00a0circunst\u00e2ncias do falecimento\u00a0n\u00e3o foram divulgadas pela fam\u00edlia at\u00e9 &hellip;\" \/>\n<meta property=\"og:url\" content=\"https:\/\/portalnpm.com\/index.php\/2025\/11\/10\/colaborador-do-trecho-de-sao-juliao-falece-em-goiania-goias\/\" \/>\n<meta property=\"og:site_name\" content=\"Portal NPM\" \/>\n<meta property=\"article:published_time\" content=\"2025-11-10T13:34:32+00:00\" \/>\n<meta property=\"og:image\" content=\"https:\/\/portalnpm.com\/wp-content\/uploads\/2025\/11\/pedribngho202555.jpg\" \/>\n\t<meta property=\"og:image:width\" content=\"708\" \/>\n\t<meta property=\"og:image:height\" content=\"355\" \/>\n\t<meta property=\"og:image:type\" content=\"image\/jpeg\" \/>\n<meta name=\"author\" content=\"Reda\u00e7\u00e3o\" \/>\n<meta name=\"twitter:card\" content=\"summary_large_image\" \/>\n<meta name=\"twitter:label1\" content=\"Escrito por\" \/>\n\t<meta name=\"twitter:data1\" content=\"Reda\u00e7\u00e3o\" \/>\n\t<meta name=\"twitter:label2\" content=\"Est. tempo de leitura\" \/>\n\t<meta name=\"twitter:data2\" content=\"1 minuto\" \/>\n<script type=\"application\/ld+json\" class=\"yoast-schema-graph\">{\"@context\":\"https:\/\/schema.org\",\"@graph\":[{\"@type\":\"WebPage\",\"@id\":\"https:\/\/portalnpm.com\/index.php\/2025\/11\/10\/colaborador-do-trecho-de-sao-juliao-falece-em-goiania-goias\/\",\"url\":\"https:\/\/portalnpm.com\/index.php\/2025\/11\/10\/colaborador-do-trecho-de-sao-juliao-falece-em-goiania-goias\/\",\"name\":\"Colaborador do trecho de S\u00e3o Juli\u00e3o falece em Goi\u00e2nia, Goi\u00e1s - Portal NPM\",\"isPartOf\":{\"@id\":\"https:\/\/portalnpm.com\/#website\"},\"primaryImageOfPage\":{\"@id\":\"https:\/\/portalnpm.com\/index.php\/2025\/11\/10\/colaborador-do-trecho-de-sao-juliao-falece-em-goiania-goias\/#primaryimage\"},\"image\":{\"@id\":\"https:\/\/portalnpm.com\/index.php\/2025\/11\/10\/colaborador-do-trecho-de-sao-juliao-falece-em-goiania-goias\/#primaryimage\"},\"thumbnailUrl\":\"https:\/\/portalnpm.com\/wp-content\/uploads\/2025\/11\/pedribngho202555.jpg\",\"datePublished\":\"2025-11-10T13:34:32+00:00\",\"dateModified\":\"2025-11-10T13:34:32+00:00\",\"author\":{\"@id\":\"https:\/\/portalnpm.com\/#\/schema\/person\/0b5f230ec96cee25504fa328e7f2b733\"},\"breadcrumb\":{\"@id\":\"https:\/\/portalnpm.com\/index.php\/2025\/11\/10\/colaborador-do-trecho-de-sao-juliao-falece-em-goiania-goias\/#breadcrumb\"},\"inLanguage\":\"pt-BR\",\"potentialAction\":[{\"@type\":\"ReadAction\",\"target\":[\"https:\/\/portalnpm.com\/index.php\/2025\/11\/10\/colaborador-do-trecho-de-sao-juliao-falece-em-goiania-goias\/\"]}]},{\"@type\":\"ImageObject\",\"inLanguage\":\"pt-BR\",\"@id\":\"https:\/\/portalnpm.com\/index.php\/2025\/11\/10\/colaborador-do-trecho-de-sao-juliao-falece-em-goiania-goias\/#primaryimage\",\"url\":\"https:\/\/portalnpm.com\/wp-content\/uploads\/2025\/11\/pedribngho202555.jpg\",\"contentUrl\":\"https:\/\/portalnpm.com\/wp-content\/uploads\/2025\/11\/pedribngho202555.jpg\",\"width\":708,\"height\":355,\"caption\":\"Colaborador do trecho de S\u00e3o Juli\u00e3o falece em Goi\u00e2nia, Goi\u00e1s\"},{\"@type\":\"BreadcrumbList\",\"@id\":\"https:\/\/portalnpm.com\/index.php\/2025\/11\/10\/colaborador-do-trecho-de-sao-juliao-falece-em-goiania-goias\/#breadcrumb\",\"itemListElement\":[{\"@type\":\"ListItem\",\"position\":1,\"name\":\"In\u00edcio\",\"item\":\"https:\/\/portalnpm.com\/\"},{\"@type\":\"ListItem\",\"position\":2,\"name\":\"Colaborador do trecho de S\u00e3o Juli\u00e3o falece em Goi\u00e2nia, Goi\u00e1s\"}]},{\"@type\":\"WebSite\",\"@id\":\"https:\/\/portalnpm.com\/#website\",\"url\":\"https:\/\/portalnpm.com\/\",\"name\":\"Portal NPM\",\"description\":\"Not\u00edcias em Primeira M\u00e3o\",\"potentialAction\":[{\"@type\":\"SearchAction\",\"target\":{\"@type\":\"EntryPoint\",\"urlTemplate\":\"https:\/\/portalnpm.com\/?s={search_term_string}\"},\"query-input\":\"required name=search_term_string\"}],\"inLanguage\":\"pt-BR\"},{\"@type\":\"Person\",\"@id\":\"https:\/\/portalnpm.com\/#\/schema\/person\/0b5f230ec96cee25504fa328e7f2b733\",\"name\":\"Reda\u00e7\u00e3o\",\"image\":{\"@type\":\"ImageObject\",\"inLanguage\":\"pt-BR\",\"@id\":\"https:\/\/portalnpm.com\/#\/schema\/person\/image\/\",\"url\":\"https:\/\/portalnpm.com\/wp-content\/uploads\/2024\/03\/avatar_user_4_1710097212-96x96.png\",\"contentUrl\":\"https:\/\/portalnpm.com\/wp-content\/uploads\/2024\/03\/avatar_user_4_1710097212-96x96.png\",\"caption\":\"Reda\u00e7\u00e3o\"},\"url\":\"https:\/\/portalnpm.com\/index.php\/author\/redacao\/\"}]}<\/script>\n<!-- \/ Yoast SEO plugin. -->","yoast_head_json":{"title":"Colaborador do trecho de S\u00e3o Juli\u00e3o falece em Goi\u00e2nia, Goi\u00e1s - Portal NPM","robots":{"index":"index","follow":"follow","max-snippet":"max-snippet:-1","max-image-preview":"max-image-preview:large","max-video-preview":"max-video-preview:-1"},"canonical":"https:\/\/portalnpm.com\/index.php\/2025\/11\/10\/colaborador-do-trecho-de-sao-juliao-falece-em-goiania-goias\/","og_locale":"pt_BR","og_type":"article","og_title":"Colaborador do trecho de S\u00e3o Juli\u00e3o falece em Goi\u00e2nia, Goi\u00e1s - Portal NPM","og_description":"Faleceu nesta segunda-feira, 10 de novembro, em Goi\u00e2nia (GO), o jovem colaborador do trecho de S\u00e3o Juli\u00e3o \u2013 PI,\u00a0Pedro Alisson da Silva, conhecido por todos como\u00a0\u201cPedrinho da Adrim\u00e1ria\u201d. Natural e residente do\u00a0Mandacaru, povoado de S\u00e3o Juli\u00e3o, Pedrinho estava na capital goiana a trabalho quando veio a \u00f3bito. As\u00a0circunst\u00e2ncias do falecimento\u00a0n\u00e3o foram divulgadas pela fam\u00edlia at\u00e9 &hellip;","og_url":"https:\/\/portalnpm.com\/index.php\/2025\/11\/10\/colaborador-do-trecho-de-sao-juliao-falece-em-goiania-goias\/","og_site_name":"Portal NPM","article_published_time":"2025-11-10T13:34:32+00:00","og_image":[{"width":708,"height":355,"url":"https:\/\/portalnpm.com\/wp-content\/uploads\/2025\/11\/pedribngho202555.jpg","type":"image\/jpeg"}],"author":"Reda\u00e7\u00e3o","twitter_card":"summary_large_image","twitter_misc":{"Escrito por":"Reda\u00e7\u00e3o","Est. tempo de leitura":"1 minuto"},"schema":{"@context":"https:\/\/schema.org","@graph":[{"@type":"WebPage","@id":"https:\/\/portalnpm.com\/index.php\/2025\/11\/10\/colaborador-do-trecho-de-sao-juliao-falece-em-goiania-goias\/","url":"https:\/\/portalnpm.com\/index.php\/2025\/11\/10\/colaborador-do-trecho-de-sao-juliao-falece-em-goiania-goias\/","name":"Colaborador do trecho de S\u00e3o Juli\u00e3o falece em Goi\u00e2nia, Goi\u00e1s - Portal NPM","isPartOf":{"@id":"https:\/\/portalnpm.com\/#website"},"primaryImageOfPage":{"@id":"https:\/\/portalnpm.com\/index.php\/2025\/11\/10\/colaborador-do-trecho-de-sao-juliao-falece-em-goiania-goias\/#primaryimage"},"image":{"@id":"https:\/\/portalnpm.com\/index.php\/2025\/11\/10\/colaborador-do-trecho-de-sao-juliao-falece-em-goiania-goias\/#primaryimage"},"thumbnailUrl":"https:\/\/portalnpm.com\/wp-content\/uploads\/2025\/11\/pedribngho202555.jpg","datePublished":"2025-11-10T13:34:32+00:00","dateModified":"2025-11-10T13:34:32+00:00","author":{"@id":"https:\/\/portalnpm.com\/#\/schema\/person\/0b5f230ec96cee25504fa328e7f2b733"},"breadcrumb":{"@id":"https:\/\/portalnpm.com\/index.php\/2025\/11\/10\/colaborador-do-trecho-de-sao-juliao-falece-em-goiania-goias\/#breadcrumb"},"inLanguage":"pt-BR","potentialAction":[{"@type":"ReadAction","target":["https:\/\/portalnpm.com\/index.php\/2025\/11\/10\/colaborador-do-trecho-de-sao-juliao-falece-em-goiania-goias\/"]}]},{"@type":"ImageObject","inLanguage":"pt-BR","@id":"https:\/\/portalnpm.com\/index.php\/2025\/11\/10\/colaborador-do-trecho-de-sao-juliao-falece-em-goiania-goias\/#primaryimage","url":"https:\/\/portalnpm.com\/wp-content\/uploads\/2025\/11\/pedribngho202555.jpg","contentUrl":"https:\/\/portalnpm.com\/wp-content\/uploads\/2025\/11\/pedribngho202555.jpg","width":708,"height":355,"caption":"Colaborador do trecho de S\u00e3o Juli\u00e3o falece em Goi\u00e2nia, Goi\u00e1s"},{"@type":"BreadcrumbList","@id":"https:\/\/portalnpm.com\/index.php\/2025\/11\/10\/colaborador-do-trecho-de-sao-juliao-falece-em-goiania-goias\/#breadcrumb","itemListElement":[{"@type":"ListItem","position":1,"name":"In\u00edcio","item":"https:\/\/portalnpm.com\/"},{"@type":"ListItem","position":2,"name":"Colaborador do trecho de S\u00e3o Juli\u00e3o falece em Goi\u00e2nia, Goi\u00e1s"}]},{"@type":"WebSite","@id":"https:\/\/portalnpm.com\/#website","url":"https:\/\/portalnpm.com\/","name":"Portal NPM","description":"Not\u00edcias em Primeira M\u00e3o","potentialAction":[{"@type":"SearchAction","target":{"@type":"EntryPoint","urlTemplate":"https:\/\/portalnpm.com\/?s={search_term_string}"},"query-input":"required name=search_term_string"}],"inLanguage":"pt-BR"},{"@type":"Person","@id":"https:\/\/portalnpm.com\/#\/schema\/person\/0b5f230ec96cee25504fa328e7f2b733","name":"Reda\u00e7\u00e3o","image":{"@type":"ImageObject","inLanguage":"pt-BR","@id":"https:\/\/portalnpm.com\/#\/schema\/person\/image\/","url":"https:\/\/portalnpm.com\/wp-content\/uploads\/2024\/03\/avatar_user_4_1710097212-96x96.png","contentUrl":"https:\/\/portalnpm.com\/wp-content\/uploads\/2024\/03\/avatar_user_4_1710097212-96x96.png","caption":"Reda\u00e7\u00e3o"},"url":"https:\/\/portalnpm.com\/index.php\/author\/redacao\/"}]}},"jetpack_sharing_enabled":true,"jetpack_featured_media_url":"https:\/\/portalnpm.com\/wp-content\/uploads\/2025\/11\/pedribngho202555.jpg","_links":{"self":[{"href":"https:\/\/portalnpm.com\/index.php\/wp-json\/wp\/v2\/posts\/90350"}],"collection":[{"href":"https:\/\/portalnpm.com\/index.php\/wp-json\/wp\/v2\/posts"}],"about":[{"href":"https:\/\/portalnpm.com\/index.php\/wp-json\/wp\/v2\/types\/post"}],"author":[{"embeddable":true,"href":"https:\/\/portalnpm.com\/index.php\/wp-json\/wp\/v2\/users\/4"}],"replies":[{"embeddable":true,"href":"https:\/\/portalnpm.com\/index.php\/wp-json\/wp\/v2\/comments?post=90350"}],"version-history":[{"count":1,"href":"https:\/\/portalnpm.com\/index.php\/wp-json\/wp\/v2\/posts\/90350\/revisions"}],"predecessor-version":[{"id":90352,"href":"https:\/\/portalnpm.com\/index.php\/wp-json\/wp\/v2\/posts\/90350\/revisions\/90352"}],"wp:featuredmedia":[{"embeddable":true,"href":"https:\/\/portalnpm.com\/index.php\/wp-json\/wp\/v2\/media\/90351"}],"wp:attachment":[{"href":"https:\/\/portalnpm.com\/index.php\/wp-json\/wp\/v2\/media?parent=90350"}],"wp:term":[{"taxonomy":"category","embeddable":true,"href":"https:\/\/portalnpm.com\/index.php\/wp-json\/wp\/v2\/categories?post=90350"},{"taxonomy":"post_tag","embeddable":true,"href":"https:\/\/portalnpm.com\/index.php\/wp-json\/wp\/v2\/tags?post=90350"}],"curies":[{"name":"wp","href":"https:\/\/api.w.org\/{rel}","templated":true}]}}