{"id":90388,"date":"2025-11-11T12:47:23","date_gmt":"2025-11-11T15:47:23","guid":{"rendered":"https:\/\/portalnpm.com\/?p=90388"},"modified":"2025-11-11T12:47:23","modified_gmt":"2025-11-11T15:47:23","slug":"governo-prorroga-prazo-para-aposentados-e-pensionistas-pedirem-ressarcimento-do-inss","status":"publish","type":"post","link":"https:\/\/portalnpm.com\/index.php\/2025\/11\/11\/governo-prorroga-prazo-para-aposentados-e-pensionistas-pedirem-ressarcimento-do-inss\/","title":{"rendered":"Governo prorroga prazo para aposentados e pensionistas pedirem ressarcimento do INSS"},"content":{"rendered":"<div class=\"elementor-element elementor-element-9314617 texto-resumido elementor-widget elementor-widget-theme-post-content\" data-id=\"9314617\" data-element_type=\"widget\" data-widget_type=\"theme-post-content.default\">\n<p>Aposentados e pensionistas\u00a0do Instituto Nacional do Seguro Social (INSS)\u00a0v\u00edtimas de descontos indevidos\u00a0ter\u00e3o at\u00e9 o dia 14 de fevereiro de 2026\u00a0para\u00a0solicitar o ressarcimento dos valores. O\u00a0prazo, que inicialmente terminaria em 14 de novembro,\u00a0foi prorrogado pelo governo federal\u00a0na segunda-feira (10).<\/p>\n<p>A solicita\u00e7\u00e3o de ressarcimento pode ser feita por meio do aplicativo Meu INSS, pela Central 135 ou presencialmente em ag\u00eancias dos Correios. Segundo o ministro da Previd\u00eancia Social, Wolney Queiroz, o prazo vale apenas para dar entrada no processo. Ap\u00f3s iniciada, a a\u00e7\u00e3o s\u00f3 ser\u00e1 conclu\u00edda quando o reembolso \u00e9 resolvido.<\/p>\n<p>\u201cDepois que a pessoa inicia o processo, o prazo s\u00f3 termina quando resolve a situa\u00e7\u00e3o. Porque \u00e0s vezes tem associa\u00e7\u00e3o que tem uma posi\u00e7\u00e3o, que mostra um documento, o associado, quer dizer, o aposentado ou pensionista n\u00e3o concorda e isso vai ficando para depois e ningu\u00e9m vai ser penalizado. Ningu\u00e9m vai ficar no preju\u00edzo\u201d, disse o ministro.<\/p>\n<p>At\u00e9 o momento, mais de 3,5 milh\u00f5es de segurados j\u00e1 receberam o ressarcimento de descontos indevidos, totalizando R$ 2,44 bilh\u00f5es. Somente em S\u00e3o Paulo, mais de R$ 400 milh\u00f5es foram pagos a 555 mil benefici\u00e1rios.<\/p>\n<p><strong>Podem aderir ao acordo:<\/strong><\/p>\n<ul class=\"wp-block-list\">\n<li>Benefici\u00e1rios que contestaram descontos indevidos e n\u00e3o receberam resposta da entidade em at\u00e9 15 dias \u00fateis;<\/li>\n<li>Quem recebeu resposta irregular da entidade, como assinaturas falsificadas ou grava\u00e7\u00f5es de \u00e1udio no lugar de comprovantes v\u00e1lidos;<\/li>\n<li>Quem sofreu descontos entre mar\u00e7o de 2020 e mar\u00e7o de 2025;<\/li>\n<li>Benefici\u00e1rios com processo na Justi\u00e7a, desde que ainda n\u00e3o tenham recebido os valores (nesse caso, \u00e9 preciso desistir da a\u00e7\u00e3o para aderir ao acordo).<\/li>\n<\/ul>\n<p><strong>Como funciona o processo de ades\u00e3o:<\/strong><\/p>\n<ul class=\"wp-block-list\">\n<li>Conteste o desconto indevido pelo aplicativo Meu INSS, Central 135 ou ag\u00eancias dos Correios;<\/li>\n<li>Aguarde a resposta da entidade respons\u00e1vel pelo desconto \u2013 prazo de at\u00e9 15 dias \u00fateis;<\/li>\n<li>Sem resposta? \u2013 o sistema ir\u00e1 liberar a ades\u00e3o ao acordo de ressarcimento;<\/li>\n<li>A ades\u00e3o pode ser feita pelo aplicativo Meu INSS ou presencialmente nas ag\u00eancias dos Correios.<\/li>\n<\/ul>\n<h2 class=\"wp-block-heading\">Fraude financeira<\/h2>\n<p>Em abril, a Pol\u00edcia Federal exp\u00f4s um\u00a0esquema de descontos indevidos\u00a0por parte de entidades nos pagamentos de aposentados e pensionistas do INSS. As fraudes aconteceram entre 2019 e 2024, com preju\u00edzo estimado de R$ 6,3 bilh\u00f5es.<\/p>\n<p>A revela\u00e7\u00e3o resultou no afastamento de cinco servidores p\u00fablicos suspeitos de participarem no esquema, bem como na demiss\u00e3o do ent\u00e3o presidente do INSS, Alessandro Stefanutto. Outro que deixou o cargo foi o ent\u00e3o ministro da Previd\u00eancia Social, Carlos Lupi (PDT), pressionado pela oposi\u00e7\u00e3o.<\/p>\n<p>Em meio ao cen\u00e1rio, parlamentares abriram uma Comiss\u00e3o Parlamentar Mista de Inqu\u00e9rito (CPMI) para apurar o caso e responsabilizar aqueles que participaram do esquema. Segundo as investiga\u00e7\u00f5es, Ant\u00f4nio Carlos Camilo Antunes, conhecido como o \u201cCareca do INSS\u201d, \u00e9 uma das pe\u00e7as-chave do crime.\u00a0Ele foi preso em 12 de setembro, apontando como facilitar os descontos indevidos.<\/p>\n<\/div>\n<div class=\"elementor-element elementor-element-921426c elementor-mobile-align-center elementor-widget elementor-widget-post-info\" data-id=\"921426c\" data-element_type=\"widget\" data-widget_type=\"post-info.default\">\n<p>Fonte: SBT Newss<\/p>\n<\/div>\n","protected":false},"excerpt":{"rendered":"<p>Aposentados e pensionistas\u00a0do Instituto Nacional do Seguro Social (INSS)\u00a0v\u00edtimas de descontos indevidos\u00a0ter\u00e3o at\u00e9 o dia 14 de fevereiro de 2026\u00a0para\u00a0solicitar o ressarcimento dos valores. O\u00a0prazo, que inicialmente terminaria em 14 de novembro,\u00a0foi prorrogado pelo governo federal\u00a0na segunda-feira (10). A solicita\u00e7\u00e3o de ressarcimento pode ser feita por meio do aplicativo Meu INSS, pela Central 135 ou &hellip;<\/p>\n","protected":false},"author":2,"featured_media":90389,"comment_status":"open","ping_status":"open","sticky":false,"template":"","format":"standard","meta":{"content-type":"","rop_custom_images_group":[],"rop_custom_messages_group":[],"rop_publish_now":"yes","rop_publish_now_accounts":{"facebook_2648258775420054_1618374048415101":""},"rop_publish_now_history":[],"rop_publish_now_status":"pending","footnotes":"","_jetpack_memberships_contains_paid_content":false},"categories":[118],"tags":[547,524,1683,852,12786,5049,1136,1720,16767],"yoast_head":"<!-- This site is optimized with the Yoast SEO plugin v22.3 - https:\/\/yoast.com\/wordpress\/plugins\/seo\/ -->\n<title>Governo prorroga prazo para aposentados e pensionistas pedirem ressarcimento do INSS - Portal NPM<\/title>\n<meta name=\"robots\" content=\"index, follow, max-snippet:-1, max-image-preview:large, max-video-preview:-1\" \/>\n<link rel=\"canonical\" href=\"https:\/\/portalnpm.com\/index.php\/2025\/11\/11\/governo-prorroga-prazo-para-aposentados-e-pensionistas-pedirem-ressarcimento-do-inss\/\" \/>\n<meta property=\"og:locale\" content=\"pt_BR\" \/>\n<meta property=\"og:type\" content=\"article\" \/>\n<meta property=\"og:title\" content=\"Governo prorroga prazo para aposentados e pensionistas pedirem ressarcimento do INSS - Portal NPM\" \/>\n<meta property=\"og:description\" content=\"Aposentados e pensionistas\u00a0do Instituto Nacional do Seguro Social (INSS)\u00a0v\u00edtimas de descontos indevidos\u00a0ter\u00e3o at\u00e9 o dia 14 de fevereiro de 2026\u00a0para\u00a0solicitar o ressarcimento dos valores. O\u00a0prazo, que inicialmente terminaria em 14 de novembro,\u00a0foi prorrogado pelo governo federal\u00a0na segunda-feira (10). A solicita\u00e7\u00e3o de ressarcimento pode ser feita por meio do aplicativo Meu INSS, pela Central 135 ou &hellip;\" \/>\n<meta property=\"og:url\" content=\"https:\/\/portalnpm.com\/index.php\/2025\/11\/11\/governo-prorroga-prazo-para-aposentados-e-pensionistas-pedirem-ressarcimento-do-inss\/\" \/>\n<meta property=\"og:site_name\" content=\"Portal NPM\" \/>\n<meta property=\"article:published_time\" content=\"2025-11-11T15:47:23+00:00\" \/>\n<meta property=\"og:image\" content=\"https:\/\/portalnpm.com\/wp-content\/uploads\/2025\/11\/INSS-rdottwml3l1rnwdoxszavjl7lul95ep9ii995alkxs.webp\" \/>\n\t<meta property=\"og:image:width\" content=\"1200\" \/>\n\t<meta property=\"og:image:height\" content=\"800\" \/>\n\t<meta property=\"og:image:type\" content=\"image\/webp\" \/>\n<meta name=\"author\" content=\"Genival Barbosa\" \/>\n<meta name=\"twitter:card\" content=\"summary_large_image\" \/>\n<meta name=\"twitter:label1\" content=\"Escrito por\" \/>\n\t<meta name=\"twitter:data1\" content=\"Genival Barbosa\" \/>\n\t<meta name=\"twitter:label2\" content=\"Est. tempo de leitura\" \/>\n\t<meta name=\"twitter:data2\" content=\"3 minutos\" \/>\n<script type=\"application\/ld+json\" class=\"yoast-schema-graph\">{\"@context\":\"https:\/\/schema.org\",\"@graph\":[{\"@type\":\"WebPage\",\"@id\":\"https:\/\/portalnpm.com\/index.php\/2025\/11\/11\/governo-prorroga-prazo-para-aposentados-e-pensionistas-pedirem-ressarcimento-do-inss\/\",\"url\":\"https:\/\/portalnpm.com\/index.php\/2025\/11\/11\/governo-prorroga-prazo-para-aposentados-e-pensionistas-pedirem-ressarcimento-do-inss\/\",\"name\":\"Governo prorroga prazo para aposentados e pensionistas pedirem ressarcimento do INSS - Portal NPM\",\"isPartOf\":{\"@id\":\"https:\/\/portalnpm.com\/#website\"},\"primaryImageOfPage\":{\"@id\":\"https:\/\/portalnpm.com\/index.php\/2025\/11\/11\/governo-prorroga-prazo-para-aposentados-e-pensionistas-pedirem-ressarcimento-do-inss\/#primaryimage\"},\"image\":{\"@id\":\"https:\/\/portalnpm.com\/index.php\/2025\/11\/11\/governo-prorroga-prazo-para-aposentados-e-pensionistas-pedirem-ressarcimento-do-inss\/#primaryimage\"},\"thumbnailUrl\":\"https:\/\/portalnpm.com\/wp-content\/uploads\/2025\/11\/INSS-rdottwml3l1rnwdoxszavjl7lul95ep9ii995alkxs.webp\",\"datePublished\":\"2025-11-11T15:47:23+00:00\",\"dateModified\":\"2025-11-11T15:47:23+00:00\",\"author\":{\"@id\":\"https:\/\/portalnpm.com\/#\/schema\/person\/49313e563cfdefcc167f1ee4c017c294\"},\"breadcrumb\":{\"@id\":\"https:\/\/portalnpm.com\/index.php\/2025\/11\/11\/governo-prorroga-prazo-para-aposentados-e-pensionistas-pedirem-ressarcimento-do-inss\/#breadcrumb\"},\"inLanguage\":\"pt-BR\",\"potentialAction\":[{\"@type\":\"ReadAction\",\"target\":[\"https:\/\/portalnpm.com\/index.php\/2025\/11\/11\/governo-prorroga-prazo-para-aposentados-e-pensionistas-pedirem-ressarcimento-do-inss\/\"]}]},{\"@type\":\"ImageObject\",\"inLanguage\":\"pt-BR\",\"@id\":\"https:\/\/portalnpm.com\/index.php\/2025\/11\/11\/governo-prorroga-prazo-para-aposentados-e-pensionistas-pedirem-ressarcimento-do-inss\/#primaryimage\",\"url\":\"https:\/\/portalnpm.com\/wp-content\/uploads\/2025\/11\/INSS-rdottwml3l1rnwdoxszavjl7lul95ep9ii995alkxs.webp\",\"contentUrl\":\"https:\/\/portalnpm.com\/wp-content\/uploads\/2025\/11\/INSS-rdottwml3l1rnwdoxszavjl7lul95ep9ii995alkxs.webp\",\"width\":1200,\"height\":800},{\"@type\":\"BreadcrumbList\",\"@id\":\"https:\/\/portalnpm.com\/index.php\/2025\/11\/11\/governo-prorroga-prazo-para-aposentados-e-pensionistas-pedirem-ressarcimento-do-inss\/#breadcrumb\",\"itemListElement\":[{\"@type\":\"ListItem\",\"position\":1,\"name\":\"In\u00edcio\",\"item\":\"https:\/\/portalnpm.com\/\"},{\"@type\":\"ListItem\",\"position\":2,\"name\":\"Governo prorroga prazo para aposentados e pensionistas pedirem ressarcimento do INSS\"}]},{\"@type\":\"WebSite\",\"@id\":\"https:\/\/portalnpm.com\/#website\",\"url\":\"https:\/\/portalnpm.com\/\",\"name\":\"Portal NPM\",\"description\":\"Not\u00edcias em Primeira M\u00e3o\",\"potentialAction\":[{\"@type\":\"SearchAction\",\"target\":{\"@type\":\"EntryPoint\",\"urlTemplate\":\"https:\/\/portalnpm.com\/?s={search_term_string}\"},\"query-input\":\"required name=search_term_string\"}],\"inLanguage\":\"pt-BR\"},{\"@type\":\"Person\",\"@id\":\"https:\/\/portalnpm.com\/#\/schema\/person\/49313e563cfdefcc167f1ee4c017c294\",\"name\":\"Genival Barbosa\",\"image\":{\"@type\":\"ImageObject\",\"inLanguage\":\"pt-BR\",\"@id\":\"https:\/\/portalnpm.com\/#\/schema\/person\/image\/\",\"url\":\"https:\/\/portalnpm.com\/wp-content\/uploads\/2024\/02\/avatar_user_2_1707743258-96x96.jpeg\",\"contentUrl\":\"https:\/\/portalnpm.com\/wp-content\/uploads\/2024\/02\/avatar_user_2_1707743258-96x96.jpeg\",\"caption\":\"Genival Barbosa\"},\"url\":\"https:\/\/portalnpm.com\/index.php\/author\/genival\/\"}]}<\/script>\n<!-- \/ Yoast SEO plugin. -->","yoast_head_json":{"title":"Governo prorroga prazo para aposentados e pensionistas pedirem ressarcimento do INSS - Portal NPM","robots":{"index":"index","follow":"follow","max-snippet":"max-snippet:-1","max-image-preview":"max-image-preview:large","max-video-preview":"max-video-preview:-1"},"canonical":"https:\/\/portalnpm.com\/index.php\/2025\/11\/11\/governo-prorroga-prazo-para-aposentados-e-pensionistas-pedirem-ressarcimento-do-inss\/","og_locale":"pt_BR","og_type":"article","og_title":"Governo prorroga prazo para aposentados e pensionistas pedirem ressarcimento do INSS - Portal NPM","og_description":"Aposentados e pensionistas\u00a0do Instituto Nacional do Seguro Social (INSS)\u00a0v\u00edtimas de descontos indevidos\u00a0ter\u00e3o at\u00e9 o dia 14 de fevereiro de 2026\u00a0para\u00a0solicitar o ressarcimento dos valores. O\u00a0prazo, que inicialmente terminaria em 14 de novembro,\u00a0foi prorrogado pelo governo federal\u00a0na segunda-feira (10). A solicita\u00e7\u00e3o de ressarcimento pode ser feita por meio do aplicativo Meu INSS, pela Central 135 ou &hellip;","og_url":"https:\/\/portalnpm.com\/index.php\/2025\/11\/11\/governo-prorroga-prazo-para-aposentados-e-pensionistas-pedirem-ressarcimento-do-inss\/","og_site_name":"Portal NPM","article_published_time":"2025-11-11T15:47:23+00:00","og_image":[{"width":1200,"height":800,"url":"https:\/\/portalnpm.com\/wp-content\/uploads\/2025\/11\/INSS-rdottwml3l1rnwdoxszavjl7lul95ep9ii995alkxs.webp","type":"image\/webp"}],"author":"Genival Barbosa","twitter_card":"summary_large_image","twitter_misc":{"Escrito por":"Genival Barbosa","Est. tempo de leitura":"3 minutos"},"schema":{"@context":"https:\/\/schema.org","@graph":[{"@type":"WebPage","@id":"https:\/\/portalnpm.com\/index.php\/2025\/11\/11\/governo-prorroga-prazo-para-aposentados-e-pensionistas-pedirem-ressarcimento-do-inss\/","url":"https:\/\/portalnpm.com\/index.php\/2025\/11\/11\/governo-prorroga-prazo-para-aposentados-e-pensionistas-pedirem-ressarcimento-do-inss\/","name":"Governo prorroga prazo para aposentados e pensionistas pedirem ressarcimento do INSS - Portal NPM","isPartOf":{"@id":"https:\/\/portalnpm.com\/#website"},"primaryImageOfPage":{"@id":"https:\/\/portalnpm.com\/index.php\/2025\/11\/11\/governo-prorroga-prazo-para-aposentados-e-pensionistas-pedirem-ressarcimento-do-inss\/#primaryimage"},"image":{"@id":"https:\/\/portalnpm.com\/index.php\/2025\/11\/11\/governo-prorroga-prazo-para-aposentados-e-pensionistas-pedirem-ressarcimento-do-inss\/#primaryimage"},"thumbnailUrl":"https:\/\/portalnpm.com\/wp-content\/uploads\/2025\/11\/INSS-rdottwml3l1rnwdoxszavjl7lul95ep9ii995alkxs.webp","datePublished":"2025-11-11T15:47:23+00:00","dateModified":"2025-11-11T15:47:23+00:00","author":{"@id":"https:\/\/portalnpm.com\/#\/schema\/person\/49313e563cfdefcc167f1ee4c017c294"},"breadcrumb":{"@id":"https:\/\/portalnpm.com\/index.php\/2025\/11\/11\/governo-prorroga-prazo-para-aposentados-e-pensionistas-pedirem-ressarcimento-do-inss\/#breadcrumb"},"inLanguage":"pt-BR","potentialAction":[{"@type":"ReadAction","target":["https:\/\/portalnpm.com\/index.php\/2025\/11\/11\/governo-prorroga-prazo-para-aposentados-e-pensionistas-pedirem-ressarcimento-do-inss\/"]}]},{"@type":"ImageObject","inLanguage":"pt-BR","@id":"https:\/\/portalnpm.com\/index.php\/2025\/11\/11\/governo-prorroga-prazo-para-aposentados-e-pensionistas-pedirem-ressarcimento-do-inss\/#primaryimage","url":"https:\/\/portalnpm.com\/wp-content\/uploads\/2025\/11\/INSS-rdottwml3l1rnwdoxszavjl7lul95ep9ii995alkxs.webp","contentUrl":"https:\/\/portalnpm.com\/wp-content\/uploads\/2025\/11\/INSS-rdottwml3l1rnwdoxszavjl7lul95ep9ii995alkxs.webp","width":1200,"height":800},{"@type":"BreadcrumbList","@id":"https:\/\/portalnpm.com\/index.php\/2025\/11\/11\/governo-prorroga-prazo-para-aposentados-e-pensionistas-pedirem-ressarcimento-do-inss\/#breadcrumb","itemListElement":[{"@type":"ListItem","position":1,"name":"In\u00edcio","item":"https:\/\/portalnpm.com\/"},{"@type":"ListItem","position":2,"name":"Governo prorroga prazo para aposentados e pensionistas pedirem ressarcimento do INSS"}]},{"@type":"WebSite","@id":"https:\/\/portalnpm.com\/#website","url":"https:\/\/portalnpm.com\/","name":"Portal NPM","description":"Not\u00edcias em Primeira M\u00e3o","potentialAction":[{"@type":"SearchAction","target":{"@type":"EntryPoint","urlTemplate":"https:\/\/portalnpm.com\/?s={search_term_string}"},"query-input":"required name=search_term_string"}],"inLanguage":"pt-BR"},{"@type":"Person","@id":"https:\/\/portalnpm.com\/#\/schema\/person\/49313e563cfdefcc167f1ee4c017c294","name":"Genival Barbosa","image":{"@type":"ImageObject","inLanguage":"pt-BR","@id":"https:\/\/portalnpm.com\/#\/schema\/person\/image\/","url":"https:\/\/portalnpm.com\/wp-content\/uploads\/2024\/02\/avatar_user_2_1707743258-96x96.jpeg","contentUrl":"https:\/\/portalnpm.com\/wp-content\/uploads\/2024\/02\/avatar_user_2_1707743258-96x96.jpeg","caption":"Genival Barbosa"},"url":"https:\/\/portalnpm.com\/index.php\/author\/genival\/"}]}},"jetpack_sharing_enabled":true,"jetpack_featured_media_url":"https:\/\/portalnpm.com\/wp-content\/uploads\/2025\/11\/INSS-rdottwml3l1rnwdoxszavjl7lul95ep9ii995alkxs.webp","_links":{"self":[{"href":"https:\/\/portalnpm.com\/index.php\/wp-json\/wp\/v2\/posts\/90388"}],"collection":[{"href":"https:\/\/portalnpm.com\/index.php\/wp-json\/wp\/v2\/posts"}],"about":[{"href":"https:\/\/portalnpm.com\/index.php\/wp-json\/wp\/v2\/types\/post"}],"author":[{"embeddable":true,"href":"https:\/\/portalnpm.com\/index.php\/wp-json\/wp\/v2\/users\/2"}],"replies":[{"embeddable":true,"href":"https:\/\/portalnpm.com\/index.php\/wp-json\/wp\/v2\/comments?post=90388"}],"version-history":[{"count":1,"href":"https:\/\/portalnpm.com\/index.php\/wp-json\/wp\/v2\/posts\/90388\/revisions"}],"predecessor-version":[{"id":90390,"href":"https:\/\/portalnpm.com\/index.php\/wp-json\/wp\/v2\/posts\/90388\/revisions\/90390"}],"wp:featuredmedia":[{"embeddable":true,"href":"https:\/\/portalnpm.com\/index.php\/wp-json\/wp\/v2\/media\/90389"}],"wp:attachment":[{"href":"https:\/\/portalnpm.com\/index.php\/wp-json\/wp\/v2\/media?parent=90388"}],"wp:term":[{"taxonomy":"category","embeddable":true,"href":"https:\/\/portalnpm.com\/index.php\/wp-json\/wp\/v2\/categories?post=90388"},{"taxonomy":"post_tag","embeddable":true,"href":"https:\/\/portalnpm.com\/index.php\/wp-json\/wp\/v2\/tags?post=90388"}],"curies":[{"name":"wp","href":"https:\/\/api.w.org\/{rel}","templated":true}]}}