{"id":90428,"date":"2025-11-13T18:06:46","date_gmt":"2025-11-13T21:06:46","guid":{"rendered":"https:\/\/portalnpm.com\/?p=90428"},"modified":"2025-11-13T18:06:46","modified_gmt":"2025-11-13T21:06:46","slug":"presidente-do-fundo-cobra-camara-municipal-por-atraso-em-projeto-e-alerta-para-colapso-da-previdencia-de-sao-juliao-veja","status":"publish","type":"post","link":"https:\/\/portalnpm.com\/index.php\/2025\/11\/13\/presidente-do-fundo-cobra-camara-municipal-por-atraso-em-projeto-e-alerta-para-colapso-da-previdencia-de-sao-juliao-veja\/","title":{"rendered":"Presidente do Fundo cobra C\u00e2mara Municipal por atraso em projeto e alerta para colapso da Previd\u00eancia de S\u00e3o Juli\u00e3o; veja!"},"content":{"rendered":"<p>A presidente do Fundo Municipal de Previd\u00eancia de S\u00e3o Juli\u00e3o e secret\u00e1ria de Administra\u00e7\u00e3o, Lucilene Pereira, alertou que o Regime Pr\u00f3prio de Previd\u00eancia Social (RPPS) do munic\u00edpio pode colapsar caso a C\u00e2mara Municipal continue sem votar o Projeto de Lei Complementar n\u00ba 01\/2025, parado h\u00e1 mais de sete meses.<\/p>\n<figure id=\"attachment_90432\" aria-describedby=\"caption-attachment-90432\" style=\"width: 209px\" class=\"wp-caption alignnone\"><img fetchpriority=\"high\" decoding=\"async\" class=\"size-medium wp-image-90432\" src=\"https:\/\/portalnpm.com\/wp-content\/uploads\/2025\/11\/IMG-20251113-WA0179-209x300.jpg\" alt=\"\" width=\"209\" height=\"300\" srcset=\"https:\/\/portalnpm.com\/wp-content\/uploads\/2025\/11\/IMG-20251113-WA0179-209x300.jpg 209w, https:\/\/portalnpm.com\/wp-content\/uploads\/2025\/11\/IMG-20251113-WA0179-713x1024.jpg 713w, https:\/\/portalnpm.com\/wp-content\/uploads\/2025\/11\/IMG-20251113-WA0179-768x1103.jpg 768w, https:\/\/portalnpm.com\/wp-content\/uploads\/2025\/11\/IMG-20251113-WA0179-1069x1536.jpg 1069w, https:\/\/portalnpm.com\/wp-content\/uploads\/2025\/11\/IMG-20251113-WA0179.jpg 1114w\" sizes=\"(max-width: 209px) 100vw, 209px\" \/><figcaption id=\"caption-attachment-90432\" class=\"wp-caption-text\">Secret\u00e1ria de Administra\u00e7\u00e3o de S\u00e3o Juli\u00e3o<\/figcaption><\/figure>\n<p>Segundo ela, o sistema enfrenta um d\u00e9ficit superior a R$ 96 milh\u00f5es e j\u00e1 depende de aportes mensais do Tesouro para garantir o pagamento de aposentados e pensionistas. A demora na vota\u00e7\u00e3o, afirma Lucilene, amea\u00e7a diretamente servidores ativos e inativos e compromete o equil\u00edbrio financeiro do munic\u00edpio.<\/p>\n<p>O projeto de reforma previdenci\u00e1ria foi enviado pela gest\u00e3o do prefeito Renaldinho Ramos (PDT) em mar\u00e7o e reenviado em abril, mas segue sem an\u00e1lise. A C\u00e2mara Municipal, presidida por Gracieuda Lopes (MDB), tem maioria de oposi\u00e7\u00e3o ao prefeito, formada por cinco dos nove vereadores, o que, segundo a administra\u00e7\u00e3o, tem dificultado a aprecia\u00e7\u00e3o da proposta.<\/p>\n<p>A reforma busca adequar o regime \u00e0s normas federais, estabelecendo idade m\u00ednima, novas regras de aposentadoria, c\u00e1lculo de proventos pela m\u00e9dia contributiva e contribui\u00e7\u00e3o de inativos acima do sal\u00e1rio m\u00ednimo.<\/p>\n<figure id=\"attachment_90430\" aria-describedby=\"caption-attachment-90430\" style=\"width: 300px\" class=\"wp-caption alignnone\"><img decoding=\"async\" class=\"size-medium wp-image-90430\" src=\"https:\/\/portalnpm.com\/wp-content\/uploads\/2025\/11\/IMG-20251113-WA0178-300x241.jpg\" alt=\"\" width=\"300\" height=\"241\" srcset=\"https:\/\/portalnpm.com\/wp-content\/uploads\/2025\/11\/IMG-20251113-WA0178-300x241.jpg 300w, https:\/\/portalnpm.com\/wp-content\/uploads\/2025\/11\/IMG-20251113-WA0178-1024x822.jpg 1024w, https:\/\/portalnpm.com\/wp-content\/uploads\/2025\/11\/IMG-20251113-WA0178-768x617.jpg 768w, https:\/\/portalnpm.com\/wp-content\/uploads\/2025\/11\/IMG-20251113-WA0178.jpg 1097w\" sizes=\"(max-width: 300px) 100vw, 300px\" \/><figcaption id=\"caption-attachment-90430\" class=\"wp-caption-text\">Lucilene Pereira<\/figcaption><\/figure>\n<blockquote><p>Lucilene classificou a reforma como uma necessidade institucional, e n\u00e3o pol\u00edtica, e convocou servidores a acompanhar as sess\u00f5es da C\u00e2mara. \u201cSem a reforma, o RPPS caminha para o colapso. A C\u00e2mara precisa votar. O futuro dos servidores est\u00e1 em jogo\u201d, afirmou.<\/p><\/blockquote>\n<p>Al\u00e9m da reforma, o projeto que cria cargos para o concurso p\u00fablico municipal tamb\u00e9m segue parado, mesmo ap\u00f3s recomenda\u00e7\u00e3o e multa aplicadas pelo Tribunal de Contas. O certame \u00e9 considerado essencial para refor\u00e7ar a Previd\u00eancia e reduzir o rombo financeiro do fundo.<\/p>\n","protected":false},"excerpt":{"rendered":"<p>A presidente do Fundo Municipal de Previd\u00eancia de S\u00e3o Juli\u00e3o e secret\u00e1ria de Administra\u00e7\u00e3o, Lucilene Pereira, alertou que o Regime Pr\u00f3prio de Previd\u00eancia Social (RPPS) do munic\u00edpio pode colapsar caso a C\u00e2mara Municipal continue sem votar o Projeto de Lei Complementar n\u00ba 01\/2025, parado h\u00e1 mais de sete meses. Segundo ela, o sistema enfrenta um &hellip;<\/p>\n","protected":false},"author":4,"featured_media":90434,"comment_status":"open","ping_status":"open","sticky":false,"template":"","format":"standard","meta":{"content-type":"","rop_custom_images_group":[],"rop_custom_messages_group":[],"rop_publish_now":"yes","rop_publish_now_accounts":{"facebook_2648258775420054_1618374048415101":""},"rop_publish_now_history":[],"rop_publish_now_status":"pending","footnotes":"","_jetpack_memberships_contains_paid_content":false},"categories":[113,109,3998],"tags":[1612,11251,526,1116,4482,836,230,855,3190,1197,1923,852,1167,702,1090,752,1196,842],"yoast_head":"<!-- This site is optimized with the Yoast SEO plugin v22.3 - https:\/\/yoast.com\/wordpress\/plugins\/seo\/ -->\n<title>Presidente do Fundo cobra C\u00e2mara Municipal por atraso em projeto e alerta para colapso da Previd\u00eancia de S\u00e3o Juli\u00e3o; veja! - Portal NPM<\/title>\n<meta name=\"robots\" content=\"index, follow, max-snippet:-1, max-image-preview:large, max-video-preview:-1\" \/>\n<link rel=\"canonical\" href=\"https:\/\/portalnpm.com\/index.php\/2025\/11\/13\/presidente-do-fundo-cobra-camara-municipal-por-atraso-em-projeto-e-alerta-para-colapso-da-previdencia-de-sao-juliao-veja\/\" \/>\n<meta property=\"og:locale\" content=\"pt_BR\" \/>\n<meta property=\"og:type\" content=\"article\" \/>\n<meta property=\"og:title\" content=\"Presidente do Fundo cobra C\u00e2mara Municipal por atraso em projeto e alerta para colapso da Previd\u00eancia de S\u00e3o Juli\u00e3o; veja! - Portal NPM\" \/>\n<meta property=\"og:description\" content=\"A presidente do Fundo Municipal de Previd\u00eancia de S\u00e3o Juli\u00e3o e secret\u00e1ria de Administra\u00e7\u00e3o, Lucilene Pereira, alertou que o Regime Pr\u00f3prio de Previd\u00eancia Social (RPPS) do munic\u00edpio pode colapsar caso a C\u00e2mara Municipal continue sem votar o Projeto de Lei Complementar n\u00ba 01\/2025, parado h\u00e1 mais de sete meses. Segundo ela, o sistema enfrenta um &hellip;\" \/>\n<meta property=\"og:url\" content=\"https:\/\/portalnpm.com\/index.php\/2025\/11\/13\/presidente-do-fundo-cobra-camara-municipal-por-atraso-em-projeto-e-alerta-para-colapso-da-previdencia-de-sao-juliao-veja\/\" \/>\n<meta property=\"og:site_name\" content=\"Portal NPM\" \/>\n<meta property=\"article:published_time\" content=\"2025-11-13T21:06:46+00:00\" \/>\n<meta property=\"og:image\" content=\"https:\/\/portalnpm.com\/wp-content\/uploads\/2025\/11\/IMG-20251113-WA0177.jpg\" \/>\n\t<meta property=\"og:image:width\" content=\"1078\" \/>\n\t<meta property=\"og:image:height\" content=\"904\" \/>\n\t<meta property=\"og:image:type\" content=\"image\/jpeg\" \/>\n<meta name=\"author\" content=\"Reda\u00e7\u00e3o\" \/>\n<meta name=\"twitter:card\" content=\"summary_large_image\" \/>\n<meta name=\"twitter:label1\" content=\"Escrito por\" \/>\n\t<meta name=\"twitter:data1\" content=\"Reda\u00e7\u00e3o\" \/>\n\t<meta name=\"twitter:label2\" content=\"Est. tempo de leitura\" \/>\n\t<meta name=\"twitter:data2\" content=\"2 minutos\" \/>\n<script type=\"application\/ld+json\" class=\"yoast-schema-graph\">{\"@context\":\"https:\/\/schema.org\",\"@graph\":[{\"@type\":\"WebPage\",\"@id\":\"https:\/\/portalnpm.com\/index.php\/2025\/11\/13\/presidente-do-fundo-cobra-camara-municipal-por-atraso-em-projeto-e-alerta-para-colapso-da-previdencia-de-sao-juliao-veja\/\",\"url\":\"https:\/\/portalnpm.com\/index.php\/2025\/11\/13\/presidente-do-fundo-cobra-camara-municipal-por-atraso-em-projeto-e-alerta-para-colapso-da-previdencia-de-sao-juliao-veja\/\",\"name\":\"Presidente do Fundo cobra C\u00e2mara Municipal por atraso em projeto e alerta para colapso da Previd\u00eancia de S\u00e3o Juli\u00e3o; veja! - Portal NPM\",\"isPartOf\":{\"@id\":\"https:\/\/portalnpm.com\/#website\"},\"primaryImageOfPage\":{\"@id\":\"https:\/\/portalnpm.com\/index.php\/2025\/11\/13\/presidente-do-fundo-cobra-camara-municipal-por-atraso-em-projeto-e-alerta-para-colapso-da-previdencia-de-sao-juliao-veja\/#primaryimage\"},\"image\":{\"@id\":\"https:\/\/portalnpm.com\/index.php\/2025\/11\/13\/presidente-do-fundo-cobra-camara-municipal-por-atraso-em-projeto-e-alerta-para-colapso-da-previdencia-de-sao-juliao-veja\/#primaryimage\"},\"thumbnailUrl\":\"https:\/\/portalnpm.com\/wp-content\/uploads\/2025\/11\/IMG-20251113-WA0177.jpg\",\"datePublished\":\"2025-11-13T21:06:46+00:00\",\"dateModified\":\"2025-11-13T21:06:46+00:00\",\"author\":{\"@id\":\"https:\/\/portalnpm.com\/#\/schema\/person\/0b5f230ec96cee25504fa328e7f2b733\"},\"breadcrumb\":{\"@id\":\"https:\/\/portalnpm.com\/index.php\/2025\/11\/13\/presidente-do-fundo-cobra-camara-municipal-por-atraso-em-projeto-e-alerta-para-colapso-da-previdencia-de-sao-juliao-veja\/#breadcrumb\"},\"inLanguage\":\"pt-BR\",\"potentialAction\":[{\"@type\":\"ReadAction\",\"target\":[\"https:\/\/portalnpm.com\/index.php\/2025\/11\/13\/presidente-do-fundo-cobra-camara-municipal-por-atraso-em-projeto-e-alerta-para-colapso-da-previdencia-de-sao-juliao-veja\/\"]}]},{\"@type\":\"ImageObject\",\"inLanguage\":\"pt-BR\",\"@id\":\"https:\/\/portalnpm.com\/index.php\/2025\/11\/13\/presidente-do-fundo-cobra-camara-municipal-por-atraso-em-projeto-e-alerta-para-colapso-da-previdencia-de-sao-juliao-veja\/#primaryimage\",\"url\":\"https:\/\/portalnpm.com\/wp-content\/uploads\/2025\/11\/IMG-20251113-WA0177.jpg\",\"contentUrl\":\"https:\/\/portalnpm.com\/wp-content\/uploads\/2025\/11\/IMG-20251113-WA0177.jpg\",\"width\":1078,\"height\":904},{\"@type\":\"BreadcrumbList\",\"@id\":\"https:\/\/portalnpm.com\/index.php\/2025\/11\/13\/presidente-do-fundo-cobra-camara-municipal-por-atraso-em-projeto-e-alerta-para-colapso-da-previdencia-de-sao-juliao-veja\/#breadcrumb\",\"itemListElement\":[{\"@type\":\"ListItem\",\"position\":1,\"name\":\"In\u00edcio\",\"item\":\"https:\/\/portalnpm.com\/\"},{\"@type\":\"ListItem\",\"position\":2,\"name\":\"Presidente do Fundo cobra C\u00e2mara Municipal por atraso em projeto e alerta para colapso da Previd\u00eancia de S\u00e3o Juli\u00e3o; veja!\"}]},{\"@type\":\"WebSite\",\"@id\":\"https:\/\/portalnpm.com\/#website\",\"url\":\"https:\/\/portalnpm.com\/\",\"name\":\"Portal NPM\",\"description\":\"Not\u00edcias em Primeira M\u00e3o\",\"potentialAction\":[{\"@type\":\"SearchAction\",\"target\":{\"@type\":\"EntryPoint\",\"urlTemplate\":\"https:\/\/portalnpm.com\/?s={search_term_string}\"},\"query-input\":\"required name=search_term_string\"}],\"inLanguage\":\"pt-BR\"},{\"@type\":\"Person\",\"@id\":\"https:\/\/portalnpm.com\/#\/schema\/person\/0b5f230ec96cee25504fa328e7f2b733\",\"name\":\"Reda\u00e7\u00e3o\",\"image\":{\"@type\":\"ImageObject\",\"inLanguage\":\"pt-BR\",\"@id\":\"https:\/\/portalnpm.com\/#\/schema\/person\/image\/\",\"url\":\"https:\/\/portalnpm.com\/wp-content\/uploads\/2024\/03\/avatar_user_4_1710097212-96x96.png\",\"contentUrl\":\"https:\/\/portalnpm.com\/wp-content\/uploads\/2024\/03\/avatar_user_4_1710097212-96x96.png\",\"caption\":\"Reda\u00e7\u00e3o\"},\"url\":\"https:\/\/portalnpm.com\/index.php\/author\/redacao\/\"}]}<\/script>\n<!-- \/ Yoast SEO plugin. -->","yoast_head_json":{"title":"Presidente do Fundo cobra C\u00e2mara Municipal por atraso em projeto e alerta para colapso da Previd\u00eancia de S\u00e3o Juli\u00e3o; veja! - Portal NPM","robots":{"index":"index","follow":"follow","max-snippet":"max-snippet:-1","max-image-preview":"max-image-preview:large","max-video-preview":"max-video-preview:-1"},"canonical":"https:\/\/portalnpm.com\/index.php\/2025\/11\/13\/presidente-do-fundo-cobra-camara-municipal-por-atraso-em-projeto-e-alerta-para-colapso-da-previdencia-de-sao-juliao-veja\/","og_locale":"pt_BR","og_type":"article","og_title":"Presidente do Fundo cobra C\u00e2mara Municipal por atraso em projeto e alerta para colapso da Previd\u00eancia de S\u00e3o Juli\u00e3o; veja! - Portal NPM","og_description":"A presidente do Fundo Municipal de Previd\u00eancia de S\u00e3o Juli\u00e3o e secret\u00e1ria de Administra\u00e7\u00e3o, Lucilene Pereira, alertou que o Regime Pr\u00f3prio de Previd\u00eancia Social (RPPS) do munic\u00edpio pode colapsar caso a C\u00e2mara Municipal continue sem votar o Projeto de Lei Complementar n\u00ba 01\/2025, parado h\u00e1 mais de sete meses. Segundo ela, o sistema enfrenta um &hellip;","og_url":"https:\/\/portalnpm.com\/index.php\/2025\/11\/13\/presidente-do-fundo-cobra-camara-municipal-por-atraso-em-projeto-e-alerta-para-colapso-da-previdencia-de-sao-juliao-veja\/","og_site_name":"Portal NPM","article_published_time":"2025-11-13T21:06:46+00:00","og_image":[{"width":1078,"height":904,"url":"https:\/\/portalnpm.com\/wp-content\/uploads\/2025\/11\/IMG-20251113-WA0177.jpg","type":"image\/jpeg"}],"author":"Reda\u00e7\u00e3o","twitter_card":"summary_large_image","twitter_misc":{"Escrito por":"Reda\u00e7\u00e3o","Est. tempo de leitura":"2 minutos"},"schema":{"@context":"https:\/\/schema.org","@graph":[{"@type":"WebPage","@id":"https:\/\/portalnpm.com\/index.php\/2025\/11\/13\/presidente-do-fundo-cobra-camara-municipal-por-atraso-em-projeto-e-alerta-para-colapso-da-previdencia-de-sao-juliao-veja\/","url":"https:\/\/portalnpm.com\/index.php\/2025\/11\/13\/presidente-do-fundo-cobra-camara-municipal-por-atraso-em-projeto-e-alerta-para-colapso-da-previdencia-de-sao-juliao-veja\/","name":"Presidente do Fundo cobra C\u00e2mara Municipal por atraso em projeto e alerta para colapso da Previd\u00eancia de S\u00e3o Juli\u00e3o; veja! - Portal NPM","isPartOf":{"@id":"https:\/\/portalnpm.com\/#website"},"primaryImageOfPage":{"@id":"https:\/\/portalnpm.com\/index.php\/2025\/11\/13\/presidente-do-fundo-cobra-camara-municipal-por-atraso-em-projeto-e-alerta-para-colapso-da-previdencia-de-sao-juliao-veja\/#primaryimage"},"image":{"@id":"https:\/\/portalnpm.com\/index.php\/2025\/11\/13\/presidente-do-fundo-cobra-camara-municipal-por-atraso-em-projeto-e-alerta-para-colapso-da-previdencia-de-sao-juliao-veja\/#primaryimage"},"thumbnailUrl":"https:\/\/portalnpm.com\/wp-content\/uploads\/2025\/11\/IMG-20251113-WA0177.jpg","datePublished":"2025-11-13T21:06:46+00:00","dateModified":"2025-11-13T21:06:46+00:00","author":{"@id":"https:\/\/portalnpm.com\/#\/schema\/person\/0b5f230ec96cee25504fa328e7f2b733"},"breadcrumb":{"@id":"https:\/\/portalnpm.com\/index.php\/2025\/11\/13\/presidente-do-fundo-cobra-camara-municipal-por-atraso-em-projeto-e-alerta-para-colapso-da-previdencia-de-sao-juliao-veja\/#breadcrumb"},"inLanguage":"pt-BR","potentialAction":[{"@type":"ReadAction","target":["https:\/\/portalnpm.com\/index.php\/2025\/11\/13\/presidente-do-fundo-cobra-camara-municipal-por-atraso-em-projeto-e-alerta-para-colapso-da-previdencia-de-sao-juliao-veja\/"]}]},{"@type":"ImageObject","inLanguage":"pt-BR","@id":"https:\/\/portalnpm.com\/index.php\/2025\/11\/13\/presidente-do-fundo-cobra-camara-municipal-por-atraso-em-projeto-e-alerta-para-colapso-da-previdencia-de-sao-juliao-veja\/#primaryimage","url":"https:\/\/portalnpm.com\/wp-content\/uploads\/2025\/11\/IMG-20251113-WA0177.jpg","contentUrl":"https:\/\/portalnpm.com\/wp-content\/uploads\/2025\/11\/IMG-20251113-WA0177.jpg","width":1078,"height":904},{"@type":"BreadcrumbList","@id":"https:\/\/portalnpm.com\/index.php\/2025\/11\/13\/presidente-do-fundo-cobra-camara-municipal-por-atraso-em-projeto-e-alerta-para-colapso-da-previdencia-de-sao-juliao-veja\/#breadcrumb","itemListElement":[{"@type":"ListItem","position":1,"name":"In\u00edcio","item":"https:\/\/portalnpm.com\/"},{"@type":"ListItem","position":2,"name":"Presidente do Fundo cobra C\u00e2mara Municipal por atraso em projeto e alerta para colapso da Previd\u00eancia de S\u00e3o Juli\u00e3o; veja!"}]},{"@type":"WebSite","@id":"https:\/\/portalnpm.com\/#website","url":"https:\/\/portalnpm.com\/","name":"Portal NPM","description":"Not\u00edcias em Primeira M\u00e3o","potentialAction":[{"@type":"SearchAction","target":{"@type":"EntryPoint","urlTemplate":"https:\/\/portalnpm.com\/?s={search_term_string}"},"query-input":"required name=search_term_string"}],"inLanguage":"pt-BR"},{"@type":"Person","@id":"https:\/\/portalnpm.com\/#\/schema\/person\/0b5f230ec96cee25504fa328e7f2b733","name":"Reda\u00e7\u00e3o","image":{"@type":"ImageObject","inLanguage":"pt-BR","@id":"https:\/\/portalnpm.com\/#\/schema\/person\/image\/","url":"https:\/\/portalnpm.com\/wp-content\/uploads\/2024\/03\/avatar_user_4_1710097212-96x96.png","contentUrl":"https:\/\/portalnpm.com\/wp-content\/uploads\/2024\/03\/avatar_user_4_1710097212-96x96.png","caption":"Reda\u00e7\u00e3o"},"url":"https:\/\/portalnpm.com\/index.php\/author\/redacao\/"}]}},"jetpack_sharing_enabled":true,"jetpack_featured_media_url":"https:\/\/portalnpm.com\/wp-content\/uploads\/2025\/11\/IMG-20251113-WA0177.jpg","_links":{"self":[{"href":"https:\/\/portalnpm.com\/index.php\/wp-json\/wp\/v2\/posts\/90428"}],"collection":[{"href":"https:\/\/portalnpm.com\/index.php\/wp-json\/wp\/v2\/posts"}],"about":[{"href":"https:\/\/portalnpm.com\/index.php\/wp-json\/wp\/v2\/types\/post"}],"author":[{"embeddable":true,"href":"https:\/\/portalnpm.com\/index.php\/wp-json\/wp\/v2\/users\/4"}],"replies":[{"embeddable":true,"href":"https:\/\/portalnpm.com\/index.php\/wp-json\/wp\/v2\/comments?post=90428"}],"version-history":[{"count":2,"href":"https:\/\/portalnpm.com\/index.php\/wp-json\/wp\/v2\/posts\/90428\/revisions"}],"predecessor-version":[{"id":90433,"href":"https:\/\/portalnpm.com\/index.php\/wp-json\/wp\/v2\/posts\/90428\/revisions\/90433"}],"wp:featuredmedia":[{"embeddable":true,"href":"https:\/\/portalnpm.com\/index.php\/wp-json\/wp\/v2\/media\/90434"}],"wp:attachment":[{"href":"https:\/\/portalnpm.com\/index.php\/wp-json\/wp\/v2\/media?parent=90428"}],"wp:term":[{"taxonomy":"category","embeddable":true,"href":"https:\/\/portalnpm.com\/index.php\/wp-json\/wp\/v2\/categories?post=90428"},{"taxonomy":"post_tag","embeddable":true,"href":"https:\/\/portalnpm.com\/index.php\/wp-json\/wp\/v2\/tags?post=90428"}],"curies":[{"name":"wp","href":"https:\/\/api.w.org\/{rel}","templated":true}]}}