{"id":9060,"date":"2019-06-14T17:48:14","date_gmt":"2019-06-14T20:48:14","guid":{"rendered":"http:\/\/srv.portalnpm.com.br\/?p=9060"},"modified":"2019-06-14T17:48:14","modified_gmt":"2019-06-14T20:48:14","slug":"em-sao-juliao-motos-com-canos-barulhentos-ou-conduzidas-por-menores-serao-apreendidas-diz-comandante-do-gpm","status":"publish","type":"post","link":"https:\/\/portalnpm.com\/index.php\/2019\/06\/14\/em-sao-juliao-motos-com-canos-barulhentos-ou-conduzidas-por-menores-serao-apreendidas-diz-comandante-do-gpm\/","title":{"rendered":"Em S\u00e3o Juli\u00e3o, motos com canos barulhentos ou conduzidas por menores ser\u00e3o apreendidas, diz comandante do GPM"},"content":{"rendered":"<p style=\"text-align: justify;\">O Grupamento de Pol\u00edcia Militar \u2013 GPM de S\u00e3o Juli\u00e3o \u2013 PI, atrav\u00e9s do comandante Xavier, informou \u00e0 reda\u00e7\u00e3o do\u00a0<a href=\"https:\/\/www.facebook.com\/ENoticiasOficial\/\"><strong><em>Portal \u00c9 Not\u00edcias<\/em><\/strong><\/a>\u00a0que vai intensificar a fiscaliza\u00e7\u00e3o no munic\u00edpio contra motocicletas que utilizam escapamentos n\u00e3o autorizados pelas leis de tr\u00e2nsito.<\/p>\n<p style=\"text-align: justify;\">De acordo com Sargento Xavier, os condutores que forem flagrados pela pol\u00edcia com sua motocicleta com cano barulhento, ser\u00e3o autuados com Termos Circunstanciados de Ocorr\u00eancia (TCOs) e ter\u00e3o que responder na justi\u00e7a pelas irregularidades.<\/p>\n<p style=\"text-align: justify;\">Outra irregularidade que ser\u00e1 combatida pela pol\u00edcia, segundo informou o comandante do GPM, \u00e9 a condu\u00e7\u00e3o de motos ou carros por menores de idade.<\/p>\n<p style=\"text-align: justify;\">\u201cVamos realizar dilig\u00eancias constantes para apreender motos irregulares no munic\u00edpio. Seja com canos barulhentos ou conduzidas por menores. Quem for pego em flagrante ter\u00e1 a moto apreendida e os respons\u00e1veis ter\u00e3o que responder Termo Circunstanciado de Ocorr\u00eancia\u201d, informou o Sargento Xavier.<\/p>\n<p style=\"text-align: left;\"><strong>FONTE: Jeremias Carvalho \/ Portal \u00c9 Not\u00edcias\u00a0<\/strong><\/p>\n","protected":false},"excerpt":{"rendered":"<p>O Grupamento de Pol\u00edcia Militar \u2013 GPM de S\u00e3o Juli\u00e3o \u2013 PI, atrav\u00e9s do comandante Xavier, informou \u00e0 reda\u00e7\u00e3o do\u00a0Portal \u00c9 Not\u00edcias\u00a0que vai intensificar a fiscaliza\u00e7\u00e3o no munic\u00edpio contra motocicletas que utilizam escapamentos n\u00e3o autorizados pelas leis de tr\u00e2nsito. De acordo com Sargento Xavier, os condutores que forem flagrados pela pol\u00edcia com sua motocicleta com &hellip;<\/p>\n","protected":false},"author":4,"featured_media":9061,"comment_status":"open","ping_status":"open","sticky":false,"template":"","format":"standard","meta":{"content-type":"","rop_custom_images_group":[],"rop_custom_messages_group":[],"rop_publish_now":"initial","rop_publish_now_accounts":{"facebook_2648258775420054_1618374048415101":""},"rop_publish_now_history":[],"rop_publish_now_status":"pending","footnotes":"","_jetpack_memberships_contains_paid_content":false},"categories":[109,136],"tags":[2978,2979,2911,137],"yoast_head":"<!-- This site is optimized with the Yoast SEO plugin v22.3 - https:\/\/yoast.com\/wordpress\/plugins\/seo\/ -->\n<title>Em S\u00e3o Juli\u00e3o, motos com canos barulhentos ou conduzidas por menores ser\u00e3o apreendidas, diz comandante do GPM - Portal NPM<\/title>\n<meta name=\"robots\" content=\"index, follow, max-snippet:-1, max-image-preview:large, max-video-preview:-1\" \/>\n<link rel=\"canonical\" href=\"https:\/\/portalnpm.com\/index.php\/2019\/06\/14\/em-sao-juliao-motos-com-canos-barulhentos-ou-conduzidas-por-menores-serao-apreendidas-diz-comandante-do-gpm\/\" \/>\n<meta property=\"og:locale\" content=\"pt_BR\" \/>\n<meta property=\"og:type\" content=\"article\" \/>\n<meta property=\"og:title\" content=\"Em S\u00e3o Juli\u00e3o, motos com canos barulhentos ou conduzidas por menores ser\u00e3o apreendidas, diz comandante do GPM - Portal NPM\" \/>\n<meta property=\"og:description\" content=\"O Grupamento de Pol\u00edcia Militar \u2013 GPM de S\u00e3o Juli\u00e3o \u2013 PI, atrav\u00e9s do comandante Xavier, informou \u00e0 reda\u00e7\u00e3o do\u00a0Portal \u00c9 Not\u00edcias\u00a0que vai intensificar a fiscaliza\u00e7\u00e3o no munic\u00edpio contra motocicletas que utilizam escapamentos n\u00e3o autorizados pelas leis de tr\u00e2nsito. De acordo com Sargento Xavier, os condutores que forem flagrados pela pol\u00edcia com sua motocicleta com &hellip;\" \/>\n<meta property=\"og:url\" content=\"https:\/\/portalnpm.com\/index.php\/2019\/06\/14\/em-sao-juliao-motos-com-canos-barulhentos-ou-conduzidas-por-menores-serao-apreendidas-diz-comandante-do-gpm\/\" \/>\n<meta property=\"og:site_name\" content=\"Portal NPM\" \/>\n<meta property=\"article:published_time\" content=\"2019-06-14T20:48:14+00:00\" \/>\n<meta name=\"author\" content=\"Reda\u00e7\u00e3o\" \/>\n<meta name=\"twitter:card\" content=\"summary_large_image\" \/>\n<meta name=\"twitter:label1\" content=\"Escrito por\" \/>\n\t<meta name=\"twitter:data1\" content=\"Reda\u00e7\u00e3o\" \/>\n\t<meta name=\"twitter:label2\" content=\"Est. tempo de leitura\" \/>\n\t<meta name=\"twitter:data2\" content=\"1 minuto\" \/>\n<script type=\"application\/ld+json\" class=\"yoast-schema-graph\">{\"@context\":\"https:\/\/schema.org\",\"@graph\":[{\"@type\":\"WebPage\",\"@id\":\"https:\/\/portalnpm.com\/index.php\/2019\/06\/14\/em-sao-juliao-motos-com-canos-barulhentos-ou-conduzidas-por-menores-serao-apreendidas-diz-comandante-do-gpm\/\",\"url\":\"https:\/\/portalnpm.com\/index.php\/2019\/06\/14\/em-sao-juliao-motos-com-canos-barulhentos-ou-conduzidas-por-menores-serao-apreendidas-diz-comandante-do-gpm\/\",\"name\":\"Em S\u00e3o Juli\u00e3o, motos com canos barulhentos ou conduzidas por menores ser\u00e3o apreendidas, diz comandante do GPM - Portal NPM\",\"isPartOf\":{\"@id\":\"https:\/\/portalnpm.com\/#website\"},\"primaryImageOfPage\":{\"@id\":\"https:\/\/portalnpm.com\/index.php\/2019\/06\/14\/em-sao-juliao-motos-com-canos-barulhentos-ou-conduzidas-por-menores-serao-apreendidas-diz-comandante-do-gpm\/#primaryimage\"},\"image\":{\"@id\":\"https:\/\/portalnpm.com\/index.php\/2019\/06\/14\/em-sao-juliao-motos-com-canos-barulhentos-ou-conduzidas-por-menores-serao-apreendidas-diz-comandante-do-gpm\/#primaryimage\"},\"thumbnailUrl\":\"\",\"datePublished\":\"2019-06-14T20:48:14+00:00\",\"dateModified\":\"2019-06-14T20:48:14+00:00\",\"author\":{\"@id\":\"https:\/\/portalnpm.com\/#\/schema\/person\/0b5f230ec96cee25504fa328e7f2b733\"},\"breadcrumb\":{\"@id\":\"https:\/\/portalnpm.com\/index.php\/2019\/06\/14\/em-sao-juliao-motos-com-canos-barulhentos-ou-conduzidas-por-menores-serao-apreendidas-diz-comandante-do-gpm\/#breadcrumb\"},\"inLanguage\":\"pt-BR\",\"potentialAction\":[{\"@type\":\"ReadAction\",\"target\":[\"https:\/\/portalnpm.com\/index.php\/2019\/06\/14\/em-sao-juliao-motos-com-canos-barulhentos-ou-conduzidas-por-menores-serao-apreendidas-diz-comandante-do-gpm\/\"]}]},{\"@type\":\"ImageObject\",\"inLanguage\":\"pt-BR\",\"@id\":\"https:\/\/portalnpm.com\/index.php\/2019\/06\/14\/em-sao-juliao-motos-com-canos-barulhentos-ou-conduzidas-por-menores-serao-apreendidas-diz-comandante-do-gpm\/#primaryimage\",\"url\":\"\",\"contentUrl\":\"\"},{\"@type\":\"BreadcrumbList\",\"@id\":\"https:\/\/portalnpm.com\/index.php\/2019\/06\/14\/em-sao-juliao-motos-com-canos-barulhentos-ou-conduzidas-por-menores-serao-apreendidas-diz-comandante-do-gpm\/#breadcrumb\",\"itemListElement\":[{\"@type\":\"ListItem\",\"position\":1,\"name\":\"In\u00edcio\",\"item\":\"https:\/\/portalnpm.com\/\"},{\"@type\":\"ListItem\",\"position\":2,\"name\":\"Em S\u00e3o Juli\u00e3o, motos com canos barulhentos ou conduzidas por menores ser\u00e3o apreendidas, diz comandante do GPM\"}]},{\"@type\":\"WebSite\",\"@id\":\"https:\/\/portalnpm.com\/#website\",\"url\":\"https:\/\/portalnpm.com\/\",\"name\":\"Portal NPM\",\"description\":\"Not\u00edcias em Primeira M\u00e3o\",\"potentialAction\":[{\"@type\":\"SearchAction\",\"target\":{\"@type\":\"EntryPoint\",\"urlTemplate\":\"https:\/\/portalnpm.com\/?s={search_term_string}\"},\"query-input\":\"required name=search_term_string\"}],\"inLanguage\":\"pt-BR\"},{\"@type\":\"Person\",\"@id\":\"https:\/\/portalnpm.com\/#\/schema\/person\/0b5f230ec96cee25504fa328e7f2b733\",\"name\":\"Reda\u00e7\u00e3o\",\"image\":{\"@type\":\"ImageObject\",\"inLanguage\":\"pt-BR\",\"@id\":\"https:\/\/portalnpm.com\/#\/schema\/person\/image\/\",\"url\":\"https:\/\/portalnpm.com\/wp-content\/uploads\/2024\/03\/avatar_user_4_1710097212-96x96.png\",\"contentUrl\":\"https:\/\/portalnpm.com\/wp-content\/uploads\/2024\/03\/avatar_user_4_1710097212-96x96.png\",\"caption\":\"Reda\u00e7\u00e3o\"},\"url\":\"https:\/\/portalnpm.com\/index.php\/author\/redacao\/\"}]}<\/script>\n<!-- \/ Yoast SEO plugin. -->","yoast_head_json":{"title":"Em S\u00e3o Juli\u00e3o, motos com canos barulhentos ou conduzidas por menores ser\u00e3o apreendidas, diz comandante do GPM - Portal NPM","robots":{"index":"index","follow":"follow","max-snippet":"max-snippet:-1","max-image-preview":"max-image-preview:large","max-video-preview":"max-video-preview:-1"},"canonical":"https:\/\/portalnpm.com\/index.php\/2019\/06\/14\/em-sao-juliao-motos-com-canos-barulhentos-ou-conduzidas-por-menores-serao-apreendidas-diz-comandante-do-gpm\/","og_locale":"pt_BR","og_type":"article","og_title":"Em S\u00e3o Juli\u00e3o, motos com canos barulhentos ou conduzidas por menores ser\u00e3o apreendidas, diz comandante do GPM - Portal NPM","og_description":"O Grupamento de Pol\u00edcia Militar \u2013 GPM de S\u00e3o Juli\u00e3o \u2013 PI, atrav\u00e9s do comandante Xavier, informou \u00e0 reda\u00e7\u00e3o do\u00a0Portal \u00c9 Not\u00edcias\u00a0que vai intensificar a fiscaliza\u00e7\u00e3o no munic\u00edpio contra motocicletas que utilizam escapamentos n\u00e3o autorizados pelas leis de tr\u00e2nsito. De acordo com Sargento Xavier, os condutores que forem flagrados pela pol\u00edcia com sua motocicleta com &hellip;","og_url":"https:\/\/portalnpm.com\/index.php\/2019\/06\/14\/em-sao-juliao-motos-com-canos-barulhentos-ou-conduzidas-por-menores-serao-apreendidas-diz-comandante-do-gpm\/","og_site_name":"Portal NPM","article_published_time":"2019-06-14T20:48:14+00:00","author":"Reda\u00e7\u00e3o","twitter_card":"summary_large_image","twitter_misc":{"Escrito por":"Reda\u00e7\u00e3o","Est. tempo de leitura":"1 minuto"},"schema":{"@context":"https:\/\/schema.org","@graph":[{"@type":"WebPage","@id":"https:\/\/portalnpm.com\/index.php\/2019\/06\/14\/em-sao-juliao-motos-com-canos-barulhentos-ou-conduzidas-por-menores-serao-apreendidas-diz-comandante-do-gpm\/","url":"https:\/\/portalnpm.com\/index.php\/2019\/06\/14\/em-sao-juliao-motos-com-canos-barulhentos-ou-conduzidas-por-menores-serao-apreendidas-diz-comandante-do-gpm\/","name":"Em S\u00e3o Juli\u00e3o, motos com canos barulhentos ou conduzidas por menores ser\u00e3o apreendidas, diz comandante do GPM - Portal NPM","isPartOf":{"@id":"https:\/\/portalnpm.com\/#website"},"primaryImageOfPage":{"@id":"https:\/\/portalnpm.com\/index.php\/2019\/06\/14\/em-sao-juliao-motos-com-canos-barulhentos-ou-conduzidas-por-menores-serao-apreendidas-diz-comandante-do-gpm\/#primaryimage"},"image":{"@id":"https:\/\/portalnpm.com\/index.php\/2019\/06\/14\/em-sao-juliao-motos-com-canos-barulhentos-ou-conduzidas-por-menores-serao-apreendidas-diz-comandante-do-gpm\/#primaryimage"},"thumbnailUrl":"","datePublished":"2019-06-14T20:48:14+00:00","dateModified":"2019-06-14T20:48:14+00:00","author":{"@id":"https:\/\/portalnpm.com\/#\/schema\/person\/0b5f230ec96cee25504fa328e7f2b733"},"breadcrumb":{"@id":"https:\/\/portalnpm.com\/index.php\/2019\/06\/14\/em-sao-juliao-motos-com-canos-barulhentos-ou-conduzidas-por-menores-serao-apreendidas-diz-comandante-do-gpm\/#breadcrumb"},"inLanguage":"pt-BR","potentialAction":[{"@type":"ReadAction","target":["https:\/\/portalnpm.com\/index.php\/2019\/06\/14\/em-sao-juliao-motos-com-canos-barulhentos-ou-conduzidas-por-menores-serao-apreendidas-diz-comandante-do-gpm\/"]}]},{"@type":"ImageObject","inLanguage":"pt-BR","@id":"https:\/\/portalnpm.com\/index.php\/2019\/06\/14\/em-sao-juliao-motos-com-canos-barulhentos-ou-conduzidas-por-menores-serao-apreendidas-diz-comandante-do-gpm\/#primaryimage","url":"","contentUrl":""},{"@type":"BreadcrumbList","@id":"https:\/\/portalnpm.com\/index.php\/2019\/06\/14\/em-sao-juliao-motos-com-canos-barulhentos-ou-conduzidas-por-menores-serao-apreendidas-diz-comandante-do-gpm\/#breadcrumb","itemListElement":[{"@type":"ListItem","position":1,"name":"In\u00edcio","item":"https:\/\/portalnpm.com\/"},{"@type":"ListItem","position":2,"name":"Em S\u00e3o Juli\u00e3o, motos com canos barulhentos ou conduzidas por menores ser\u00e3o apreendidas, diz comandante do GPM"}]},{"@type":"WebSite","@id":"https:\/\/portalnpm.com\/#website","url":"https:\/\/portalnpm.com\/","name":"Portal NPM","description":"Not\u00edcias em Primeira M\u00e3o","potentialAction":[{"@type":"SearchAction","target":{"@type":"EntryPoint","urlTemplate":"https:\/\/portalnpm.com\/?s={search_term_string}"},"query-input":"required name=search_term_string"}],"inLanguage":"pt-BR"},{"@type":"Person","@id":"https:\/\/portalnpm.com\/#\/schema\/person\/0b5f230ec96cee25504fa328e7f2b733","name":"Reda\u00e7\u00e3o","image":{"@type":"ImageObject","inLanguage":"pt-BR","@id":"https:\/\/portalnpm.com\/#\/schema\/person\/image\/","url":"https:\/\/portalnpm.com\/wp-content\/uploads\/2024\/03\/avatar_user_4_1710097212-96x96.png","contentUrl":"https:\/\/portalnpm.com\/wp-content\/uploads\/2024\/03\/avatar_user_4_1710097212-96x96.png","caption":"Reda\u00e7\u00e3o"},"url":"https:\/\/portalnpm.com\/index.php\/author\/redacao\/"}]}},"jetpack_sharing_enabled":true,"jetpack_featured_media_url":"","_links":{"self":[{"href":"https:\/\/portalnpm.com\/index.php\/wp-json\/wp\/v2\/posts\/9060"}],"collection":[{"href":"https:\/\/portalnpm.com\/index.php\/wp-json\/wp\/v2\/posts"}],"about":[{"href":"https:\/\/portalnpm.com\/index.php\/wp-json\/wp\/v2\/types\/post"}],"author":[{"embeddable":true,"href":"https:\/\/portalnpm.com\/index.php\/wp-json\/wp\/v2\/users\/4"}],"replies":[{"embeddable":true,"href":"https:\/\/portalnpm.com\/index.php\/wp-json\/wp\/v2\/comments?post=9060"}],"version-history":[{"count":0,"href":"https:\/\/portalnpm.com\/index.php\/wp-json\/wp\/v2\/posts\/9060\/revisions"}],"wp:featuredmedia":[{"embeddable":true,"href":"https:\/\/portalnpm.com\/index.php\/wp-json\/"}],"wp:attachment":[{"href":"https:\/\/portalnpm.com\/index.php\/wp-json\/wp\/v2\/media?parent=9060"}],"wp:term":[{"taxonomy":"category","embeddable":true,"href":"https:\/\/portalnpm.com\/index.php\/wp-json\/wp\/v2\/categories?post=9060"},{"taxonomy":"post_tag","embeddable":true,"href":"https:\/\/portalnpm.com\/index.php\/wp-json\/wp\/v2\/tags?post=9060"}],"curies":[{"name":"wp","href":"https:\/\/api.w.org\/{rel}","templated":true}]}}