{"id":908,"date":"2018-08-23T16:59:24","date_gmt":"2018-08-23T19:59:24","guid":{"rendered":"http:\/\/srv.portalnpm.com.br\/?p=908"},"modified":"2018-08-23T16:59:24","modified_gmt":"2018-08-23T19:59:24","slug":"jovem-fronteirense-perde-a-luta-contra-o-cancer-em-sao-paulo","status":"publish","type":"post","link":"https:\/\/portalnpm.com\/index.php\/2018\/08\/23\/jovem-fronteirense-perde-a-luta-contra-o-cancer-em-sao-paulo\/","title":{"rendered":"Jovem fronteirense perde a luta contra o c\u00e2ncer em S\u00e3o Paulo"},"content":{"rendered":"<div style=\"text-align: justify;\">Faleceu nesta quinta-feira (23) o jovem Fronteirense Maycon Silva, 22 anos, que h\u00e1 alguns anos lutava contra um c\u00e2ncer no sangue.<\/div>\n<div style=\"text-align: justify;\">Maycon era natural da localidade Garapa, zona rural da cidade de Fronteiras e faleceu na cidade de Ibat\u00e9, no interior de S\u00e3o Paulo.<\/div>\n<div><\/div>\n<div>\u00a0<strong>Fronteiras Online\u00a0<\/strong><\/div>\n","protected":false},"excerpt":{"rendered":"<p>Faleceu nesta quinta-feira (23) o jovem Fronteirense Maycon Silva, 22 anos, que h\u00e1 alguns anos lutava contra um c\u00e2ncer no sangue. Maycon era natural da localidade Garapa, zona rural da cidade de Fronteiras e faleceu na cidade de Ibat\u00e9, no interior de S\u00e3o Paulo. \u00a0Fronteiras Online\u00a0<\/p>\n","protected":false},"author":3,"featured_media":909,"comment_status":"open","ping_status":"open","sticky":false,"template":"","format":"standard","meta":{"content-type":"","rop_custom_images_group":[],"rop_custom_messages_group":[],"rop_publish_now":"initial","rop_publish_now_accounts":{"facebook_2648258775420054_1618374048415101":""},"rop_publish_now_history":[],"rop_publish_now_status":"pending","footnotes":"","_jetpack_memberships_contains_paid_content":false},"categories":[113,118],"tags":[626,172,132],"yoast_head":"<!-- This site is optimized with the Yoast SEO plugin v22.3 - https:\/\/yoast.com\/wordpress\/plugins\/seo\/ -->\n<title>Jovem fronteirense perde a luta contra o c\u00e2ncer em S\u00e3o Paulo - Portal NPM<\/title>\n<meta name=\"robots\" content=\"index, follow, max-snippet:-1, max-image-preview:large, max-video-preview:-1\" \/>\n<link rel=\"canonical\" href=\"https:\/\/portalnpm.com\/index.php\/2018\/08\/23\/jovem-fronteirense-perde-a-luta-contra-o-cancer-em-sao-paulo\/\" \/>\n<meta property=\"og:locale\" content=\"pt_BR\" \/>\n<meta property=\"og:type\" content=\"article\" \/>\n<meta property=\"og:title\" content=\"Jovem fronteirense perde a luta contra o c\u00e2ncer em S\u00e3o Paulo - Portal NPM\" \/>\n<meta property=\"og:description\" content=\"Faleceu nesta quinta-feira (23) o jovem Fronteirense Maycon Silva, 22 anos, que h\u00e1 alguns anos lutava contra um c\u00e2ncer no sangue. Maycon era natural da localidade Garapa, zona rural da cidade de Fronteiras e faleceu na cidade de Ibat\u00e9, no interior de S\u00e3o Paulo. \u00a0Fronteiras Online\u00a0\" \/>\n<meta property=\"og:url\" content=\"https:\/\/portalnpm.com\/index.php\/2018\/08\/23\/jovem-fronteirense-perde-a-luta-contra-o-cancer-em-sao-paulo\/\" \/>\n<meta property=\"og:site_name\" content=\"Portal NPM\" \/>\n<meta property=\"article:published_time\" content=\"2018-08-23T19:59:24+00:00\" \/>\n<meta property=\"og:image\" content=\"https:\/\/portalnpm.com\/wp-content\/uploads\/2018\/08\/IMG-20180823-WA0139.jpg\" \/>\n\t<meta property=\"og:image:width\" content=\"1080\" \/>\n\t<meta property=\"og:image:height\" content=\"1149\" \/>\n\t<meta property=\"og:image:type\" content=\"image\/jpeg\" \/>\n<meta name=\"author\" content=\"Luis Alberto\" \/>\n<meta name=\"twitter:card\" content=\"summary_large_image\" \/>\n<meta name=\"twitter:label1\" content=\"Escrito por\" \/>\n\t<meta name=\"twitter:data1\" content=\"Luis Alberto\" \/>\n<script type=\"application\/ld+json\" class=\"yoast-schema-graph\">{\"@context\":\"https:\/\/schema.org\",\"@graph\":[{\"@type\":\"WebPage\",\"@id\":\"https:\/\/portalnpm.com\/index.php\/2018\/08\/23\/jovem-fronteirense-perde-a-luta-contra-o-cancer-em-sao-paulo\/\",\"url\":\"https:\/\/portalnpm.com\/index.php\/2018\/08\/23\/jovem-fronteirense-perde-a-luta-contra-o-cancer-em-sao-paulo\/\",\"name\":\"Jovem fronteirense perde a luta contra o c\u00e2ncer em S\u00e3o Paulo - Portal NPM\",\"isPartOf\":{\"@id\":\"https:\/\/portalnpm.com\/#website\"},\"primaryImageOfPage\":{\"@id\":\"https:\/\/portalnpm.com\/index.php\/2018\/08\/23\/jovem-fronteirense-perde-a-luta-contra-o-cancer-em-sao-paulo\/#primaryimage\"},\"image\":{\"@id\":\"https:\/\/portalnpm.com\/index.php\/2018\/08\/23\/jovem-fronteirense-perde-a-luta-contra-o-cancer-em-sao-paulo\/#primaryimage\"},\"thumbnailUrl\":\"https:\/\/portalnpm.com\/wp-content\/uploads\/2018\/08\/IMG-20180823-WA0139.jpg\",\"datePublished\":\"2018-08-23T19:59:24+00:00\",\"dateModified\":\"2018-08-23T19:59:24+00:00\",\"author\":{\"@id\":\"https:\/\/portalnpm.com\/#\/schema\/person\/5c8006acdf71774cd4e7a5ab98482152\"},\"breadcrumb\":{\"@id\":\"https:\/\/portalnpm.com\/index.php\/2018\/08\/23\/jovem-fronteirense-perde-a-luta-contra-o-cancer-em-sao-paulo\/#breadcrumb\"},\"inLanguage\":\"pt-BR\",\"potentialAction\":[{\"@type\":\"ReadAction\",\"target\":[\"https:\/\/portalnpm.com\/index.php\/2018\/08\/23\/jovem-fronteirense-perde-a-luta-contra-o-cancer-em-sao-paulo\/\"]}]},{\"@type\":\"ImageObject\",\"inLanguage\":\"pt-BR\",\"@id\":\"https:\/\/portalnpm.com\/index.php\/2018\/08\/23\/jovem-fronteirense-perde-a-luta-contra-o-cancer-em-sao-paulo\/#primaryimage\",\"url\":\"https:\/\/portalnpm.com\/wp-content\/uploads\/2018\/08\/IMG-20180823-WA0139.jpg\",\"contentUrl\":\"https:\/\/portalnpm.com\/wp-content\/uploads\/2018\/08\/IMG-20180823-WA0139.jpg\",\"width\":1080,\"height\":1149},{\"@type\":\"BreadcrumbList\",\"@id\":\"https:\/\/portalnpm.com\/index.php\/2018\/08\/23\/jovem-fronteirense-perde-a-luta-contra-o-cancer-em-sao-paulo\/#breadcrumb\",\"itemListElement\":[{\"@type\":\"ListItem\",\"position\":1,\"name\":\"In\u00edcio\",\"item\":\"https:\/\/portalnpm.com\/\"},{\"@type\":\"ListItem\",\"position\":2,\"name\":\"Jovem fronteirense perde a luta contra o c\u00e2ncer em S\u00e3o Paulo\"}]},{\"@type\":\"WebSite\",\"@id\":\"https:\/\/portalnpm.com\/#website\",\"url\":\"https:\/\/portalnpm.com\/\",\"name\":\"Portal NPM\",\"description\":\"Not\u00edcias em Primeira M\u00e3o\",\"potentialAction\":[{\"@type\":\"SearchAction\",\"target\":{\"@type\":\"EntryPoint\",\"urlTemplate\":\"https:\/\/portalnpm.com\/?s={search_term_string}\"},\"query-input\":\"required name=search_term_string\"}],\"inLanguage\":\"pt-BR\"},{\"@type\":\"Person\",\"@id\":\"https:\/\/portalnpm.com\/#\/schema\/person\/5c8006acdf71774cd4e7a5ab98482152\",\"name\":\"Luis Alberto\",\"image\":{\"@type\":\"ImageObject\",\"inLanguage\":\"pt-BR\",\"@id\":\"https:\/\/portalnpm.com\/#\/schema\/person\/image\/\",\"url\":\"https:\/\/portalnpm.com\/wp-content\/uploads\/2024\/12\/avatar_user_3_1734699769-96x96.jpeg\",\"contentUrl\":\"https:\/\/portalnpm.com\/wp-content\/uploads\/2024\/12\/avatar_user_3_1734699769-96x96.jpeg\",\"caption\":\"Luis Alberto\"},\"description\":\"Editor-geral do Portal NPM, \u00e9 formado como T\u00e9cnico em Seguran\u00e7a do Trabalho pela Escola Metropolitana de Cursos T\u00e9cnicos. Det\u00e9m ainda licenciatura em Educa\u00e7\u00e3o F\u00edsica e bacharelado em Ci\u00eancias Pol\u00edticas, ambos obtidos pela institui\u00e7\u00e3o Anhanguera\/UNOPAR.\",\"url\":\"https:\/\/portalnpm.com\/index.php\/author\/pereira\/\"}]}<\/script>\n<!-- \/ Yoast SEO plugin. -->","yoast_head_json":{"title":"Jovem fronteirense perde a luta contra o c\u00e2ncer em S\u00e3o Paulo - Portal NPM","robots":{"index":"index","follow":"follow","max-snippet":"max-snippet:-1","max-image-preview":"max-image-preview:large","max-video-preview":"max-video-preview:-1"},"canonical":"https:\/\/portalnpm.com\/index.php\/2018\/08\/23\/jovem-fronteirense-perde-a-luta-contra-o-cancer-em-sao-paulo\/","og_locale":"pt_BR","og_type":"article","og_title":"Jovem fronteirense perde a luta contra o c\u00e2ncer em S\u00e3o Paulo - Portal NPM","og_description":"Faleceu nesta quinta-feira (23) o jovem Fronteirense Maycon Silva, 22 anos, que h\u00e1 alguns anos lutava contra um c\u00e2ncer no sangue. Maycon era natural da localidade Garapa, zona rural da cidade de Fronteiras e faleceu na cidade de Ibat\u00e9, no interior de S\u00e3o Paulo. \u00a0Fronteiras Online\u00a0","og_url":"https:\/\/portalnpm.com\/index.php\/2018\/08\/23\/jovem-fronteirense-perde-a-luta-contra-o-cancer-em-sao-paulo\/","og_site_name":"Portal NPM","article_published_time":"2018-08-23T19:59:24+00:00","og_image":[{"width":1080,"height":1149,"url":"https:\/\/portalnpm.com\/wp-content\/uploads\/2018\/08\/IMG-20180823-WA0139.jpg","type":"image\/jpeg"}],"author":"Luis Alberto","twitter_card":"summary_large_image","twitter_misc":{"Escrito por":"Luis Alberto"},"schema":{"@context":"https:\/\/schema.org","@graph":[{"@type":"WebPage","@id":"https:\/\/portalnpm.com\/index.php\/2018\/08\/23\/jovem-fronteirense-perde-a-luta-contra-o-cancer-em-sao-paulo\/","url":"https:\/\/portalnpm.com\/index.php\/2018\/08\/23\/jovem-fronteirense-perde-a-luta-contra-o-cancer-em-sao-paulo\/","name":"Jovem fronteirense perde a luta contra o c\u00e2ncer em S\u00e3o Paulo - Portal NPM","isPartOf":{"@id":"https:\/\/portalnpm.com\/#website"},"primaryImageOfPage":{"@id":"https:\/\/portalnpm.com\/index.php\/2018\/08\/23\/jovem-fronteirense-perde-a-luta-contra-o-cancer-em-sao-paulo\/#primaryimage"},"image":{"@id":"https:\/\/portalnpm.com\/index.php\/2018\/08\/23\/jovem-fronteirense-perde-a-luta-contra-o-cancer-em-sao-paulo\/#primaryimage"},"thumbnailUrl":"https:\/\/portalnpm.com\/wp-content\/uploads\/2018\/08\/IMG-20180823-WA0139.jpg","datePublished":"2018-08-23T19:59:24+00:00","dateModified":"2018-08-23T19:59:24+00:00","author":{"@id":"https:\/\/portalnpm.com\/#\/schema\/person\/5c8006acdf71774cd4e7a5ab98482152"},"breadcrumb":{"@id":"https:\/\/portalnpm.com\/index.php\/2018\/08\/23\/jovem-fronteirense-perde-a-luta-contra-o-cancer-em-sao-paulo\/#breadcrumb"},"inLanguage":"pt-BR","potentialAction":[{"@type":"ReadAction","target":["https:\/\/portalnpm.com\/index.php\/2018\/08\/23\/jovem-fronteirense-perde-a-luta-contra-o-cancer-em-sao-paulo\/"]}]},{"@type":"ImageObject","inLanguage":"pt-BR","@id":"https:\/\/portalnpm.com\/index.php\/2018\/08\/23\/jovem-fronteirense-perde-a-luta-contra-o-cancer-em-sao-paulo\/#primaryimage","url":"https:\/\/portalnpm.com\/wp-content\/uploads\/2018\/08\/IMG-20180823-WA0139.jpg","contentUrl":"https:\/\/portalnpm.com\/wp-content\/uploads\/2018\/08\/IMG-20180823-WA0139.jpg","width":1080,"height":1149},{"@type":"BreadcrumbList","@id":"https:\/\/portalnpm.com\/index.php\/2018\/08\/23\/jovem-fronteirense-perde-a-luta-contra-o-cancer-em-sao-paulo\/#breadcrumb","itemListElement":[{"@type":"ListItem","position":1,"name":"In\u00edcio","item":"https:\/\/portalnpm.com\/"},{"@type":"ListItem","position":2,"name":"Jovem fronteirense perde a luta contra o c\u00e2ncer em S\u00e3o Paulo"}]},{"@type":"WebSite","@id":"https:\/\/portalnpm.com\/#website","url":"https:\/\/portalnpm.com\/","name":"Portal NPM","description":"Not\u00edcias em Primeira M\u00e3o","potentialAction":[{"@type":"SearchAction","target":{"@type":"EntryPoint","urlTemplate":"https:\/\/portalnpm.com\/?s={search_term_string}"},"query-input":"required name=search_term_string"}],"inLanguage":"pt-BR"},{"@type":"Person","@id":"https:\/\/portalnpm.com\/#\/schema\/person\/5c8006acdf71774cd4e7a5ab98482152","name":"Luis Alberto","image":{"@type":"ImageObject","inLanguage":"pt-BR","@id":"https:\/\/portalnpm.com\/#\/schema\/person\/image\/","url":"https:\/\/portalnpm.com\/wp-content\/uploads\/2024\/12\/avatar_user_3_1734699769-96x96.jpeg","contentUrl":"https:\/\/portalnpm.com\/wp-content\/uploads\/2024\/12\/avatar_user_3_1734699769-96x96.jpeg","caption":"Luis Alberto"},"description":"Editor-geral do Portal NPM, \u00e9 formado como T\u00e9cnico em Seguran\u00e7a do Trabalho pela Escola Metropolitana de Cursos T\u00e9cnicos. Det\u00e9m ainda licenciatura em Educa\u00e7\u00e3o F\u00edsica e bacharelado em Ci\u00eancias Pol\u00edticas, ambos obtidos pela institui\u00e7\u00e3o Anhanguera\/UNOPAR.","url":"https:\/\/portalnpm.com\/index.php\/author\/pereira\/"}]}},"jetpack_sharing_enabled":true,"jetpack_featured_media_url":"https:\/\/portalnpm.com\/wp-content\/uploads\/2018\/08\/IMG-20180823-WA0139.jpg","_links":{"self":[{"href":"https:\/\/portalnpm.com\/index.php\/wp-json\/wp\/v2\/posts\/908"}],"collection":[{"href":"https:\/\/portalnpm.com\/index.php\/wp-json\/wp\/v2\/posts"}],"about":[{"href":"https:\/\/portalnpm.com\/index.php\/wp-json\/wp\/v2\/types\/post"}],"author":[{"embeddable":true,"href":"https:\/\/portalnpm.com\/index.php\/wp-json\/wp\/v2\/users\/3"}],"replies":[{"embeddable":true,"href":"https:\/\/portalnpm.com\/index.php\/wp-json\/wp\/v2\/comments?post=908"}],"version-history":[{"count":0,"href":"https:\/\/portalnpm.com\/index.php\/wp-json\/wp\/v2\/posts\/908\/revisions"}],"wp:featuredmedia":[{"embeddable":true,"href":"https:\/\/portalnpm.com\/index.php\/wp-json\/wp\/v2\/media\/909"}],"wp:attachment":[{"href":"https:\/\/portalnpm.com\/index.php\/wp-json\/wp\/v2\/media?parent=908"}],"wp:term":[{"taxonomy":"category","embeddable":true,"href":"https:\/\/portalnpm.com\/index.php\/wp-json\/wp\/v2\/categories?post=908"},{"taxonomy":"post_tag","embeddable":true,"href":"https:\/\/portalnpm.com\/index.php\/wp-json\/wp\/v2\/tags?post=908"}],"curies":[{"name":"wp","href":"https:\/\/api.w.org\/{rel}","templated":true}]}}