{"id":9080,"date":"2019-06-16T10:44:59","date_gmt":"2019-06-16T13:44:59","guid":{"rendered":"http:\/\/srv.portalnpm.com.br\/?p=9080"},"modified":"2019-06-16T10:44:59","modified_gmt":"2019-06-16T13:44:59","slug":"em-sao-juliao-eleicao-de-2020-caminha-para-tres-candidaturas-a-prefeito-conheca-o-pre-candidato-pela-terceira-via","status":"publish","type":"post","link":"https:\/\/portalnpm.com\/index.php\/2019\/06\/16\/em-sao-juliao-eleicao-de-2020-caminha-para-tres-candidaturas-a-prefeito-conheca-o-pre-candidato-pela-terceira-via\/","title":{"rendered":"Em S\u00e3o Juli\u00e3o, elei\u00e7\u00e3o de 2020 caminha para tr\u00eas candidaturas a prefeito; Conhe\u00e7a o pr\u00e9-candidato pela Terceira Via"},"content":{"rendered":"<p style=\"text-align: justify;\">O vereador de S\u00e3o Juli\u00e3o-PI, Renaldo Ramos Rodrigues, conhecido popularmente como &#8220;Renaldinho&#8221; (PP- Partido Progressista), \u00e9 o nome que ir\u00e1 disputar \u00e0 elei\u00e7\u00e3o de prefeito em 2020 pela Terceira Via. A informa\u00e7\u00f5es foi obtida com exclusividade pelo o <strong>Portal<\/strong> <strong>NPM<\/strong>, ap\u00f3s mat\u00e9ria publicada no \u00faltimo domingo (09), onde citava o nome do mesmo como suposto vice do atual prefeito Dr. Jonas (PSB).<\/p>\n<p style=\"text-align: justify;\">Renaldinho entrou para a pol\u00edtica em 2008, sendo eleito para o seu primeiro mandato de vereador. Reeleito em 2012 e 2016, esta \u00faltima foi o mais votado para a C\u00e2mara Municipal de Vereadores de S\u00e3o Juli\u00e3o com 467 votos.<\/p>\n<figure id=\"attachment_9081\" aria-describedby=\"caption-attachment-9081\" style=\"width: 869px\" class=\"wp-caption aligncenter\"><img fetchpriority=\"high\" decoding=\"async\" class=\"size-full wp-image-9081\" src=\"http:\/\/portalnpm.com\/wp-content\/uploads\/2019\/06\/IMG-20190615-WA0444.jpg\" alt=\"\" width=\"869\" height=\"1158\" \/><figcaption id=\"caption-attachment-9081\" class=\"wp-caption-text\">Vereador Renaldinho (PP), pr\u00e9-candidato a prefeito de S\u00e3o Juli\u00e3o-PI pela Terceira Via<\/figcaption><\/figure>\n<p>Em conversa com a nossa reda\u00e7\u00e3o, o vereador Renaldinho descreveu:<\/p>\n<p style=\"text-align: justify;\">&#8220;<em>Sou pr\u00e9-candidato a prefeito de S\u00e3o Juli\u00e3o em 2020. Acredito que as experi\u00eancias adquiridas nesses 10 anos como vereador servem de base na tentativa do Poder Executivo. Tenho tamb\u00e9m o contato com a popula\u00e7\u00e3o, que \u00e9 o mais importante, conhe\u00e7o as necessidades do munic\u00edpio e os principais desafios que o gestor p\u00fablico tem que ter em nossa cidade. Me considero preparado&#8221;,<\/em> disse o vereador Renaldinho.<\/p>\n<p style=\"text-align: justify;\">O Partido Progressista, legenda do pr\u00e9-candidato Renaldinho, tem mais de 80 prefeitos no Piau\u00ed e caminha para ter candidatura pr\u00f3pria em mais de 150 cidades do estado, incluindo S\u00e3o Juli\u00e3o.<\/p>\n<p style=\"text-align: justify;\">Renaldinho contar\u00e1 com o apoio do seu primo, o ex-prefeito de S\u00e3o Juli\u00e3o, Francimar Pereira, l\u00edder muito querido pelos mun\u00edcipes da referida cidade. O PP deve lan\u00e7ar um grande n\u00famero de candidatos a C\u00e2mara Municipal de Vereadores na cidade da &#8220;Cal, do Cobre e dos Sonhos&#8221;.<br \/>\nA pr\u00e9-candidatura do vereador Renaldinho pela Terceira Via representa uma nova op\u00e7\u00e3o ao eleitorado de S\u00e3o Juli\u00e3o, se opondo aos grupos da situa\u00e7\u00e3o e oposi\u00e7\u00e3o.<\/p>\n<p style=\"text-align: justify;\">Portanto, em S\u00e3o Juli\u00e3o, Piau\u00ed, a elei\u00e7\u00e3o de 2020 promete ser acirrada, com tr\u00eas pr\u00e9-candidatos, s\u00e3o eles: Dr. Jonas (PSB), pela Situa\u00e7\u00e3o; Bruno Liberato ou Rufina Isabel (PT), Oposi\u00e7\u00e3o e o vereador Renaldinho (PP), Terceira Via.<\/p>\n<p><strong>Por Luis Alberto, Reda\u00e7\u00e3o do Portal NPM\u00a0<\/strong><\/p>\n","protected":false},"excerpt":{"rendered":"<p>O vereador de S\u00e3o Juli\u00e3o-PI, Renaldo Ramos Rodrigues, conhecido popularmente como &#8220;Renaldinho&#8221; (PP- Partido Progressista), \u00e9 o nome que ir\u00e1 disputar \u00e0 elei\u00e7\u00e3o de prefeito em 2020 pela Terceira Via. A informa\u00e7\u00f5es foi obtida com exclusividade pelo o Portal NPM, ap\u00f3s mat\u00e9ria publicada no \u00faltimo domingo (09), onde citava o nome do mesmo como suposto &hellip;<\/p>\n","protected":false},"author":3,"featured_media":9084,"comment_status":"open","ping_status":"open","sticky":false,"template":"","format":"standard","meta":{"content-type":"","rop_custom_images_group":[],"rop_custom_messages_group":[],"rop_publish_now":"initial","rop_publish_now_accounts":{"facebook_2648258775420054_1618374048415101":""},"rop_publish_now_history":[],"rop_publish_now_status":"pending","footnotes":"","_jetpack_memberships_contains_paid_content":false},"categories":[113,130,136],"tags":[1450,508,135,2984,2985],"yoast_head":"<!-- This site is optimized with the Yoast SEO plugin v22.3 - https:\/\/yoast.com\/wordpress\/plugins\/seo\/ -->\n<title>Em S\u00e3o Juli\u00e3o, elei\u00e7\u00e3o de 2020 caminha para tr\u00eas candidaturas a prefeito; Conhe\u00e7a o pr\u00e9-candidato pela Terceira Via - Portal NPM<\/title>\n<meta name=\"robots\" content=\"index, follow, max-snippet:-1, max-image-preview:large, max-video-preview:-1\" \/>\n<link rel=\"canonical\" href=\"https:\/\/portalnpm.com\/index.php\/2019\/06\/16\/em-sao-juliao-eleicao-de-2020-caminha-para-tres-candidaturas-a-prefeito-conheca-o-pre-candidato-pela-terceira-via\/\" \/>\n<meta property=\"og:locale\" content=\"pt_BR\" \/>\n<meta property=\"og:type\" content=\"article\" \/>\n<meta property=\"og:title\" content=\"Em S\u00e3o Juli\u00e3o, elei\u00e7\u00e3o de 2020 caminha para tr\u00eas candidaturas a prefeito; Conhe\u00e7a o pr\u00e9-candidato pela Terceira Via - Portal NPM\" \/>\n<meta property=\"og:description\" content=\"O vereador de S\u00e3o Juli\u00e3o-PI, Renaldo Ramos Rodrigues, conhecido popularmente como &#8220;Renaldinho&#8221; (PP- Partido Progressista), \u00e9 o nome que ir\u00e1 disputar \u00e0 elei\u00e7\u00e3o de prefeito em 2020 pela Terceira Via. A informa\u00e7\u00f5es foi obtida com exclusividade pelo o Portal NPM, ap\u00f3s mat\u00e9ria publicada no \u00faltimo domingo (09), onde citava o nome do mesmo como suposto &hellip;\" \/>\n<meta property=\"og:url\" content=\"https:\/\/portalnpm.com\/index.php\/2019\/06\/16\/em-sao-juliao-eleicao-de-2020-caminha-para-tres-candidaturas-a-prefeito-conheca-o-pre-candidato-pela-terceira-via\/\" \/>\n<meta property=\"og:site_name\" content=\"Portal NPM\" \/>\n<meta property=\"article:published_time\" content=\"2019-06-16T13:44:59+00:00\" \/>\n<meta name=\"author\" content=\"Luis Alberto\" \/>\n<meta name=\"twitter:card\" content=\"summary_large_image\" \/>\n<meta name=\"twitter:label1\" content=\"Escrito por\" \/>\n\t<meta name=\"twitter:data1\" content=\"Luis Alberto\" \/>\n\t<meta name=\"twitter:label2\" content=\"Est. tempo de leitura\" \/>\n\t<meta name=\"twitter:data2\" content=\"2 minutos\" \/>\n<script type=\"application\/ld+json\" class=\"yoast-schema-graph\">{\"@context\":\"https:\/\/schema.org\",\"@graph\":[{\"@type\":\"WebPage\",\"@id\":\"https:\/\/portalnpm.com\/index.php\/2019\/06\/16\/em-sao-juliao-eleicao-de-2020-caminha-para-tres-candidaturas-a-prefeito-conheca-o-pre-candidato-pela-terceira-via\/\",\"url\":\"https:\/\/portalnpm.com\/index.php\/2019\/06\/16\/em-sao-juliao-eleicao-de-2020-caminha-para-tres-candidaturas-a-prefeito-conheca-o-pre-candidato-pela-terceira-via\/\",\"name\":\"Em S\u00e3o Juli\u00e3o, elei\u00e7\u00e3o de 2020 caminha para tr\u00eas candidaturas a prefeito; Conhe\u00e7a o pr\u00e9-candidato pela Terceira Via - Portal NPM\",\"isPartOf\":{\"@id\":\"https:\/\/portalnpm.com\/#website\"},\"primaryImageOfPage\":{\"@id\":\"https:\/\/portalnpm.com\/index.php\/2019\/06\/16\/em-sao-juliao-eleicao-de-2020-caminha-para-tres-candidaturas-a-prefeito-conheca-o-pre-candidato-pela-terceira-via\/#primaryimage\"},\"image\":{\"@id\":\"https:\/\/portalnpm.com\/index.php\/2019\/06\/16\/em-sao-juliao-eleicao-de-2020-caminha-para-tres-candidaturas-a-prefeito-conheca-o-pre-candidato-pela-terceira-via\/#primaryimage\"},\"thumbnailUrl\":\"\",\"datePublished\":\"2019-06-16T13:44:59+00:00\",\"dateModified\":\"2019-06-16T13:44:59+00:00\",\"author\":{\"@id\":\"https:\/\/portalnpm.com\/#\/schema\/person\/5c8006acdf71774cd4e7a5ab98482152\"},\"breadcrumb\":{\"@id\":\"https:\/\/portalnpm.com\/index.php\/2019\/06\/16\/em-sao-juliao-eleicao-de-2020-caminha-para-tres-candidaturas-a-prefeito-conheca-o-pre-candidato-pela-terceira-via\/#breadcrumb\"},\"inLanguage\":\"pt-BR\",\"potentialAction\":[{\"@type\":\"ReadAction\",\"target\":[\"https:\/\/portalnpm.com\/index.php\/2019\/06\/16\/em-sao-juliao-eleicao-de-2020-caminha-para-tres-candidaturas-a-prefeito-conheca-o-pre-candidato-pela-terceira-via\/\"]}]},{\"@type\":\"ImageObject\",\"inLanguage\":\"pt-BR\",\"@id\":\"https:\/\/portalnpm.com\/index.php\/2019\/06\/16\/em-sao-juliao-eleicao-de-2020-caminha-para-tres-candidaturas-a-prefeito-conheca-o-pre-candidato-pela-terceira-via\/#primaryimage\",\"url\":\"\",\"contentUrl\":\"\"},{\"@type\":\"BreadcrumbList\",\"@id\":\"https:\/\/portalnpm.com\/index.php\/2019\/06\/16\/em-sao-juliao-eleicao-de-2020-caminha-para-tres-candidaturas-a-prefeito-conheca-o-pre-candidato-pela-terceira-via\/#breadcrumb\",\"itemListElement\":[{\"@type\":\"ListItem\",\"position\":1,\"name\":\"In\u00edcio\",\"item\":\"https:\/\/portalnpm.com\/\"},{\"@type\":\"ListItem\",\"position\":2,\"name\":\"Em S\u00e3o Juli\u00e3o, elei\u00e7\u00e3o de 2020 caminha para tr\u00eas candidaturas a prefeito; Conhe\u00e7a o pr\u00e9-candidato pela Terceira Via\"}]},{\"@type\":\"WebSite\",\"@id\":\"https:\/\/portalnpm.com\/#website\",\"url\":\"https:\/\/portalnpm.com\/\",\"name\":\"Portal NPM\",\"description\":\"Not\u00edcias em Primeira M\u00e3o\",\"potentialAction\":[{\"@type\":\"SearchAction\",\"target\":{\"@type\":\"EntryPoint\",\"urlTemplate\":\"https:\/\/portalnpm.com\/?s={search_term_string}\"},\"query-input\":\"required name=search_term_string\"}],\"inLanguage\":\"pt-BR\"},{\"@type\":\"Person\",\"@id\":\"https:\/\/portalnpm.com\/#\/schema\/person\/5c8006acdf71774cd4e7a5ab98482152\",\"name\":\"Luis Alberto\",\"image\":{\"@type\":\"ImageObject\",\"inLanguage\":\"pt-BR\",\"@id\":\"https:\/\/portalnpm.com\/#\/schema\/person\/image\/\",\"url\":\"https:\/\/portalnpm.com\/wp-content\/uploads\/2024\/12\/avatar_user_3_1734699769-96x96.jpeg\",\"contentUrl\":\"https:\/\/portalnpm.com\/wp-content\/uploads\/2024\/12\/avatar_user_3_1734699769-96x96.jpeg\",\"caption\":\"Luis Alberto\"},\"description\":\"Editor-geral do Portal NPM, \u00e9 formado como T\u00e9cnico em Seguran\u00e7a do Trabalho pela Escola Metropolitana de Cursos T\u00e9cnicos. Det\u00e9m ainda licenciatura em Educa\u00e7\u00e3o F\u00edsica e bacharelado em Ci\u00eancias Pol\u00edticas, ambos obtidos pela institui\u00e7\u00e3o Anhanguera\/UNOPAR.\",\"url\":\"https:\/\/portalnpm.com\/index.php\/author\/pereira\/\"}]}<\/script>\n<!-- \/ Yoast SEO plugin. -->","yoast_head_json":{"title":"Em S\u00e3o Juli\u00e3o, elei\u00e7\u00e3o de 2020 caminha para tr\u00eas candidaturas a prefeito; Conhe\u00e7a o pr\u00e9-candidato pela Terceira Via - Portal NPM","robots":{"index":"index","follow":"follow","max-snippet":"max-snippet:-1","max-image-preview":"max-image-preview:large","max-video-preview":"max-video-preview:-1"},"canonical":"https:\/\/portalnpm.com\/index.php\/2019\/06\/16\/em-sao-juliao-eleicao-de-2020-caminha-para-tres-candidaturas-a-prefeito-conheca-o-pre-candidato-pela-terceira-via\/","og_locale":"pt_BR","og_type":"article","og_title":"Em S\u00e3o Juli\u00e3o, elei\u00e7\u00e3o de 2020 caminha para tr\u00eas candidaturas a prefeito; Conhe\u00e7a o pr\u00e9-candidato pela Terceira Via - Portal NPM","og_description":"O vereador de S\u00e3o Juli\u00e3o-PI, Renaldo Ramos Rodrigues, conhecido popularmente como &#8220;Renaldinho&#8221; (PP- Partido Progressista), \u00e9 o nome que ir\u00e1 disputar \u00e0 elei\u00e7\u00e3o de prefeito em 2020 pela Terceira Via. A informa\u00e7\u00f5es foi obtida com exclusividade pelo o Portal NPM, ap\u00f3s mat\u00e9ria publicada no \u00faltimo domingo (09), onde citava o nome do mesmo como suposto &hellip;","og_url":"https:\/\/portalnpm.com\/index.php\/2019\/06\/16\/em-sao-juliao-eleicao-de-2020-caminha-para-tres-candidaturas-a-prefeito-conheca-o-pre-candidato-pela-terceira-via\/","og_site_name":"Portal NPM","article_published_time":"2019-06-16T13:44:59+00:00","author":"Luis Alberto","twitter_card":"summary_large_image","twitter_misc":{"Escrito por":"Luis Alberto","Est. tempo de leitura":"2 minutos"},"schema":{"@context":"https:\/\/schema.org","@graph":[{"@type":"WebPage","@id":"https:\/\/portalnpm.com\/index.php\/2019\/06\/16\/em-sao-juliao-eleicao-de-2020-caminha-para-tres-candidaturas-a-prefeito-conheca-o-pre-candidato-pela-terceira-via\/","url":"https:\/\/portalnpm.com\/index.php\/2019\/06\/16\/em-sao-juliao-eleicao-de-2020-caminha-para-tres-candidaturas-a-prefeito-conheca-o-pre-candidato-pela-terceira-via\/","name":"Em S\u00e3o Juli\u00e3o, elei\u00e7\u00e3o de 2020 caminha para tr\u00eas candidaturas a prefeito; Conhe\u00e7a o pr\u00e9-candidato pela Terceira Via - Portal NPM","isPartOf":{"@id":"https:\/\/portalnpm.com\/#website"},"primaryImageOfPage":{"@id":"https:\/\/portalnpm.com\/index.php\/2019\/06\/16\/em-sao-juliao-eleicao-de-2020-caminha-para-tres-candidaturas-a-prefeito-conheca-o-pre-candidato-pela-terceira-via\/#primaryimage"},"image":{"@id":"https:\/\/portalnpm.com\/index.php\/2019\/06\/16\/em-sao-juliao-eleicao-de-2020-caminha-para-tres-candidaturas-a-prefeito-conheca-o-pre-candidato-pela-terceira-via\/#primaryimage"},"thumbnailUrl":"","datePublished":"2019-06-16T13:44:59+00:00","dateModified":"2019-06-16T13:44:59+00:00","author":{"@id":"https:\/\/portalnpm.com\/#\/schema\/person\/5c8006acdf71774cd4e7a5ab98482152"},"breadcrumb":{"@id":"https:\/\/portalnpm.com\/index.php\/2019\/06\/16\/em-sao-juliao-eleicao-de-2020-caminha-para-tres-candidaturas-a-prefeito-conheca-o-pre-candidato-pela-terceira-via\/#breadcrumb"},"inLanguage":"pt-BR","potentialAction":[{"@type":"ReadAction","target":["https:\/\/portalnpm.com\/index.php\/2019\/06\/16\/em-sao-juliao-eleicao-de-2020-caminha-para-tres-candidaturas-a-prefeito-conheca-o-pre-candidato-pela-terceira-via\/"]}]},{"@type":"ImageObject","inLanguage":"pt-BR","@id":"https:\/\/portalnpm.com\/index.php\/2019\/06\/16\/em-sao-juliao-eleicao-de-2020-caminha-para-tres-candidaturas-a-prefeito-conheca-o-pre-candidato-pela-terceira-via\/#primaryimage","url":"","contentUrl":""},{"@type":"BreadcrumbList","@id":"https:\/\/portalnpm.com\/index.php\/2019\/06\/16\/em-sao-juliao-eleicao-de-2020-caminha-para-tres-candidaturas-a-prefeito-conheca-o-pre-candidato-pela-terceira-via\/#breadcrumb","itemListElement":[{"@type":"ListItem","position":1,"name":"In\u00edcio","item":"https:\/\/portalnpm.com\/"},{"@type":"ListItem","position":2,"name":"Em S\u00e3o Juli\u00e3o, elei\u00e7\u00e3o de 2020 caminha para tr\u00eas candidaturas a prefeito; Conhe\u00e7a o pr\u00e9-candidato pela Terceira Via"}]},{"@type":"WebSite","@id":"https:\/\/portalnpm.com\/#website","url":"https:\/\/portalnpm.com\/","name":"Portal NPM","description":"Not\u00edcias em Primeira M\u00e3o","potentialAction":[{"@type":"SearchAction","target":{"@type":"EntryPoint","urlTemplate":"https:\/\/portalnpm.com\/?s={search_term_string}"},"query-input":"required name=search_term_string"}],"inLanguage":"pt-BR"},{"@type":"Person","@id":"https:\/\/portalnpm.com\/#\/schema\/person\/5c8006acdf71774cd4e7a5ab98482152","name":"Luis Alberto","image":{"@type":"ImageObject","inLanguage":"pt-BR","@id":"https:\/\/portalnpm.com\/#\/schema\/person\/image\/","url":"https:\/\/portalnpm.com\/wp-content\/uploads\/2024\/12\/avatar_user_3_1734699769-96x96.jpeg","contentUrl":"https:\/\/portalnpm.com\/wp-content\/uploads\/2024\/12\/avatar_user_3_1734699769-96x96.jpeg","caption":"Luis Alberto"},"description":"Editor-geral do Portal NPM, \u00e9 formado como T\u00e9cnico em Seguran\u00e7a do Trabalho pela Escola Metropolitana de Cursos T\u00e9cnicos. Det\u00e9m ainda licenciatura em Educa\u00e7\u00e3o F\u00edsica e bacharelado em Ci\u00eancias Pol\u00edticas, ambos obtidos pela institui\u00e7\u00e3o Anhanguera\/UNOPAR.","url":"https:\/\/portalnpm.com\/index.php\/author\/pereira\/"}]}},"jetpack_sharing_enabled":true,"jetpack_featured_media_url":"","_links":{"self":[{"href":"https:\/\/portalnpm.com\/index.php\/wp-json\/wp\/v2\/posts\/9080"}],"collection":[{"href":"https:\/\/portalnpm.com\/index.php\/wp-json\/wp\/v2\/posts"}],"about":[{"href":"https:\/\/portalnpm.com\/index.php\/wp-json\/wp\/v2\/types\/post"}],"author":[{"embeddable":true,"href":"https:\/\/portalnpm.com\/index.php\/wp-json\/wp\/v2\/users\/3"}],"replies":[{"embeddable":true,"href":"https:\/\/portalnpm.com\/index.php\/wp-json\/wp\/v2\/comments?post=9080"}],"version-history":[{"count":0,"href":"https:\/\/portalnpm.com\/index.php\/wp-json\/wp\/v2\/posts\/9080\/revisions"}],"wp:featuredmedia":[{"embeddable":true,"href":"https:\/\/portalnpm.com\/index.php\/wp-json\/"}],"wp:attachment":[{"href":"https:\/\/portalnpm.com\/index.php\/wp-json\/wp\/v2\/media?parent=9080"}],"wp:term":[{"taxonomy":"category","embeddable":true,"href":"https:\/\/portalnpm.com\/index.php\/wp-json\/wp\/v2\/categories?post=9080"},{"taxonomy":"post_tag","embeddable":true,"href":"https:\/\/portalnpm.com\/index.php\/wp-json\/wp\/v2\/tags?post=9080"}],"curies":[{"name":"wp","href":"https:\/\/api.w.org\/{rel}","templated":true}]}}