{"id":90974,"date":"2025-11-29T20:44:19","date_gmt":"2025-11-29T23:44:19","guid":{"rendered":"https:\/\/portalnpm.com\/?p=90974"},"modified":"2025-11-29T20:44:19","modified_gmt":"2025-11-29T23:44:19","slug":"flamengo-bate-o-palmeiras-e-e-campeao-da-libertadores-pela-4a-vez","status":"publish","type":"post","link":"https:\/\/portalnpm.com\/index.php\/2025\/11\/29\/flamengo-bate-o-palmeiras-e-e-campeao-da-libertadores-pela-4a-vez\/","title":{"rendered":"Flamengo bate o Palmeiras e \u00e9 campe\u00e3o da Libertadores pela 4\u00aa vez"},"content":{"rendered":"<div id=\"post-body-news\" class=\"post-body\">\n<p>&nbsp;<\/p>\n<p>&nbsp;<\/p>\n<p>A Am\u00e9rica do Sul est\u00e1, novamente, em vermelho e preto. O Flamengo venceu o Palmeiras por 1 a 0 na noite deste s\u00e1bado (29), em Lima, no Peru, e conquistou a Libertadores pela quarta vez na hist\u00f3ria \u2014 ap\u00f3s os triunfos em 1981, 2019 e 2022. De quebra, o Rubro-Negro se tornou o clube brasileiro com mais t\u00edtulos no torneio e o primeiro tetracampe\u00e3o do pa\u00eds.<\/p>\n<p>A vit\u00f3ria da equipe de Filipe Lu\u00eds veio com um her\u00f3i improv\u00e1vel: Danilo. O zagueiro, que foi escalado no time titular na vaga de L\u00e9o Ortiz -que se mostrou recuperado de les\u00e3o no tornozelo, mas ficou no banco-, marcou de cabe\u00e7a no segundo tempo e assegurou o t\u00edtulo. Este n\u00e3o foi o primeiro gol dele em final do torneio. Em 2011, pelo Santos, marcou o segundo na vit\u00f3ria por 2 a 1 sobre o Pe\u00f1arol, no jogo da volta.<\/p>\n<p>O t\u00edtulo tem gosto de revanche para os cariocas. Em 2021, o Flamengo enfrentou o Palmeiras na decis\u00e3o, mas, na ocasi\u00e3o, ficou com o vice. N\u00e3o \u00e0 toa, a frase &#8220;ningu\u00e9m morre nos devendo&#8221; foi vista em diversos cartazes e faixas da torcida na capital peruana.<\/p>\n<p>A torcida rubro-negra tem tudo para voltar a celebrar em poucos dias. Na quarta-feira, no Maracan\u00e3, contra o Cear\u00e1, a equipe pode se sagrar campe\u00e3 do Brasileiro -tem cinco pontos de vantagem para o pr\u00f3prio Alviverde com seis em disputa- e repetir o ano de 2019, quando tamb\u00e9m levou os dois trof\u00e9us.<\/p>\n<h2><strong>Lista para poucos<\/strong><\/h2>\n<p>Danilo se tornou o novo her\u00f3i do Flamengo na Libertadores. At\u00e9 a atual edi\u00e7\u00e3o, apenas dois jogadores tinham marcado em finais pelo time rubro-negro: Zico e Gabigol.<\/p>\n<p>Maior \u00eddolo da hist\u00f3ria do Rubro-Negro, o Galinho marcou os dois gols no jogo de ida contra o Cobreloa e os dois do terceiro duelo, em 1981.<\/p>\n<p>J\u00e1 Gabigol, hoje no Cruzeiro, foi o autor dos dois gols no triunfo por 2 a 1 sobre o River Plate, em 2019, na derrota por 2 a 1 para o Palmeiras, em 2021 e na vit\u00f3ria por 1 a 0 sobre o Athletico-PR, em 2022.<\/p>\n<p><em>Foto: Gilvan de Souza\/Flamengo<\/em><\/p>\n<p><img decoding=\"async\" src=\"https:\/\/cidadeverde.com\/assets\/uploads\/colecoes\/2\/2025\/11\/54954227319_0d454f9b73_k.jpg\" alt=\"\" \/><\/p>\n<p>&nbsp;<\/p>\n<h2><strong>Campe\u00e3o como t\u00e9cnico e jogador<\/strong><\/h2>\n<p>Filipe Lu\u00eds coloca o primeiro t\u00edtulo da Libertadores como t\u00e9cnico no curr\u00edculo e se junta \u00e0 galeria de nomes que levantaram o principal trof\u00e9u como treinador e jogador. At\u00e9 ent\u00e3o, Renato Ga\u00facho -campe\u00e3o pelo Gr\u00eamio em 1987 como jogador e 2017 como t\u00e9cnico- era o \u00fanico brasileiro na lista.<\/p>\n<p>O ex-lateral foi bicampe\u00e3o como jogador defendendo justamente o Flamengo. Ele integrou os times campe\u00f5es de 2019 e 2022.<br \/>\nFilipe Lu\u00eds se aposentou dos gramados em 2023. No ano seguinte, come\u00e7ou a trajet\u00f3ria como t\u00e9cnico no sub-17 do clube da G\u00e1vea. Na mesma temporada, passou ao sub-20 e assumiu o time principal ap\u00f3s sa\u00edda de Tite.<\/p>\n<h2><strong>Como foi o jogo<\/strong><\/h2>\n<p>O duelo come\u00e7ou tenso, mas com os times investindo cedo. No primeiro lance da partida, Allan arrancou pela ponta direita e foi desarmado por Alex Sandro na \u00e1rea. A resposta veio r\u00e1pida: Varela cruzou rasteiro, a bola ficou viva na \u00e1rea e Fuchs cortou.<\/p>\n<p>O Palmeiras arriscou uma forma\u00e7\u00e3o com uma linha de cinco e duelos mais no &#8220;mano a mano&#8221;. O Flamengo, com o quarteto Arrascaeta, Cassascal, Lino e Bruno Henrique, por\u00e9m, come\u00e7ou a empurrar o Alviverde e ter boas tramas come\u00e7ando, principalmente, pelo lado direito.<br \/>\nMais reativo, o time de Abel Ferreira passou a buscar liga\u00e7\u00f5es mais longas para chegar ao setor ofensivo, e at\u00e9 criou algumas chances.<br \/>\nAndreas xingado<\/p>\n<p>O volante Andreas Pereira, do Palmeiras, foi xingado pela torcida do Flamengo em algumas oportunidades. Ele jogou no Rubro-Negro e se tornou vil\u00e3o ao errar em lance que gerou gol de Deyverson na final da Libertadores de 2021.<\/p>\n<p><em>Foto: Adriano Fontes\/Flamengo<\/em><\/p>\n<p><img decoding=\"async\" src=\"https:\/\/cidadeverde.com\/assets\/uploads\/colecoes\/2\/2025\/11\/54954245359_e8cf7b0cc1_k.jpg\" alt=\"\" \/><\/p>\n<h2><strong>Lance para expuls\u00e3o?<\/strong><\/h2>\n<p>Um lance ainda no primeiro tempo gerou bastante reclama\u00e7\u00e3o dos palmeirenses. Fuchs fez falta em Arrascaeta e tentou avan\u00e7ar com a bola. Com o jogo j\u00e1 paralisado, Pulgar pisou no camisa 3, que ficou com o tornozelo marcado. Ele foi atendido em campo e o volante rubro-negro recebeu amarelo. Jogadores e comiss\u00e3o t\u00e9cnica do Palmeiras pediram o cart\u00e3o vermelho, mas o VAR n\u00e3o chamou o \u00e1rbitro.<\/p>\n<h2><strong>Mudan\u00e7as no cen\u00e1rio<\/strong><\/h2>\n<p>Aos poucos, o Palmeiras conseguiu encaixar a marca\u00e7\u00e3o e o Flamengo passou a n\u00e3o ter mais tanto espa\u00e7o -e, consequentemente, passou a criar menos perigo. Na reta final da etapa inicial, os comandados de Abel tiveram mais controle da partida.<\/p>\n<h2><strong>Confus\u00e3o na sa\u00edda para o intervalo<\/strong><\/h2>\n<p>Jogadores e membros da comiss\u00e3o dos times tiveram uma forte discuss\u00e3o ao se encaminharem para os vesti\u00e1rios, para o intervalo. Abel Ferreira tentou falar com a arbitragem, e G\u00f3mez apontou para integrantes do banco do Flamengo. A turma do &#8220;deixa disso&#8221; teve de acalmar os \u00e2nimos.<br \/>\nTimes mais &#8220;soltos&#8221;<\/p>\n<p>As equipes voltaram mais soltas para o segundo tempo, e o jogo ganhou em emo\u00e7\u00e3o. Mesmo que com estrat\u00e9gias diferentes, ambos os times conseguiam espa\u00e7os e levavam perigo aos gols advers\u00e1rios. Neste duelo &#8220;l\u00e1 e c\u00e1&#8221;, saiu o placar foi aberto pelo Flamengo, com Danilo, de cabe\u00e7a, aproveitando cobran\u00e7a de escanteio.<\/p>\n<p>Ap\u00f3s o gol, os t\u00e9cnicos fizeram modifica\u00e7\u00f5es e o Palmeiras foi para o &#8220;tudo ou nada&#8221;, buscando o empate para levar o duelo para a prorroga\u00e7\u00e3o. As bolas al\u00e7adas na \u00e1rea ligaram o alerta no Fla, mas n\u00e3o mudaram o destino da partida -Vitor Roque perdeu uma grande oportunidade j\u00e1 quase nos acr\u00e9scimos.<\/p>\n<p>Cebolinha, que entrou bem, passou a ser a v\u00e1lvula de escape do Flamengo e, j\u00e1 ap\u00f3s o tempo regulamentar, sofreu perto da \u00e1rea. Na cobran\u00e7a, a bola bateu na trave.<\/p>\n<h2><strong>Atraso no come\u00e7o do jogo<\/strong><\/h2>\n<p>A final come\u00e7ou 15 minutos ap\u00f3s a programa\u00e7\u00e3o inicial devido a um atraso do \u00f4nibus que levou a delega\u00e7\u00e3o do Palmeiras ao est\u00e1dio. O Alviverde chegou ao Monumental pouco antes das 15h (no hor\u00e1rio local) -o jogo estava marcado para 16h.<\/p>\n<h2><strong>Lances importantes<\/strong><\/h2>\n<p>Por cima. Aos 14 minutos do 1\u00ba tempo, Varela driblou Piquerez e acionou Bruno Henrique em profundidade. O camisa 27 avan\u00e7ou e finalizou, mas n\u00e3o pegou bem e mandou por cima.<\/p>\n<p>Quase. Aos 15 minutos do 1\u00ba tempo, Arrascaeta deu passe para Lino. O atacante passou pela marca\u00e7\u00e3o de Khellven e bateu cruzado. A bola passou perto \u00e0 trave esquerda de Carlos Miguel.<\/p>\n<p>No alto. Aos 21 minutos do 1\u00ba tempo, Khellven cruzou para Vitor Roque. Ele cabeceou para ch\u00e3o, a bola quicou e passou sobre o travess\u00e3o.<br \/>\nPara fora. Aos 48 minutos do 1\u00ba tempo, Piquerez pegou rebote ap\u00f3s cobran\u00e7a de falta de Veiga e bateu forte. A bola desviou no meio da \u00e1rea e foi pela linha de fundo.<\/p>\n<p>Explodiu na zaga. Aos 4 minutos do 2\u00ba tempo, Allan finalizou de dentro da grande \u00e1rea e L\u00e9o Pereira travou. Na sequ\u00eancia, L\u00f3pez bateu de p\u00e9 direito e a bola explodiu em Danilo, saindo da dire\u00e7\u00e3o do gol.<\/p>\n<p>Cortou. Aos 7 minutos do 2\u00ba tempo, Murilo vacilou e Bruno Henrique acionou Arrascaeta. O uruguaio recebeu e bateu cruzado, mas Gustavo G\u00f3mez apareceu na hora certa para cortar.<\/p>\n<p>0x1. Aos 22 minutos do 2\u00ba tempo, Arrascaeta cobrou escanteio e Danilo apareceu na \u00e1rea para, de cabe\u00e7a, balan\u00e7ar a rede.<\/p>\n<p><strong>FICHA T\u00c9CNICA<\/strong><\/p>\n<p>PALMEIRAS X FLAMENGO<br \/>\nCompeti\u00e7\u00e3o: Copa Libertadores &#8211; final<br \/>\nData e hor\u00e1rio: 29 de novembro de 2025, \u00e0s 18h15 (de Bras\u00edlia)<br \/>\nCompeti\u00e7\u00e3o: Final da Libertadores<br \/>\nLocal: Monumental U, em Lima (PER)<br \/>\n\u00c1rbitro: Dar\u00edo Herrera (ARG)<br \/>\nAssistentes: Cristian Navarro (ARG) e Jos\u00e9 Savorani (ARG)<br \/>\nVAR: H\u00e9ctor Alberto (ARG)<br \/>\nGols: Danilo (21&#8217;\/2\u00b0T)<br \/>\nCart\u00f5es amarelos: Raphael Veiga, Murilo, Mauricio (PAL), Jorginho, Pulgar, Arrascaeta (FLA)<br \/>\nPalmeiras: Carlos Miguel; Khellven (Giay), Gustavo G\u00f3mez, Murilo (Sosa) e Piquerez; Bruno Fuchs, Andreas Pereira, Raphael Veiga (Felipe Anderson, depois Maur\u00edcio) e Allan (Facundo Torres); Flaco L\u00f3pez e Vitor Roque. T\u00e9cnico: Abel Ferreira<br \/>\nFlamengo: Rossi; Varela, Danilo, L\u00e9o Pereira e Alex Sandro; Pulgar, Jorginho e Arrascaeta (Luiz Ara\u00fajo); Carrascal, Samuel Lino (Everton Cebolinha) e Bruno Henrique (Juninho). T\u00e9cnico: Filipe Lu\u00eds<\/p>\n<p>&nbsp;<\/p>\n<p>&nbsp;<\/p>\n<p>Fonte: Folhapress<\/p>\n<\/div>\n","protected":false},"excerpt":{"rendered":"<p>&nbsp; &nbsp; A Am\u00e9rica do Sul est\u00e1, novamente, em vermelho e preto. O Flamengo venceu o Palmeiras por 1 a 0 na noite deste s\u00e1bado (29), em Lima, no Peru, e conquistou a Libertadores pela quarta vez na hist\u00f3ria \u2014 ap\u00f3s os triunfos em 1981, 2019 e 2022. De quebra, o Rubro-Negro se tornou o &hellip;<\/p>\n","protected":false},"author":2,"featured_media":90976,"comment_status":"open","ping_status":"open","sticky":false,"template":"","format":"standard","meta":{"content-type":"","rop_custom_images_group":[],"rop_custom_messages_group":[],"rop_publish_now":"yes","rop_publish_now_accounts":{"facebook_2648258775420054_1618374048415101":""},"rop_publish_now_history":[],"rop_publish_now_status":"pending","footnotes":"","_jetpack_memberships_contains_paid_content":false},"categories":[113,108],"tags":[11948,4697,156,836,925,865,896,157,866,4809],"yoast_head":"<!-- This site is optimized with the Yoast SEO plugin v22.3 - https:\/\/yoast.com\/wordpress\/plugins\/seo\/ -->\n<title>Flamengo bate o Palmeiras e \u00e9 campe\u00e3o da Libertadores pela 4\u00aa vez - Portal NPM<\/title>\n<meta name=\"robots\" content=\"index, follow, max-snippet:-1, max-image-preview:large, max-video-preview:-1\" \/>\n<link rel=\"canonical\" href=\"https:\/\/portalnpm.com\/index.php\/2025\/11\/29\/flamengo-bate-o-palmeiras-e-e-campeao-da-libertadores-pela-4a-vez\/\" \/>\n<meta property=\"og:locale\" content=\"pt_BR\" \/>\n<meta property=\"og:type\" content=\"article\" \/>\n<meta property=\"og:title\" content=\"Flamengo bate o Palmeiras e \u00e9 campe\u00e3o da Libertadores pela 4\u00aa vez - Portal NPM\" \/>\n<meta property=\"og:description\" content=\"&nbsp; &nbsp; A Am\u00e9rica do Sul est\u00e1, novamente, em vermelho e preto. O Flamengo venceu o Palmeiras por 1 a 0 na noite deste s\u00e1bado (29), em Lima, no Peru, e conquistou a Libertadores pela quarta vez na hist\u00f3ria \u2014 ap\u00f3s os triunfos em 1981, 2019 e 2022. De quebra, o Rubro-Negro se tornou o &hellip;\" \/>\n<meta property=\"og:url\" content=\"https:\/\/portalnpm.com\/index.php\/2025\/11\/29\/flamengo-bate-o-palmeiras-e-e-campeao-da-libertadores-pela-4a-vez\/\" \/>\n<meta property=\"og:site_name\" content=\"Portal NPM\" \/>\n<meta property=\"article:published_time\" content=\"2025-11-29T23:44:19+00:00\" \/>\n<meta property=\"og:image\" content=\"https:\/\/portalnpm.com\/wp-content\/uploads\/2025\/11\/54954159975_ee2eaf2a06_k-984x553-1.webp\" \/>\n\t<meta property=\"og:image:width\" content=\"984\" \/>\n\t<meta property=\"og:image:height\" content=\"553\" \/>\n\t<meta property=\"og:image:type\" content=\"image\/webp\" \/>\n<meta name=\"author\" content=\"Genival Barbosa\" \/>\n<meta name=\"twitter:card\" content=\"summary_large_image\" \/>\n<meta name=\"twitter:label1\" content=\"Escrito por\" \/>\n\t<meta name=\"twitter:data1\" content=\"Genival Barbosa\" \/>\n\t<meta name=\"twitter:label2\" content=\"Est. tempo de leitura\" \/>\n\t<meta name=\"twitter:data2\" content=\"8 minutos\" \/>\n<script type=\"application\/ld+json\" class=\"yoast-schema-graph\">{\"@context\":\"https:\/\/schema.org\",\"@graph\":[{\"@type\":\"WebPage\",\"@id\":\"https:\/\/portalnpm.com\/index.php\/2025\/11\/29\/flamengo-bate-o-palmeiras-e-e-campeao-da-libertadores-pela-4a-vez\/\",\"url\":\"https:\/\/portalnpm.com\/index.php\/2025\/11\/29\/flamengo-bate-o-palmeiras-e-e-campeao-da-libertadores-pela-4a-vez\/\",\"name\":\"Flamengo bate o Palmeiras e \u00e9 campe\u00e3o da Libertadores pela 4\u00aa vez - Portal NPM\",\"isPartOf\":{\"@id\":\"https:\/\/portalnpm.com\/#website\"},\"primaryImageOfPage\":{\"@id\":\"https:\/\/portalnpm.com\/index.php\/2025\/11\/29\/flamengo-bate-o-palmeiras-e-e-campeao-da-libertadores-pela-4a-vez\/#primaryimage\"},\"image\":{\"@id\":\"https:\/\/portalnpm.com\/index.php\/2025\/11\/29\/flamengo-bate-o-palmeiras-e-e-campeao-da-libertadores-pela-4a-vez\/#primaryimage\"},\"thumbnailUrl\":\"https:\/\/portalnpm.com\/wp-content\/uploads\/2025\/11\/54954159975_ee2eaf2a06_k-984x553-1.webp\",\"datePublished\":\"2025-11-29T23:44:19+00:00\",\"dateModified\":\"2025-11-29T23:44:19+00:00\",\"author\":{\"@id\":\"https:\/\/portalnpm.com\/#\/schema\/person\/49313e563cfdefcc167f1ee4c017c294\"},\"breadcrumb\":{\"@id\":\"https:\/\/portalnpm.com\/index.php\/2025\/11\/29\/flamengo-bate-o-palmeiras-e-e-campeao-da-libertadores-pela-4a-vez\/#breadcrumb\"},\"inLanguage\":\"pt-BR\",\"potentialAction\":[{\"@type\":\"ReadAction\",\"target\":[\"https:\/\/portalnpm.com\/index.php\/2025\/11\/29\/flamengo-bate-o-palmeiras-e-e-campeao-da-libertadores-pela-4a-vez\/\"]}]},{\"@type\":\"ImageObject\",\"inLanguage\":\"pt-BR\",\"@id\":\"https:\/\/portalnpm.com\/index.php\/2025\/11\/29\/flamengo-bate-o-palmeiras-e-e-campeao-da-libertadores-pela-4a-vez\/#primaryimage\",\"url\":\"https:\/\/portalnpm.com\/wp-content\/uploads\/2025\/11\/54954159975_ee2eaf2a06_k-984x553-1.webp\",\"contentUrl\":\"https:\/\/portalnpm.com\/wp-content\/uploads\/2025\/11\/54954159975_ee2eaf2a06_k-984x553-1.webp\",\"width\":984,\"height\":553},{\"@type\":\"BreadcrumbList\",\"@id\":\"https:\/\/portalnpm.com\/index.php\/2025\/11\/29\/flamengo-bate-o-palmeiras-e-e-campeao-da-libertadores-pela-4a-vez\/#breadcrumb\",\"itemListElement\":[{\"@type\":\"ListItem\",\"position\":1,\"name\":\"In\u00edcio\",\"item\":\"https:\/\/portalnpm.com\/\"},{\"@type\":\"ListItem\",\"position\":2,\"name\":\"Flamengo bate o Palmeiras e \u00e9 campe\u00e3o da Libertadores pela 4\u00aa vez\"}]},{\"@type\":\"WebSite\",\"@id\":\"https:\/\/portalnpm.com\/#website\",\"url\":\"https:\/\/portalnpm.com\/\",\"name\":\"Portal NPM\",\"description\":\"Not\u00edcias em Primeira M\u00e3o\",\"potentialAction\":[{\"@type\":\"SearchAction\",\"target\":{\"@type\":\"EntryPoint\",\"urlTemplate\":\"https:\/\/portalnpm.com\/?s={search_term_string}\"},\"query-input\":\"required name=search_term_string\"}],\"inLanguage\":\"pt-BR\"},{\"@type\":\"Person\",\"@id\":\"https:\/\/portalnpm.com\/#\/schema\/person\/49313e563cfdefcc167f1ee4c017c294\",\"name\":\"Genival Barbosa\",\"image\":{\"@type\":\"ImageObject\",\"inLanguage\":\"pt-BR\",\"@id\":\"https:\/\/portalnpm.com\/#\/schema\/person\/image\/\",\"url\":\"https:\/\/portalnpm.com\/wp-content\/uploads\/2024\/02\/avatar_user_2_1707743258-96x96.jpeg\",\"contentUrl\":\"https:\/\/portalnpm.com\/wp-content\/uploads\/2024\/02\/avatar_user_2_1707743258-96x96.jpeg\",\"caption\":\"Genival Barbosa\"},\"url\":\"https:\/\/portalnpm.com\/index.php\/author\/genival\/\"}]}<\/script>\n<!-- \/ Yoast SEO plugin. -->","yoast_head_json":{"title":"Flamengo bate o Palmeiras e \u00e9 campe\u00e3o da Libertadores pela 4\u00aa vez - Portal NPM","robots":{"index":"index","follow":"follow","max-snippet":"max-snippet:-1","max-image-preview":"max-image-preview:large","max-video-preview":"max-video-preview:-1"},"canonical":"https:\/\/portalnpm.com\/index.php\/2025\/11\/29\/flamengo-bate-o-palmeiras-e-e-campeao-da-libertadores-pela-4a-vez\/","og_locale":"pt_BR","og_type":"article","og_title":"Flamengo bate o Palmeiras e \u00e9 campe\u00e3o da Libertadores pela 4\u00aa vez - Portal NPM","og_description":"&nbsp; &nbsp; A Am\u00e9rica do Sul est\u00e1, novamente, em vermelho e preto. O Flamengo venceu o Palmeiras por 1 a 0 na noite deste s\u00e1bado (29), em Lima, no Peru, e conquistou a Libertadores pela quarta vez na hist\u00f3ria \u2014 ap\u00f3s os triunfos em 1981, 2019 e 2022. De quebra, o Rubro-Negro se tornou o &hellip;","og_url":"https:\/\/portalnpm.com\/index.php\/2025\/11\/29\/flamengo-bate-o-palmeiras-e-e-campeao-da-libertadores-pela-4a-vez\/","og_site_name":"Portal NPM","article_published_time":"2025-11-29T23:44:19+00:00","og_image":[{"width":984,"height":553,"url":"https:\/\/portalnpm.com\/wp-content\/uploads\/2025\/11\/54954159975_ee2eaf2a06_k-984x553-1.webp","type":"image\/webp"}],"author":"Genival Barbosa","twitter_card":"summary_large_image","twitter_misc":{"Escrito por":"Genival Barbosa","Est. tempo de leitura":"8 minutos"},"schema":{"@context":"https:\/\/schema.org","@graph":[{"@type":"WebPage","@id":"https:\/\/portalnpm.com\/index.php\/2025\/11\/29\/flamengo-bate-o-palmeiras-e-e-campeao-da-libertadores-pela-4a-vez\/","url":"https:\/\/portalnpm.com\/index.php\/2025\/11\/29\/flamengo-bate-o-palmeiras-e-e-campeao-da-libertadores-pela-4a-vez\/","name":"Flamengo bate o Palmeiras e \u00e9 campe\u00e3o da Libertadores pela 4\u00aa vez - Portal NPM","isPartOf":{"@id":"https:\/\/portalnpm.com\/#website"},"primaryImageOfPage":{"@id":"https:\/\/portalnpm.com\/index.php\/2025\/11\/29\/flamengo-bate-o-palmeiras-e-e-campeao-da-libertadores-pela-4a-vez\/#primaryimage"},"image":{"@id":"https:\/\/portalnpm.com\/index.php\/2025\/11\/29\/flamengo-bate-o-palmeiras-e-e-campeao-da-libertadores-pela-4a-vez\/#primaryimage"},"thumbnailUrl":"https:\/\/portalnpm.com\/wp-content\/uploads\/2025\/11\/54954159975_ee2eaf2a06_k-984x553-1.webp","datePublished":"2025-11-29T23:44:19+00:00","dateModified":"2025-11-29T23:44:19+00:00","author":{"@id":"https:\/\/portalnpm.com\/#\/schema\/person\/49313e563cfdefcc167f1ee4c017c294"},"breadcrumb":{"@id":"https:\/\/portalnpm.com\/index.php\/2025\/11\/29\/flamengo-bate-o-palmeiras-e-e-campeao-da-libertadores-pela-4a-vez\/#breadcrumb"},"inLanguage":"pt-BR","potentialAction":[{"@type":"ReadAction","target":["https:\/\/portalnpm.com\/index.php\/2025\/11\/29\/flamengo-bate-o-palmeiras-e-e-campeao-da-libertadores-pela-4a-vez\/"]}]},{"@type":"ImageObject","inLanguage":"pt-BR","@id":"https:\/\/portalnpm.com\/index.php\/2025\/11\/29\/flamengo-bate-o-palmeiras-e-e-campeao-da-libertadores-pela-4a-vez\/#primaryimage","url":"https:\/\/portalnpm.com\/wp-content\/uploads\/2025\/11\/54954159975_ee2eaf2a06_k-984x553-1.webp","contentUrl":"https:\/\/portalnpm.com\/wp-content\/uploads\/2025\/11\/54954159975_ee2eaf2a06_k-984x553-1.webp","width":984,"height":553},{"@type":"BreadcrumbList","@id":"https:\/\/portalnpm.com\/index.php\/2025\/11\/29\/flamengo-bate-o-palmeiras-e-e-campeao-da-libertadores-pela-4a-vez\/#breadcrumb","itemListElement":[{"@type":"ListItem","position":1,"name":"In\u00edcio","item":"https:\/\/portalnpm.com\/"},{"@type":"ListItem","position":2,"name":"Flamengo bate o Palmeiras e \u00e9 campe\u00e3o da Libertadores pela 4\u00aa vez"}]},{"@type":"WebSite","@id":"https:\/\/portalnpm.com\/#website","url":"https:\/\/portalnpm.com\/","name":"Portal NPM","description":"Not\u00edcias em Primeira M\u00e3o","potentialAction":[{"@type":"SearchAction","target":{"@type":"EntryPoint","urlTemplate":"https:\/\/portalnpm.com\/?s={search_term_string}"},"query-input":"required name=search_term_string"}],"inLanguage":"pt-BR"},{"@type":"Person","@id":"https:\/\/portalnpm.com\/#\/schema\/person\/49313e563cfdefcc167f1ee4c017c294","name":"Genival Barbosa","image":{"@type":"ImageObject","inLanguage":"pt-BR","@id":"https:\/\/portalnpm.com\/#\/schema\/person\/image\/","url":"https:\/\/portalnpm.com\/wp-content\/uploads\/2024\/02\/avatar_user_2_1707743258-96x96.jpeg","contentUrl":"https:\/\/portalnpm.com\/wp-content\/uploads\/2024\/02\/avatar_user_2_1707743258-96x96.jpeg","caption":"Genival Barbosa"},"url":"https:\/\/portalnpm.com\/index.php\/author\/genival\/"}]}},"jetpack_sharing_enabled":true,"jetpack_featured_media_url":"https:\/\/portalnpm.com\/wp-content\/uploads\/2025\/11\/54954159975_ee2eaf2a06_k-984x553-1.webp","_links":{"self":[{"href":"https:\/\/portalnpm.com\/index.php\/wp-json\/wp\/v2\/posts\/90974"}],"collection":[{"href":"https:\/\/portalnpm.com\/index.php\/wp-json\/wp\/v2\/posts"}],"about":[{"href":"https:\/\/portalnpm.com\/index.php\/wp-json\/wp\/v2\/types\/post"}],"author":[{"embeddable":true,"href":"https:\/\/portalnpm.com\/index.php\/wp-json\/wp\/v2\/users\/2"}],"replies":[{"embeddable":true,"href":"https:\/\/portalnpm.com\/index.php\/wp-json\/wp\/v2\/comments?post=90974"}],"version-history":[{"count":1,"href":"https:\/\/portalnpm.com\/index.php\/wp-json\/wp\/v2\/posts\/90974\/revisions"}],"predecessor-version":[{"id":90977,"href":"https:\/\/portalnpm.com\/index.php\/wp-json\/wp\/v2\/posts\/90974\/revisions\/90977"}],"wp:featuredmedia":[{"embeddable":true,"href":"https:\/\/portalnpm.com\/index.php\/wp-json\/wp\/v2\/media\/90976"}],"wp:attachment":[{"href":"https:\/\/portalnpm.com\/index.php\/wp-json\/wp\/v2\/media?parent=90974"}],"wp:term":[{"taxonomy":"category","embeddable":true,"href":"https:\/\/portalnpm.com\/index.php\/wp-json\/wp\/v2\/categories?post=90974"},{"taxonomy":"post_tag","embeddable":true,"href":"https:\/\/portalnpm.com\/index.php\/wp-json\/wp\/v2\/tags?post=90974"}],"curies":[{"name":"wp","href":"https:\/\/api.w.org\/{rel}","templated":true}]}}