{"id":91349,"date":"2025-12-08T16:31:09","date_gmt":"2025-12-08T19:31:09","guid":{"rendered":"https:\/\/portalnpm.com\/?p=91349"},"modified":"2025-12-08T16:32:17","modified_gmt":"2025-12-08T19:32:17","slug":"prefeitura-de-sao-juliao-divulga-programacao-oficial-dos-65-anos-com-cinco-dias-de-festa-eventos-culturais-esportivos-e-grandes-shows","status":"publish","type":"post","link":"https:\/\/portalnpm.com\/index.php\/2025\/12\/08\/prefeitura-de-sao-juliao-divulga-programacao-oficial-dos-65-anos-com-cinco-dias-de-festa-eventos-culturais-esportivos-e-grandes-shows\/","title":{"rendered":"Prefeitura de S\u00e3o Juli\u00e3o divulga programa\u00e7\u00e3o oficial dos 65 anos com cinco dias de festa, eventos culturais, esportivos e grandes shows"},"content":{"rendered":"<p>&nbsp;<\/p>\n<p>A Prefeitura Municipal de S\u00e3o Juli\u00e3o \u2013 PI divulgou oficialmente a programa\u00e7\u00e3o completa do S\u00c3OJU FEST 2025, evento que marca a comemora\u00e7\u00e3o dos 65 anos de emancipa\u00e7\u00e3o pol\u00edtica do munic\u00edpio. A festividade, organizada pela gest\u00e3o do prefeito Renaldo Ramos, do vice-prefeito Jos\u00e9 Neci, do l\u00edder pol\u00edtico Francimar Pereira, vereadores e secret\u00e1rios municipais, promete celebrar a hist\u00f3ria, a tradi\u00e7\u00e3o e o povo saojulianense com uma ampla agenda de atividades.<\/p>\n<p>A programa\u00e7\u00e3o contar\u00e1 com cinco dias de eventos, de 13 a 18 de dezembro, reunindo a\u00e7\u00f5es culturais, esportivas, inaugura\u00e7\u00f5es, apresenta\u00e7\u00f5es religiosas e grandes shows musicais, movimentando toda a cidade.<\/p>\n<p>\u2e3b<\/p>\n<p>Programa\u00e7\u00e3o Oficial<\/p>\n<p>\ud83d\udcc5 13 de dezembro<br \/>\n\u2022 17h \u2013 Formatura do ABC<br \/>\nLocal: C.E.T.I. Apr\u00edgio Pereira Bezerra<\/p>\n<p>\ud83d\udcc5 14 de dezembro<br \/>\n\u2022 08h30 \u2013 1\u00ba Encontro de Carros Antigos<br \/>\nConcentra\u00e7\u00e3o na Pracinha Dois Cora\u00e7\u00f5es at\u00e9 a Orla Municipal<br \/>\n\u2022 10h \u2013 Inaugura\u00e7\u00e3o da Orla Municipal<br \/>\n\u2022 17h \u2013 Torneio de V\u00f4lei (modalidade mista) e Torneio de Futev\u00f4lei (masculino)<br \/>\nLocal: PrimeBT<\/p>\n<p>\ud83d\udcc5 15 de dezembro<br \/>\n\u2022 07h \u2013 Torneio de Beach T\u00eanis (feminino e masculino)<br \/>\nLocal: PrimeBT<br \/>\n\u2022 18h \u2013 Projeto S\u00e3o Juli\u00e3o e Movimento<\/p>\n<p>\ud83d\udcc5 16 de dezembro<br \/>\n\u2022 09h \u2013 Torneio de Karat\u00ea<br \/>\nLocal: Cooperativa<br \/>\n\u2022 18h \u2013 Missa<br \/>\n\u2022 19h \u2013 Dia do Cat\u00f3lico, com show de Wilian Sanfona<\/p>\n<p>\ud83d\udcc5 17 de dezembro<br \/>\n\u2022 15h \u2013 Final do Campeonato Municipal<br \/>\n\u2022 19h \u2013 Dia do Evang\u00e9lico, com participa\u00e7\u00e3o da cantora Sandra Pires e do preletor Jayro Kailo<\/p>\n<p>\ud83d\udcc5 18 de dezembro \u2013 Dia do Anivers\u00e1rio de S\u00e3o Juli\u00e3o<br \/>\n\u2022 06h \u2013 Corrida de Rua<br \/>\nLocal: Centro da cidade<br \/>\n\u2022 07h \u2013 Hasteamento das bandeiras<br \/>\nLocal: Prefeitura Municipal<br \/>\n\u2022 08h30 \u2013 Campeonato de Sinuca<br \/>\nLocal: Gin\u00e1sio Poliesportivo<br \/>\n\u2022 09h30 \u2013 Campeonato de Dama, Domin\u00f3 e Xadrez<br \/>\nLocal: Pra\u00e7a P\u00fablica<br \/>\n\u2022 20h30 \u2013 Entrega de premia\u00e7\u00f5es<br \/>\nLocal: Pra\u00e7a P\u00fablica<br \/>\n\u2022 21h30 \u2013 Dispositivo de honra com autoridades<br \/>\n\u2022 22h \u2013 Show alusivo ao anivers\u00e1rio de S\u00e3o Juli\u00e3o \u2013 PI<br \/>\n\u2022 22h30 \u2013 Mega show de encerramento<\/p>\n<p>As atra\u00e7\u00f5es musicais da noite final incluem Forroz\u00e3o Classe A, Lamarck, L\u00e9o Magalh\u00e3es e Cavalo de Pau, garantindo uma grande celebra\u00e7\u00e3o para toda a popula\u00e7\u00e3o e visitantes.<\/p>\n<p>\u2e3b<\/p>\n<p>Um novo tempo de progresso e amor por S\u00e3o Juli\u00e3o<\/p>\n<p>O S\u00c3OJU FEST 2025 celebra n\u00e3o apenas o anivers\u00e1rio da cidade, mas tamb\u00e9m o compromisso da gest\u00e3o municipal com a cultura, o lazer, o esporte e o bem-estar dos saojulianenses. As atividades foram planejadas para valorizar as tradi\u00e7\u00f5es e fortalecer o sentimento de orgulho e pertencimento da comunidade.<\/p>\n<p>A Prefeitura convida toda a popula\u00e7\u00e3o para participar e celebrar juntos os 65 anos de S\u00e3o Juli\u00e3o \u2013 PI.<\/p>\n","protected":false},"excerpt":{"rendered":"<p>&nbsp; A Prefeitura Municipal de S\u00e3o Juli\u00e3o \u2013 PI divulgou oficialmente a programa\u00e7\u00e3o completa do S\u00c3OJU FEST 2025, evento que marca a comemora\u00e7\u00e3o dos 65 anos de emancipa\u00e7\u00e3o pol\u00edtica do munic\u00edpio. A festividade, organizada pela gest\u00e3o do prefeito Renaldo Ramos, do vice-prefeito Jos\u00e9 Neci, do l\u00edder pol\u00edtico Francimar Pereira, vereadores e secret\u00e1rios municipais, promete celebrar &hellip;<\/p>\n","protected":false},"author":8,"featured_media":91351,"comment_status":"open","ping_status":"open","sticky":false,"template":"","format":"standard","meta":{"content-type":"","rop_custom_images_group":[],"rop_custom_messages_group":[],"rop_publish_now":"yes","rop_publish_now_accounts":{"facebook_2648258775420054_1618374048415101":""},"rop_publish_now_history":[],"rop_publish_now_status":"pending","footnotes":"","_jetpack_memberships_contains_paid_content":false},"categories":[113,3998],"tags":[4497,221,3281,16833,230,915,1294,926,9378,3883,651,12454,1197,3417,222,1323,1196,224],"yoast_head":"<!-- This site is optimized with the Yoast SEO plugin v22.3 - https:\/\/yoast.com\/wordpress\/plugins\/seo\/ -->\n<title>Prefeitura de S\u00e3o Juli\u00e3o divulga programa\u00e7\u00e3o oficial dos 65 anos com cinco dias de festa, eventos culturais, esportivos e grandes shows - Portal NPM<\/title>\n<meta name=\"robots\" content=\"index, follow, max-snippet:-1, max-image-preview:large, max-video-preview:-1\" \/>\n<link rel=\"canonical\" href=\"https:\/\/portalnpm.com\/index.php\/2025\/12\/08\/prefeitura-de-sao-juliao-divulga-programacao-oficial-dos-65-anos-com-cinco-dias-de-festa-eventos-culturais-esportivos-e-grandes-shows\/\" \/>\n<meta property=\"og:locale\" content=\"pt_BR\" \/>\n<meta property=\"og:type\" content=\"article\" \/>\n<meta property=\"og:title\" content=\"Prefeitura de S\u00e3o Juli\u00e3o divulga programa\u00e7\u00e3o oficial dos 65 anos com cinco dias de festa, eventos culturais, esportivos e grandes shows - Portal NPM\" \/>\n<meta property=\"og:description\" content=\"&nbsp; A Prefeitura Municipal de S\u00e3o Juli\u00e3o \u2013 PI divulgou oficialmente a programa\u00e7\u00e3o completa do S\u00c3OJU FEST 2025, evento que marca a comemora\u00e7\u00e3o dos 65 anos de emancipa\u00e7\u00e3o pol\u00edtica do munic\u00edpio. A festividade, organizada pela gest\u00e3o do prefeito Renaldo Ramos, do vice-prefeito Jos\u00e9 Neci, do l\u00edder pol\u00edtico Francimar Pereira, vereadores e secret\u00e1rios municipais, promete celebrar &hellip;\" \/>\n<meta property=\"og:url\" content=\"https:\/\/portalnpm.com\/index.php\/2025\/12\/08\/prefeitura-de-sao-juliao-divulga-programacao-oficial-dos-65-anos-com-cinco-dias-de-festa-eventos-culturais-esportivos-e-grandes-shows\/\" \/>\n<meta property=\"og:site_name\" content=\"Portal NPM\" \/>\n<meta property=\"article:published_time\" content=\"2025-12-08T19:31:09+00:00\" \/>\n<meta property=\"article:modified_time\" content=\"2025-12-08T19:32:17+00:00\" \/>\n<meta property=\"og:image\" content=\"https:\/\/portalnpm.com\/wp-content\/uploads\/2025\/12\/0c17a77d-49bd-405b-9c60-0a64ab4cdab4.jpeg\" \/>\n\t<meta property=\"og:image:width\" content=\"1280\" \/>\n\t<meta property=\"og:image:height\" content=\"640\" \/>\n\t<meta property=\"og:image:type\" content=\"image\/jpeg\" \/>\n<meta name=\"author\" content=\"Zenilton Lima\" \/>\n<meta name=\"twitter:card\" content=\"summary_large_image\" \/>\n<meta name=\"twitter:label1\" content=\"Escrito por\" \/>\n\t<meta name=\"twitter:data1\" content=\"Zenilton Lima\" \/>\n\t<meta name=\"twitter:label2\" content=\"Est. tempo de leitura\" \/>\n\t<meta name=\"twitter:data2\" content=\"3 minutos\" \/>\n<script type=\"application\/ld+json\" class=\"yoast-schema-graph\">{\"@context\":\"https:\/\/schema.org\",\"@graph\":[{\"@type\":\"WebPage\",\"@id\":\"https:\/\/portalnpm.com\/index.php\/2025\/12\/08\/prefeitura-de-sao-juliao-divulga-programacao-oficial-dos-65-anos-com-cinco-dias-de-festa-eventos-culturais-esportivos-e-grandes-shows\/\",\"url\":\"https:\/\/portalnpm.com\/index.php\/2025\/12\/08\/prefeitura-de-sao-juliao-divulga-programacao-oficial-dos-65-anos-com-cinco-dias-de-festa-eventos-culturais-esportivos-e-grandes-shows\/\",\"name\":\"Prefeitura de S\u00e3o Juli\u00e3o divulga programa\u00e7\u00e3o oficial dos 65 anos com cinco dias de festa, eventos culturais, esportivos e grandes shows - Portal NPM\",\"isPartOf\":{\"@id\":\"https:\/\/portalnpm.com\/#website\"},\"primaryImageOfPage\":{\"@id\":\"https:\/\/portalnpm.com\/index.php\/2025\/12\/08\/prefeitura-de-sao-juliao-divulga-programacao-oficial-dos-65-anos-com-cinco-dias-de-festa-eventos-culturais-esportivos-e-grandes-shows\/#primaryimage\"},\"image\":{\"@id\":\"https:\/\/portalnpm.com\/index.php\/2025\/12\/08\/prefeitura-de-sao-juliao-divulga-programacao-oficial-dos-65-anos-com-cinco-dias-de-festa-eventos-culturais-esportivos-e-grandes-shows\/#primaryimage\"},\"thumbnailUrl\":\"https:\/\/portalnpm.com\/wp-content\/uploads\/2025\/12\/0c17a77d-49bd-405b-9c60-0a64ab4cdab4.jpeg\",\"datePublished\":\"2025-12-08T19:31:09+00:00\",\"dateModified\":\"2025-12-08T19:32:17+00:00\",\"author\":{\"@id\":\"https:\/\/portalnpm.com\/#\/schema\/person\/35cb55186eae3f074b6783da6d35591e\"},\"breadcrumb\":{\"@id\":\"https:\/\/portalnpm.com\/index.php\/2025\/12\/08\/prefeitura-de-sao-juliao-divulga-programacao-oficial-dos-65-anos-com-cinco-dias-de-festa-eventos-culturais-esportivos-e-grandes-shows\/#breadcrumb\"},\"inLanguage\":\"pt-BR\",\"potentialAction\":[{\"@type\":\"ReadAction\",\"target\":[\"https:\/\/portalnpm.com\/index.php\/2025\/12\/08\/prefeitura-de-sao-juliao-divulga-programacao-oficial-dos-65-anos-com-cinco-dias-de-festa-eventos-culturais-esportivos-e-grandes-shows\/\"]}]},{\"@type\":\"ImageObject\",\"inLanguage\":\"pt-BR\",\"@id\":\"https:\/\/portalnpm.com\/index.php\/2025\/12\/08\/prefeitura-de-sao-juliao-divulga-programacao-oficial-dos-65-anos-com-cinco-dias-de-festa-eventos-culturais-esportivos-e-grandes-shows\/#primaryimage\",\"url\":\"https:\/\/portalnpm.com\/wp-content\/uploads\/2025\/12\/0c17a77d-49bd-405b-9c60-0a64ab4cdab4.jpeg\",\"contentUrl\":\"https:\/\/portalnpm.com\/wp-content\/uploads\/2025\/12\/0c17a77d-49bd-405b-9c60-0a64ab4cdab4.jpeg\",\"width\":1280,\"height\":640},{\"@type\":\"BreadcrumbList\",\"@id\":\"https:\/\/portalnpm.com\/index.php\/2025\/12\/08\/prefeitura-de-sao-juliao-divulga-programacao-oficial-dos-65-anos-com-cinco-dias-de-festa-eventos-culturais-esportivos-e-grandes-shows\/#breadcrumb\",\"itemListElement\":[{\"@type\":\"ListItem\",\"position\":1,\"name\":\"In\u00edcio\",\"item\":\"https:\/\/portalnpm.com\/\"},{\"@type\":\"ListItem\",\"position\":2,\"name\":\"Prefeitura de S\u00e3o Juli\u00e3o divulga programa\u00e7\u00e3o oficial dos 65 anos com cinco dias de festa, eventos culturais, esportivos e grandes shows\"}]},{\"@type\":\"WebSite\",\"@id\":\"https:\/\/portalnpm.com\/#website\",\"url\":\"https:\/\/portalnpm.com\/\",\"name\":\"Portal NPM\",\"description\":\"Not\u00edcias em Primeira M\u00e3o\",\"potentialAction\":[{\"@type\":\"SearchAction\",\"target\":{\"@type\":\"EntryPoint\",\"urlTemplate\":\"https:\/\/portalnpm.com\/?s={search_term_string}\"},\"query-input\":\"required name=search_term_string\"}],\"inLanguage\":\"pt-BR\"},{\"@type\":\"Person\",\"@id\":\"https:\/\/portalnpm.com\/#\/schema\/person\/35cb55186eae3f074b6783da6d35591e\",\"name\":\"Zenilton Lima\",\"image\":{\"@type\":\"ImageObject\",\"inLanguage\":\"pt-BR\",\"@id\":\"https:\/\/portalnpm.com\/#\/schema\/person\/image\/\",\"url\":\"https:\/\/portalnpm.com\/wp-content\/uploads\/2024\/12\/avatar_user_8_1733658137-96x96.jpeg\",\"contentUrl\":\"https:\/\/portalnpm.com\/wp-content\/uploads\/2024\/12\/avatar_user_8_1733658137-96x96.jpeg\",\"caption\":\"Zenilton Lima\"},\"url\":\"https:\/\/portalnpm.com\/index.php\/author\/zenilton\/\"}]}<\/script>\n<!-- \/ Yoast SEO plugin. -->","yoast_head_json":{"title":"Prefeitura de S\u00e3o Juli\u00e3o divulga programa\u00e7\u00e3o oficial dos 65 anos com cinco dias de festa, eventos culturais, esportivos e grandes shows - Portal NPM","robots":{"index":"index","follow":"follow","max-snippet":"max-snippet:-1","max-image-preview":"max-image-preview:large","max-video-preview":"max-video-preview:-1"},"canonical":"https:\/\/portalnpm.com\/index.php\/2025\/12\/08\/prefeitura-de-sao-juliao-divulga-programacao-oficial-dos-65-anos-com-cinco-dias-de-festa-eventos-culturais-esportivos-e-grandes-shows\/","og_locale":"pt_BR","og_type":"article","og_title":"Prefeitura de S\u00e3o Juli\u00e3o divulga programa\u00e7\u00e3o oficial dos 65 anos com cinco dias de festa, eventos culturais, esportivos e grandes shows - Portal NPM","og_description":"&nbsp; A Prefeitura Municipal de S\u00e3o Juli\u00e3o \u2013 PI divulgou oficialmente a programa\u00e7\u00e3o completa do S\u00c3OJU FEST 2025, evento que marca a comemora\u00e7\u00e3o dos 65 anos de emancipa\u00e7\u00e3o pol\u00edtica do munic\u00edpio. A festividade, organizada pela gest\u00e3o do prefeito Renaldo Ramos, do vice-prefeito Jos\u00e9 Neci, do l\u00edder pol\u00edtico Francimar Pereira, vereadores e secret\u00e1rios municipais, promete celebrar &hellip;","og_url":"https:\/\/portalnpm.com\/index.php\/2025\/12\/08\/prefeitura-de-sao-juliao-divulga-programacao-oficial-dos-65-anos-com-cinco-dias-de-festa-eventos-culturais-esportivos-e-grandes-shows\/","og_site_name":"Portal NPM","article_published_time":"2025-12-08T19:31:09+00:00","article_modified_time":"2025-12-08T19:32:17+00:00","og_image":[{"width":1280,"height":640,"url":"https:\/\/portalnpm.com\/wp-content\/uploads\/2025\/12\/0c17a77d-49bd-405b-9c60-0a64ab4cdab4.jpeg","type":"image\/jpeg"}],"author":"Zenilton Lima","twitter_card":"summary_large_image","twitter_misc":{"Escrito por":"Zenilton Lima","Est. tempo de leitura":"3 minutos"},"schema":{"@context":"https:\/\/schema.org","@graph":[{"@type":"WebPage","@id":"https:\/\/portalnpm.com\/index.php\/2025\/12\/08\/prefeitura-de-sao-juliao-divulga-programacao-oficial-dos-65-anos-com-cinco-dias-de-festa-eventos-culturais-esportivos-e-grandes-shows\/","url":"https:\/\/portalnpm.com\/index.php\/2025\/12\/08\/prefeitura-de-sao-juliao-divulga-programacao-oficial-dos-65-anos-com-cinco-dias-de-festa-eventos-culturais-esportivos-e-grandes-shows\/","name":"Prefeitura de S\u00e3o Juli\u00e3o divulga programa\u00e7\u00e3o oficial dos 65 anos com cinco dias de festa, eventos culturais, esportivos e grandes shows - Portal NPM","isPartOf":{"@id":"https:\/\/portalnpm.com\/#website"},"primaryImageOfPage":{"@id":"https:\/\/portalnpm.com\/index.php\/2025\/12\/08\/prefeitura-de-sao-juliao-divulga-programacao-oficial-dos-65-anos-com-cinco-dias-de-festa-eventos-culturais-esportivos-e-grandes-shows\/#primaryimage"},"image":{"@id":"https:\/\/portalnpm.com\/index.php\/2025\/12\/08\/prefeitura-de-sao-juliao-divulga-programacao-oficial-dos-65-anos-com-cinco-dias-de-festa-eventos-culturais-esportivos-e-grandes-shows\/#primaryimage"},"thumbnailUrl":"https:\/\/portalnpm.com\/wp-content\/uploads\/2025\/12\/0c17a77d-49bd-405b-9c60-0a64ab4cdab4.jpeg","datePublished":"2025-12-08T19:31:09+00:00","dateModified":"2025-12-08T19:32:17+00:00","author":{"@id":"https:\/\/portalnpm.com\/#\/schema\/person\/35cb55186eae3f074b6783da6d35591e"},"breadcrumb":{"@id":"https:\/\/portalnpm.com\/index.php\/2025\/12\/08\/prefeitura-de-sao-juliao-divulga-programacao-oficial-dos-65-anos-com-cinco-dias-de-festa-eventos-culturais-esportivos-e-grandes-shows\/#breadcrumb"},"inLanguage":"pt-BR","potentialAction":[{"@type":"ReadAction","target":["https:\/\/portalnpm.com\/index.php\/2025\/12\/08\/prefeitura-de-sao-juliao-divulga-programacao-oficial-dos-65-anos-com-cinco-dias-de-festa-eventos-culturais-esportivos-e-grandes-shows\/"]}]},{"@type":"ImageObject","inLanguage":"pt-BR","@id":"https:\/\/portalnpm.com\/index.php\/2025\/12\/08\/prefeitura-de-sao-juliao-divulga-programacao-oficial-dos-65-anos-com-cinco-dias-de-festa-eventos-culturais-esportivos-e-grandes-shows\/#primaryimage","url":"https:\/\/portalnpm.com\/wp-content\/uploads\/2025\/12\/0c17a77d-49bd-405b-9c60-0a64ab4cdab4.jpeg","contentUrl":"https:\/\/portalnpm.com\/wp-content\/uploads\/2025\/12\/0c17a77d-49bd-405b-9c60-0a64ab4cdab4.jpeg","width":1280,"height":640},{"@type":"BreadcrumbList","@id":"https:\/\/portalnpm.com\/index.php\/2025\/12\/08\/prefeitura-de-sao-juliao-divulga-programacao-oficial-dos-65-anos-com-cinco-dias-de-festa-eventos-culturais-esportivos-e-grandes-shows\/#breadcrumb","itemListElement":[{"@type":"ListItem","position":1,"name":"In\u00edcio","item":"https:\/\/portalnpm.com\/"},{"@type":"ListItem","position":2,"name":"Prefeitura de S\u00e3o Juli\u00e3o divulga programa\u00e7\u00e3o oficial dos 65 anos com cinco dias de festa, eventos culturais, esportivos e grandes shows"}]},{"@type":"WebSite","@id":"https:\/\/portalnpm.com\/#website","url":"https:\/\/portalnpm.com\/","name":"Portal NPM","description":"Not\u00edcias em Primeira M\u00e3o","potentialAction":[{"@type":"SearchAction","target":{"@type":"EntryPoint","urlTemplate":"https:\/\/portalnpm.com\/?s={search_term_string}"},"query-input":"required name=search_term_string"}],"inLanguage":"pt-BR"},{"@type":"Person","@id":"https:\/\/portalnpm.com\/#\/schema\/person\/35cb55186eae3f074b6783da6d35591e","name":"Zenilton Lima","image":{"@type":"ImageObject","inLanguage":"pt-BR","@id":"https:\/\/portalnpm.com\/#\/schema\/person\/image\/","url":"https:\/\/portalnpm.com\/wp-content\/uploads\/2024\/12\/avatar_user_8_1733658137-96x96.jpeg","contentUrl":"https:\/\/portalnpm.com\/wp-content\/uploads\/2024\/12\/avatar_user_8_1733658137-96x96.jpeg","caption":"Zenilton Lima"},"url":"https:\/\/portalnpm.com\/index.php\/author\/zenilton\/"}]}},"jetpack_sharing_enabled":true,"jetpack_featured_media_url":"https:\/\/portalnpm.com\/wp-content\/uploads\/2025\/12\/0c17a77d-49bd-405b-9c60-0a64ab4cdab4.jpeg","_links":{"self":[{"href":"https:\/\/portalnpm.com\/index.php\/wp-json\/wp\/v2\/posts\/91349"}],"collection":[{"href":"https:\/\/portalnpm.com\/index.php\/wp-json\/wp\/v2\/posts"}],"about":[{"href":"https:\/\/portalnpm.com\/index.php\/wp-json\/wp\/v2\/types\/post"}],"author":[{"embeddable":true,"href":"https:\/\/portalnpm.com\/index.php\/wp-json\/wp\/v2\/users\/8"}],"replies":[{"embeddable":true,"href":"https:\/\/portalnpm.com\/index.php\/wp-json\/wp\/v2\/comments?post=91349"}],"version-history":[{"count":1,"href":"https:\/\/portalnpm.com\/index.php\/wp-json\/wp\/v2\/posts\/91349\/revisions"}],"predecessor-version":[{"id":91352,"href":"https:\/\/portalnpm.com\/index.php\/wp-json\/wp\/v2\/posts\/91349\/revisions\/91352"}],"wp:featuredmedia":[{"embeddable":true,"href":"https:\/\/portalnpm.com\/index.php\/wp-json\/wp\/v2\/media\/91351"}],"wp:attachment":[{"href":"https:\/\/portalnpm.com\/index.php\/wp-json\/wp\/v2\/media?parent=91349"}],"wp:term":[{"taxonomy":"category","embeddable":true,"href":"https:\/\/portalnpm.com\/index.php\/wp-json\/wp\/v2\/categories?post=91349"},{"taxonomy":"post_tag","embeddable":true,"href":"https:\/\/portalnpm.com\/index.php\/wp-json\/wp\/v2\/tags?post=91349"}],"curies":[{"name":"wp","href":"https:\/\/api.w.org\/{rel}","templated":true}]}}