{"id":91354,"date":"2025-12-09T12:39:23","date_gmt":"2025-12-09T15:39:23","guid":{"rendered":"https:\/\/portalnpm.com\/?p=91354"},"modified":"2025-12-09T12:39:23","modified_gmt":"2025-12-09T15:39:23","slug":"sao-juliao-e-contemplado-com-nova-medica-do-programa-mais-medicos-do-governo-federal-veja","status":"publish","type":"post","link":"https:\/\/portalnpm.com\/index.php\/2025\/12\/09\/sao-juliao-e-contemplado-com-nova-medica-do-programa-mais-medicos-do-governo-federal-veja\/","title":{"rendered":"S\u00e3o Juli\u00e3o \u00e9 contemplado com nova m\u00e9dica do Programa Mais M\u00e9dicos do Governo Federal; veja!"},"content":{"rendered":"<p>Na manh\u00e3 desta ter\u00e7a-feira, S\u00e3o Juli\u00e3o recebeu oficialmente uma nova profissional para refor\u00e7ar o atendimento na rede municipal de sa\u00fade. A m\u00e9dica Gabriela Ribeiro, integrante do Programa Mais M\u00e9dicos, j\u00e1 est\u00e1 no munic\u00edpio e chega para fortalecer o cuidado e ampliar os servi\u00e7os oferecidos \u00e0 popula\u00e7\u00e3o.<\/p>\n<p>O Programa Mais M\u00e9dicos, criado pelo Governo Federal, tem como objetivo suprir a falta de profissionais em regi\u00f5es com maior vulnerabilidade, garantindo atendimento m\u00e9dico cont\u00ednuo e de qualidade. A iniciativa busca ampliar a aten\u00e7\u00e3o b\u00e1sica, reduzir desigualdades e assegurar que todos os brasileiros tenham acesso aos servi\u00e7os essenciais de sa\u00fade.<\/p>\n<p>Em S\u00e3o Juli\u00e3o, a chegada da m\u00e9dica Gabriela Ribeiro representa um importante avan\u00e7o. A profissional ir\u00e1 atender de segunda a quinta-feira, nos turnos manh\u00e3 e tarde, e \u00e0s sextas-feiras durante a manh\u00e3, oferecendo mais disponibilidade e ampliando o acesso da popula\u00e7\u00e3o aos servi\u00e7os m\u00e9dicos.<\/p>\n<p>A gest\u00e3o municipal comemorou a conquista e destacou que este refor\u00e7o \u00e9 fundamental para fortalecer a sa\u00fade p\u00fablica. \u201cSeguimos empenhados em garantir que nossa popula\u00e7\u00e3o tenha acesso cada vez melhor aos servi\u00e7os de sa\u00fade\u201d, ressaltou a administra\u00e7\u00e3o.<\/p>\n<p>Com a nova m\u00e9dica, S\u00e3o Juli\u00e3o d\u00e1 mais um passo significativo na melhoria da qualidade de vida e no cuidado com a sa\u00fade de sua gente.<\/p>\n<p><img fetchpriority=\"high\" decoding=\"async\" class=\"alignnone size-medium wp-image-91355\" src=\"https:\/\/portalnpm.com\/wp-content\/uploads\/2025\/12\/9326a5dd-8841-4624-bc5a-ce9dcbe02811-300x225.jpeg\" alt=\"\" width=\"300\" height=\"225\" srcset=\"https:\/\/portalnpm.com\/wp-content\/uploads\/2025\/12\/9326a5dd-8841-4624-bc5a-ce9dcbe02811-300x225.jpeg 300w, https:\/\/portalnpm.com\/wp-content\/uploads\/2025\/12\/9326a5dd-8841-4624-bc5a-ce9dcbe02811-1024x768.jpeg 1024w, https:\/\/portalnpm.com\/wp-content\/uploads\/2025\/12\/9326a5dd-8841-4624-bc5a-ce9dcbe02811-768x576.jpeg 768w, https:\/\/portalnpm.com\/wp-content\/uploads\/2025\/12\/9326a5dd-8841-4624-bc5a-ce9dcbe02811-1536x1152.jpeg 1536w, https:\/\/portalnpm.com\/wp-content\/uploads\/2025\/12\/9326a5dd-8841-4624-bc5a-ce9dcbe02811-2048x1536.jpeg 2048w\" sizes=\"(max-width: 300px) 100vw, 300px\" \/> <img decoding=\"async\" class=\"alignnone size-medium wp-image-91356\" src=\"https:\/\/portalnpm.com\/wp-content\/uploads\/2025\/12\/81cf9bbb-d339-43a7-91fb-0573ea534720-300x225.jpeg\" alt=\"\" width=\"300\" height=\"225\" srcset=\"https:\/\/portalnpm.com\/wp-content\/uploads\/2025\/12\/81cf9bbb-d339-43a7-91fb-0573ea534720-300x225.jpeg 300w, https:\/\/portalnpm.com\/wp-content\/uploads\/2025\/12\/81cf9bbb-d339-43a7-91fb-0573ea534720-1024x768.jpeg 1024w, https:\/\/portalnpm.com\/wp-content\/uploads\/2025\/12\/81cf9bbb-d339-43a7-91fb-0573ea534720-768x576.jpeg 768w, https:\/\/portalnpm.com\/wp-content\/uploads\/2025\/12\/81cf9bbb-d339-43a7-91fb-0573ea534720-1536x1152.jpeg 1536w, https:\/\/portalnpm.com\/wp-content\/uploads\/2025\/12\/81cf9bbb-d339-43a7-91fb-0573ea534720-2048x1536.jpeg 2048w\" sizes=\"(max-width: 300px) 100vw, 300px\" \/> <img decoding=\"async\" class=\"alignnone size-medium wp-image-91357\" src=\"https:\/\/portalnpm.com\/wp-content\/uploads\/2025\/12\/216a9d09-e1b4-4be7-bcec-511d37a20e43-300x225.jpeg\" alt=\"\" width=\"300\" height=\"225\" srcset=\"https:\/\/portalnpm.com\/wp-content\/uploads\/2025\/12\/216a9d09-e1b4-4be7-bcec-511d37a20e43-300x225.jpeg 300w, https:\/\/portalnpm.com\/wp-content\/uploads\/2025\/12\/216a9d09-e1b4-4be7-bcec-511d37a20e43-1024x768.jpeg 1024w, https:\/\/portalnpm.com\/wp-content\/uploads\/2025\/12\/216a9d09-e1b4-4be7-bcec-511d37a20e43-768x576.jpeg 768w, https:\/\/portalnpm.com\/wp-content\/uploads\/2025\/12\/216a9d09-e1b4-4be7-bcec-511d37a20e43-1536x1152.jpeg 1536w, https:\/\/portalnpm.com\/wp-content\/uploads\/2025\/12\/216a9d09-e1b4-4be7-bcec-511d37a20e43-2048x1536.jpeg 2048w\" sizes=\"(max-width: 300px) 100vw, 300px\" \/><\/p>\n<p><strong>Fotos<\/strong>: Ascom<\/p>\n","protected":false},"excerpt":{"rendered":"<p>Na manh\u00e3 desta ter\u00e7a-feira, S\u00e3o Juli\u00e3o recebeu oficialmente uma nova profissional para refor\u00e7ar o atendimento na rede municipal de sa\u00fade. A m\u00e9dica Gabriela Ribeiro, integrante do Programa Mais M\u00e9dicos, j\u00e1 est\u00e1 no munic\u00edpio e chega para fortalecer o cuidado e ampliar os servi\u00e7os oferecidos \u00e0 popula\u00e7\u00e3o. O Programa Mais M\u00e9dicos, criado pelo Governo Federal, tem &hellip;<\/p>\n","protected":false},"author":8,"featured_media":91358,"comment_status":"open","ping_status":"open","sticky":false,"template":"","format":"standard","meta":{"content-type":"","rop_custom_images_group":[],"rop_custom_messages_group":[],"rop_publish_now":"yes","rop_publish_now_accounts":{"facebook_2648258775420054_1618374048415101":""},"rop_publish_now_history":[],"rop_publish_now_status":"pending","footnotes":"","_jetpack_memberships_contains_paid_content":false},"categories":[113,3998,384],"tags":[14525,925,2647,524,1197,844,3131,1424,928,1894,1196,842],"yoast_head":"<!-- This site is optimized with the Yoast SEO plugin v22.3 - https:\/\/yoast.com\/wordpress\/plugins\/seo\/ -->\n<title>S\u00e3o Juli\u00e3o \u00e9 contemplado com nova m\u00e9dica do Programa Mais M\u00e9dicos do Governo Federal; veja! - Portal NPM<\/title>\n<meta name=\"robots\" content=\"index, follow, max-snippet:-1, max-image-preview:large, max-video-preview:-1\" \/>\n<link rel=\"canonical\" href=\"https:\/\/portalnpm.com\/index.php\/2025\/12\/09\/sao-juliao-e-contemplado-com-nova-medica-do-programa-mais-medicos-do-governo-federal-veja\/\" \/>\n<meta property=\"og:locale\" content=\"pt_BR\" \/>\n<meta property=\"og:type\" content=\"article\" \/>\n<meta property=\"og:title\" content=\"S\u00e3o Juli\u00e3o \u00e9 contemplado com nova m\u00e9dica do Programa Mais M\u00e9dicos do Governo Federal; veja! - Portal NPM\" \/>\n<meta property=\"og:description\" content=\"Na manh\u00e3 desta ter\u00e7a-feira, S\u00e3o Juli\u00e3o recebeu oficialmente uma nova profissional para refor\u00e7ar o atendimento na rede municipal de sa\u00fade. A m\u00e9dica Gabriela Ribeiro, integrante do Programa Mais M\u00e9dicos, j\u00e1 est\u00e1 no munic\u00edpio e chega para fortalecer o cuidado e ampliar os servi\u00e7os oferecidos \u00e0 popula\u00e7\u00e3o. O Programa Mais M\u00e9dicos, criado pelo Governo Federal, tem &hellip;\" \/>\n<meta property=\"og:url\" content=\"https:\/\/portalnpm.com\/index.php\/2025\/12\/09\/sao-juliao-e-contemplado-com-nova-medica-do-programa-mais-medicos-do-governo-federal-veja\/\" \/>\n<meta property=\"og:site_name\" content=\"Portal NPM\" \/>\n<meta property=\"article:published_time\" content=\"2025-12-09T15:39:23+00:00\" \/>\n<meta property=\"og:image\" content=\"https:\/\/portalnpm.com\/wp-content\/uploads\/2025\/12\/IMG_0125.jpeg\" \/>\n\t<meta property=\"og:image:width\" content=\"1169\" \/>\n\t<meta property=\"og:image:height\" content=\"864\" \/>\n\t<meta property=\"og:image:type\" content=\"image\/jpeg\" \/>\n<meta name=\"author\" content=\"Zenilton Lima\" \/>\n<meta name=\"twitter:card\" content=\"summary_large_image\" \/>\n<meta name=\"twitter:label1\" content=\"Escrito por\" \/>\n\t<meta name=\"twitter:data1\" content=\"Zenilton Lima\" \/>\n\t<meta name=\"twitter:label2\" content=\"Est. tempo de leitura\" \/>\n\t<meta name=\"twitter:data2\" content=\"2 minutos\" \/>\n<script type=\"application\/ld+json\" class=\"yoast-schema-graph\">{\"@context\":\"https:\/\/schema.org\",\"@graph\":[{\"@type\":\"WebPage\",\"@id\":\"https:\/\/portalnpm.com\/index.php\/2025\/12\/09\/sao-juliao-e-contemplado-com-nova-medica-do-programa-mais-medicos-do-governo-federal-veja\/\",\"url\":\"https:\/\/portalnpm.com\/index.php\/2025\/12\/09\/sao-juliao-e-contemplado-com-nova-medica-do-programa-mais-medicos-do-governo-federal-veja\/\",\"name\":\"S\u00e3o Juli\u00e3o \u00e9 contemplado com nova m\u00e9dica do Programa Mais M\u00e9dicos do Governo Federal; veja! - Portal NPM\",\"isPartOf\":{\"@id\":\"https:\/\/portalnpm.com\/#website\"},\"primaryImageOfPage\":{\"@id\":\"https:\/\/portalnpm.com\/index.php\/2025\/12\/09\/sao-juliao-e-contemplado-com-nova-medica-do-programa-mais-medicos-do-governo-federal-veja\/#primaryimage\"},\"image\":{\"@id\":\"https:\/\/portalnpm.com\/index.php\/2025\/12\/09\/sao-juliao-e-contemplado-com-nova-medica-do-programa-mais-medicos-do-governo-federal-veja\/#primaryimage\"},\"thumbnailUrl\":\"https:\/\/portalnpm.com\/wp-content\/uploads\/2025\/12\/IMG_0125.jpeg\",\"datePublished\":\"2025-12-09T15:39:23+00:00\",\"dateModified\":\"2025-12-09T15:39:23+00:00\",\"author\":{\"@id\":\"https:\/\/portalnpm.com\/#\/schema\/person\/35cb55186eae3f074b6783da6d35591e\"},\"breadcrumb\":{\"@id\":\"https:\/\/portalnpm.com\/index.php\/2025\/12\/09\/sao-juliao-e-contemplado-com-nova-medica-do-programa-mais-medicos-do-governo-federal-veja\/#breadcrumb\"},\"inLanguage\":\"pt-BR\",\"potentialAction\":[{\"@type\":\"ReadAction\",\"target\":[\"https:\/\/portalnpm.com\/index.php\/2025\/12\/09\/sao-juliao-e-contemplado-com-nova-medica-do-programa-mais-medicos-do-governo-federal-veja\/\"]}]},{\"@type\":\"ImageObject\",\"inLanguage\":\"pt-BR\",\"@id\":\"https:\/\/portalnpm.com\/index.php\/2025\/12\/09\/sao-juliao-e-contemplado-com-nova-medica-do-programa-mais-medicos-do-governo-federal-veja\/#primaryimage\",\"url\":\"https:\/\/portalnpm.com\/wp-content\/uploads\/2025\/12\/IMG_0125.jpeg\",\"contentUrl\":\"https:\/\/portalnpm.com\/wp-content\/uploads\/2025\/12\/IMG_0125.jpeg\",\"width\":1169,\"height\":864,\"caption\":\"Fotos: Ascom\"},{\"@type\":\"BreadcrumbList\",\"@id\":\"https:\/\/portalnpm.com\/index.php\/2025\/12\/09\/sao-juliao-e-contemplado-com-nova-medica-do-programa-mais-medicos-do-governo-federal-veja\/#breadcrumb\",\"itemListElement\":[{\"@type\":\"ListItem\",\"position\":1,\"name\":\"In\u00edcio\",\"item\":\"https:\/\/portalnpm.com\/\"},{\"@type\":\"ListItem\",\"position\":2,\"name\":\"S\u00e3o Juli\u00e3o \u00e9 contemplado com nova m\u00e9dica do Programa Mais M\u00e9dicos do Governo Federal; veja!\"}]},{\"@type\":\"WebSite\",\"@id\":\"https:\/\/portalnpm.com\/#website\",\"url\":\"https:\/\/portalnpm.com\/\",\"name\":\"Portal NPM\",\"description\":\"Not\u00edcias em Primeira M\u00e3o\",\"potentialAction\":[{\"@type\":\"SearchAction\",\"target\":{\"@type\":\"EntryPoint\",\"urlTemplate\":\"https:\/\/portalnpm.com\/?s={search_term_string}\"},\"query-input\":\"required name=search_term_string\"}],\"inLanguage\":\"pt-BR\"},{\"@type\":\"Person\",\"@id\":\"https:\/\/portalnpm.com\/#\/schema\/person\/35cb55186eae3f074b6783da6d35591e\",\"name\":\"Zenilton Lima\",\"image\":{\"@type\":\"ImageObject\",\"inLanguage\":\"pt-BR\",\"@id\":\"https:\/\/portalnpm.com\/#\/schema\/person\/image\/\",\"url\":\"https:\/\/portalnpm.com\/wp-content\/uploads\/2024\/12\/avatar_user_8_1733658137-96x96.jpeg\",\"contentUrl\":\"https:\/\/portalnpm.com\/wp-content\/uploads\/2024\/12\/avatar_user_8_1733658137-96x96.jpeg\",\"caption\":\"Zenilton Lima\"},\"url\":\"https:\/\/portalnpm.com\/index.php\/author\/zenilton\/\"}]}<\/script>\n<!-- \/ Yoast SEO plugin. -->","yoast_head_json":{"title":"S\u00e3o Juli\u00e3o \u00e9 contemplado com nova m\u00e9dica do Programa Mais M\u00e9dicos do Governo Federal; veja! - Portal NPM","robots":{"index":"index","follow":"follow","max-snippet":"max-snippet:-1","max-image-preview":"max-image-preview:large","max-video-preview":"max-video-preview:-1"},"canonical":"https:\/\/portalnpm.com\/index.php\/2025\/12\/09\/sao-juliao-e-contemplado-com-nova-medica-do-programa-mais-medicos-do-governo-federal-veja\/","og_locale":"pt_BR","og_type":"article","og_title":"S\u00e3o Juli\u00e3o \u00e9 contemplado com nova m\u00e9dica do Programa Mais M\u00e9dicos do Governo Federal; veja! - Portal NPM","og_description":"Na manh\u00e3 desta ter\u00e7a-feira, S\u00e3o Juli\u00e3o recebeu oficialmente uma nova profissional para refor\u00e7ar o atendimento na rede municipal de sa\u00fade. A m\u00e9dica Gabriela Ribeiro, integrante do Programa Mais M\u00e9dicos, j\u00e1 est\u00e1 no munic\u00edpio e chega para fortalecer o cuidado e ampliar os servi\u00e7os oferecidos \u00e0 popula\u00e7\u00e3o. O Programa Mais M\u00e9dicos, criado pelo Governo Federal, tem &hellip;","og_url":"https:\/\/portalnpm.com\/index.php\/2025\/12\/09\/sao-juliao-e-contemplado-com-nova-medica-do-programa-mais-medicos-do-governo-federal-veja\/","og_site_name":"Portal NPM","article_published_time":"2025-12-09T15:39:23+00:00","og_image":[{"width":1169,"height":864,"url":"https:\/\/portalnpm.com\/wp-content\/uploads\/2025\/12\/IMG_0125.jpeg","type":"image\/jpeg"}],"author":"Zenilton Lima","twitter_card":"summary_large_image","twitter_misc":{"Escrito por":"Zenilton Lima","Est. tempo de leitura":"2 minutos"},"schema":{"@context":"https:\/\/schema.org","@graph":[{"@type":"WebPage","@id":"https:\/\/portalnpm.com\/index.php\/2025\/12\/09\/sao-juliao-e-contemplado-com-nova-medica-do-programa-mais-medicos-do-governo-federal-veja\/","url":"https:\/\/portalnpm.com\/index.php\/2025\/12\/09\/sao-juliao-e-contemplado-com-nova-medica-do-programa-mais-medicos-do-governo-federal-veja\/","name":"S\u00e3o Juli\u00e3o \u00e9 contemplado com nova m\u00e9dica do Programa Mais M\u00e9dicos do Governo Federal; veja! - Portal NPM","isPartOf":{"@id":"https:\/\/portalnpm.com\/#website"},"primaryImageOfPage":{"@id":"https:\/\/portalnpm.com\/index.php\/2025\/12\/09\/sao-juliao-e-contemplado-com-nova-medica-do-programa-mais-medicos-do-governo-federal-veja\/#primaryimage"},"image":{"@id":"https:\/\/portalnpm.com\/index.php\/2025\/12\/09\/sao-juliao-e-contemplado-com-nova-medica-do-programa-mais-medicos-do-governo-federal-veja\/#primaryimage"},"thumbnailUrl":"https:\/\/portalnpm.com\/wp-content\/uploads\/2025\/12\/IMG_0125.jpeg","datePublished":"2025-12-09T15:39:23+00:00","dateModified":"2025-12-09T15:39:23+00:00","author":{"@id":"https:\/\/portalnpm.com\/#\/schema\/person\/35cb55186eae3f074b6783da6d35591e"},"breadcrumb":{"@id":"https:\/\/portalnpm.com\/index.php\/2025\/12\/09\/sao-juliao-e-contemplado-com-nova-medica-do-programa-mais-medicos-do-governo-federal-veja\/#breadcrumb"},"inLanguage":"pt-BR","potentialAction":[{"@type":"ReadAction","target":["https:\/\/portalnpm.com\/index.php\/2025\/12\/09\/sao-juliao-e-contemplado-com-nova-medica-do-programa-mais-medicos-do-governo-federal-veja\/"]}]},{"@type":"ImageObject","inLanguage":"pt-BR","@id":"https:\/\/portalnpm.com\/index.php\/2025\/12\/09\/sao-juliao-e-contemplado-com-nova-medica-do-programa-mais-medicos-do-governo-federal-veja\/#primaryimage","url":"https:\/\/portalnpm.com\/wp-content\/uploads\/2025\/12\/IMG_0125.jpeg","contentUrl":"https:\/\/portalnpm.com\/wp-content\/uploads\/2025\/12\/IMG_0125.jpeg","width":1169,"height":864,"caption":"Fotos: Ascom"},{"@type":"BreadcrumbList","@id":"https:\/\/portalnpm.com\/index.php\/2025\/12\/09\/sao-juliao-e-contemplado-com-nova-medica-do-programa-mais-medicos-do-governo-federal-veja\/#breadcrumb","itemListElement":[{"@type":"ListItem","position":1,"name":"In\u00edcio","item":"https:\/\/portalnpm.com\/"},{"@type":"ListItem","position":2,"name":"S\u00e3o Juli\u00e3o \u00e9 contemplado com nova m\u00e9dica do Programa Mais M\u00e9dicos do Governo Federal; veja!"}]},{"@type":"WebSite","@id":"https:\/\/portalnpm.com\/#website","url":"https:\/\/portalnpm.com\/","name":"Portal NPM","description":"Not\u00edcias em Primeira M\u00e3o","potentialAction":[{"@type":"SearchAction","target":{"@type":"EntryPoint","urlTemplate":"https:\/\/portalnpm.com\/?s={search_term_string}"},"query-input":"required name=search_term_string"}],"inLanguage":"pt-BR"},{"@type":"Person","@id":"https:\/\/portalnpm.com\/#\/schema\/person\/35cb55186eae3f074b6783da6d35591e","name":"Zenilton Lima","image":{"@type":"ImageObject","inLanguage":"pt-BR","@id":"https:\/\/portalnpm.com\/#\/schema\/person\/image\/","url":"https:\/\/portalnpm.com\/wp-content\/uploads\/2024\/12\/avatar_user_8_1733658137-96x96.jpeg","contentUrl":"https:\/\/portalnpm.com\/wp-content\/uploads\/2024\/12\/avatar_user_8_1733658137-96x96.jpeg","caption":"Zenilton Lima"},"url":"https:\/\/portalnpm.com\/index.php\/author\/zenilton\/"}]}},"jetpack_sharing_enabled":true,"jetpack_featured_media_url":"https:\/\/portalnpm.com\/wp-content\/uploads\/2025\/12\/IMG_0125.jpeg","_links":{"self":[{"href":"https:\/\/portalnpm.com\/index.php\/wp-json\/wp\/v2\/posts\/91354"}],"collection":[{"href":"https:\/\/portalnpm.com\/index.php\/wp-json\/wp\/v2\/posts"}],"about":[{"href":"https:\/\/portalnpm.com\/index.php\/wp-json\/wp\/v2\/types\/post"}],"author":[{"embeddable":true,"href":"https:\/\/portalnpm.com\/index.php\/wp-json\/wp\/v2\/users\/8"}],"replies":[{"embeddable":true,"href":"https:\/\/portalnpm.com\/index.php\/wp-json\/wp\/v2\/comments?post=91354"}],"version-history":[{"count":1,"href":"https:\/\/portalnpm.com\/index.php\/wp-json\/wp\/v2\/posts\/91354\/revisions"}],"predecessor-version":[{"id":91359,"href":"https:\/\/portalnpm.com\/index.php\/wp-json\/wp\/v2\/posts\/91354\/revisions\/91359"}],"wp:featuredmedia":[{"embeddable":true,"href":"https:\/\/portalnpm.com\/index.php\/wp-json\/wp\/v2\/media\/91358"}],"wp:attachment":[{"href":"https:\/\/portalnpm.com\/index.php\/wp-json\/wp\/v2\/media?parent=91354"}],"wp:term":[{"taxonomy":"category","embeddable":true,"href":"https:\/\/portalnpm.com\/index.php\/wp-json\/wp\/v2\/categories?post=91354"},{"taxonomy":"post_tag","embeddable":true,"href":"https:\/\/portalnpm.com\/index.php\/wp-json\/wp\/v2\/tags?post=91354"}],"curies":[{"name":"wp","href":"https:\/\/api.w.org\/{rel}","templated":true}]}}