{"id":9188,"date":"2019-06-20T11:05:30","date_gmt":"2019-06-20T14:05:30","guid":{"rendered":"http:\/\/srv.portalnpm.com.br\/?p=9188"},"modified":"2019-06-20T11:05:30","modified_gmt":"2019-06-20T14:05:30","slug":"secretaria-do-meio-ambiente-de-picos-destroi-todas-as-arvores-de-praca","status":"publish","type":"post","link":"https:\/\/portalnpm.com\/index.php\/2019\/06\/20\/secretaria-do-meio-ambiente-de-picos-destroi-todas-as-arvores-de-praca\/","title":{"rendered":"Secretaria do Meio Ambiente de Picos destr\u00f3i todas as \u00e1rvores de Pra\u00e7a"},"content":{"rendered":"<p style=\"text-align: justify;\">Numa a\u00e7\u00e3o sem precedentes na hist\u00f3ria da cidade de Picos, que tem 128 anos de emancipa\u00e7\u00e3o pol\u00edtica; a Secretaria Municipal do Meio Ambiente e Recursos H\u00eddricos, destruiu todas as \u00e1rvores que ornamentavam a Pra\u00e7a Josino Ferreira, no centro.<\/p>\n<p style=\"text-align: justify;\">A a\u00e7\u00e3o causou protestos de moradores e promoveu uma cena comovente no final da tarde do \u00faltimo s\u00e1bado, 15. Milhares de p\u00e1ssaros numa revoada sem destino procurando um lugar para dormir, j\u00e1 que as \u00e1rvores haviam sido cortadas pelo tronco pelos servidores da Secretaria do Meio Ambiente.<\/p>\n<p style=\"text-align: justify;\">A Prefeitura de Picos justifica que a derrubada das \u00e1rvores \u00e9 devido \u00e0 reforma da Pra\u00e7a Josino Ferreira, cujas obras tiveram in\u00edcio em 16 de maio e devem ser conclu\u00eddas no dia 12 de julho. O custo previsto \u00e9 de R$ 190 mil, recursos pr\u00f3prios do munic\u00edpio e do Fundo Municipal do Meio Ambiente.<\/p>\n<p style=\"text-align: justify;\"><strong>Crime ambiental<\/strong><\/p>\n<figure id=\"attachment_9189\" aria-describedby=\"caption-attachment-9189\" style=\"width: 768px\" class=\"wp-caption aligncenter\"><img fetchpriority=\"high\" decoding=\"async\" class=\"size-full wp-image-9189\" src=\"http:\/\/portalnpm.com\/wp-content\/uploads\/2019\/06\/DSC_00065-768x511.jpg\" alt=\"\" width=\"768\" height=\"511\" \/><figcaption id=\"caption-attachment-9189\" class=\"wp-caption-text\">Foto: Informa Picos<\/figcaption><\/figure>\n<p style=\"text-align: justify;\">Apesar do evidente crime ambiental cometido pela Prefeitura de Picos, nenhum \u00f3rg\u00e3o de defesa da natureza se manifestou. At\u00e9 mesmo o pr\u00f3prio Ibama se mant\u00e9m calado, assim como os pseudos ambientalistas, que at\u00e9 o momento n\u00e3o se manifestaram condenando o ato.<\/p>\n<p style=\"text-align: justify;\">Ora usando trator, ora usando motosserras, os servidores da Secretaria Municipal do Meio Ambiente e Recursos H\u00eddricos de Picos destru\u00edram todas as \u00e1rvores que existiam na Pra\u00e7a Josino Ferreira num total de mais de 30.<\/p>\n<p style=\"text-align: justify;\">As plantas que ornamentavam o logradouro p\u00fablico eram de v\u00e1rias esp\u00e9cies e, n\u00e3o apenas Nim Indiano, que, segundo o Padre Walmir, possui propriedades repelentes que prejudicam \u00e1rvores nativas e tamb\u00e9m animais, principalmente, as abelhas<\/p>\n<p style=\"text-align: justify;\"><strong>San\u00e7\u00f5es<\/strong><\/p>\n<p style=\"text-align: justify;\">Segundo o artigo 49 da Lei n\u00ba 9.605 de 12 de Fevereiro de 1998, que trata dos crimes ambientais, destruir, danificar, lesar ou maltratar, por qualquer modo ou meio, plantas de ornamenta\u00e7\u00e3o de logradouros p\u00fablicos ou em propriedade privada alheia, a pena \u00e9 deten\u00e7\u00e3o, de tr\u00eas meses a um ano, ou multa, ou ambas as penas cumulativamente.<\/p>\n<p style=\"text-align: justify;\"><strong>Fonte: Jos\u00e9 Maria Barros\/Informa Picos<\/strong><\/p>\n","protected":false},"excerpt":{"rendered":"<p>Numa a\u00e7\u00e3o sem precedentes na hist\u00f3ria da cidade de Picos, que tem 128 anos de emancipa\u00e7\u00e3o pol\u00edtica; a Secretaria Municipal do Meio Ambiente e Recursos H\u00eddricos, destruiu todas as \u00e1rvores que ornamentavam a Pra\u00e7a Josino Ferreira, no centro. A a\u00e7\u00e3o causou protestos de moradores e promoveu uma cena comovente no final da tarde do \u00faltimo &hellip;<\/p>\n","protected":false},"author":8,"featured_media":9190,"comment_status":"open","ping_status":"open","sticky":false,"template":"","format":"standard","meta":{"content-type":"","rop_custom_images_group":[],"rop_custom_messages_group":[],"rop_publish_now":"initial","rop_publish_now_accounts":{"facebook_2648258775420054_1618374048415101":""},"rop_publish_now_history":[],"rop_publish_now_status":"pending","footnotes":"","_jetpack_memberships_contains_paid_content":false},"categories":[127],"tags":[3023,128,2024],"yoast_head":"<!-- This site is optimized with the Yoast SEO plugin v22.3 - https:\/\/yoast.com\/wordpress\/plugins\/seo\/ -->\n<title>Secretaria do Meio Ambiente de Picos destr\u00f3i todas as \u00e1rvores de Pra\u00e7a - Portal NPM<\/title>\n<meta name=\"robots\" content=\"index, follow, max-snippet:-1, max-image-preview:large, max-video-preview:-1\" \/>\n<link rel=\"canonical\" href=\"https:\/\/portalnpm.com\/index.php\/2019\/06\/20\/secretaria-do-meio-ambiente-de-picos-destroi-todas-as-arvores-de-praca\/\" \/>\n<meta property=\"og:locale\" content=\"pt_BR\" \/>\n<meta property=\"og:type\" content=\"article\" \/>\n<meta property=\"og:title\" content=\"Secretaria do Meio Ambiente de Picos destr\u00f3i todas as \u00e1rvores de Pra\u00e7a - Portal NPM\" \/>\n<meta property=\"og:description\" content=\"Numa a\u00e7\u00e3o sem precedentes na hist\u00f3ria da cidade de Picos, que tem 128 anos de emancipa\u00e7\u00e3o pol\u00edtica; a Secretaria Municipal do Meio Ambiente e Recursos H\u00eddricos, destruiu todas as \u00e1rvores que ornamentavam a Pra\u00e7a Josino Ferreira, no centro. A a\u00e7\u00e3o causou protestos de moradores e promoveu uma cena comovente no final da tarde do \u00faltimo &hellip;\" \/>\n<meta property=\"og:url\" content=\"https:\/\/portalnpm.com\/index.php\/2019\/06\/20\/secretaria-do-meio-ambiente-de-picos-destroi-todas-as-arvores-de-praca\/\" \/>\n<meta property=\"og:site_name\" content=\"Portal NPM\" \/>\n<meta property=\"article:published_time\" content=\"2019-06-20T14:05:30+00:00\" \/>\n<meta name=\"author\" content=\"Zenilton Lima\" \/>\n<meta name=\"twitter:card\" content=\"summary_large_image\" \/>\n<meta name=\"twitter:label1\" content=\"Escrito por\" \/>\n\t<meta name=\"twitter:data1\" content=\"Zenilton Lima\" \/>\n\t<meta name=\"twitter:label2\" content=\"Est. tempo de leitura\" \/>\n\t<meta name=\"twitter:data2\" content=\"2 minutos\" \/>\n<script type=\"application\/ld+json\" class=\"yoast-schema-graph\">{\"@context\":\"https:\/\/schema.org\",\"@graph\":[{\"@type\":\"WebPage\",\"@id\":\"https:\/\/portalnpm.com\/index.php\/2019\/06\/20\/secretaria-do-meio-ambiente-de-picos-destroi-todas-as-arvores-de-praca\/\",\"url\":\"https:\/\/portalnpm.com\/index.php\/2019\/06\/20\/secretaria-do-meio-ambiente-de-picos-destroi-todas-as-arvores-de-praca\/\",\"name\":\"Secretaria do Meio Ambiente de Picos destr\u00f3i todas as \u00e1rvores de Pra\u00e7a - Portal NPM\",\"isPartOf\":{\"@id\":\"https:\/\/portalnpm.com\/#website\"},\"primaryImageOfPage\":{\"@id\":\"https:\/\/portalnpm.com\/index.php\/2019\/06\/20\/secretaria-do-meio-ambiente-de-picos-destroi-todas-as-arvores-de-praca\/#primaryimage\"},\"image\":{\"@id\":\"https:\/\/portalnpm.com\/index.php\/2019\/06\/20\/secretaria-do-meio-ambiente-de-picos-destroi-todas-as-arvores-de-praca\/#primaryimage\"},\"thumbnailUrl\":\"\",\"datePublished\":\"2019-06-20T14:05:30+00:00\",\"dateModified\":\"2019-06-20T14:05:30+00:00\",\"author\":{\"@id\":\"https:\/\/portalnpm.com\/#\/schema\/person\/35cb55186eae3f074b6783da6d35591e\"},\"breadcrumb\":{\"@id\":\"https:\/\/portalnpm.com\/index.php\/2019\/06\/20\/secretaria-do-meio-ambiente-de-picos-destroi-todas-as-arvores-de-praca\/#breadcrumb\"},\"inLanguage\":\"pt-BR\",\"potentialAction\":[{\"@type\":\"ReadAction\",\"target\":[\"https:\/\/portalnpm.com\/index.php\/2019\/06\/20\/secretaria-do-meio-ambiente-de-picos-destroi-todas-as-arvores-de-praca\/\"]}]},{\"@type\":\"ImageObject\",\"inLanguage\":\"pt-BR\",\"@id\":\"https:\/\/portalnpm.com\/index.php\/2019\/06\/20\/secretaria-do-meio-ambiente-de-picos-destroi-todas-as-arvores-de-praca\/#primaryimage\",\"url\":\"\",\"contentUrl\":\"\"},{\"@type\":\"BreadcrumbList\",\"@id\":\"https:\/\/portalnpm.com\/index.php\/2019\/06\/20\/secretaria-do-meio-ambiente-de-picos-destroi-todas-as-arvores-de-praca\/#breadcrumb\",\"itemListElement\":[{\"@type\":\"ListItem\",\"position\":1,\"name\":\"In\u00edcio\",\"item\":\"https:\/\/portalnpm.com\/\"},{\"@type\":\"ListItem\",\"position\":2,\"name\":\"Secretaria do Meio Ambiente de Picos destr\u00f3i todas as \u00e1rvores de Pra\u00e7a\"}]},{\"@type\":\"WebSite\",\"@id\":\"https:\/\/portalnpm.com\/#website\",\"url\":\"https:\/\/portalnpm.com\/\",\"name\":\"Portal NPM\",\"description\":\"Not\u00edcias em Primeira M\u00e3o\",\"potentialAction\":[{\"@type\":\"SearchAction\",\"target\":{\"@type\":\"EntryPoint\",\"urlTemplate\":\"https:\/\/portalnpm.com\/?s={search_term_string}\"},\"query-input\":\"required name=search_term_string\"}],\"inLanguage\":\"pt-BR\"},{\"@type\":\"Person\",\"@id\":\"https:\/\/portalnpm.com\/#\/schema\/person\/35cb55186eae3f074b6783da6d35591e\",\"name\":\"Zenilton Lima\",\"image\":{\"@type\":\"ImageObject\",\"inLanguage\":\"pt-BR\",\"@id\":\"https:\/\/portalnpm.com\/#\/schema\/person\/image\/\",\"url\":\"https:\/\/portalnpm.com\/wp-content\/uploads\/2024\/12\/avatar_user_8_1733658137-96x96.jpeg\",\"contentUrl\":\"https:\/\/portalnpm.com\/wp-content\/uploads\/2024\/12\/avatar_user_8_1733658137-96x96.jpeg\",\"caption\":\"Zenilton Lima\"},\"url\":\"https:\/\/portalnpm.com\/index.php\/author\/zenilton\/\"}]}<\/script>\n<!-- \/ Yoast SEO plugin. -->","yoast_head_json":{"title":"Secretaria do Meio Ambiente de Picos destr\u00f3i todas as \u00e1rvores de Pra\u00e7a - Portal NPM","robots":{"index":"index","follow":"follow","max-snippet":"max-snippet:-1","max-image-preview":"max-image-preview:large","max-video-preview":"max-video-preview:-1"},"canonical":"https:\/\/portalnpm.com\/index.php\/2019\/06\/20\/secretaria-do-meio-ambiente-de-picos-destroi-todas-as-arvores-de-praca\/","og_locale":"pt_BR","og_type":"article","og_title":"Secretaria do Meio Ambiente de Picos destr\u00f3i todas as \u00e1rvores de Pra\u00e7a - Portal NPM","og_description":"Numa a\u00e7\u00e3o sem precedentes na hist\u00f3ria da cidade de Picos, que tem 128 anos de emancipa\u00e7\u00e3o pol\u00edtica; a Secretaria Municipal do Meio Ambiente e Recursos H\u00eddricos, destruiu todas as \u00e1rvores que ornamentavam a Pra\u00e7a Josino Ferreira, no centro. A a\u00e7\u00e3o causou protestos de moradores e promoveu uma cena comovente no final da tarde do \u00faltimo &hellip;","og_url":"https:\/\/portalnpm.com\/index.php\/2019\/06\/20\/secretaria-do-meio-ambiente-de-picos-destroi-todas-as-arvores-de-praca\/","og_site_name":"Portal NPM","article_published_time":"2019-06-20T14:05:30+00:00","author":"Zenilton Lima","twitter_card":"summary_large_image","twitter_misc":{"Escrito por":"Zenilton Lima","Est. tempo de leitura":"2 minutos"},"schema":{"@context":"https:\/\/schema.org","@graph":[{"@type":"WebPage","@id":"https:\/\/portalnpm.com\/index.php\/2019\/06\/20\/secretaria-do-meio-ambiente-de-picos-destroi-todas-as-arvores-de-praca\/","url":"https:\/\/portalnpm.com\/index.php\/2019\/06\/20\/secretaria-do-meio-ambiente-de-picos-destroi-todas-as-arvores-de-praca\/","name":"Secretaria do Meio Ambiente de Picos destr\u00f3i todas as \u00e1rvores de Pra\u00e7a - Portal NPM","isPartOf":{"@id":"https:\/\/portalnpm.com\/#website"},"primaryImageOfPage":{"@id":"https:\/\/portalnpm.com\/index.php\/2019\/06\/20\/secretaria-do-meio-ambiente-de-picos-destroi-todas-as-arvores-de-praca\/#primaryimage"},"image":{"@id":"https:\/\/portalnpm.com\/index.php\/2019\/06\/20\/secretaria-do-meio-ambiente-de-picos-destroi-todas-as-arvores-de-praca\/#primaryimage"},"thumbnailUrl":"","datePublished":"2019-06-20T14:05:30+00:00","dateModified":"2019-06-20T14:05:30+00:00","author":{"@id":"https:\/\/portalnpm.com\/#\/schema\/person\/35cb55186eae3f074b6783da6d35591e"},"breadcrumb":{"@id":"https:\/\/portalnpm.com\/index.php\/2019\/06\/20\/secretaria-do-meio-ambiente-de-picos-destroi-todas-as-arvores-de-praca\/#breadcrumb"},"inLanguage":"pt-BR","potentialAction":[{"@type":"ReadAction","target":["https:\/\/portalnpm.com\/index.php\/2019\/06\/20\/secretaria-do-meio-ambiente-de-picos-destroi-todas-as-arvores-de-praca\/"]}]},{"@type":"ImageObject","inLanguage":"pt-BR","@id":"https:\/\/portalnpm.com\/index.php\/2019\/06\/20\/secretaria-do-meio-ambiente-de-picos-destroi-todas-as-arvores-de-praca\/#primaryimage","url":"","contentUrl":""},{"@type":"BreadcrumbList","@id":"https:\/\/portalnpm.com\/index.php\/2019\/06\/20\/secretaria-do-meio-ambiente-de-picos-destroi-todas-as-arvores-de-praca\/#breadcrumb","itemListElement":[{"@type":"ListItem","position":1,"name":"In\u00edcio","item":"https:\/\/portalnpm.com\/"},{"@type":"ListItem","position":2,"name":"Secretaria do Meio Ambiente de Picos destr\u00f3i todas as \u00e1rvores de Pra\u00e7a"}]},{"@type":"WebSite","@id":"https:\/\/portalnpm.com\/#website","url":"https:\/\/portalnpm.com\/","name":"Portal NPM","description":"Not\u00edcias em Primeira M\u00e3o","potentialAction":[{"@type":"SearchAction","target":{"@type":"EntryPoint","urlTemplate":"https:\/\/portalnpm.com\/?s={search_term_string}"},"query-input":"required name=search_term_string"}],"inLanguage":"pt-BR"},{"@type":"Person","@id":"https:\/\/portalnpm.com\/#\/schema\/person\/35cb55186eae3f074b6783da6d35591e","name":"Zenilton Lima","image":{"@type":"ImageObject","inLanguage":"pt-BR","@id":"https:\/\/portalnpm.com\/#\/schema\/person\/image\/","url":"https:\/\/portalnpm.com\/wp-content\/uploads\/2024\/12\/avatar_user_8_1733658137-96x96.jpeg","contentUrl":"https:\/\/portalnpm.com\/wp-content\/uploads\/2024\/12\/avatar_user_8_1733658137-96x96.jpeg","caption":"Zenilton Lima"},"url":"https:\/\/portalnpm.com\/index.php\/author\/zenilton\/"}]}},"jetpack_sharing_enabled":true,"jetpack_featured_media_url":"","_links":{"self":[{"href":"https:\/\/portalnpm.com\/index.php\/wp-json\/wp\/v2\/posts\/9188"}],"collection":[{"href":"https:\/\/portalnpm.com\/index.php\/wp-json\/wp\/v2\/posts"}],"about":[{"href":"https:\/\/portalnpm.com\/index.php\/wp-json\/wp\/v2\/types\/post"}],"author":[{"embeddable":true,"href":"https:\/\/portalnpm.com\/index.php\/wp-json\/wp\/v2\/users\/8"}],"replies":[{"embeddable":true,"href":"https:\/\/portalnpm.com\/index.php\/wp-json\/wp\/v2\/comments?post=9188"}],"version-history":[{"count":0,"href":"https:\/\/portalnpm.com\/index.php\/wp-json\/wp\/v2\/posts\/9188\/revisions"}],"wp:featuredmedia":[{"embeddable":true,"href":"https:\/\/portalnpm.com\/index.php\/wp-json\/"}],"wp:attachment":[{"href":"https:\/\/portalnpm.com\/index.php\/wp-json\/wp\/v2\/media?parent=9188"}],"wp:term":[{"taxonomy":"category","embeddable":true,"href":"https:\/\/portalnpm.com\/index.php\/wp-json\/wp\/v2\/categories?post=9188"},{"taxonomy":"post_tag","embeddable":true,"href":"https:\/\/portalnpm.com\/index.php\/wp-json\/wp\/v2\/tags?post=9188"}],"curies":[{"name":"wp","href":"https:\/\/api.w.org\/{rel}","templated":true}]}}