{"id":9199,"date":"2019-06-21T13:42:56","date_gmt":"2019-06-21T16:42:56","guid":{"rendered":"http:\/\/srv.portalnpm.com.br\/?p=9199"},"modified":"2019-06-21T13:42:56","modified_gmt":"2019-06-21T16:42:56","slug":"jovem-de-15-anos-morre-ao-sofrer-descarga-eletrica-por-usar-celular-ligado-a-tomada-em-campinas-do-piaui","status":"publish","type":"post","link":"https:\/\/portalnpm.com\/index.php\/2019\/06\/21\/jovem-de-15-anos-morre-ao-sofrer-descarga-eletrica-por-usar-celular-ligado-a-tomada-em-campinas-do-piaui\/","title":{"rendered":"Jovem de 15 anos morre ao sofrer descarga el\u00e9trica por usar celular ligado \u00e0 tomada em Campinas do Piau\u00ed"},"content":{"rendered":"<p style=\"text-align: justify;\">Um jovem de apenas 15 anos, identificado por Carlos Emanuel, morreu por volta do meio dia desta quinta-feira, 20, v\u00edtima de descarga el\u00e9trica na cidade de Campinas do Piau\u00ed.<\/p>\n<p style=\"text-align: justify;\">Segundo informa\u00e7\u00f5es colhidas pelo\u00a0folhadeoeiras, o estudante estava no quarto de sua resid\u00eancia usando um aparelho celular conectado \u00e0 tomada quando teria recebido uma forte descarga el\u00e9trica.<\/p>\n<p style=\"text-align: justify;\">A m\u00e3e do jovem estava na cozinha da casa ouviu o barulho, e saiu correndo para ver o que havia acontecido, quando chegou ao quarto o estudante estava ca\u00eddo no ch\u00e3o desmaiado. O garoto foi socorrido e levado para o Hospital da cidade de Simpl\u00edcio Mendes, onde j\u00e1 chegou sem vida.<\/p>\n<p style=\"text-align: justify;\">At\u00e9 ent\u00e3o, n\u00e3o se sabia ao certo a causa morte do jovem. Foi quando m\u00e9dico que examinou o corpo do jovem percebeu que a m\u00e3o do estudante apresentava uma queimadura, a m\u00e3e do jovem relatou que antes de Carlos Emanuel cair, estava usando o celular ligado na tomada.<\/p>\n<p style=\"text-align: justify;\">Foram realizados exames e o m\u00e9dico confirmou no laudo que a morte do garoto foi causada por uma descarga el\u00e9trica.<\/p>\n<p style=\"text-align: justify;\"><strong>FONTE<\/strong>: FolhadeOeiras<\/p>\n","protected":false},"excerpt":{"rendered":"<p>Um jovem de apenas 15 anos, identificado por Carlos Emanuel, morreu por volta do meio dia desta quinta-feira, 20, v\u00edtima de descarga el\u00e9trica na cidade de Campinas do Piau\u00ed. Segundo informa\u00e7\u00f5es colhidas pelo\u00a0folhadeoeiras, o estudante estava no quarto de sua resid\u00eancia usando um aparelho celular conectado \u00e0 tomada quando teria recebido uma forte descarga el\u00e9trica. &hellip;<\/p>\n","protected":false},"author":8,"featured_media":9200,"comment_status":"open","ping_status":"open","sticky":false,"template":"","format":"standard","meta":{"content-type":"","rop_custom_images_group":[],"rop_custom_messages_group":[],"rop_publish_now":"initial","rop_publish_now_accounts":{"facebook_2648258775420054_1618374048415101":""},"rop_publish_now_history":[],"rop_publish_now_status":"pending","footnotes":"","_jetpack_memberships_contains_paid_content":false},"categories":[113,118],"tags":[172,3025,2522],"yoast_head":"<!-- This site is optimized with the Yoast SEO plugin v22.3 - https:\/\/yoast.com\/wordpress\/plugins\/seo\/ -->\n<title>Jovem de 15 anos morre ao sofrer descarga el\u00e9trica por usar celular ligado \u00e0 tomada em Campinas do Piau\u00ed - Portal NPM<\/title>\n<meta name=\"robots\" content=\"index, follow, max-snippet:-1, max-image-preview:large, max-video-preview:-1\" \/>\n<link rel=\"canonical\" href=\"https:\/\/portalnpm.com\/index.php\/2019\/06\/21\/jovem-de-15-anos-morre-ao-sofrer-descarga-eletrica-por-usar-celular-ligado-a-tomada-em-campinas-do-piaui\/\" \/>\n<meta property=\"og:locale\" content=\"pt_BR\" \/>\n<meta property=\"og:type\" content=\"article\" \/>\n<meta property=\"og:title\" content=\"Jovem de 15 anos morre ao sofrer descarga el\u00e9trica por usar celular ligado \u00e0 tomada em Campinas do Piau\u00ed - Portal NPM\" \/>\n<meta property=\"og:description\" content=\"Um jovem de apenas 15 anos, identificado por Carlos Emanuel, morreu por volta do meio dia desta quinta-feira, 20, v\u00edtima de descarga el\u00e9trica na cidade de Campinas do Piau\u00ed. Segundo informa\u00e7\u00f5es colhidas pelo\u00a0folhadeoeiras, o estudante estava no quarto de sua resid\u00eancia usando um aparelho celular conectado \u00e0 tomada quando teria recebido uma forte descarga el\u00e9trica. &hellip;\" \/>\n<meta property=\"og:url\" content=\"https:\/\/portalnpm.com\/index.php\/2019\/06\/21\/jovem-de-15-anos-morre-ao-sofrer-descarga-eletrica-por-usar-celular-ligado-a-tomada-em-campinas-do-piaui\/\" \/>\n<meta property=\"og:site_name\" content=\"Portal NPM\" \/>\n<meta property=\"article:published_time\" content=\"2019-06-21T16:42:56+00:00\" \/>\n<meta name=\"author\" content=\"Zenilton Lima\" \/>\n<meta name=\"twitter:card\" content=\"summary_large_image\" \/>\n<meta name=\"twitter:label1\" content=\"Escrito por\" \/>\n\t<meta name=\"twitter:data1\" content=\"Zenilton Lima\" \/>\n\t<meta name=\"twitter:label2\" content=\"Est. tempo de leitura\" \/>\n\t<meta name=\"twitter:data2\" content=\"1 minuto\" \/>\n<script type=\"application\/ld+json\" class=\"yoast-schema-graph\">{\"@context\":\"https:\/\/schema.org\",\"@graph\":[{\"@type\":\"WebPage\",\"@id\":\"https:\/\/portalnpm.com\/index.php\/2019\/06\/21\/jovem-de-15-anos-morre-ao-sofrer-descarga-eletrica-por-usar-celular-ligado-a-tomada-em-campinas-do-piaui\/\",\"url\":\"https:\/\/portalnpm.com\/index.php\/2019\/06\/21\/jovem-de-15-anos-morre-ao-sofrer-descarga-eletrica-por-usar-celular-ligado-a-tomada-em-campinas-do-piaui\/\",\"name\":\"Jovem de 15 anos morre ao sofrer descarga el\u00e9trica por usar celular ligado \u00e0 tomada em Campinas do Piau\u00ed - Portal NPM\",\"isPartOf\":{\"@id\":\"https:\/\/portalnpm.com\/#website\"},\"primaryImageOfPage\":{\"@id\":\"https:\/\/portalnpm.com\/index.php\/2019\/06\/21\/jovem-de-15-anos-morre-ao-sofrer-descarga-eletrica-por-usar-celular-ligado-a-tomada-em-campinas-do-piaui\/#primaryimage\"},\"image\":{\"@id\":\"https:\/\/portalnpm.com\/index.php\/2019\/06\/21\/jovem-de-15-anos-morre-ao-sofrer-descarga-eletrica-por-usar-celular-ligado-a-tomada-em-campinas-do-piaui\/#primaryimage\"},\"thumbnailUrl\":\"\",\"datePublished\":\"2019-06-21T16:42:56+00:00\",\"dateModified\":\"2019-06-21T16:42:56+00:00\",\"author\":{\"@id\":\"https:\/\/portalnpm.com\/#\/schema\/person\/35cb55186eae3f074b6783da6d35591e\"},\"breadcrumb\":{\"@id\":\"https:\/\/portalnpm.com\/index.php\/2019\/06\/21\/jovem-de-15-anos-morre-ao-sofrer-descarga-eletrica-por-usar-celular-ligado-a-tomada-em-campinas-do-piaui\/#breadcrumb\"},\"inLanguage\":\"pt-BR\",\"potentialAction\":[{\"@type\":\"ReadAction\",\"target\":[\"https:\/\/portalnpm.com\/index.php\/2019\/06\/21\/jovem-de-15-anos-morre-ao-sofrer-descarga-eletrica-por-usar-celular-ligado-a-tomada-em-campinas-do-piaui\/\"]}]},{\"@type\":\"ImageObject\",\"inLanguage\":\"pt-BR\",\"@id\":\"https:\/\/portalnpm.com\/index.php\/2019\/06\/21\/jovem-de-15-anos-morre-ao-sofrer-descarga-eletrica-por-usar-celular-ligado-a-tomada-em-campinas-do-piaui\/#primaryimage\",\"url\":\"\",\"contentUrl\":\"\"},{\"@type\":\"BreadcrumbList\",\"@id\":\"https:\/\/portalnpm.com\/index.php\/2019\/06\/21\/jovem-de-15-anos-morre-ao-sofrer-descarga-eletrica-por-usar-celular-ligado-a-tomada-em-campinas-do-piaui\/#breadcrumb\",\"itemListElement\":[{\"@type\":\"ListItem\",\"position\":1,\"name\":\"In\u00edcio\",\"item\":\"https:\/\/portalnpm.com\/\"},{\"@type\":\"ListItem\",\"position\":2,\"name\":\"Jovem de 15 anos morre ao sofrer descarga el\u00e9trica por usar celular ligado \u00e0 tomada em Campinas do Piau\u00ed\"}]},{\"@type\":\"WebSite\",\"@id\":\"https:\/\/portalnpm.com\/#website\",\"url\":\"https:\/\/portalnpm.com\/\",\"name\":\"Portal NPM\",\"description\":\"Not\u00edcias em Primeira M\u00e3o\",\"potentialAction\":[{\"@type\":\"SearchAction\",\"target\":{\"@type\":\"EntryPoint\",\"urlTemplate\":\"https:\/\/portalnpm.com\/?s={search_term_string}\"},\"query-input\":\"required name=search_term_string\"}],\"inLanguage\":\"pt-BR\"},{\"@type\":\"Person\",\"@id\":\"https:\/\/portalnpm.com\/#\/schema\/person\/35cb55186eae3f074b6783da6d35591e\",\"name\":\"Zenilton Lima\",\"image\":{\"@type\":\"ImageObject\",\"inLanguage\":\"pt-BR\",\"@id\":\"https:\/\/portalnpm.com\/#\/schema\/person\/image\/\",\"url\":\"https:\/\/portalnpm.com\/wp-content\/uploads\/2024\/12\/avatar_user_8_1733658137-96x96.jpeg\",\"contentUrl\":\"https:\/\/portalnpm.com\/wp-content\/uploads\/2024\/12\/avatar_user_8_1733658137-96x96.jpeg\",\"caption\":\"Zenilton Lima\"},\"url\":\"https:\/\/portalnpm.com\/index.php\/author\/zenilton\/\"}]}<\/script>\n<!-- \/ Yoast SEO plugin. -->","yoast_head_json":{"title":"Jovem de 15 anos morre ao sofrer descarga el\u00e9trica por usar celular ligado \u00e0 tomada em Campinas do Piau\u00ed - Portal NPM","robots":{"index":"index","follow":"follow","max-snippet":"max-snippet:-1","max-image-preview":"max-image-preview:large","max-video-preview":"max-video-preview:-1"},"canonical":"https:\/\/portalnpm.com\/index.php\/2019\/06\/21\/jovem-de-15-anos-morre-ao-sofrer-descarga-eletrica-por-usar-celular-ligado-a-tomada-em-campinas-do-piaui\/","og_locale":"pt_BR","og_type":"article","og_title":"Jovem de 15 anos morre ao sofrer descarga el\u00e9trica por usar celular ligado \u00e0 tomada em Campinas do Piau\u00ed - Portal NPM","og_description":"Um jovem de apenas 15 anos, identificado por Carlos Emanuel, morreu por volta do meio dia desta quinta-feira, 20, v\u00edtima de descarga el\u00e9trica na cidade de Campinas do Piau\u00ed. Segundo informa\u00e7\u00f5es colhidas pelo\u00a0folhadeoeiras, o estudante estava no quarto de sua resid\u00eancia usando um aparelho celular conectado \u00e0 tomada quando teria recebido uma forte descarga el\u00e9trica. &hellip;","og_url":"https:\/\/portalnpm.com\/index.php\/2019\/06\/21\/jovem-de-15-anos-morre-ao-sofrer-descarga-eletrica-por-usar-celular-ligado-a-tomada-em-campinas-do-piaui\/","og_site_name":"Portal NPM","article_published_time":"2019-06-21T16:42:56+00:00","author":"Zenilton Lima","twitter_card":"summary_large_image","twitter_misc":{"Escrito por":"Zenilton Lima","Est. tempo de leitura":"1 minuto"},"schema":{"@context":"https:\/\/schema.org","@graph":[{"@type":"WebPage","@id":"https:\/\/portalnpm.com\/index.php\/2019\/06\/21\/jovem-de-15-anos-morre-ao-sofrer-descarga-eletrica-por-usar-celular-ligado-a-tomada-em-campinas-do-piaui\/","url":"https:\/\/portalnpm.com\/index.php\/2019\/06\/21\/jovem-de-15-anos-morre-ao-sofrer-descarga-eletrica-por-usar-celular-ligado-a-tomada-em-campinas-do-piaui\/","name":"Jovem de 15 anos morre ao sofrer descarga el\u00e9trica por usar celular ligado \u00e0 tomada em Campinas do Piau\u00ed - Portal NPM","isPartOf":{"@id":"https:\/\/portalnpm.com\/#website"},"primaryImageOfPage":{"@id":"https:\/\/portalnpm.com\/index.php\/2019\/06\/21\/jovem-de-15-anos-morre-ao-sofrer-descarga-eletrica-por-usar-celular-ligado-a-tomada-em-campinas-do-piaui\/#primaryimage"},"image":{"@id":"https:\/\/portalnpm.com\/index.php\/2019\/06\/21\/jovem-de-15-anos-morre-ao-sofrer-descarga-eletrica-por-usar-celular-ligado-a-tomada-em-campinas-do-piaui\/#primaryimage"},"thumbnailUrl":"","datePublished":"2019-06-21T16:42:56+00:00","dateModified":"2019-06-21T16:42:56+00:00","author":{"@id":"https:\/\/portalnpm.com\/#\/schema\/person\/35cb55186eae3f074b6783da6d35591e"},"breadcrumb":{"@id":"https:\/\/portalnpm.com\/index.php\/2019\/06\/21\/jovem-de-15-anos-morre-ao-sofrer-descarga-eletrica-por-usar-celular-ligado-a-tomada-em-campinas-do-piaui\/#breadcrumb"},"inLanguage":"pt-BR","potentialAction":[{"@type":"ReadAction","target":["https:\/\/portalnpm.com\/index.php\/2019\/06\/21\/jovem-de-15-anos-morre-ao-sofrer-descarga-eletrica-por-usar-celular-ligado-a-tomada-em-campinas-do-piaui\/"]}]},{"@type":"ImageObject","inLanguage":"pt-BR","@id":"https:\/\/portalnpm.com\/index.php\/2019\/06\/21\/jovem-de-15-anos-morre-ao-sofrer-descarga-eletrica-por-usar-celular-ligado-a-tomada-em-campinas-do-piaui\/#primaryimage","url":"","contentUrl":""},{"@type":"BreadcrumbList","@id":"https:\/\/portalnpm.com\/index.php\/2019\/06\/21\/jovem-de-15-anos-morre-ao-sofrer-descarga-eletrica-por-usar-celular-ligado-a-tomada-em-campinas-do-piaui\/#breadcrumb","itemListElement":[{"@type":"ListItem","position":1,"name":"In\u00edcio","item":"https:\/\/portalnpm.com\/"},{"@type":"ListItem","position":2,"name":"Jovem de 15 anos morre ao sofrer descarga el\u00e9trica por usar celular ligado \u00e0 tomada em Campinas do Piau\u00ed"}]},{"@type":"WebSite","@id":"https:\/\/portalnpm.com\/#website","url":"https:\/\/portalnpm.com\/","name":"Portal NPM","description":"Not\u00edcias em Primeira M\u00e3o","potentialAction":[{"@type":"SearchAction","target":{"@type":"EntryPoint","urlTemplate":"https:\/\/portalnpm.com\/?s={search_term_string}"},"query-input":"required name=search_term_string"}],"inLanguage":"pt-BR"},{"@type":"Person","@id":"https:\/\/portalnpm.com\/#\/schema\/person\/35cb55186eae3f074b6783da6d35591e","name":"Zenilton Lima","image":{"@type":"ImageObject","inLanguage":"pt-BR","@id":"https:\/\/portalnpm.com\/#\/schema\/person\/image\/","url":"https:\/\/portalnpm.com\/wp-content\/uploads\/2024\/12\/avatar_user_8_1733658137-96x96.jpeg","contentUrl":"https:\/\/portalnpm.com\/wp-content\/uploads\/2024\/12\/avatar_user_8_1733658137-96x96.jpeg","caption":"Zenilton Lima"},"url":"https:\/\/portalnpm.com\/index.php\/author\/zenilton\/"}]}},"jetpack_sharing_enabled":true,"jetpack_featured_media_url":"","_links":{"self":[{"href":"https:\/\/portalnpm.com\/index.php\/wp-json\/wp\/v2\/posts\/9199"}],"collection":[{"href":"https:\/\/portalnpm.com\/index.php\/wp-json\/wp\/v2\/posts"}],"about":[{"href":"https:\/\/portalnpm.com\/index.php\/wp-json\/wp\/v2\/types\/post"}],"author":[{"embeddable":true,"href":"https:\/\/portalnpm.com\/index.php\/wp-json\/wp\/v2\/users\/8"}],"replies":[{"embeddable":true,"href":"https:\/\/portalnpm.com\/index.php\/wp-json\/wp\/v2\/comments?post=9199"}],"version-history":[{"count":0,"href":"https:\/\/portalnpm.com\/index.php\/wp-json\/wp\/v2\/posts\/9199\/revisions"}],"wp:featuredmedia":[{"embeddable":true,"href":"https:\/\/portalnpm.com\/index.php\/wp-json\/"}],"wp:attachment":[{"href":"https:\/\/portalnpm.com\/index.php\/wp-json\/wp\/v2\/media?parent=9199"}],"wp:term":[{"taxonomy":"category","embeddable":true,"href":"https:\/\/portalnpm.com\/index.php\/wp-json\/wp\/v2\/categories?post=9199"},{"taxonomy":"post_tag","embeddable":true,"href":"https:\/\/portalnpm.com\/index.php\/wp-json\/wp\/v2\/tags?post=9199"}],"curies":[{"name":"wp","href":"https:\/\/api.w.org\/{rel}","templated":true}]}}