{"id":92226,"date":"2026-01-24T09:14:31","date_gmt":"2026-01-24T12:14:31","guid":{"rendered":"https:\/\/portalnpm.com\/?p=92226"},"modified":"2026-01-24T09:14:31","modified_gmt":"2026-01-24T12:14:31","slug":"moradora-relata-suposta-aparicao-no-cemiterio-de-mandacaru-em-sao-juliao-veja","status":"publish","type":"post","link":"https:\/\/portalnpm.com\/index.php\/2026\/01\/24\/moradora-relata-suposta-aparicao-no-cemiterio-de-mandacaru-em-sao-juliao-veja\/","title":{"rendered":"Moradora relata suposta apari\u00e7\u00e3o no cemit\u00e9rio de Mandacaru, em S\u00e3o Juli\u00e3o; veja!"},"content":{"rendered":"<p>Uma moradora do povoado Mandacaru, localizado no distrito de S\u00e3o Juli\u00e3o, no Piau\u00ed, afirmou ter presenciado uma suposta apari\u00e7\u00e3o no cemit\u00e9rio da comunidade durante a madrugada desta sexta-feira, dia 23.<\/p>\n<figure id=\"attachment_92227\" aria-describedby=\"caption-attachment-92227\" style=\"width: 1024px\" class=\"wp-caption alignnone\"><img fetchpriority=\"high\" decoding=\"async\" class=\"wp-image-92227 size-full\" src=\"https:\/\/portalnpm.com\/wp-content\/uploads\/2026\/01\/file_000000002794720e8083d38d596beaf2.png\" alt=\"\" width=\"1024\" height=\"1536\" srcset=\"https:\/\/portalnpm.com\/wp-content\/uploads\/2026\/01\/file_000000002794720e8083d38d596beaf2.png 1024w, https:\/\/portalnpm.com\/wp-content\/uploads\/2026\/01\/file_000000002794720e8083d38d596beaf2-200x300.png 200w, https:\/\/portalnpm.com\/wp-content\/uploads\/2026\/01\/file_000000002794720e8083d38d596beaf2-683x1024.png 683w, https:\/\/portalnpm.com\/wp-content\/uploads\/2026\/01\/file_000000002794720e8083d38d596beaf2-768x1152.png 768w\" sizes=\"(max-width: 1024px) 100vw, 1024px\" \/><figcaption id=\"caption-attachment-92227\" class=\"wp-caption-text\">Imagem ilustrativa<\/figcaption><\/figure>\n<p>De acordo com o relato, a mulher, que reside nas proximidades do local, acordou ainda de madrugada para se deslocar at\u00e9 o munic\u00edpio de Picos, cidade polo da regi\u00e3o, quando percebeu algo incomum no chamado cemit\u00e9rio velho da comunidade.<\/p>\n<p>Segundo a moradora, a figura observada aparentava ser uma \u201calma\u201d, vestida inteiramente de branco. Ela descreveu ainda que a apari\u00e7\u00e3o usava um v\u00e9u cobrindo o rosto e segurava uma vela acesa nas m\u00e3os, permanecendo dentro do cemit\u00e9rio.<\/p>\n<p>Assustada com a situa\u00e7\u00e3o, a mulher optou por n\u00e3o se identificar. O caso rapidamente chamou a aten\u00e7\u00e3o de moradores da comunidade, que comentaram o ocorrido ao longo do dia.<\/p>\n<p>At\u00e9 o momento, n\u00e3o h\u00e1 informa\u00e7\u00f5es oficiais que confirmem o que teria sido visto no local. O relato permanece como uma experi\u00eancia pessoal da moradora, despertando curiosidade e debates entre os habitantes da regi\u00e3o.<\/p>\n","protected":false},"excerpt":{"rendered":"<p>Uma moradora do povoado Mandacaru, localizado no distrito de S\u00e3o Juli\u00e3o, no Piau\u00ed, afirmou ter presenciado uma suposta apari\u00e7\u00e3o no cemit\u00e9rio da comunidade durante a madrugada desta sexta-feira, dia 23. De acordo com o relato, a mulher, que reside nas proximidades do local, acordou ainda de madrugada para se deslocar at\u00e9 o munic\u00edpio de Picos, &hellip;<\/p>\n","protected":false},"author":3,"featured_media":92228,"comment_status":"open","ping_status":"open","sticky":false,"template":"","format":"standard","meta":{"content-type":"","rop_custom_images_group":[],"rop_custom_messages_group":[],"rop_publish_now":"yes","rop_publish_now_accounts":{"facebook_2648258775420054_1618374048415101":""},"rop_publish_now_history":[],"rop_publish_now_status":"pending","footnotes":"","_jetpack_memberships_contains_paid_content":false},"categories":[125,3998],"tags":[1883,1060,230,855,1197,500,4937,2169,1196,3784,842],"yoast_head":"<!-- This site is optimized with the Yoast SEO plugin v22.3 - https:\/\/yoast.com\/wordpress\/plugins\/seo\/ -->\n<title>Moradora relata suposta apari\u00e7\u00e3o no cemit\u00e9rio de Mandacaru, em S\u00e3o Juli\u00e3o; veja! - Portal NPM<\/title>\n<meta name=\"robots\" content=\"index, follow, max-snippet:-1, max-image-preview:large, max-video-preview:-1\" \/>\n<link rel=\"canonical\" href=\"https:\/\/portalnpm.com\/index.php\/2026\/01\/24\/moradora-relata-suposta-aparicao-no-cemiterio-de-mandacaru-em-sao-juliao-veja\/\" \/>\n<meta property=\"og:locale\" content=\"pt_BR\" \/>\n<meta property=\"og:type\" content=\"article\" \/>\n<meta property=\"og:title\" content=\"Moradora relata suposta apari\u00e7\u00e3o no cemit\u00e9rio de Mandacaru, em S\u00e3o Juli\u00e3o; veja! - Portal NPM\" \/>\n<meta property=\"og:description\" content=\"Uma moradora do povoado Mandacaru, localizado no distrito de S\u00e3o Juli\u00e3o, no Piau\u00ed, afirmou ter presenciado uma suposta apari\u00e7\u00e3o no cemit\u00e9rio da comunidade durante a madrugada desta sexta-feira, dia 23. De acordo com o relato, a mulher, que reside nas proximidades do local, acordou ainda de madrugada para se deslocar at\u00e9 o munic\u00edpio de Picos, &hellip;\" \/>\n<meta property=\"og:url\" content=\"https:\/\/portalnpm.com\/index.php\/2026\/01\/24\/moradora-relata-suposta-aparicao-no-cemiterio-de-mandacaru-em-sao-juliao-veja\/\" \/>\n<meta property=\"og:site_name\" content=\"Portal NPM\" \/>\n<meta property=\"article:published_time\" content=\"2026-01-24T12:14:31+00:00\" \/>\n<meta property=\"og:image\" content=\"https:\/\/portalnpm.com\/wp-content\/uploads\/2026\/01\/IMG-20260124-WA0014.jpg\" \/>\n\t<meta property=\"og:image:width\" content=\"1024\" \/>\n\t<meta property=\"og:image:height\" content=\"863\" \/>\n\t<meta property=\"og:image:type\" content=\"image\/jpeg\" \/>\n<meta name=\"author\" content=\"Luis Alberto\" \/>\n<meta name=\"twitter:card\" content=\"summary_large_image\" \/>\n<meta name=\"twitter:label1\" content=\"Escrito por\" \/>\n\t<meta name=\"twitter:data1\" content=\"Luis Alberto\" \/>\n\t<meta name=\"twitter:label2\" content=\"Est. tempo de leitura\" \/>\n\t<meta name=\"twitter:data2\" content=\"2 minutos\" \/>\n<script type=\"application\/ld+json\" class=\"yoast-schema-graph\">{\"@context\":\"https:\/\/schema.org\",\"@graph\":[{\"@type\":\"WebPage\",\"@id\":\"https:\/\/portalnpm.com\/index.php\/2026\/01\/24\/moradora-relata-suposta-aparicao-no-cemiterio-de-mandacaru-em-sao-juliao-veja\/\",\"url\":\"https:\/\/portalnpm.com\/index.php\/2026\/01\/24\/moradora-relata-suposta-aparicao-no-cemiterio-de-mandacaru-em-sao-juliao-veja\/\",\"name\":\"Moradora relata suposta apari\u00e7\u00e3o no cemit\u00e9rio de Mandacaru, em S\u00e3o Juli\u00e3o; veja! - Portal NPM\",\"isPartOf\":{\"@id\":\"https:\/\/portalnpm.com\/#website\"},\"primaryImageOfPage\":{\"@id\":\"https:\/\/portalnpm.com\/index.php\/2026\/01\/24\/moradora-relata-suposta-aparicao-no-cemiterio-de-mandacaru-em-sao-juliao-veja\/#primaryimage\"},\"image\":{\"@id\":\"https:\/\/portalnpm.com\/index.php\/2026\/01\/24\/moradora-relata-suposta-aparicao-no-cemiterio-de-mandacaru-em-sao-juliao-veja\/#primaryimage\"},\"thumbnailUrl\":\"https:\/\/portalnpm.com\/wp-content\/uploads\/2026\/01\/IMG-20260124-WA0014.jpg\",\"datePublished\":\"2026-01-24T12:14:31+00:00\",\"dateModified\":\"2026-01-24T12:14:31+00:00\",\"author\":{\"@id\":\"https:\/\/portalnpm.com\/#\/schema\/person\/5c8006acdf71774cd4e7a5ab98482152\"},\"breadcrumb\":{\"@id\":\"https:\/\/portalnpm.com\/index.php\/2026\/01\/24\/moradora-relata-suposta-aparicao-no-cemiterio-de-mandacaru-em-sao-juliao-veja\/#breadcrumb\"},\"inLanguage\":\"pt-BR\",\"potentialAction\":[{\"@type\":\"ReadAction\",\"target\":[\"https:\/\/portalnpm.com\/index.php\/2026\/01\/24\/moradora-relata-suposta-aparicao-no-cemiterio-de-mandacaru-em-sao-juliao-veja\/\"]}]},{\"@type\":\"ImageObject\",\"inLanguage\":\"pt-BR\",\"@id\":\"https:\/\/portalnpm.com\/index.php\/2026\/01\/24\/moradora-relata-suposta-aparicao-no-cemiterio-de-mandacaru-em-sao-juliao-veja\/#primaryimage\",\"url\":\"https:\/\/portalnpm.com\/wp-content\/uploads\/2026\/01\/IMG-20260124-WA0014.jpg\",\"contentUrl\":\"https:\/\/portalnpm.com\/wp-content\/uploads\/2026\/01\/IMG-20260124-WA0014.jpg\",\"width\":1024,\"height\":863},{\"@type\":\"BreadcrumbList\",\"@id\":\"https:\/\/portalnpm.com\/index.php\/2026\/01\/24\/moradora-relata-suposta-aparicao-no-cemiterio-de-mandacaru-em-sao-juliao-veja\/#breadcrumb\",\"itemListElement\":[{\"@type\":\"ListItem\",\"position\":1,\"name\":\"In\u00edcio\",\"item\":\"https:\/\/portalnpm.com\/\"},{\"@type\":\"ListItem\",\"position\":2,\"name\":\"Moradora relata suposta apari\u00e7\u00e3o no cemit\u00e9rio de Mandacaru, em S\u00e3o Juli\u00e3o; veja!\"}]},{\"@type\":\"WebSite\",\"@id\":\"https:\/\/portalnpm.com\/#website\",\"url\":\"https:\/\/portalnpm.com\/\",\"name\":\"Portal NPM\",\"description\":\"Not\u00edcias em Primeira M\u00e3o\",\"potentialAction\":[{\"@type\":\"SearchAction\",\"target\":{\"@type\":\"EntryPoint\",\"urlTemplate\":\"https:\/\/portalnpm.com\/?s={search_term_string}\"},\"query-input\":\"required name=search_term_string\"}],\"inLanguage\":\"pt-BR\"},{\"@type\":\"Person\",\"@id\":\"https:\/\/portalnpm.com\/#\/schema\/person\/5c8006acdf71774cd4e7a5ab98482152\",\"name\":\"Luis Alberto\",\"image\":{\"@type\":\"ImageObject\",\"inLanguage\":\"pt-BR\",\"@id\":\"https:\/\/portalnpm.com\/#\/schema\/person\/image\/\",\"url\":\"https:\/\/portalnpm.com\/wp-content\/uploads\/2024\/12\/avatar_user_3_1734699769-96x96.jpeg\",\"contentUrl\":\"https:\/\/portalnpm.com\/wp-content\/uploads\/2024\/12\/avatar_user_3_1734699769-96x96.jpeg\",\"caption\":\"Luis Alberto\"},\"description\":\"Editor-geral do Portal NPM, \u00e9 formado como T\u00e9cnico em Seguran\u00e7a do Trabalho pela Escola Metropolitana de Cursos T\u00e9cnicos. Det\u00e9m ainda licenciatura em Educa\u00e7\u00e3o F\u00edsica e bacharelado em Ci\u00eancias Pol\u00edticas, ambos obtidos pela institui\u00e7\u00e3o Anhanguera\/UNOPAR.\",\"url\":\"https:\/\/portalnpm.com\/index.php\/author\/pereira\/\"}]}<\/script>\n<!-- \/ Yoast SEO plugin. -->","yoast_head_json":{"title":"Moradora relata suposta apari\u00e7\u00e3o no cemit\u00e9rio de Mandacaru, em S\u00e3o Juli\u00e3o; veja! - Portal NPM","robots":{"index":"index","follow":"follow","max-snippet":"max-snippet:-1","max-image-preview":"max-image-preview:large","max-video-preview":"max-video-preview:-1"},"canonical":"https:\/\/portalnpm.com\/index.php\/2026\/01\/24\/moradora-relata-suposta-aparicao-no-cemiterio-de-mandacaru-em-sao-juliao-veja\/","og_locale":"pt_BR","og_type":"article","og_title":"Moradora relata suposta apari\u00e7\u00e3o no cemit\u00e9rio de Mandacaru, em S\u00e3o Juli\u00e3o; veja! - Portal NPM","og_description":"Uma moradora do povoado Mandacaru, localizado no distrito de S\u00e3o Juli\u00e3o, no Piau\u00ed, afirmou ter presenciado uma suposta apari\u00e7\u00e3o no cemit\u00e9rio da comunidade durante a madrugada desta sexta-feira, dia 23. De acordo com o relato, a mulher, que reside nas proximidades do local, acordou ainda de madrugada para se deslocar at\u00e9 o munic\u00edpio de Picos, &hellip;","og_url":"https:\/\/portalnpm.com\/index.php\/2026\/01\/24\/moradora-relata-suposta-aparicao-no-cemiterio-de-mandacaru-em-sao-juliao-veja\/","og_site_name":"Portal NPM","article_published_time":"2026-01-24T12:14:31+00:00","og_image":[{"width":1024,"height":863,"url":"https:\/\/portalnpm.com\/wp-content\/uploads\/2026\/01\/IMG-20260124-WA0014.jpg","type":"image\/jpeg"}],"author":"Luis Alberto","twitter_card":"summary_large_image","twitter_misc":{"Escrito por":"Luis Alberto","Est. tempo de leitura":"2 minutos"},"schema":{"@context":"https:\/\/schema.org","@graph":[{"@type":"WebPage","@id":"https:\/\/portalnpm.com\/index.php\/2026\/01\/24\/moradora-relata-suposta-aparicao-no-cemiterio-de-mandacaru-em-sao-juliao-veja\/","url":"https:\/\/portalnpm.com\/index.php\/2026\/01\/24\/moradora-relata-suposta-aparicao-no-cemiterio-de-mandacaru-em-sao-juliao-veja\/","name":"Moradora relata suposta apari\u00e7\u00e3o no cemit\u00e9rio de Mandacaru, em S\u00e3o Juli\u00e3o; veja! - Portal NPM","isPartOf":{"@id":"https:\/\/portalnpm.com\/#website"},"primaryImageOfPage":{"@id":"https:\/\/portalnpm.com\/index.php\/2026\/01\/24\/moradora-relata-suposta-aparicao-no-cemiterio-de-mandacaru-em-sao-juliao-veja\/#primaryimage"},"image":{"@id":"https:\/\/portalnpm.com\/index.php\/2026\/01\/24\/moradora-relata-suposta-aparicao-no-cemiterio-de-mandacaru-em-sao-juliao-veja\/#primaryimage"},"thumbnailUrl":"https:\/\/portalnpm.com\/wp-content\/uploads\/2026\/01\/IMG-20260124-WA0014.jpg","datePublished":"2026-01-24T12:14:31+00:00","dateModified":"2026-01-24T12:14:31+00:00","author":{"@id":"https:\/\/portalnpm.com\/#\/schema\/person\/5c8006acdf71774cd4e7a5ab98482152"},"breadcrumb":{"@id":"https:\/\/portalnpm.com\/index.php\/2026\/01\/24\/moradora-relata-suposta-aparicao-no-cemiterio-de-mandacaru-em-sao-juliao-veja\/#breadcrumb"},"inLanguage":"pt-BR","potentialAction":[{"@type":"ReadAction","target":["https:\/\/portalnpm.com\/index.php\/2026\/01\/24\/moradora-relata-suposta-aparicao-no-cemiterio-de-mandacaru-em-sao-juliao-veja\/"]}]},{"@type":"ImageObject","inLanguage":"pt-BR","@id":"https:\/\/portalnpm.com\/index.php\/2026\/01\/24\/moradora-relata-suposta-aparicao-no-cemiterio-de-mandacaru-em-sao-juliao-veja\/#primaryimage","url":"https:\/\/portalnpm.com\/wp-content\/uploads\/2026\/01\/IMG-20260124-WA0014.jpg","contentUrl":"https:\/\/portalnpm.com\/wp-content\/uploads\/2026\/01\/IMG-20260124-WA0014.jpg","width":1024,"height":863},{"@type":"BreadcrumbList","@id":"https:\/\/portalnpm.com\/index.php\/2026\/01\/24\/moradora-relata-suposta-aparicao-no-cemiterio-de-mandacaru-em-sao-juliao-veja\/#breadcrumb","itemListElement":[{"@type":"ListItem","position":1,"name":"In\u00edcio","item":"https:\/\/portalnpm.com\/"},{"@type":"ListItem","position":2,"name":"Moradora relata suposta apari\u00e7\u00e3o no cemit\u00e9rio de Mandacaru, em S\u00e3o Juli\u00e3o; veja!"}]},{"@type":"WebSite","@id":"https:\/\/portalnpm.com\/#website","url":"https:\/\/portalnpm.com\/","name":"Portal NPM","description":"Not\u00edcias em Primeira M\u00e3o","potentialAction":[{"@type":"SearchAction","target":{"@type":"EntryPoint","urlTemplate":"https:\/\/portalnpm.com\/?s={search_term_string}"},"query-input":"required name=search_term_string"}],"inLanguage":"pt-BR"},{"@type":"Person","@id":"https:\/\/portalnpm.com\/#\/schema\/person\/5c8006acdf71774cd4e7a5ab98482152","name":"Luis Alberto","image":{"@type":"ImageObject","inLanguage":"pt-BR","@id":"https:\/\/portalnpm.com\/#\/schema\/person\/image\/","url":"https:\/\/portalnpm.com\/wp-content\/uploads\/2024\/12\/avatar_user_3_1734699769-96x96.jpeg","contentUrl":"https:\/\/portalnpm.com\/wp-content\/uploads\/2024\/12\/avatar_user_3_1734699769-96x96.jpeg","caption":"Luis Alberto"},"description":"Editor-geral do Portal NPM, \u00e9 formado como T\u00e9cnico em Seguran\u00e7a do Trabalho pela Escola Metropolitana de Cursos T\u00e9cnicos. Det\u00e9m ainda licenciatura em Educa\u00e7\u00e3o F\u00edsica e bacharelado em Ci\u00eancias Pol\u00edticas, ambos obtidos pela institui\u00e7\u00e3o Anhanguera\/UNOPAR.","url":"https:\/\/portalnpm.com\/index.php\/author\/pereira\/"}]}},"jetpack_sharing_enabled":true,"jetpack_featured_media_url":"https:\/\/portalnpm.com\/wp-content\/uploads\/2026\/01\/IMG-20260124-WA0014.jpg","_links":{"self":[{"href":"https:\/\/portalnpm.com\/index.php\/wp-json\/wp\/v2\/posts\/92226"}],"collection":[{"href":"https:\/\/portalnpm.com\/index.php\/wp-json\/wp\/v2\/posts"}],"about":[{"href":"https:\/\/portalnpm.com\/index.php\/wp-json\/wp\/v2\/types\/post"}],"author":[{"embeddable":true,"href":"https:\/\/portalnpm.com\/index.php\/wp-json\/wp\/v2\/users\/3"}],"replies":[{"embeddable":true,"href":"https:\/\/portalnpm.com\/index.php\/wp-json\/wp\/v2\/comments?post=92226"}],"version-history":[{"count":1,"href":"https:\/\/portalnpm.com\/index.php\/wp-json\/wp\/v2\/posts\/92226\/revisions"}],"predecessor-version":[{"id":92229,"href":"https:\/\/portalnpm.com\/index.php\/wp-json\/wp\/v2\/posts\/92226\/revisions\/92229"}],"wp:featuredmedia":[{"embeddable":true,"href":"https:\/\/portalnpm.com\/index.php\/wp-json\/wp\/v2\/media\/92228"}],"wp:attachment":[{"href":"https:\/\/portalnpm.com\/index.php\/wp-json\/wp\/v2\/media?parent=92226"}],"wp:term":[{"taxonomy":"category","embeddable":true,"href":"https:\/\/portalnpm.com\/index.php\/wp-json\/wp\/v2\/categories?post=92226"},{"taxonomy":"post_tag","embeddable":true,"href":"https:\/\/portalnpm.com\/index.php\/wp-json\/wp\/v2\/tags?post=92226"}],"curies":[{"name":"wp","href":"https:\/\/api.w.org\/{rel}","templated":true}]}}