{"id":928,"date":"2018-08-24T12:20:39","date_gmt":"2018-08-24T15:20:39","guid":{"rendered":"http:\/\/srv.portalnpm.com.br\/?p=928"},"modified":"2018-08-24T12:20:39","modified_gmt":"2018-08-24T15:20:39","slug":"prefeitura-se-prepara-para-desfile-de-07-de-setembro-em-sao-juliao-pi","status":"publish","type":"post","link":"https:\/\/portalnpm.com\/index.php\/2018\/08\/24\/prefeitura-se-prepara-para-desfile-de-07-de-setembro-em-sao-juliao-pi\/","title":{"rendered":"Prefeitura se prepara para desfile de 07 de Setembro em S\u00e3o Juli\u00e3o \u2013 PI"},"content":{"rendered":"<p style=\"text-align: justify;\">A Prefeitura Municipal de S\u00e3o Juli\u00e3o \u2013 PI, na gest\u00e3o do prefeito Jonas Bezerra de Alencar, o Dr. Jonas (PSB), atrav\u00e9s da Secretaria Municipal de Educa\u00e7\u00e3o se prepara para realizar o desfile c\u00edvico de 07 de Setembro.<\/p>\n<p style=\"text-align: justify;\">Os ensaios gerais de todos os participantes v\u00eam mobilizando todo o munic\u00edpio. S\u00e3o mais de mil alunos da Rede Municipal de Ensino, professores, pais, respons\u00e1veis e demais volunt\u00e1rios participando intensamente dos treinos duas vezes por semana.<\/p>\n<figure id=\"attachment_929\" aria-describedby=\"caption-attachment-929\" style=\"width: 300px\" class=\"wp-caption alignnone\"><img fetchpriority=\"high\" decoding=\"async\" class=\"size-medium wp-image-929\" src=\"http:\/\/portalnpm.com.br\/wp-content\/uploads\/2018\/08\/db476d64-6e01-428e-b0f4-0faf88eb8eb4-300x225.jpg\" alt=\"\" width=\"300\" height=\"225\" srcset=\"https:\/\/portalnpm.com\/wp-content\/uploads\/2018\/08\/db476d64-6e01-428e-b0f4-0faf88eb8eb4-300x225.jpg 300w, https:\/\/portalnpm.com\/wp-content\/uploads\/2018\/08\/db476d64-6e01-428e-b0f4-0faf88eb8eb4-768x576.jpg 768w, https:\/\/portalnpm.com\/wp-content\/uploads\/2018\/08\/db476d64-6e01-428e-b0f4-0faf88eb8eb4.jpg 800w\" sizes=\"(max-width: 300px) 100vw, 300px\" \/><figcaption id=\"caption-attachment-929\" class=\"wp-caption-text\">Secret\u00e1ria de Educa\u00e7\u00e3o, Claudete Alencar, coordena ensaios para o desfile \u2013 Foto: Portal \u00c9 Not\u00edcias<\/figcaption><\/figure>\n<p style=\"text-align: justify;\">A secret\u00e1ria de Educa\u00e7\u00e3o, Claudete Alencar, e sua equipe, t\u00eam participado ativamente na coordena\u00e7\u00e3o de todos os ensaios e a expectativa \u00e9 que o desfile ocorra tudo dentro do programado.<\/p>\n<p style=\"text-align: justify;\">A promessa da gest\u00e3o\u00a0<em><strong>O Povo em Primeiro Lugar<\/strong><\/em>\u00a0\u00e9 apresentar \u00e0 popula\u00e7\u00e3o um desfile de 07 de Setembro bem criativo, com riqueza cultural e a oportunidade de reflex\u00e3o sobre a import\u00e2ncia deste feito que mudou o Brasil.<\/p>\n<p style=\"text-align: justify;\">Toda a popula\u00e7\u00e3o de S\u00e3o Juli\u00e3o \u2013 PI est\u00e1 convidada para participar. O evento acontecer\u00e1 em frente \u00e0 sede da Prefeitura Municipal de S\u00e3o Juli\u00e3o \u2013 PI, na sexta-feira, dia 07 de setembro, com uma novidade, este ano, o evento ser\u00e1 realizado na parte da tarde.<\/p>\n<p style=\"text-align: justify;\"><strong>Veja fotos dos ensaios:<\/strong><\/p>\n<p><img decoding=\"async\" class=\"alignnone size-medium wp-image-930\" src=\"http:\/\/portalnpm.com.br\/wp-content\/uploads\/2018\/08\/7bfc8bd0-3f27-4ed8-abfe-c19e8baa8f21-300x225.jpg\" alt=\"\" width=\"300\" height=\"225\" srcset=\"https:\/\/portalnpm.com\/wp-content\/uploads\/2018\/08\/7bfc8bd0-3f27-4ed8-abfe-c19e8baa8f21-300x225.jpg 300w, https:\/\/portalnpm.com\/wp-content\/uploads\/2018\/08\/7bfc8bd0-3f27-4ed8-abfe-c19e8baa8f21-768x576.jpg 768w, https:\/\/portalnpm.com\/wp-content\/uploads\/2018\/08\/7bfc8bd0-3f27-4ed8-abfe-c19e8baa8f21.jpg 800w\" sizes=\"(max-width: 300px) 100vw, 300px\" \/> <img decoding=\"async\" class=\"alignnone size-medium wp-image-931\" src=\"http:\/\/portalnpm.com.br\/wp-content\/uploads\/2018\/08\/e7c2990a-4784-462e-a313-a4f380084eed-300x225.jpg\" alt=\"\" width=\"300\" height=\"225\" srcset=\"https:\/\/portalnpm.com\/wp-content\/uploads\/2018\/08\/e7c2990a-4784-462e-a313-a4f380084eed-300x225.jpg 300w, https:\/\/portalnpm.com\/wp-content\/uploads\/2018\/08\/e7c2990a-4784-462e-a313-a4f380084eed-768x576.jpg 768w, https:\/\/portalnpm.com\/wp-content\/uploads\/2018\/08\/e7c2990a-4784-462e-a313-a4f380084eed.jpg 800w\" sizes=\"(max-width: 300px) 100vw, 300px\" \/> <img loading=\"lazy\" decoding=\"async\" class=\"alignnone size-medium wp-image-932\" src=\"http:\/\/portalnpm.com.br\/wp-content\/uploads\/2018\/08\/f0d91f5b-3ab4-457a-b4a2-5c9159473fa4-300x225.jpg\" alt=\"\" width=\"300\" height=\"225\" srcset=\"https:\/\/portalnpm.com\/wp-content\/uploads\/2018\/08\/f0d91f5b-3ab4-457a-b4a2-5c9159473fa4-300x225.jpg 300w, https:\/\/portalnpm.com\/wp-content\/uploads\/2018\/08\/f0d91f5b-3ab4-457a-b4a2-5c9159473fa4-768x576.jpg 768w, https:\/\/portalnpm.com\/wp-content\/uploads\/2018\/08\/f0d91f5b-3ab4-457a-b4a2-5c9159473fa4.jpg 800w\" sizes=\"(max-width: 300px) 100vw, 300px\" \/> <img loading=\"lazy\" decoding=\"async\" class=\"alignnone size-medium wp-image-933\" src=\"http:\/\/portalnpm.com.br\/wp-content\/uploads\/2018\/08\/cdba27f5-79ba-425b-a278-da6e53d29cf2-300x225.jpg\" alt=\"\" width=\"300\" height=\"225\" srcset=\"https:\/\/portalnpm.com\/wp-content\/uploads\/2018\/08\/cdba27f5-79ba-425b-a278-da6e53d29cf2-300x225.jpg 300w, https:\/\/portalnpm.com\/wp-content\/uploads\/2018\/08\/cdba27f5-79ba-425b-a278-da6e53d29cf2-768x576.jpg 768w, https:\/\/portalnpm.com\/wp-content\/uploads\/2018\/08\/cdba27f5-79ba-425b-a278-da6e53d29cf2.jpg 800w\" sizes=\"(max-width: 300px) 100vw, 300px\" \/> <img loading=\"lazy\" decoding=\"async\" class=\"alignnone size-medium wp-image-934\" src=\"http:\/\/portalnpm.com.br\/wp-content\/uploads\/2018\/08\/1a6b3e73-b5a0-4359-b9d2-c07f7b427765-300x225.jpg\" alt=\"\" width=\"300\" height=\"225\" srcset=\"https:\/\/portalnpm.com\/wp-content\/uploads\/2018\/08\/1a6b3e73-b5a0-4359-b9d2-c07f7b427765-300x225.jpg 300w, https:\/\/portalnpm.com\/wp-content\/uploads\/2018\/08\/1a6b3e73-b5a0-4359-b9d2-c07f7b427765-768x576.jpg 768w, https:\/\/portalnpm.com\/wp-content\/uploads\/2018\/08\/1a6b3e73-b5a0-4359-b9d2-c07f7b427765.jpg 800w\" sizes=\"(max-width: 300px) 100vw, 300px\" \/><\/p>\n<p><strong>Fonte:\u00a0<\/strong>Portal \u00c9 Not\u00edcias<\/p>\n","protected":false},"excerpt":{"rendered":"<p>A Prefeitura Municipal de S\u00e3o Juli\u00e3o \u2013 PI, na gest\u00e3o do prefeito Jonas Bezerra de Alencar, o Dr. Jonas (PSB), atrav\u00e9s da Secretaria Municipal de Educa\u00e7\u00e3o se prepara para realizar o desfile c\u00edvico de 07 de Setembro. Os ensaios gerais de todos os participantes v\u00eam mobilizando todo o munic\u00edpio. S\u00e3o mais de mil alunos da &hellip;<\/p>\n","protected":false},"author":3,"featured_media":935,"comment_status":"open","ping_status":"open","sticky":false,"template":"","format":"standard","meta":{"content-type":"","rop_custom_images_group":[],"rop_custom_messages_group":[],"rop_publish_now":"initial","rop_publish_now_accounts":{"facebook_2648258775420054_1618374048415101":""},"rop_publish_now_history":[],"rop_publish_now_status":"pending","footnotes":"","_jetpack_memberships_contains_paid_content":false},"categories":[113,109,136],"tags":[634,635,222],"yoast_head":"<!-- This site is optimized with the Yoast SEO plugin v22.3 - https:\/\/yoast.com\/wordpress\/plugins\/seo\/ -->\n<title>Prefeitura se prepara para desfile de 07 de Setembro em S\u00e3o Juli\u00e3o \u2013 PI - Portal NPM<\/title>\n<meta name=\"robots\" content=\"index, follow, max-snippet:-1, max-image-preview:large, max-video-preview:-1\" \/>\n<link rel=\"canonical\" href=\"https:\/\/portalnpm.com\/index.php\/2018\/08\/24\/prefeitura-se-prepara-para-desfile-de-07-de-setembro-em-sao-juliao-pi\/\" \/>\n<meta property=\"og:locale\" content=\"pt_BR\" \/>\n<meta property=\"og:type\" content=\"article\" \/>\n<meta property=\"og:title\" content=\"Prefeitura se prepara para desfile de 07 de Setembro em S\u00e3o Juli\u00e3o \u2013 PI - Portal NPM\" \/>\n<meta property=\"og:description\" content=\"A Prefeitura Municipal de S\u00e3o Juli\u00e3o \u2013 PI, na gest\u00e3o do prefeito Jonas Bezerra de Alencar, o Dr. Jonas (PSB), atrav\u00e9s da Secretaria Municipal de Educa\u00e7\u00e3o se prepara para realizar o desfile c\u00edvico de 07 de Setembro. Os ensaios gerais de todos os participantes v\u00eam mobilizando todo o munic\u00edpio. S\u00e3o mais de mil alunos da &hellip;\" \/>\n<meta property=\"og:url\" content=\"https:\/\/portalnpm.com\/index.php\/2018\/08\/24\/prefeitura-se-prepara-para-desfile-de-07-de-setembro-em-sao-juliao-pi\/\" \/>\n<meta property=\"og:site_name\" content=\"Portal NPM\" \/>\n<meta property=\"article:published_time\" content=\"2018-08-24T15:20:39+00:00\" \/>\n<meta property=\"og:image\" content=\"https:\/\/portalnpm.com\/wp-content\/uploads\/2018\/08\/e7c2990a-4784-462e-a313-a4f380084eed-1.jpg\" \/>\n\t<meta property=\"og:image:width\" content=\"800\" \/>\n\t<meta property=\"og:image:height\" content=\"600\" \/>\n\t<meta property=\"og:image:type\" content=\"image\/jpeg\" \/>\n<meta name=\"author\" content=\"Luis Alberto\" \/>\n<meta name=\"twitter:card\" content=\"summary_large_image\" \/>\n<meta name=\"twitter:label1\" content=\"Escrito por\" \/>\n\t<meta name=\"twitter:data1\" content=\"Luis Alberto\" \/>\n\t<meta name=\"twitter:label2\" content=\"Est. tempo de leitura\" \/>\n\t<meta name=\"twitter:data2\" content=\"1 minuto\" \/>\n<script type=\"application\/ld+json\" class=\"yoast-schema-graph\">{\"@context\":\"https:\/\/schema.org\",\"@graph\":[{\"@type\":\"WebPage\",\"@id\":\"https:\/\/portalnpm.com\/index.php\/2018\/08\/24\/prefeitura-se-prepara-para-desfile-de-07-de-setembro-em-sao-juliao-pi\/\",\"url\":\"https:\/\/portalnpm.com\/index.php\/2018\/08\/24\/prefeitura-se-prepara-para-desfile-de-07-de-setembro-em-sao-juliao-pi\/\",\"name\":\"Prefeitura se prepara para desfile de 07 de Setembro em S\u00e3o Juli\u00e3o \u2013 PI - Portal NPM\",\"isPartOf\":{\"@id\":\"https:\/\/portalnpm.com\/#website\"},\"primaryImageOfPage\":{\"@id\":\"https:\/\/portalnpm.com\/index.php\/2018\/08\/24\/prefeitura-se-prepara-para-desfile-de-07-de-setembro-em-sao-juliao-pi\/#primaryimage\"},\"image\":{\"@id\":\"https:\/\/portalnpm.com\/index.php\/2018\/08\/24\/prefeitura-se-prepara-para-desfile-de-07-de-setembro-em-sao-juliao-pi\/#primaryimage\"},\"thumbnailUrl\":\"https:\/\/portalnpm.com\/wp-content\/uploads\/2018\/08\/e7c2990a-4784-462e-a313-a4f380084eed-1.jpg\",\"datePublished\":\"2018-08-24T15:20:39+00:00\",\"dateModified\":\"2018-08-24T15:20:39+00:00\",\"author\":{\"@id\":\"https:\/\/portalnpm.com\/#\/schema\/person\/5c8006acdf71774cd4e7a5ab98482152\"},\"breadcrumb\":{\"@id\":\"https:\/\/portalnpm.com\/index.php\/2018\/08\/24\/prefeitura-se-prepara-para-desfile-de-07-de-setembro-em-sao-juliao-pi\/#breadcrumb\"},\"inLanguage\":\"pt-BR\",\"potentialAction\":[{\"@type\":\"ReadAction\",\"target\":[\"https:\/\/portalnpm.com\/index.php\/2018\/08\/24\/prefeitura-se-prepara-para-desfile-de-07-de-setembro-em-sao-juliao-pi\/\"]}]},{\"@type\":\"ImageObject\",\"inLanguage\":\"pt-BR\",\"@id\":\"https:\/\/portalnpm.com\/index.php\/2018\/08\/24\/prefeitura-se-prepara-para-desfile-de-07-de-setembro-em-sao-juliao-pi\/#primaryimage\",\"url\":\"https:\/\/portalnpm.com\/wp-content\/uploads\/2018\/08\/e7c2990a-4784-462e-a313-a4f380084eed-1.jpg\",\"contentUrl\":\"https:\/\/portalnpm.com\/wp-content\/uploads\/2018\/08\/e7c2990a-4784-462e-a313-a4f380084eed-1.jpg\",\"width\":800,\"height\":600},{\"@type\":\"BreadcrumbList\",\"@id\":\"https:\/\/portalnpm.com\/index.php\/2018\/08\/24\/prefeitura-se-prepara-para-desfile-de-07-de-setembro-em-sao-juliao-pi\/#breadcrumb\",\"itemListElement\":[{\"@type\":\"ListItem\",\"position\":1,\"name\":\"In\u00edcio\",\"item\":\"https:\/\/portalnpm.com\/\"},{\"@type\":\"ListItem\",\"position\":2,\"name\":\"Prefeitura se prepara para desfile de 07 de Setembro em S\u00e3o Juli\u00e3o \u2013 PI\"}]},{\"@type\":\"WebSite\",\"@id\":\"https:\/\/portalnpm.com\/#website\",\"url\":\"https:\/\/portalnpm.com\/\",\"name\":\"Portal NPM\",\"description\":\"Not\u00edcias em Primeira M\u00e3o\",\"potentialAction\":[{\"@type\":\"SearchAction\",\"target\":{\"@type\":\"EntryPoint\",\"urlTemplate\":\"https:\/\/portalnpm.com\/?s={search_term_string}\"},\"query-input\":\"required name=search_term_string\"}],\"inLanguage\":\"pt-BR\"},{\"@type\":\"Person\",\"@id\":\"https:\/\/portalnpm.com\/#\/schema\/person\/5c8006acdf71774cd4e7a5ab98482152\",\"name\":\"Luis Alberto\",\"image\":{\"@type\":\"ImageObject\",\"inLanguage\":\"pt-BR\",\"@id\":\"https:\/\/portalnpm.com\/#\/schema\/person\/image\/\",\"url\":\"https:\/\/portalnpm.com\/wp-content\/uploads\/2024\/12\/avatar_user_3_1734699769-96x96.jpeg\",\"contentUrl\":\"https:\/\/portalnpm.com\/wp-content\/uploads\/2024\/12\/avatar_user_3_1734699769-96x96.jpeg\",\"caption\":\"Luis Alberto\"},\"description\":\"Editor-geral do Portal NPM, \u00e9 formado como T\u00e9cnico em Seguran\u00e7a do Trabalho pela Escola Metropolitana de Cursos T\u00e9cnicos. Det\u00e9m ainda licenciatura em Educa\u00e7\u00e3o F\u00edsica e bacharelado em Ci\u00eancias Pol\u00edticas, ambos obtidos pela institui\u00e7\u00e3o Anhanguera\/UNOPAR.\",\"url\":\"https:\/\/portalnpm.com\/index.php\/author\/pereira\/\"}]}<\/script>\n<!-- \/ Yoast SEO plugin. -->","yoast_head_json":{"title":"Prefeitura se prepara para desfile de 07 de Setembro em S\u00e3o Juli\u00e3o \u2013 PI - Portal NPM","robots":{"index":"index","follow":"follow","max-snippet":"max-snippet:-1","max-image-preview":"max-image-preview:large","max-video-preview":"max-video-preview:-1"},"canonical":"https:\/\/portalnpm.com\/index.php\/2018\/08\/24\/prefeitura-se-prepara-para-desfile-de-07-de-setembro-em-sao-juliao-pi\/","og_locale":"pt_BR","og_type":"article","og_title":"Prefeitura se prepara para desfile de 07 de Setembro em S\u00e3o Juli\u00e3o \u2013 PI - Portal NPM","og_description":"A Prefeitura Municipal de S\u00e3o Juli\u00e3o \u2013 PI, na gest\u00e3o do prefeito Jonas Bezerra de Alencar, o Dr. Jonas (PSB), atrav\u00e9s da Secretaria Municipal de Educa\u00e7\u00e3o se prepara para realizar o desfile c\u00edvico de 07 de Setembro. Os ensaios gerais de todos os participantes v\u00eam mobilizando todo o munic\u00edpio. S\u00e3o mais de mil alunos da &hellip;","og_url":"https:\/\/portalnpm.com\/index.php\/2018\/08\/24\/prefeitura-se-prepara-para-desfile-de-07-de-setembro-em-sao-juliao-pi\/","og_site_name":"Portal NPM","article_published_time":"2018-08-24T15:20:39+00:00","og_image":[{"width":800,"height":600,"url":"https:\/\/portalnpm.com\/wp-content\/uploads\/2018\/08\/e7c2990a-4784-462e-a313-a4f380084eed-1.jpg","type":"image\/jpeg"}],"author":"Luis Alberto","twitter_card":"summary_large_image","twitter_misc":{"Escrito por":"Luis Alberto","Est. tempo de leitura":"1 minuto"},"schema":{"@context":"https:\/\/schema.org","@graph":[{"@type":"WebPage","@id":"https:\/\/portalnpm.com\/index.php\/2018\/08\/24\/prefeitura-se-prepara-para-desfile-de-07-de-setembro-em-sao-juliao-pi\/","url":"https:\/\/portalnpm.com\/index.php\/2018\/08\/24\/prefeitura-se-prepara-para-desfile-de-07-de-setembro-em-sao-juliao-pi\/","name":"Prefeitura se prepara para desfile de 07 de Setembro em S\u00e3o Juli\u00e3o \u2013 PI - Portal NPM","isPartOf":{"@id":"https:\/\/portalnpm.com\/#website"},"primaryImageOfPage":{"@id":"https:\/\/portalnpm.com\/index.php\/2018\/08\/24\/prefeitura-se-prepara-para-desfile-de-07-de-setembro-em-sao-juliao-pi\/#primaryimage"},"image":{"@id":"https:\/\/portalnpm.com\/index.php\/2018\/08\/24\/prefeitura-se-prepara-para-desfile-de-07-de-setembro-em-sao-juliao-pi\/#primaryimage"},"thumbnailUrl":"https:\/\/portalnpm.com\/wp-content\/uploads\/2018\/08\/e7c2990a-4784-462e-a313-a4f380084eed-1.jpg","datePublished":"2018-08-24T15:20:39+00:00","dateModified":"2018-08-24T15:20:39+00:00","author":{"@id":"https:\/\/portalnpm.com\/#\/schema\/person\/5c8006acdf71774cd4e7a5ab98482152"},"breadcrumb":{"@id":"https:\/\/portalnpm.com\/index.php\/2018\/08\/24\/prefeitura-se-prepara-para-desfile-de-07-de-setembro-em-sao-juliao-pi\/#breadcrumb"},"inLanguage":"pt-BR","potentialAction":[{"@type":"ReadAction","target":["https:\/\/portalnpm.com\/index.php\/2018\/08\/24\/prefeitura-se-prepara-para-desfile-de-07-de-setembro-em-sao-juliao-pi\/"]}]},{"@type":"ImageObject","inLanguage":"pt-BR","@id":"https:\/\/portalnpm.com\/index.php\/2018\/08\/24\/prefeitura-se-prepara-para-desfile-de-07-de-setembro-em-sao-juliao-pi\/#primaryimage","url":"https:\/\/portalnpm.com\/wp-content\/uploads\/2018\/08\/e7c2990a-4784-462e-a313-a4f380084eed-1.jpg","contentUrl":"https:\/\/portalnpm.com\/wp-content\/uploads\/2018\/08\/e7c2990a-4784-462e-a313-a4f380084eed-1.jpg","width":800,"height":600},{"@type":"BreadcrumbList","@id":"https:\/\/portalnpm.com\/index.php\/2018\/08\/24\/prefeitura-se-prepara-para-desfile-de-07-de-setembro-em-sao-juliao-pi\/#breadcrumb","itemListElement":[{"@type":"ListItem","position":1,"name":"In\u00edcio","item":"https:\/\/portalnpm.com\/"},{"@type":"ListItem","position":2,"name":"Prefeitura se prepara para desfile de 07 de Setembro em S\u00e3o Juli\u00e3o \u2013 PI"}]},{"@type":"WebSite","@id":"https:\/\/portalnpm.com\/#website","url":"https:\/\/portalnpm.com\/","name":"Portal NPM","description":"Not\u00edcias em Primeira M\u00e3o","potentialAction":[{"@type":"SearchAction","target":{"@type":"EntryPoint","urlTemplate":"https:\/\/portalnpm.com\/?s={search_term_string}"},"query-input":"required name=search_term_string"}],"inLanguage":"pt-BR"},{"@type":"Person","@id":"https:\/\/portalnpm.com\/#\/schema\/person\/5c8006acdf71774cd4e7a5ab98482152","name":"Luis Alberto","image":{"@type":"ImageObject","inLanguage":"pt-BR","@id":"https:\/\/portalnpm.com\/#\/schema\/person\/image\/","url":"https:\/\/portalnpm.com\/wp-content\/uploads\/2024\/12\/avatar_user_3_1734699769-96x96.jpeg","contentUrl":"https:\/\/portalnpm.com\/wp-content\/uploads\/2024\/12\/avatar_user_3_1734699769-96x96.jpeg","caption":"Luis Alberto"},"description":"Editor-geral do Portal NPM, \u00e9 formado como T\u00e9cnico em Seguran\u00e7a do Trabalho pela Escola Metropolitana de Cursos T\u00e9cnicos. Det\u00e9m ainda licenciatura em Educa\u00e7\u00e3o F\u00edsica e bacharelado em Ci\u00eancias Pol\u00edticas, ambos obtidos pela institui\u00e7\u00e3o Anhanguera\/UNOPAR.","url":"https:\/\/portalnpm.com\/index.php\/author\/pereira\/"}]}},"jetpack_sharing_enabled":true,"jetpack_featured_media_url":"https:\/\/portalnpm.com\/wp-content\/uploads\/2018\/08\/e7c2990a-4784-462e-a313-a4f380084eed-1.jpg","_links":{"self":[{"href":"https:\/\/portalnpm.com\/index.php\/wp-json\/wp\/v2\/posts\/928"}],"collection":[{"href":"https:\/\/portalnpm.com\/index.php\/wp-json\/wp\/v2\/posts"}],"about":[{"href":"https:\/\/portalnpm.com\/index.php\/wp-json\/wp\/v2\/types\/post"}],"author":[{"embeddable":true,"href":"https:\/\/portalnpm.com\/index.php\/wp-json\/wp\/v2\/users\/3"}],"replies":[{"embeddable":true,"href":"https:\/\/portalnpm.com\/index.php\/wp-json\/wp\/v2\/comments?post=928"}],"version-history":[{"count":0,"href":"https:\/\/portalnpm.com\/index.php\/wp-json\/wp\/v2\/posts\/928\/revisions"}],"wp:featuredmedia":[{"embeddable":true,"href":"https:\/\/portalnpm.com\/index.php\/wp-json\/wp\/v2\/media\/935"}],"wp:attachment":[{"href":"https:\/\/portalnpm.com\/index.php\/wp-json\/wp\/v2\/media?parent=928"}],"wp:term":[{"taxonomy":"category","embeddable":true,"href":"https:\/\/portalnpm.com\/index.php\/wp-json\/wp\/v2\/categories?post=928"},{"taxonomy":"post_tag","embeddable":true,"href":"https:\/\/portalnpm.com\/index.php\/wp-json\/wp\/v2\/tags?post=928"}],"curies":[{"name":"wp","href":"https:\/\/api.w.org\/{rel}","templated":true}]}}