{"id":93057,"date":"2026-02-01T19:43:07","date_gmt":"2026-02-01T22:43:07","guid":{"rendered":"https:\/\/portalnpm.com\/?p=93057"},"modified":"2026-02-01T19:43:07","modified_gmt":"2026-02-01T22:43:07","slug":"aneel-mantem-bandeira-verde-em-fevereiro-sem-custo-adicional-na-conta-de-luz","status":"publish","type":"post","link":"https:\/\/portalnpm.com\/index.php\/2026\/02\/01\/aneel-mantem-bandeira-verde-em-fevereiro-sem-custo-adicional-na-conta-de-luz\/","title":{"rendered":"Aneel mant\u00e9m bandeira verde em fevereiro, sem custo adicional na conta de luz"},"content":{"rendered":"<div id=\"post-body-news\" class=\"post-body\">\n<p>&nbsp;<\/p>\n<p>&nbsp;<\/p>\n<p>A Ag\u00eancia Nacional de Energia El\u00e9trica (Aneel) anunciou nesta sexta-feira (29) que a bandeira tarif\u00e1ria ser\u00e1 verde em fevereiro, o que significa que n\u00e3o haver\u00e1 cobran\u00e7a adicional na conta de energia el\u00e9trica dos consumidores.<\/p>\n<p>Segundo a Aneel, as chuvas foram mais favor\u00e1veis nos \u00faltimos 15 dias de janeiro em compara\u00e7\u00e3o com a primeira quinzena do m\u00eas. Com isso, houve recupera\u00e7\u00e3o no n\u00edvel dos reservat\u00f3rios das usinas hidrel\u00e9tricas nas regi\u00f5es Sudeste, Centro-Oeste, Nordeste e Norte.<\/p>\n<p>A bandeira verde indica condi\u00e7\u00f5es favor\u00e1veis de gera\u00e7\u00e3o de energia, com maior participa\u00e7\u00e3o das hidrel\u00e9tricas, que possuem custo menor de produ\u00e7\u00e3o, reduzindo a press\u00e3o sobre as tarifas.<\/p>\n<h3><strong>Entenda o que significa cada bandeira tarif\u00e1ria:<\/strong><\/h3>\n<ul>\n<li>Bandeira verde: condi\u00e7\u00f5es favor\u00e1veis de gera\u00e7\u00e3o (chuvas abundantes, reservat\u00f3rios cheios). Sem acr\u00e9scimos na tarifa.<\/li>\n<li>Bandeira amarela: condi\u00e7\u00f5es menos favor\u00e1veis (chuvas insuficientes). Acr\u00e9scimo de R$ 1,885 por kW\/h consumido.<\/li>\n<li>Bandeira vermelha \u2013 Patamar 1: gera\u00e7\u00e3o mais cara (n\u00edveis de \u00e1gua baixos). Acr\u00e9scimo de R$ 4,463 por kW\/h.<\/li>\n<li>Bandeira vermelha \u2013 Patamar 2: cen\u00e1rio cr\u00edtico (n\u00edveis muito baixos). Acr\u00e9scimo de R$ 7,877 por kW\/h.<\/li>\n<li>Por SBT Newss<\/li>\n<\/ul>\n<\/div>\n","protected":false},"excerpt":{"rendered":"<p>&nbsp; &nbsp; A Ag\u00eancia Nacional de Energia El\u00e9trica (Aneel) anunciou nesta sexta-feira (29) que a bandeira tarif\u00e1ria ser\u00e1 verde em fevereiro, o que significa que n\u00e3o haver\u00e1 cobran\u00e7a adicional na conta de energia el\u00e9trica dos consumidores. Segundo a Aneel, as chuvas foram mais favor\u00e1veis nos \u00faltimos 15 dias de janeiro em compara\u00e7\u00e3o com a primeira &hellip;<\/p>\n","protected":false},"author":2,"featured_media":93058,"comment_status":"open","ping_status":"open","sticky":false,"template":"","format":"standard","meta":{"content-type":"","rop_custom_images_group":[],"rop_custom_messages_group":[],"rop_publish_now":"yes","rop_publish_now_accounts":{"facebook_2648258775420054_1618374048415101":""},"rop_publish_now_history":[],"rop_publish_now_status":"pending","footnotes":"","_jetpack_memberships_contains_paid_content":false},"categories":[414],"tags":[16083,2512,1812,849,1951,230,855,2004,1540,812,911,876,1815],"yoast_head":"<!-- This site is optimized with the Yoast SEO plugin v22.3 - https:\/\/yoast.com\/wordpress\/plugins\/seo\/ -->\n<title>Aneel mant\u00e9m bandeira verde em fevereiro, sem custo adicional na conta de luz - Portal NPM<\/title>\n<meta name=\"robots\" content=\"index, follow, max-snippet:-1, max-image-preview:large, max-video-preview:-1\" \/>\n<link rel=\"canonical\" href=\"https:\/\/portalnpm.com\/index.php\/2026\/02\/01\/aneel-mantem-bandeira-verde-em-fevereiro-sem-custo-adicional-na-conta-de-luz\/\" \/>\n<meta property=\"og:locale\" content=\"pt_BR\" \/>\n<meta property=\"og:type\" content=\"article\" \/>\n<meta property=\"og:title\" content=\"Aneel mant\u00e9m bandeira verde em fevereiro, sem custo adicional na conta de luz - Portal NPM\" \/>\n<meta property=\"og:description\" content=\"&nbsp; &nbsp; A Ag\u00eancia Nacional de Energia El\u00e9trica (Aneel) anunciou nesta sexta-feira (29) que a bandeira tarif\u00e1ria ser\u00e1 verde em fevereiro, o que significa que n\u00e3o haver\u00e1 cobran\u00e7a adicional na conta de energia el\u00e9trica dos consumidores. Segundo a Aneel, as chuvas foram mais favor\u00e1veis nos \u00faltimos 15 dias de janeiro em compara\u00e7\u00e3o com a primeira &hellip;\" \/>\n<meta property=\"og:url\" content=\"https:\/\/portalnpm.com\/index.php\/2026\/02\/01\/aneel-mantem-bandeira-verde-em-fevereiro-sem-custo-adicional-na-conta-de-luz\/\" \/>\n<meta property=\"og:site_name\" content=\"Portal NPM\" \/>\n<meta property=\"article:published_time\" content=\"2026-02-01T22:43:07+00:00\" \/>\n<meta property=\"og:image\" content=\"https:\/\/portalnpm.com\/wp-content\/uploads\/2026\/02\/luz-energia-lampada-arquivocv.jpg\" \/>\n\t<meta property=\"og:image:width\" content=\"790\" \/>\n\t<meta property=\"og:image:height\" content=\"518\" \/>\n\t<meta property=\"og:image:type\" content=\"image\/jpeg\" \/>\n<meta name=\"author\" content=\"Genival Barbosa\" \/>\n<meta name=\"twitter:card\" content=\"summary_large_image\" \/>\n<meta name=\"twitter:label1\" content=\"Escrito por\" \/>\n\t<meta name=\"twitter:data1\" content=\"Genival Barbosa\" \/>\n\t<meta name=\"twitter:label2\" content=\"Est. tempo de leitura\" \/>\n\t<meta name=\"twitter:data2\" content=\"2 minutos\" \/>\n<script type=\"application\/ld+json\" class=\"yoast-schema-graph\">{\"@context\":\"https:\/\/schema.org\",\"@graph\":[{\"@type\":\"WebPage\",\"@id\":\"https:\/\/portalnpm.com\/index.php\/2026\/02\/01\/aneel-mantem-bandeira-verde-em-fevereiro-sem-custo-adicional-na-conta-de-luz\/\",\"url\":\"https:\/\/portalnpm.com\/index.php\/2026\/02\/01\/aneel-mantem-bandeira-verde-em-fevereiro-sem-custo-adicional-na-conta-de-luz\/\",\"name\":\"Aneel mant\u00e9m bandeira verde em fevereiro, sem custo adicional na conta de luz - Portal NPM\",\"isPartOf\":{\"@id\":\"https:\/\/portalnpm.com\/#website\"},\"primaryImageOfPage\":{\"@id\":\"https:\/\/portalnpm.com\/index.php\/2026\/02\/01\/aneel-mantem-bandeira-verde-em-fevereiro-sem-custo-adicional-na-conta-de-luz\/#primaryimage\"},\"image\":{\"@id\":\"https:\/\/portalnpm.com\/index.php\/2026\/02\/01\/aneel-mantem-bandeira-verde-em-fevereiro-sem-custo-adicional-na-conta-de-luz\/#primaryimage\"},\"thumbnailUrl\":\"https:\/\/portalnpm.com\/wp-content\/uploads\/2026\/02\/luz-energia-lampada-arquivocv.jpg\",\"datePublished\":\"2026-02-01T22:43:07+00:00\",\"dateModified\":\"2026-02-01T22:43:07+00:00\",\"author\":{\"@id\":\"https:\/\/portalnpm.com\/#\/schema\/person\/49313e563cfdefcc167f1ee4c017c294\"},\"breadcrumb\":{\"@id\":\"https:\/\/portalnpm.com\/index.php\/2026\/02\/01\/aneel-mantem-bandeira-verde-em-fevereiro-sem-custo-adicional-na-conta-de-luz\/#breadcrumb\"},\"inLanguage\":\"pt-BR\",\"potentialAction\":[{\"@type\":\"ReadAction\",\"target\":[\"https:\/\/portalnpm.com\/index.php\/2026\/02\/01\/aneel-mantem-bandeira-verde-em-fevereiro-sem-custo-adicional-na-conta-de-luz\/\"]}]},{\"@type\":\"ImageObject\",\"inLanguage\":\"pt-BR\",\"@id\":\"https:\/\/portalnpm.com\/index.php\/2026\/02\/01\/aneel-mantem-bandeira-verde-em-fevereiro-sem-custo-adicional-na-conta-de-luz\/#primaryimage\",\"url\":\"https:\/\/portalnpm.com\/wp-content\/uploads\/2026\/02\/luz-energia-lampada-arquivocv.jpg\",\"contentUrl\":\"https:\/\/portalnpm.com\/wp-content\/uploads\/2026\/02\/luz-energia-lampada-arquivocv.jpg\",\"width\":790,\"height\":518},{\"@type\":\"BreadcrumbList\",\"@id\":\"https:\/\/portalnpm.com\/index.php\/2026\/02\/01\/aneel-mantem-bandeira-verde-em-fevereiro-sem-custo-adicional-na-conta-de-luz\/#breadcrumb\",\"itemListElement\":[{\"@type\":\"ListItem\",\"position\":1,\"name\":\"In\u00edcio\",\"item\":\"https:\/\/portalnpm.com\/\"},{\"@type\":\"ListItem\",\"position\":2,\"name\":\"Aneel mant\u00e9m bandeira verde em fevereiro, sem custo adicional na conta de luz\"}]},{\"@type\":\"WebSite\",\"@id\":\"https:\/\/portalnpm.com\/#website\",\"url\":\"https:\/\/portalnpm.com\/\",\"name\":\"Portal NPM\",\"description\":\"Not\u00edcias em Primeira M\u00e3o\",\"potentialAction\":[{\"@type\":\"SearchAction\",\"target\":{\"@type\":\"EntryPoint\",\"urlTemplate\":\"https:\/\/portalnpm.com\/?s={search_term_string}\"},\"query-input\":\"required name=search_term_string\"}],\"inLanguage\":\"pt-BR\"},{\"@type\":\"Person\",\"@id\":\"https:\/\/portalnpm.com\/#\/schema\/person\/49313e563cfdefcc167f1ee4c017c294\",\"name\":\"Genival Barbosa\",\"image\":{\"@type\":\"ImageObject\",\"inLanguage\":\"pt-BR\",\"@id\":\"https:\/\/portalnpm.com\/#\/schema\/person\/image\/\",\"url\":\"https:\/\/portalnpm.com\/wp-content\/uploads\/2024\/02\/avatar_user_2_1707743258-96x96.jpeg\",\"contentUrl\":\"https:\/\/portalnpm.com\/wp-content\/uploads\/2024\/02\/avatar_user_2_1707743258-96x96.jpeg\",\"caption\":\"Genival Barbosa\"},\"url\":\"https:\/\/portalnpm.com\/index.php\/author\/genival\/\"}]}<\/script>\n<!-- \/ Yoast SEO plugin. -->","yoast_head_json":{"title":"Aneel mant\u00e9m bandeira verde em fevereiro, sem custo adicional na conta de luz - Portal NPM","robots":{"index":"index","follow":"follow","max-snippet":"max-snippet:-1","max-image-preview":"max-image-preview:large","max-video-preview":"max-video-preview:-1"},"canonical":"https:\/\/portalnpm.com\/index.php\/2026\/02\/01\/aneel-mantem-bandeira-verde-em-fevereiro-sem-custo-adicional-na-conta-de-luz\/","og_locale":"pt_BR","og_type":"article","og_title":"Aneel mant\u00e9m bandeira verde em fevereiro, sem custo adicional na conta de luz - Portal NPM","og_description":"&nbsp; &nbsp; A Ag\u00eancia Nacional de Energia El\u00e9trica (Aneel) anunciou nesta sexta-feira (29) que a bandeira tarif\u00e1ria ser\u00e1 verde em fevereiro, o que significa que n\u00e3o haver\u00e1 cobran\u00e7a adicional na conta de energia el\u00e9trica dos consumidores. Segundo a Aneel, as chuvas foram mais favor\u00e1veis nos \u00faltimos 15 dias de janeiro em compara\u00e7\u00e3o com a primeira &hellip;","og_url":"https:\/\/portalnpm.com\/index.php\/2026\/02\/01\/aneel-mantem-bandeira-verde-em-fevereiro-sem-custo-adicional-na-conta-de-luz\/","og_site_name":"Portal NPM","article_published_time":"2026-02-01T22:43:07+00:00","og_image":[{"width":790,"height":518,"url":"https:\/\/portalnpm.com\/wp-content\/uploads\/2026\/02\/luz-energia-lampada-arquivocv.jpg","type":"image\/jpeg"}],"author":"Genival Barbosa","twitter_card":"summary_large_image","twitter_misc":{"Escrito por":"Genival Barbosa","Est. tempo de leitura":"2 minutos"},"schema":{"@context":"https:\/\/schema.org","@graph":[{"@type":"WebPage","@id":"https:\/\/portalnpm.com\/index.php\/2026\/02\/01\/aneel-mantem-bandeira-verde-em-fevereiro-sem-custo-adicional-na-conta-de-luz\/","url":"https:\/\/portalnpm.com\/index.php\/2026\/02\/01\/aneel-mantem-bandeira-verde-em-fevereiro-sem-custo-adicional-na-conta-de-luz\/","name":"Aneel mant\u00e9m bandeira verde em fevereiro, sem custo adicional na conta de luz - Portal NPM","isPartOf":{"@id":"https:\/\/portalnpm.com\/#website"},"primaryImageOfPage":{"@id":"https:\/\/portalnpm.com\/index.php\/2026\/02\/01\/aneel-mantem-bandeira-verde-em-fevereiro-sem-custo-adicional-na-conta-de-luz\/#primaryimage"},"image":{"@id":"https:\/\/portalnpm.com\/index.php\/2026\/02\/01\/aneel-mantem-bandeira-verde-em-fevereiro-sem-custo-adicional-na-conta-de-luz\/#primaryimage"},"thumbnailUrl":"https:\/\/portalnpm.com\/wp-content\/uploads\/2026\/02\/luz-energia-lampada-arquivocv.jpg","datePublished":"2026-02-01T22:43:07+00:00","dateModified":"2026-02-01T22:43:07+00:00","author":{"@id":"https:\/\/portalnpm.com\/#\/schema\/person\/49313e563cfdefcc167f1ee4c017c294"},"breadcrumb":{"@id":"https:\/\/portalnpm.com\/index.php\/2026\/02\/01\/aneel-mantem-bandeira-verde-em-fevereiro-sem-custo-adicional-na-conta-de-luz\/#breadcrumb"},"inLanguage":"pt-BR","potentialAction":[{"@type":"ReadAction","target":["https:\/\/portalnpm.com\/index.php\/2026\/02\/01\/aneel-mantem-bandeira-verde-em-fevereiro-sem-custo-adicional-na-conta-de-luz\/"]}]},{"@type":"ImageObject","inLanguage":"pt-BR","@id":"https:\/\/portalnpm.com\/index.php\/2026\/02\/01\/aneel-mantem-bandeira-verde-em-fevereiro-sem-custo-adicional-na-conta-de-luz\/#primaryimage","url":"https:\/\/portalnpm.com\/wp-content\/uploads\/2026\/02\/luz-energia-lampada-arquivocv.jpg","contentUrl":"https:\/\/portalnpm.com\/wp-content\/uploads\/2026\/02\/luz-energia-lampada-arquivocv.jpg","width":790,"height":518},{"@type":"BreadcrumbList","@id":"https:\/\/portalnpm.com\/index.php\/2026\/02\/01\/aneel-mantem-bandeira-verde-em-fevereiro-sem-custo-adicional-na-conta-de-luz\/#breadcrumb","itemListElement":[{"@type":"ListItem","position":1,"name":"In\u00edcio","item":"https:\/\/portalnpm.com\/"},{"@type":"ListItem","position":2,"name":"Aneel mant\u00e9m bandeira verde em fevereiro, sem custo adicional na conta de luz"}]},{"@type":"WebSite","@id":"https:\/\/portalnpm.com\/#website","url":"https:\/\/portalnpm.com\/","name":"Portal NPM","description":"Not\u00edcias em Primeira M\u00e3o","potentialAction":[{"@type":"SearchAction","target":{"@type":"EntryPoint","urlTemplate":"https:\/\/portalnpm.com\/?s={search_term_string}"},"query-input":"required name=search_term_string"}],"inLanguage":"pt-BR"},{"@type":"Person","@id":"https:\/\/portalnpm.com\/#\/schema\/person\/49313e563cfdefcc167f1ee4c017c294","name":"Genival Barbosa","image":{"@type":"ImageObject","inLanguage":"pt-BR","@id":"https:\/\/portalnpm.com\/#\/schema\/person\/image\/","url":"https:\/\/portalnpm.com\/wp-content\/uploads\/2024\/02\/avatar_user_2_1707743258-96x96.jpeg","contentUrl":"https:\/\/portalnpm.com\/wp-content\/uploads\/2024\/02\/avatar_user_2_1707743258-96x96.jpeg","caption":"Genival Barbosa"},"url":"https:\/\/portalnpm.com\/index.php\/author\/genival\/"}]}},"jetpack_sharing_enabled":true,"jetpack_featured_media_url":"https:\/\/portalnpm.com\/wp-content\/uploads\/2026\/02\/luz-energia-lampada-arquivocv.jpg","_links":{"self":[{"href":"https:\/\/portalnpm.com\/index.php\/wp-json\/wp\/v2\/posts\/93057"}],"collection":[{"href":"https:\/\/portalnpm.com\/index.php\/wp-json\/wp\/v2\/posts"}],"about":[{"href":"https:\/\/portalnpm.com\/index.php\/wp-json\/wp\/v2\/types\/post"}],"author":[{"embeddable":true,"href":"https:\/\/portalnpm.com\/index.php\/wp-json\/wp\/v2\/users\/2"}],"replies":[{"embeddable":true,"href":"https:\/\/portalnpm.com\/index.php\/wp-json\/wp\/v2\/comments?post=93057"}],"version-history":[{"count":1,"href":"https:\/\/portalnpm.com\/index.php\/wp-json\/wp\/v2\/posts\/93057\/revisions"}],"predecessor-version":[{"id":93059,"href":"https:\/\/portalnpm.com\/index.php\/wp-json\/wp\/v2\/posts\/93057\/revisions\/93059"}],"wp:featuredmedia":[{"embeddable":true,"href":"https:\/\/portalnpm.com\/index.php\/wp-json\/wp\/v2\/media\/93058"}],"wp:attachment":[{"href":"https:\/\/portalnpm.com\/index.php\/wp-json\/wp\/v2\/media?parent=93057"}],"wp:term":[{"taxonomy":"category","embeddable":true,"href":"https:\/\/portalnpm.com\/index.php\/wp-json\/wp\/v2\/categories?post=93057"},{"taxonomy":"post_tag","embeddable":true,"href":"https:\/\/portalnpm.com\/index.php\/wp-json\/wp\/v2\/tags?post=93057"}],"curies":[{"name":"wp","href":"https:\/\/api.w.org\/{rel}","templated":true}]}}