{"id":9329,"date":"2019-06-22T13:09:11","date_gmt":"2019-06-22T16:09:11","guid":{"rendered":"http:\/\/srv.portalnpm.com.br\/?p=9329"},"modified":"2019-06-22T13:09:11","modified_gmt":"2019-06-22T16:09:11","slug":"pt-de-sao-juliao-define-pre-candidato-a-prefeito-na-eleicao-de-2020-conheca","status":"publish","type":"post","link":"https:\/\/portalnpm.com\/index.php\/2019\/06\/22\/pt-de-sao-juliao-define-pre-candidato-a-prefeito-na-eleicao-de-2020-conheca\/","title":{"rendered":"PT de S\u00e3o Juli\u00e3o define pr\u00e9-candidato a prefeito na elei\u00e7\u00e3o de 2020; conhe\u00e7a"},"content":{"rendered":"<p style=\"text-align: justify;\">Falta menos de um ano e meio para as elei\u00e7\u00f5es municipais de 2020 mas, as pe\u00e7as do cen\u00e1rio pol\u00edtico j\u00e1 come\u00e7am a se movimentar em S\u00e3o Juli\u00e3o. Os \u00faltimos fatos do cen\u00e1rio pol\u00edtico local apontam o que pode vir acontecer no pleito de 2020: novamente tr\u00eas candidaturas a prefeito.<\/p>\n<p style=\"text-align: justify;\">O PT (Partido dos Trabalhadores), de S\u00e3o Juli\u00e3o-PI, definiu o nome do partido que vai disputar a elei\u00e7\u00e3o de prefeito no pr\u00f3ximo ano. Trata-se do jovem Bruno Liberato, filho do ex-prefeito e principal lideran\u00e7a do partido no munic\u00edpio, Jos\u00e9 Neci.<\/p>\n<figure id=\"attachment_9341\" aria-describedby=\"caption-attachment-9341\" style=\"width: 230px\" class=\"wp-caption aligncenter\"><img fetchpriority=\"high\" decoding=\"async\" class=\"size-full wp-image-9341\" src=\"http:\/\/portalnpm.com\/wp-content\/uploads\/2019\/06\/IMG-20190622-WA0141.jpg\" alt=\"\" width=\"230\" height=\"329\" \/><figcaption id=\"caption-attachment-9341\" class=\"wp-caption-text\">Bruno Liberato (PT), pr\u00e9-candidato a prefeito de S\u00e3o Juli\u00e3o pelo Oposi\u00e7\u00e3o<\/figcaption><\/figure>\n<p style=\"text-align: justify;\">Bruno Liberato tem 28 anos, empres\u00e1rio, esteve a frente das secretarias de Sa\u00fade e Infraestrutura de S\u00e3o Juli\u00e3o e hoje se coloca como pr\u00e9-candidato do PT a prefeito pela oposi\u00e7\u00e3o.<\/p>\n<p style=\"text-align: justify;\">Em conversa com a nossa reda\u00e7\u00e3o, o jovem pr\u00e9-candidato descreveu:<\/p>\n<p style=\"text-align: justify;\"><em>&#8220;Me coloco como pr\u00e9-candidato a prefeito de S\u00e3o Juli\u00e3o pela Oposi\u00e7\u00e3o. S\u00e3o Juli\u00e3o tem tudo para voltar a crescer, mas infelizmente a cidade parou no tempo, a atual gest\u00e3o pouco tem feito pelo munic\u00edpio. \u00a0Vamos buscar um trabalho de conversas e proposi\u00e7\u00f5es e di\u00e1logos mais fortalecidos. Hoje, fazemos uma oposi\u00e7\u00e3o com argumentos, conte\u00fado e responsabilidade, e sempre iremos buscar solu\u00e7\u00f5es para os problemas do nosso munic\u00edpio&#8221;,<\/em> disse.<\/p>\n<p style=\"text-align: justify;\">O PT \u00e9 hoje o principal partido de oposi\u00e7\u00e3o no munic\u00edpio. Nas \u00faltimas tr\u00eas elei\u00e7\u00f5es a legenda lan\u00e7ou candidatura pr\u00f3pria, obtendo \u00eaxito nas duas primeiras.<\/p>\n<p style=\"text-align: justify;\">Assim como aconteceu em 2016, o cen\u00e1rio pol\u00edtico para 2020 caminha para tr\u00eas candidaturas majorit\u00e1rias, s\u00e3o elas: o candidato da Situa\u00e7\u00e3o que pode ser o atual prefeito Dr. Jonas (PSB) ou quem ele vinher a indicar; Bruno Liberato (PT), pela Oposi\u00e7\u00e3o e o vereador Renaldinho (PP), representando a Terceira Via.<\/p>\n<p style=\"text-align: justify;\">Resumindo: Em 2020, S\u00e3o Juli\u00e3o caminha para uma das disputas mais acirradas dos \u00faltimos anos.<\/p>\n<p><strong>Por Luis Alberto, Reda\u00e7\u00e3o do Portal NPM\u00a0<\/strong><\/p>\n","protected":false},"excerpt":{"rendered":"<p>Falta menos de um ano e meio para as elei\u00e7\u00f5es municipais de 2020 mas, as pe\u00e7as do cen\u00e1rio pol\u00edtico j\u00e1 come\u00e7am a se movimentar em S\u00e3o Juli\u00e3o. Os \u00faltimos fatos do cen\u00e1rio pol\u00edtico local apontam o que pode vir acontecer no pleito de 2020: novamente tr\u00eas candidaturas a prefeito. O PT (Partido dos Trabalhadores), de &hellip;<\/p>\n","protected":false},"author":3,"featured_media":9338,"comment_status":"open","ping_status":"open","sticky":false,"template":"","format":"standard","meta":{"content-type":"","rop_custom_images_group":[],"rop_custom_messages_group":[],"rop_publish_now":"initial","rop_publish_now_accounts":{"facebook_2648258775420054_1618374048415101":""},"rop_publish_now_history":[],"rop_publish_now_status":"pending","footnotes":"","_jetpack_memberships_contains_paid_content":false},"categories":[113,109,136],"tags":[3029,135,403,137],"yoast_head":"<!-- This site is optimized with the Yoast SEO plugin v22.3 - https:\/\/yoast.com\/wordpress\/plugins\/seo\/ -->\n<title>PT de S\u00e3o Juli\u00e3o define pr\u00e9-candidato a prefeito na elei\u00e7\u00e3o de 2020; conhe\u00e7a - Portal NPM<\/title>\n<meta name=\"robots\" content=\"index, follow, max-snippet:-1, max-image-preview:large, max-video-preview:-1\" \/>\n<link rel=\"canonical\" href=\"https:\/\/portalnpm.com\/index.php\/2019\/06\/22\/pt-de-sao-juliao-define-pre-candidato-a-prefeito-na-eleicao-de-2020-conheca\/\" \/>\n<meta property=\"og:locale\" content=\"pt_BR\" \/>\n<meta property=\"og:type\" content=\"article\" \/>\n<meta property=\"og:title\" content=\"PT de S\u00e3o Juli\u00e3o define pr\u00e9-candidato a prefeito na elei\u00e7\u00e3o de 2020; conhe\u00e7a - Portal NPM\" \/>\n<meta property=\"og:description\" content=\"Falta menos de um ano e meio para as elei\u00e7\u00f5es municipais de 2020 mas, as pe\u00e7as do cen\u00e1rio pol\u00edtico j\u00e1 come\u00e7am a se movimentar em S\u00e3o Juli\u00e3o. Os \u00faltimos fatos do cen\u00e1rio pol\u00edtico local apontam o que pode vir acontecer no pleito de 2020: novamente tr\u00eas candidaturas a prefeito. O PT (Partido dos Trabalhadores), de &hellip;\" \/>\n<meta property=\"og:url\" content=\"https:\/\/portalnpm.com\/index.php\/2019\/06\/22\/pt-de-sao-juliao-define-pre-candidato-a-prefeito-na-eleicao-de-2020-conheca\/\" \/>\n<meta property=\"og:site_name\" content=\"Portal NPM\" \/>\n<meta property=\"article:published_time\" content=\"2019-06-22T16:09:11+00:00\" \/>\n<meta name=\"author\" content=\"Luis Alberto\" \/>\n<meta name=\"twitter:card\" content=\"summary_large_image\" \/>\n<meta name=\"twitter:label1\" content=\"Escrito por\" \/>\n\t<meta name=\"twitter:data1\" content=\"Luis Alberto\" \/>\n\t<meta name=\"twitter:label2\" content=\"Est. tempo de leitura\" \/>\n\t<meta name=\"twitter:data2\" content=\"2 minutos\" \/>\n<script type=\"application\/ld+json\" class=\"yoast-schema-graph\">{\"@context\":\"https:\/\/schema.org\",\"@graph\":[{\"@type\":\"WebPage\",\"@id\":\"https:\/\/portalnpm.com\/index.php\/2019\/06\/22\/pt-de-sao-juliao-define-pre-candidato-a-prefeito-na-eleicao-de-2020-conheca\/\",\"url\":\"https:\/\/portalnpm.com\/index.php\/2019\/06\/22\/pt-de-sao-juliao-define-pre-candidato-a-prefeito-na-eleicao-de-2020-conheca\/\",\"name\":\"PT de S\u00e3o Juli\u00e3o define pr\u00e9-candidato a prefeito na elei\u00e7\u00e3o de 2020; conhe\u00e7a - Portal NPM\",\"isPartOf\":{\"@id\":\"https:\/\/portalnpm.com\/#website\"},\"primaryImageOfPage\":{\"@id\":\"https:\/\/portalnpm.com\/index.php\/2019\/06\/22\/pt-de-sao-juliao-define-pre-candidato-a-prefeito-na-eleicao-de-2020-conheca\/#primaryimage\"},\"image\":{\"@id\":\"https:\/\/portalnpm.com\/index.php\/2019\/06\/22\/pt-de-sao-juliao-define-pre-candidato-a-prefeito-na-eleicao-de-2020-conheca\/#primaryimage\"},\"thumbnailUrl\":\"\",\"datePublished\":\"2019-06-22T16:09:11+00:00\",\"dateModified\":\"2019-06-22T16:09:11+00:00\",\"author\":{\"@id\":\"https:\/\/portalnpm.com\/#\/schema\/person\/5c8006acdf71774cd4e7a5ab98482152\"},\"breadcrumb\":{\"@id\":\"https:\/\/portalnpm.com\/index.php\/2019\/06\/22\/pt-de-sao-juliao-define-pre-candidato-a-prefeito-na-eleicao-de-2020-conheca\/#breadcrumb\"},\"inLanguage\":\"pt-BR\",\"potentialAction\":[{\"@type\":\"ReadAction\",\"target\":[\"https:\/\/portalnpm.com\/index.php\/2019\/06\/22\/pt-de-sao-juliao-define-pre-candidato-a-prefeito-na-eleicao-de-2020-conheca\/\"]}]},{\"@type\":\"ImageObject\",\"inLanguage\":\"pt-BR\",\"@id\":\"https:\/\/portalnpm.com\/index.php\/2019\/06\/22\/pt-de-sao-juliao-define-pre-candidato-a-prefeito-na-eleicao-de-2020-conheca\/#primaryimage\",\"url\":\"\",\"contentUrl\":\"\"},{\"@type\":\"BreadcrumbList\",\"@id\":\"https:\/\/portalnpm.com\/index.php\/2019\/06\/22\/pt-de-sao-juliao-define-pre-candidato-a-prefeito-na-eleicao-de-2020-conheca\/#breadcrumb\",\"itemListElement\":[{\"@type\":\"ListItem\",\"position\":1,\"name\":\"In\u00edcio\",\"item\":\"https:\/\/portalnpm.com\/\"},{\"@type\":\"ListItem\",\"position\":2,\"name\":\"PT de S\u00e3o Juli\u00e3o define pr\u00e9-candidato a prefeito na elei\u00e7\u00e3o de 2020; conhe\u00e7a\"}]},{\"@type\":\"WebSite\",\"@id\":\"https:\/\/portalnpm.com\/#website\",\"url\":\"https:\/\/portalnpm.com\/\",\"name\":\"Portal NPM\",\"description\":\"Not\u00edcias em Primeira M\u00e3o\",\"potentialAction\":[{\"@type\":\"SearchAction\",\"target\":{\"@type\":\"EntryPoint\",\"urlTemplate\":\"https:\/\/portalnpm.com\/?s={search_term_string}\"},\"query-input\":\"required name=search_term_string\"}],\"inLanguage\":\"pt-BR\"},{\"@type\":\"Person\",\"@id\":\"https:\/\/portalnpm.com\/#\/schema\/person\/5c8006acdf71774cd4e7a5ab98482152\",\"name\":\"Luis Alberto\",\"image\":{\"@type\":\"ImageObject\",\"inLanguage\":\"pt-BR\",\"@id\":\"https:\/\/portalnpm.com\/#\/schema\/person\/image\/\",\"url\":\"https:\/\/portalnpm.com\/wp-content\/uploads\/2024\/12\/avatar_user_3_1734699769-96x96.jpeg\",\"contentUrl\":\"https:\/\/portalnpm.com\/wp-content\/uploads\/2024\/12\/avatar_user_3_1734699769-96x96.jpeg\",\"caption\":\"Luis Alberto\"},\"description\":\"Editor-geral do Portal NPM, \u00e9 formado como T\u00e9cnico em Seguran\u00e7a do Trabalho pela Escola Metropolitana de Cursos T\u00e9cnicos. Det\u00e9m ainda licenciatura em Educa\u00e7\u00e3o F\u00edsica e bacharelado em Ci\u00eancias Pol\u00edticas, ambos obtidos pela institui\u00e7\u00e3o Anhanguera\/UNOPAR.\",\"url\":\"https:\/\/portalnpm.com\/index.php\/author\/pereira\/\"}]}<\/script>\n<!-- \/ Yoast SEO plugin. -->","yoast_head_json":{"title":"PT de S\u00e3o Juli\u00e3o define pr\u00e9-candidato a prefeito na elei\u00e7\u00e3o de 2020; conhe\u00e7a - Portal NPM","robots":{"index":"index","follow":"follow","max-snippet":"max-snippet:-1","max-image-preview":"max-image-preview:large","max-video-preview":"max-video-preview:-1"},"canonical":"https:\/\/portalnpm.com\/index.php\/2019\/06\/22\/pt-de-sao-juliao-define-pre-candidato-a-prefeito-na-eleicao-de-2020-conheca\/","og_locale":"pt_BR","og_type":"article","og_title":"PT de S\u00e3o Juli\u00e3o define pr\u00e9-candidato a prefeito na elei\u00e7\u00e3o de 2020; conhe\u00e7a - Portal NPM","og_description":"Falta menos de um ano e meio para as elei\u00e7\u00f5es municipais de 2020 mas, as pe\u00e7as do cen\u00e1rio pol\u00edtico j\u00e1 come\u00e7am a se movimentar em S\u00e3o Juli\u00e3o. Os \u00faltimos fatos do cen\u00e1rio pol\u00edtico local apontam o que pode vir acontecer no pleito de 2020: novamente tr\u00eas candidaturas a prefeito. O PT (Partido dos Trabalhadores), de &hellip;","og_url":"https:\/\/portalnpm.com\/index.php\/2019\/06\/22\/pt-de-sao-juliao-define-pre-candidato-a-prefeito-na-eleicao-de-2020-conheca\/","og_site_name":"Portal NPM","article_published_time":"2019-06-22T16:09:11+00:00","author":"Luis Alberto","twitter_card":"summary_large_image","twitter_misc":{"Escrito por":"Luis Alberto","Est. tempo de leitura":"2 minutos"},"schema":{"@context":"https:\/\/schema.org","@graph":[{"@type":"WebPage","@id":"https:\/\/portalnpm.com\/index.php\/2019\/06\/22\/pt-de-sao-juliao-define-pre-candidato-a-prefeito-na-eleicao-de-2020-conheca\/","url":"https:\/\/portalnpm.com\/index.php\/2019\/06\/22\/pt-de-sao-juliao-define-pre-candidato-a-prefeito-na-eleicao-de-2020-conheca\/","name":"PT de S\u00e3o Juli\u00e3o define pr\u00e9-candidato a prefeito na elei\u00e7\u00e3o de 2020; conhe\u00e7a - Portal NPM","isPartOf":{"@id":"https:\/\/portalnpm.com\/#website"},"primaryImageOfPage":{"@id":"https:\/\/portalnpm.com\/index.php\/2019\/06\/22\/pt-de-sao-juliao-define-pre-candidato-a-prefeito-na-eleicao-de-2020-conheca\/#primaryimage"},"image":{"@id":"https:\/\/portalnpm.com\/index.php\/2019\/06\/22\/pt-de-sao-juliao-define-pre-candidato-a-prefeito-na-eleicao-de-2020-conheca\/#primaryimage"},"thumbnailUrl":"","datePublished":"2019-06-22T16:09:11+00:00","dateModified":"2019-06-22T16:09:11+00:00","author":{"@id":"https:\/\/portalnpm.com\/#\/schema\/person\/5c8006acdf71774cd4e7a5ab98482152"},"breadcrumb":{"@id":"https:\/\/portalnpm.com\/index.php\/2019\/06\/22\/pt-de-sao-juliao-define-pre-candidato-a-prefeito-na-eleicao-de-2020-conheca\/#breadcrumb"},"inLanguage":"pt-BR","potentialAction":[{"@type":"ReadAction","target":["https:\/\/portalnpm.com\/index.php\/2019\/06\/22\/pt-de-sao-juliao-define-pre-candidato-a-prefeito-na-eleicao-de-2020-conheca\/"]}]},{"@type":"ImageObject","inLanguage":"pt-BR","@id":"https:\/\/portalnpm.com\/index.php\/2019\/06\/22\/pt-de-sao-juliao-define-pre-candidato-a-prefeito-na-eleicao-de-2020-conheca\/#primaryimage","url":"","contentUrl":""},{"@type":"BreadcrumbList","@id":"https:\/\/portalnpm.com\/index.php\/2019\/06\/22\/pt-de-sao-juliao-define-pre-candidato-a-prefeito-na-eleicao-de-2020-conheca\/#breadcrumb","itemListElement":[{"@type":"ListItem","position":1,"name":"In\u00edcio","item":"https:\/\/portalnpm.com\/"},{"@type":"ListItem","position":2,"name":"PT de S\u00e3o Juli\u00e3o define pr\u00e9-candidato a prefeito na elei\u00e7\u00e3o de 2020; conhe\u00e7a"}]},{"@type":"WebSite","@id":"https:\/\/portalnpm.com\/#website","url":"https:\/\/portalnpm.com\/","name":"Portal NPM","description":"Not\u00edcias em Primeira M\u00e3o","potentialAction":[{"@type":"SearchAction","target":{"@type":"EntryPoint","urlTemplate":"https:\/\/portalnpm.com\/?s={search_term_string}"},"query-input":"required name=search_term_string"}],"inLanguage":"pt-BR"},{"@type":"Person","@id":"https:\/\/portalnpm.com\/#\/schema\/person\/5c8006acdf71774cd4e7a5ab98482152","name":"Luis Alberto","image":{"@type":"ImageObject","inLanguage":"pt-BR","@id":"https:\/\/portalnpm.com\/#\/schema\/person\/image\/","url":"https:\/\/portalnpm.com\/wp-content\/uploads\/2024\/12\/avatar_user_3_1734699769-96x96.jpeg","contentUrl":"https:\/\/portalnpm.com\/wp-content\/uploads\/2024\/12\/avatar_user_3_1734699769-96x96.jpeg","caption":"Luis Alberto"},"description":"Editor-geral do Portal NPM, \u00e9 formado como T\u00e9cnico em Seguran\u00e7a do Trabalho pela Escola Metropolitana de Cursos T\u00e9cnicos. Det\u00e9m ainda licenciatura em Educa\u00e7\u00e3o F\u00edsica e bacharelado em Ci\u00eancias Pol\u00edticas, ambos obtidos pela institui\u00e7\u00e3o Anhanguera\/UNOPAR.","url":"https:\/\/portalnpm.com\/index.php\/author\/pereira\/"}]}},"jetpack_sharing_enabled":true,"jetpack_featured_media_url":"","_links":{"self":[{"href":"https:\/\/portalnpm.com\/index.php\/wp-json\/wp\/v2\/posts\/9329"}],"collection":[{"href":"https:\/\/portalnpm.com\/index.php\/wp-json\/wp\/v2\/posts"}],"about":[{"href":"https:\/\/portalnpm.com\/index.php\/wp-json\/wp\/v2\/types\/post"}],"author":[{"embeddable":true,"href":"https:\/\/portalnpm.com\/index.php\/wp-json\/wp\/v2\/users\/3"}],"replies":[{"embeddable":true,"href":"https:\/\/portalnpm.com\/index.php\/wp-json\/wp\/v2\/comments?post=9329"}],"version-history":[{"count":0,"href":"https:\/\/portalnpm.com\/index.php\/wp-json\/wp\/v2\/posts\/9329\/revisions"}],"wp:featuredmedia":[{"embeddable":true,"href":"https:\/\/portalnpm.com\/index.php\/wp-json\/"}],"wp:attachment":[{"href":"https:\/\/portalnpm.com\/index.php\/wp-json\/wp\/v2\/media?parent=9329"}],"wp:term":[{"taxonomy":"category","embeddable":true,"href":"https:\/\/portalnpm.com\/index.php\/wp-json\/wp\/v2\/categories?post=9329"},{"taxonomy":"post_tag","embeddable":true,"href":"https:\/\/portalnpm.com\/index.php\/wp-json\/wp\/v2\/tags?post=9329"}],"curies":[{"name":"wp","href":"https:\/\/api.w.org\/{rel}","templated":true}]}}