{"id":937,"date":"2018-08-24T12:26:52","date_gmt":"2018-08-24T15:26:52","guid":{"rendered":"http:\/\/srv.portalnpm.com.br\/?p=937"},"modified":"2018-08-24T12:26:52","modified_gmt":"2018-08-24T15:26:52","slug":"quatro-cidades-da-regiao-de-picos-vao-ficar-sem-energia-na-manha-deste-sabado-25","status":"publish","type":"post","link":"https:\/\/portalnpm.com\/index.php\/2018\/08\/24\/quatro-cidades-da-regiao-de-picos-vao-ficar-sem-energia-na-manha-deste-sabado-25\/","title":{"rendered":"Quatro cidades da regi\u00e3o de Picos v\u00e3o ficar sem energia na manh\u00e3 deste s\u00e1bado (25)"},"content":{"rendered":"<p style=\"text-align: justify;\">Os munic\u00edpios de Sussuapara, Bocaina, S\u00e3o Jo\u00e3o da Canabrava e S\u00e3o Lu\u00eds do Piau\u00ed v\u00e3o ficar sem energia el\u00e9trica em parte da manh\u00e3 deste s\u00e1bado, 25, devido a\u00a0manuten\u00e7\u00e3o programada\u00a0na rede de energia el\u00e9trica, segundo informa\u00e7\u00f5es divulgadas pela Eletrobras \u2013 Distribui\u00e7\u00e3o Piau\u00ed.<\/p>\n<p style=\"text-align: justify;\">A suspens\u00e3o do fornecimento nesses quatro (04) munic\u00edpios da regi\u00e3o de Picos vai iniciar \u00e0s 06h00 e a previs\u00e3o \u00e9 que a energia volte \u00e0s 10h00.<\/p>\n<p style=\"text-align: justify;\">Algumas regi\u00f5es da capital Teresina tamb\u00e9m ter\u00e3o o fornecimento suspenso. Nas localidades Caminho Novo, Ladeira da Terra, Bom Gosto e povoado Morro do Papagaio ficar\u00e3o sem energia das 07h30 \u00e0s 11h30, devido a manuten\u00e7\u00e3o e podagem na rede de baixa e m\u00e9dia tens\u00e3o.<\/p>\n<p style=\"text-align: justify;\"><strong>Fonte: <\/strong>Cidade Verde<\/p>\n","protected":false},"excerpt":{"rendered":"<p>Os munic\u00edpios de Sussuapara, Bocaina, S\u00e3o Jo\u00e3o da Canabrava e S\u00e3o Lu\u00eds do Piau\u00ed v\u00e3o ficar sem energia el\u00e9trica em parte da manh\u00e3 deste s\u00e1bado, 25, devido a\u00a0manuten\u00e7\u00e3o programada\u00a0na rede de energia el\u00e9trica, segundo informa\u00e7\u00f5es divulgadas pela Eletrobras \u2013 Distribui\u00e7\u00e3o Piau\u00ed. A suspens\u00e3o do fornecimento nesses quatro (04) munic\u00edpios da regi\u00e3o de Picos vai iniciar &hellip;<\/p>\n","protected":false},"author":3,"featured_media":938,"comment_status":"open","ping_status":"open","sticky":false,"template":"","format":"standard","meta":{"content-type":"","rop_custom_images_group":[],"rop_custom_messages_group":[],"rop_publish_now":"initial","rop_publish_now_accounts":{"facebook_2648258775420054_1618374048415101":""},"rop_publish_now_history":[],"rop_publish_now_status":"pending","footnotes":"","_jetpack_memberships_contains_paid_content":false},"categories":[109,127],"tags":[636,128,637],"yoast_head":"<!-- This site is optimized with the Yoast SEO plugin v22.3 - https:\/\/yoast.com\/wordpress\/plugins\/seo\/ -->\n<title>Quatro cidades da regi\u00e3o de Picos v\u00e3o ficar sem energia na manh\u00e3 deste s\u00e1bado (25) - Portal NPM<\/title>\n<meta name=\"robots\" content=\"index, follow, max-snippet:-1, max-image-preview:large, max-video-preview:-1\" \/>\n<link rel=\"canonical\" href=\"https:\/\/portalnpm.com\/index.php\/2018\/08\/24\/quatro-cidades-da-regiao-de-picos-vao-ficar-sem-energia-na-manha-deste-sabado-25\/\" \/>\n<meta property=\"og:locale\" content=\"pt_BR\" \/>\n<meta property=\"og:type\" content=\"article\" \/>\n<meta property=\"og:title\" content=\"Quatro cidades da regi\u00e3o de Picos v\u00e3o ficar sem energia na manh\u00e3 deste s\u00e1bado (25) - Portal NPM\" \/>\n<meta property=\"og:description\" content=\"Os munic\u00edpios de Sussuapara, Bocaina, S\u00e3o Jo\u00e3o da Canabrava e S\u00e3o Lu\u00eds do Piau\u00ed v\u00e3o ficar sem energia el\u00e9trica em parte da manh\u00e3 deste s\u00e1bado, 25, devido a\u00a0manuten\u00e7\u00e3o programada\u00a0na rede de energia el\u00e9trica, segundo informa\u00e7\u00f5es divulgadas pela Eletrobras \u2013 Distribui\u00e7\u00e3o Piau\u00ed. A suspens\u00e3o do fornecimento nesses quatro (04) munic\u00edpios da regi\u00e3o de Picos vai iniciar &hellip;\" \/>\n<meta property=\"og:url\" content=\"https:\/\/portalnpm.com\/index.php\/2018\/08\/24\/quatro-cidades-da-regiao-de-picos-vao-ficar-sem-energia-na-manha-deste-sabado-25\/\" \/>\n<meta property=\"og:site_name\" content=\"Portal NPM\" \/>\n<meta property=\"article:published_time\" content=\"2018-08-24T15:26:52+00:00\" \/>\n<meta name=\"author\" content=\"Luis Alberto\" \/>\n<meta name=\"twitter:card\" content=\"summary_large_image\" \/>\n<meta name=\"twitter:label1\" content=\"Escrito por\" \/>\n\t<meta name=\"twitter:data1\" content=\"Luis Alberto\" \/>\n\t<meta name=\"twitter:label2\" content=\"Est. tempo de leitura\" \/>\n\t<meta name=\"twitter:data2\" content=\"1 minuto\" \/>\n<script type=\"application\/ld+json\" class=\"yoast-schema-graph\">{\"@context\":\"https:\/\/schema.org\",\"@graph\":[{\"@type\":\"WebPage\",\"@id\":\"https:\/\/portalnpm.com\/index.php\/2018\/08\/24\/quatro-cidades-da-regiao-de-picos-vao-ficar-sem-energia-na-manha-deste-sabado-25\/\",\"url\":\"https:\/\/portalnpm.com\/index.php\/2018\/08\/24\/quatro-cidades-da-regiao-de-picos-vao-ficar-sem-energia-na-manha-deste-sabado-25\/\",\"name\":\"Quatro cidades da regi\u00e3o de Picos v\u00e3o ficar sem energia na manh\u00e3 deste s\u00e1bado (25) - Portal NPM\",\"isPartOf\":{\"@id\":\"https:\/\/portalnpm.com\/#website\"},\"primaryImageOfPage\":{\"@id\":\"https:\/\/portalnpm.com\/index.php\/2018\/08\/24\/quatro-cidades-da-regiao-de-picos-vao-ficar-sem-energia-na-manha-deste-sabado-25\/#primaryimage\"},\"image\":{\"@id\":\"https:\/\/portalnpm.com\/index.php\/2018\/08\/24\/quatro-cidades-da-regiao-de-picos-vao-ficar-sem-energia-na-manha-deste-sabado-25\/#primaryimage\"},\"thumbnailUrl\":\"\",\"datePublished\":\"2018-08-24T15:26:52+00:00\",\"dateModified\":\"2018-08-24T15:26:52+00:00\",\"author\":{\"@id\":\"https:\/\/portalnpm.com\/#\/schema\/person\/5c8006acdf71774cd4e7a5ab98482152\"},\"breadcrumb\":{\"@id\":\"https:\/\/portalnpm.com\/index.php\/2018\/08\/24\/quatro-cidades-da-regiao-de-picos-vao-ficar-sem-energia-na-manha-deste-sabado-25\/#breadcrumb\"},\"inLanguage\":\"pt-BR\",\"potentialAction\":[{\"@type\":\"ReadAction\",\"target\":[\"https:\/\/portalnpm.com\/index.php\/2018\/08\/24\/quatro-cidades-da-regiao-de-picos-vao-ficar-sem-energia-na-manha-deste-sabado-25\/\"]}]},{\"@type\":\"ImageObject\",\"inLanguage\":\"pt-BR\",\"@id\":\"https:\/\/portalnpm.com\/index.php\/2018\/08\/24\/quatro-cidades-da-regiao-de-picos-vao-ficar-sem-energia-na-manha-deste-sabado-25\/#primaryimage\",\"url\":\"\",\"contentUrl\":\"\"},{\"@type\":\"BreadcrumbList\",\"@id\":\"https:\/\/portalnpm.com\/index.php\/2018\/08\/24\/quatro-cidades-da-regiao-de-picos-vao-ficar-sem-energia-na-manha-deste-sabado-25\/#breadcrumb\",\"itemListElement\":[{\"@type\":\"ListItem\",\"position\":1,\"name\":\"In\u00edcio\",\"item\":\"https:\/\/portalnpm.com\/\"},{\"@type\":\"ListItem\",\"position\":2,\"name\":\"Quatro cidades da regi\u00e3o de Picos v\u00e3o ficar sem energia na manh\u00e3 deste s\u00e1bado (25)\"}]},{\"@type\":\"WebSite\",\"@id\":\"https:\/\/portalnpm.com\/#website\",\"url\":\"https:\/\/portalnpm.com\/\",\"name\":\"Portal NPM\",\"description\":\"Not\u00edcias em Primeira M\u00e3o\",\"potentialAction\":[{\"@type\":\"SearchAction\",\"target\":{\"@type\":\"EntryPoint\",\"urlTemplate\":\"https:\/\/portalnpm.com\/?s={search_term_string}\"},\"query-input\":\"required name=search_term_string\"}],\"inLanguage\":\"pt-BR\"},{\"@type\":\"Person\",\"@id\":\"https:\/\/portalnpm.com\/#\/schema\/person\/5c8006acdf71774cd4e7a5ab98482152\",\"name\":\"Luis Alberto\",\"image\":{\"@type\":\"ImageObject\",\"inLanguage\":\"pt-BR\",\"@id\":\"https:\/\/portalnpm.com\/#\/schema\/person\/image\/\",\"url\":\"https:\/\/portalnpm.com\/wp-content\/uploads\/2024\/12\/avatar_user_3_1734699769-96x96.jpeg\",\"contentUrl\":\"https:\/\/portalnpm.com\/wp-content\/uploads\/2024\/12\/avatar_user_3_1734699769-96x96.jpeg\",\"caption\":\"Luis Alberto\"},\"description\":\"Editor-geral do Portal NPM, \u00e9 formado como T\u00e9cnico em Seguran\u00e7a do Trabalho pela Escola Metropolitana de Cursos T\u00e9cnicos. Det\u00e9m ainda licenciatura em Educa\u00e7\u00e3o F\u00edsica e bacharelado em Ci\u00eancias Pol\u00edticas, ambos obtidos pela institui\u00e7\u00e3o Anhanguera\/UNOPAR.\",\"url\":\"https:\/\/portalnpm.com\/index.php\/author\/pereira\/\"}]}<\/script>\n<!-- \/ Yoast SEO plugin. -->","yoast_head_json":{"title":"Quatro cidades da regi\u00e3o de Picos v\u00e3o ficar sem energia na manh\u00e3 deste s\u00e1bado (25) - Portal NPM","robots":{"index":"index","follow":"follow","max-snippet":"max-snippet:-1","max-image-preview":"max-image-preview:large","max-video-preview":"max-video-preview:-1"},"canonical":"https:\/\/portalnpm.com\/index.php\/2018\/08\/24\/quatro-cidades-da-regiao-de-picos-vao-ficar-sem-energia-na-manha-deste-sabado-25\/","og_locale":"pt_BR","og_type":"article","og_title":"Quatro cidades da regi\u00e3o de Picos v\u00e3o ficar sem energia na manh\u00e3 deste s\u00e1bado (25) - Portal NPM","og_description":"Os munic\u00edpios de Sussuapara, Bocaina, S\u00e3o Jo\u00e3o da Canabrava e S\u00e3o Lu\u00eds do Piau\u00ed v\u00e3o ficar sem energia el\u00e9trica em parte da manh\u00e3 deste s\u00e1bado, 25, devido a\u00a0manuten\u00e7\u00e3o programada\u00a0na rede de energia el\u00e9trica, segundo informa\u00e7\u00f5es divulgadas pela Eletrobras \u2013 Distribui\u00e7\u00e3o Piau\u00ed. A suspens\u00e3o do fornecimento nesses quatro (04) munic\u00edpios da regi\u00e3o de Picos vai iniciar &hellip;","og_url":"https:\/\/portalnpm.com\/index.php\/2018\/08\/24\/quatro-cidades-da-regiao-de-picos-vao-ficar-sem-energia-na-manha-deste-sabado-25\/","og_site_name":"Portal NPM","article_published_time":"2018-08-24T15:26:52+00:00","author":"Luis Alberto","twitter_card":"summary_large_image","twitter_misc":{"Escrito por":"Luis Alberto","Est. tempo de leitura":"1 minuto"},"schema":{"@context":"https:\/\/schema.org","@graph":[{"@type":"WebPage","@id":"https:\/\/portalnpm.com\/index.php\/2018\/08\/24\/quatro-cidades-da-regiao-de-picos-vao-ficar-sem-energia-na-manha-deste-sabado-25\/","url":"https:\/\/portalnpm.com\/index.php\/2018\/08\/24\/quatro-cidades-da-regiao-de-picos-vao-ficar-sem-energia-na-manha-deste-sabado-25\/","name":"Quatro cidades da regi\u00e3o de Picos v\u00e3o ficar sem energia na manh\u00e3 deste s\u00e1bado (25) - Portal NPM","isPartOf":{"@id":"https:\/\/portalnpm.com\/#website"},"primaryImageOfPage":{"@id":"https:\/\/portalnpm.com\/index.php\/2018\/08\/24\/quatro-cidades-da-regiao-de-picos-vao-ficar-sem-energia-na-manha-deste-sabado-25\/#primaryimage"},"image":{"@id":"https:\/\/portalnpm.com\/index.php\/2018\/08\/24\/quatro-cidades-da-regiao-de-picos-vao-ficar-sem-energia-na-manha-deste-sabado-25\/#primaryimage"},"thumbnailUrl":"","datePublished":"2018-08-24T15:26:52+00:00","dateModified":"2018-08-24T15:26:52+00:00","author":{"@id":"https:\/\/portalnpm.com\/#\/schema\/person\/5c8006acdf71774cd4e7a5ab98482152"},"breadcrumb":{"@id":"https:\/\/portalnpm.com\/index.php\/2018\/08\/24\/quatro-cidades-da-regiao-de-picos-vao-ficar-sem-energia-na-manha-deste-sabado-25\/#breadcrumb"},"inLanguage":"pt-BR","potentialAction":[{"@type":"ReadAction","target":["https:\/\/portalnpm.com\/index.php\/2018\/08\/24\/quatro-cidades-da-regiao-de-picos-vao-ficar-sem-energia-na-manha-deste-sabado-25\/"]}]},{"@type":"ImageObject","inLanguage":"pt-BR","@id":"https:\/\/portalnpm.com\/index.php\/2018\/08\/24\/quatro-cidades-da-regiao-de-picos-vao-ficar-sem-energia-na-manha-deste-sabado-25\/#primaryimage","url":"","contentUrl":""},{"@type":"BreadcrumbList","@id":"https:\/\/portalnpm.com\/index.php\/2018\/08\/24\/quatro-cidades-da-regiao-de-picos-vao-ficar-sem-energia-na-manha-deste-sabado-25\/#breadcrumb","itemListElement":[{"@type":"ListItem","position":1,"name":"In\u00edcio","item":"https:\/\/portalnpm.com\/"},{"@type":"ListItem","position":2,"name":"Quatro cidades da regi\u00e3o de Picos v\u00e3o ficar sem energia na manh\u00e3 deste s\u00e1bado (25)"}]},{"@type":"WebSite","@id":"https:\/\/portalnpm.com\/#website","url":"https:\/\/portalnpm.com\/","name":"Portal NPM","description":"Not\u00edcias em Primeira M\u00e3o","potentialAction":[{"@type":"SearchAction","target":{"@type":"EntryPoint","urlTemplate":"https:\/\/portalnpm.com\/?s={search_term_string}"},"query-input":"required name=search_term_string"}],"inLanguage":"pt-BR"},{"@type":"Person","@id":"https:\/\/portalnpm.com\/#\/schema\/person\/5c8006acdf71774cd4e7a5ab98482152","name":"Luis Alberto","image":{"@type":"ImageObject","inLanguage":"pt-BR","@id":"https:\/\/portalnpm.com\/#\/schema\/person\/image\/","url":"https:\/\/portalnpm.com\/wp-content\/uploads\/2024\/12\/avatar_user_3_1734699769-96x96.jpeg","contentUrl":"https:\/\/portalnpm.com\/wp-content\/uploads\/2024\/12\/avatar_user_3_1734699769-96x96.jpeg","caption":"Luis Alberto"},"description":"Editor-geral do Portal NPM, \u00e9 formado como T\u00e9cnico em Seguran\u00e7a do Trabalho pela Escola Metropolitana de Cursos T\u00e9cnicos. Det\u00e9m ainda licenciatura em Educa\u00e7\u00e3o F\u00edsica e bacharelado em Ci\u00eancias Pol\u00edticas, ambos obtidos pela institui\u00e7\u00e3o Anhanguera\/UNOPAR.","url":"https:\/\/portalnpm.com\/index.php\/author\/pereira\/"}]}},"jetpack_sharing_enabled":true,"jetpack_featured_media_url":"","_links":{"self":[{"href":"https:\/\/portalnpm.com\/index.php\/wp-json\/wp\/v2\/posts\/937"}],"collection":[{"href":"https:\/\/portalnpm.com\/index.php\/wp-json\/wp\/v2\/posts"}],"about":[{"href":"https:\/\/portalnpm.com\/index.php\/wp-json\/wp\/v2\/types\/post"}],"author":[{"embeddable":true,"href":"https:\/\/portalnpm.com\/index.php\/wp-json\/wp\/v2\/users\/3"}],"replies":[{"embeddable":true,"href":"https:\/\/portalnpm.com\/index.php\/wp-json\/wp\/v2\/comments?post=937"}],"version-history":[{"count":0,"href":"https:\/\/portalnpm.com\/index.php\/wp-json\/wp\/v2\/posts\/937\/revisions"}],"wp:featuredmedia":[{"embeddable":true,"href":"https:\/\/portalnpm.com\/index.php\/wp-json\/"}],"wp:attachment":[{"href":"https:\/\/portalnpm.com\/index.php\/wp-json\/wp\/v2\/media?parent=937"}],"wp:term":[{"taxonomy":"category","embeddable":true,"href":"https:\/\/portalnpm.com\/index.php\/wp-json\/wp\/v2\/categories?post=937"},{"taxonomy":"post_tag","embeddable":true,"href":"https:\/\/portalnpm.com\/index.php\/wp-json\/wp\/v2\/tags?post=937"}],"curies":[{"name":"wp","href":"https:\/\/api.w.org\/{rel}","templated":true}]}}