{"id":93983,"date":"2026-03-08T21:18:39","date_gmt":"2026-03-09T00:18:39","guid":{"rendered":"https:\/\/portalnpm.com\/?p=93983"},"modified":"2026-03-08T21:18:39","modified_gmt":"2026-03-09T00:18:39","slug":"nos-penaltis-fortaleza-supera-ceara-e-e-campeao-do-cearense-2026","status":"publish","type":"post","link":"https:\/\/portalnpm.com\/index.php\/2026\/03\/08\/nos-penaltis-fortaleza-supera-ceara-e-e-campeao-do-cearense-2026\/","title":{"rendered":"Nos p\u00eanaltis, Fortaleza supera Cear\u00e1 e \u00e9 campe\u00e3o do Cearense-2026"},"content":{"rendered":"<div class=\"styles_noticeHeader_container__VCIh5\">\n<div class=\"uiArticleHeaderContainer\">\n<div class=\"uiAuthorRowContainer\">\n<div class=\"uiAuthorContainer\">\n<div class=\"uiInfoContainer\">\n<div class=\"uiDatetimeContainer\"><\/div>\n<\/div>\n<\/div>\n<div class=\"uiSocialMediaContainer\">\n<div class=\"styles_article_cardSocialArea__mtFYP\">\n<div class=\"sbt-socialButton without-color-picker sbt-socialButton--sbt-blue\"><\/div>\n<div class=\"sbt-socialButton without-color-picker sbt-socialButton--sbt-blue\"><\/div>\n<div class=\"sbt-socialButton without-color-picker sbt-socialButton--sbt-blue\"><\/div>\n<div class=\"sbt-socialButton without-color-picker sbt-socialButton--sbt-blue\"><\/div>\n<\/div>\n<\/div>\n<\/div>\n<\/div>\n<\/div>\n<div class=\"body_stylesheet body_stylesheet_sbtsports\">\n<div class=\"body_stylesheet\">\n<p>O Fortaleza \u00e9 o campe\u00e3o cearense de 2026. Na noite deste domingo (8), ap\u00f3s empate por 1 a 1 com o Cear\u00e1, o Le\u00e3o do Pici levou a melhor por 5 a 4 nos p\u00eanaltis ap\u00f3s Juan Alano desperdi\u00e7ar uma cobran\u00e7a. J\u00e1 o Le\u00e3o do Pici converteu todas. No tempo normal, Luiz\u00e3o marcou para os alvinegros, e Luiz Fernando para os tricolores na Arena Castel\u00e3o.<\/p>\n<p>Desse modo, o t\u00e9cnico Tiago Carpini festeja seu primeiro t\u00edtulo pelo Laion no terceiro Cl\u00e1ssico-Rei do ano. Nos dois primeiros, ali\u00e1s, tamb\u00e9m houve empate.<\/p>\n<h3>Primeiro tempo<\/h3>\n<p>As equipes trocaram investidas nos minutos iniciais. O Cear\u00e1 buscou passes no campo de ataque a fim de infiltrar na defesa tricolor at\u00e9 que, aos 29 minutos, Matheus Ara\u00fajo cobrou falta na \u00e1rea, e o zagueiro Luiz\u00e3o, de cabe\u00e7a, superou a defesa para abrir o placar. O gol incendiou a torcida alvinegra na Arena Castel\u00e3o. O Fortaleza, por sua vez, tentou reagir com maior posse de bola e algumas finaliza\u00e7\u00f5es. Apesar de algumas investidas perigosas, n\u00e3o conseguiu transformar suas oportunidades em gol. Em uma delas, Ma\u00edlton, aos 35\u2032, cobrou falta para defesa parcial de Richard. Pochettino, no rebote, arrematou de primeira, mas a bola foi por cima da meta.<\/p>\n<h3>Segundo tempo<\/h3>\n<p>O Le\u00e3o do Pici voltou do intervalo com mexidas, disposto a alcan\u00e7ar a igualdade no placar. E conseguiu aos dez minutos, Luiz Fernando recebeu a bola na entrada da \u00e1rea ap\u00f3s passe de calcanhar de Lucca Prior e finalizou. A bola desviou em Luiz Ot\u00e1vio e parou no fundo da rede. A partir da\u00ed, os t\u00e9cnicos apostaram em novas substitui\u00e7\u00f5es, e o jogo se manteve bastante agitado, por\u00e9m sem grandes chances claras. Assim, a disputa foi para os p\u00eanaltis.<\/p>\n<h3>P\u00eanaltis<\/h3>\n<p>Na s\u00e9rie decisiva, Lucas Gazal, Lucas Crispim, Lucas Sasha, Ma\u00edlton e Pochettino converteram para o Fortaleza. J\u00e1 pelo Cear\u00e1, Vin\u00edcius Zanocelo, Fernando, Luiz\u00e3o e Rafael Ramos marcaram. Contudo, Juan Alano desperdi\u00e7ou.<\/p>\n<h3>Pr\u00f3ximos compromissos<\/h3>\n<p>Os times voltam suas aten\u00e7\u00f5es para a S\u00e9rie B do Brasileiro. No s\u00e1bado (21), \u00e0s 16h, o Cear\u00e1 recebe o S\u00e3o Bernardo na Arena Castel\u00e3o. No mesmo dia, por\u00e9m \u00e0s 19h15, o Fortaleza visita oBotafogo-SP na Arena Nicnet, o Santa Cruz.<\/p>\n<h3 dir=\"ltr\">CEAR\u00c1 1(4)X(5)1 FORTALEZA<\/h3>\n<p dir=\"ltr\"><strong>Campeonato Cearense \u2013 Final \u2013 Jogo de volta\u00a0<\/strong><br \/>\n<strong>Data e hor\u00e1rio<\/strong>: 08\/3\/2026 (domingo), \u00e0s 18h (de Bras\u00edlia)<br \/>\n<strong>Local<\/strong>: Arena Castel\u00e3o, Fortaleza (CE)<br \/>\n<strong>P\u00fablico:\u00a0<\/strong>N\u00e3o divulgado<br \/>\n<strong>Renda:\u00a0<\/strong>N\u00e3o divulgado<br \/>\n<strong>Gols:<\/strong>\u00a0Luiz\u00e3o, 29\u2019\/1\u00baT (1-0); Luiz Fernando, 10\u2019\/2\u00baT (1-1)<br \/>\n<strong>CEAR\u00c1<\/strong>: Richard; Alex Silva (Rafael Ramos, 26\u2019\/2\u00baT), Luiz\u00e3o, Eder e Fernando; Lucas Lima, Vinicius Zanocelo, Melk (Vina, 13\u2019\/2\u00baT) e Matheusinho (Fernandinho, 18\u2019\/2\u00baT); Matheus Ara\u00fajo (Juan Alano, 13\u2019\/2\u00baT) e Wendel Silva (Lucca, 26\u2019\/x\u00baT).\u00a0<strong>T\u00e9cnico<\/strong>: Mozart.<br \/>\n<strong>FORTALEZA<\/strong>: Brenno; Br\u00edtez, Lucas Gazal e Luan Freitas (Lucca Prior, intervalo); Ma\u00edlton, Pierre (Ronald, 14\u2019\/2\u00baT), Rodrigo Santos (Vitinho, intervalo), Lucas Sasha e Gabriel Fuentes; Luiz Fernando (Lucas Crispim, 37\u2019\/2\u00baT) e Pochettino.\u00a0<strong>T\u00e9cnico<\/strong>: Thiago Carpini.<br \/>\n<strong>\u00c1rbitro<\/strong>: Rodrigo Pereira (PE)<br \/>\n<strong>Assistentes<\/strong>: Nailton Oliveira (PE) e Renan Aguiar (CE)<br \/>\n<strong>Cart\u00f5es Amarelos:\u00a0<\/strong>Fernando, Vinicius Zanocelo, Vina (CEA); Br\u00edtez, Pierre, Rodrigo Santos, Luiz Fernando (FOR)<br \/>\n<strong>Cart\u00e3o Vermelho: \u2013<\/strong><\/p>\n<p dir=\"ltr\">Fonte: SBT News<\/p>\n<\/div>\n<\/div>\n","protected":false},"excerpt":{"rendered":"<p>O Fortaleza \u00e9 o campe\u00e3o cearense de 2026. Na noite deste domingo (8), ap\u00f3s empate por 1 a 1 com o Cear\u00e1, o Le\u00e3o do Pici levou a melhor por 5 a 4 nos p\u00eanaltis ap\u00f3s Juan Alano desperdi\u00e7ar uma cobran\u00e7a. J\u00e1 o Le\u00e3o do Pici converteu todas. No tempo normal, Luiz\u00e3o marcou para os &hellip;<\/p>\n","protected":false},"author":2,"featured_media":93984,"comment_status":"open","ping_status":"open","sticky":false,"template":"","format":"standard","meta":{"content-type":"","rop_custom_images_group":[],"rop_custom_messages_group":[],"rop_publish_now":"no","rop_publish_now_accounts":{"facebook_2648258775420054_1618374048415101":""},"rop_publish_now_history":[{"account":"facebook_2648258775420054_1618374048415101","service":"facebook","timestamp":1773015550,"status":"success"}],"rop_publish_now_status":"done","footnotes":"","_jetpack_memberships_contains_paid_content":false},"categories":[108],"tags":[156,1163,16949,925,1063,1227,8473,847],"yoast_head":"<!-- This site is optimized with the Yoast SEO plugin v22.3 - https:\/\/yoast.com\/wordpress\/plugins\/seo\/ -->\n<title>Nos p\u00eanaltis, Fortaleza supera Cear\u00e1 e \u00e9 campe\u00e3o do Cearense-2026 - Portal NPM<\/title>\n<meta name=\"robots\" content=\"index, follow, max-snippet:-1, max-image-preview:large, max-video-preview:-1\" \/>\n<link rel=\"canonical\" href=\"https:\/\/portalnpm.com\/index.php\/2026\/03\/08\/nos-penaltis-fortaleza-supera-ceara-e-e-campeao-do-cearense-2026\/\" \/>\n<meta property=\"og:locale\" content=\"pt_BR\" \/>\n<meta property=\"og:type\" content=\"article\" \/>\n<meta property=\"og:title\" content=\"Nos p\u00eanaltis, Fortaleza supera Cear\u00e1 e \u00e9 campe\u00e3o do Cearense-2026 - Portal NPM\" \/>\n<meta property=\"og:description\" content=\"O Fortaleza \u00e9 o campe\u00e3o cearense de 2026. Na noite deste domingo (8), ap\u00f3s empate por 1 a 1 com o Cear\u00e1, o Le\u00e3o do Pici levou a melhor por 5 a 4 nos p\u00eanaltis ap\u00f3s Juan Alano desperdi\u00e7ar uma cobran\u00e7a. J\u00e1 o Le\u00e3o do Pici converteu todas. No tempo normal, Luiz\u00e3o marcou para os &hellip;\" \/>\n<meta property=\"og:url\" content=\"https:\/\/portalnpm.com\/index.php\/2026\/03\/08\/nos-penaltis-fortaleza-supera-ceara-e-e-campeao-do-cearense-2026\/\" \/>\n<meta property=\"og:site_name\" content=\"Portal NPM\" \/>\n<meta property=\"article:published_time\" content=\"2026-03-09T00:18:39+00:00\" \/>\n<meta property=\"og:image\" content=\"https:\/\/portalnpm.com\/wp-content\/uploads\/2026\/03\/HC_7_B_It_G_Xk_AA_1aq8_eb4efdb46b.webp\" \/>\n\t<meta property=\"og:image:width\" content=\"1200\" \/>\n\t<meta property=\"og:image:height\" content=\"800\" \/>\n\t<meta property=\"og:image:type\" content=\"image\/webp\" \/>\n<meta name=\"author\" content=\"Genival Barbosa\" \/>\n<meta name=\"twitter:card\" content=\"summary_large_image\" \/>\n<meta name=\"twitter:label1\" content=\"Escrito por\" \/>\n\t<meta name=\"twitter:data1\" content=\"Genival Barbosa\" \/>\n\t<meta name=\"twitter:label2\" content=\"Est. tempo de leitura\" \/>\n\t<meta name=\"twitter:data2\" content=\"3 minutos\" \/>\n<script type=\"application\/ld+json\" class=\"yoast-schema-graph\">{\"@context\":\"https:\/\/schema.org\",\"@graph\":[{\"@type\":\"WebPage\",\"@id\":\"https:\/\/portalnpm.com\/index.php\/2026\/03\/08\/nos-penaltis-fortaleza-supera-ceara-e-e-campeao-do-cearense-2026\/\",\"url\":\"https:\/\/portalnpm.com\/index.php\/2026\/03\/08\/nos-penaltis-fortaleza-supera-ceara-e-e-campeao-do-cearense-2026\/\",\"name\":\"Nos p\u00eanaltis, Fortaleza supera Cear\u00e1 e \u00e9 campe\u00e3o do Cearense-2026 - Portal NPM\",\"isPartOf\":{\"@id\":\"https:\/\/portalnpm.com\/#website\"},\"primaryImageOfPage\":{\"@id\":\"https:\/\/portalnpm.com\/index.php\/2026\/03\/08\/nos-penaltis-fortaleza-supera-ceara-e-e-campeao-do-cearense-2026\/#primaryimage\"},\"image\":{\"@id\":\"https:\/\/portalnpm.com\/index.php\/2026\/03\/08\/nos-penaltis-fortaleza-supera-ceara-e-e-campeao-do-cearense-2026\/#primaryimage\"},\"thumbnailUrl\":\"https:\/\/portalnpm.com\/wp-content\/uploads\/2026\/03\/HC_7_B_It_G_Xk_AA_1aq8_eb4efdb46b.webp\",\"datePublished\":\"2026-03-09T00:18:39+00:00\",\"dateModified\":\"2026-03-09T00:18:39+00:00\",\"author\":{\"@id\":\"https:\/\/portalnpm.com\/#\/schema\/person\/49313e563cfdefcc167f1ee4c017c294\"},\"breadcrumb\":{\"@id\":\"https:\/\/portalnpm.com\/index.php\/2026\/03\/08\/nos-penaltis-fortaleza-supera-ceara-e-e-campeao-do-cearense-2026\/#breadcrumb\"},\"inLanguage\":\"pt-BR\",\"potentialAction\":[{\"@type\":\"ReadAction\",\"target\":[\"https:\/\/portalnpm.com\/index.php\/2026\/03\/08\/nos-penaltis-fortaleza-supera-ceara-e-e-campeao-do-cearense-2026\/\"]}]},{\"@type\":\"ImageObject\",\"inLanguage\":\"pt-BR\",\"@id\":\"https:\/\/portalnpm.com\/index.php\/2026\/03\/08\/nos-penaltis-fortaleza-supera-ceara-e-e-campeao-do-cearense-2026\/#primaryimage\",\"url\":\"https:\/\/portalnpm.com\/wp-content\/uploads\/2026\/03\/HC_7_B_It_G_Xk_AA_1aq8_eb4efdb46b.webp\",\"contentUrl\":\"https:\/\/portalnpm.com\/wp-content\/uploads\/2026\/03\/HC_7_B_It_G_Xk_AA_1aq8_eb4efdb46b.webp\",\"width\":1200,\"height\":800},{\"@type\":\"BreadcrumbList\",\"@id\":\"https:\/\/portalnpm.com\/index.php\/2026\/03\/08\/nos-penaltis-fortaleza-supera-ceara-e-e-campeao-do-cearense-2026\/#breadcrumb\",\"itemListElement\":[{\"@type\":\"ListItem\",\"position\":1,\"name\":\"In\u00edcio\",\"item\":\"https:\/\/portalnpm.com\/\"},{\"@type\":\"ListItem\",\"position\":2,\"name\":\"Nos p\u00eanaltis, Fortaleza supera Cear\u00e1 e \u00e9 campe\u00e3o do Cearense-2026\"}]},{\"@type\":\"WebSite\",\"@id\":\"https:\/\/portalnpm.com\/#website\",\"url\":\"https:\/\/portalnpm.com\/\",\"name\":\"Portal NPM\",\"description\":\"Not\u00edcias em Primeira M\u00e3o\",\"potentialAction\":[{\"@type\":\"SearchAction\",\"target\":{\"@type\":\"EntryPoint\",\"urlTemplate\":\"https:\/\/portalnpm.com\/?s={search_term_string}\"},\"query-input\":\"required name=search_term_string\"}],\"inLanguage\":\"pt-BR\"},{\"@type\":\"Person\",\"@id\":\"https:\/\/portalnpm.com\/#\/schema\/person\/49313e563cfdefcc167f1ee4c017c294\",\"name\":\"Genival Barbosa\",\"image\":{\"@type\":\"ImageObject\",\"inLanguage\":\"pt-BR\",\"@id\":\"https:\/\/portalnpm.com\/#\/schema\/person\/image\/\",\"url\":\"https:\/\/portalnpm.com\/wp-content\/uploads\/2024\/02\/avatar_user_2_1707743258-96x96.jpeg\",\"contentUrl\":\"https:\/\/portalnpm.com\/wp-content\/uploads\/2024\/02\/avatar_user_2_1707743258-96x96.jpeg\",\"caption\":\"Genival Barbosa\"},\"url\":\"https:\/\/portalnpm.com\/index.php\/author\/genival\/\"}]}<\/script>\n<!-- \/ Yoast SEO plugin. -->","yoast_head_json":{"title":"Nos p\u00eanaltis, Fortaleza supera Cear\u00e1 e \u00e9 campe\u00e3o do Cearense-2026 - Portal NPM","robots":{"index":"index","follow":"follow","max-snippet":"max-snippet:-1","max-image-preview":"max-image-preview:large","max-video-preview":"max-video-preview:-1"},"canonical":"https:\/\/portalnpm.com\/index.php\/2026\/03\/08\/nos-penaltis-fortaleza-supera-ceara-e-e-campeao-do-cearense-2026\/","og_locale":"pt_BR","og_type":"article","og_title":"Nos p\u00eanaltis, Fortaleza supera Cear\u00e1 e \u00e9 campe\u00e3o do Cearense-2026 - Portal NPM","og_description":"O Fortaleza \u00e9 o campe\u00e3o cearense de 2026. Na noite deste domingo (8), ap\u00f3s empate por 1 a 1 com o Cear\u00e1, o Le\u00e3o do Pici levou a melhor por 5 a 4 nos p\u00eanaltis ap\u00f3s Juan Alano desperdi\u00e7ar uma cobran\u00e7a. J\u00e1 o Le\u00e3o do Pici converteu todas. No tempo normal, Luiz\u00e3o marcou para os &hellip;","og_url":"https:\/\/portalnpm.com\/index.php\/2026\/03\/08\/nos-penaltis-fortaleza-supera-ceara-e-e-campeao-do-cearense-2026\/","og_site_name":"Portal NPM","article_published_time":"2026-03-09T00:18:39+00:00","og_image":[{"width":1200,"height":800,"url":"https:\/\/portalnpm.com\/wp-content\/uploads\/2026\/03\/HC_7_B_It_G_Xk_AA_1aq8_eb4efdb46b.webp","type":"image\/webp"}],"author":"Genival Barbosa","twitter_card":"summary_large_image","twitter_misc":{"Escrito por":"Genival Barbosa","Est. tempo de leitura":"3 minutos"},"schema":{"@context":"https:\/\/schema.org","@graph":[{"@type":"WebPage","@id":"https:\/\/portalnpm.com\/index.php\/2026\/03\/08\/nos-penaltis-fortaleza-supera-ceara-e-e-campeao-do-cearense-2026\/","url":"https:\/\/portalnpm.com\/index.php\/2026\/03\/08\/nos-penaltis-fortaleza-supera-ceara-e-e-campeao-do-cearense-2026\/","name":"Nos p\u00eanaltis, Fortaleza supera Cear\u00e1 e \u00e9 campe\u00e3o do Cearense-2026 - Portal NPM","isPartOf":{"@id":"https:\/\/portalnpm.com\/#website"},"primaryImageOfPage":{"@id":"https:\/\/portalnpm.com\/index.php\/2026\/03\/08\/nos-penaltis-fortaleza-supera-ceara-e-e-campeao-do-cearense-2026\/#primaryimage"},"image":{"@id":"https:\/\/portalnpm.com\/index.php\/2026\/03\/08\/nos-penaltis-fortaleza-supera-ceara-e-e-campeao-do-cearense-2026\/#primaryimage"},"thumbnailUrl":"https:\/\/portalnpm.com\/wp-content\/uploads\/2026\/03\/HC_7_B_It_G_Xk_AA_1aq8_eb4efdb46b.webp","datePublished":"2026-03-09T00:18:39+00:00","dateModified":"2026-03-09T00:18:39+00:00","author":{"@id":"https:\/\/portalnpm.com\/#\/schema\/person\/49313e563cfdefcc167f1ee4c017c294"},"breadcrumb":{"@id":"https:\/\/portalnpm.com\/index.php\/2026\/03\/08\/nos-penaltis-fortaleza-supera-ceara-e-e-campeao-do-cearense-2026\/#breadcrumb"},"inLanguage":"pt-BR","potentialAction":[{"@type":"ReadAction","target":["https:\/\/portalnpm.com\/index.php\/2026\/03\/08\/nos-penaltis-fortaleza-supera-ceara-e-e-campeao-do-cearense-2026\/"]}]},{"@type":"ImageObject","inLanguage":"pt-BR","@id":"https:\/\/portalnpm.com\/index.php\/2026\/03\/08\/nos-penaltis-fortaleza-supera-ceara-e-e-campeao-do-cearense-2026\/#primaryimage","url":"https:\/\/portalnpm.com\/wp-content\/uploads\/2026\/03\/HC_7_B_It_G_Xk_AA_1aq8_eb4efdb46b.webp","contentUrl":"https:\/\/portalnpm.com\/wp-content\/uploads\/2026\/03\/HC_7_B_It_G_Xk_AA_1aq8_eb4efdb46b.webp","width":1200,"height":800},{"@type":"BreadcrumbList","@id":"https:\/\/portalnpm.com\/index.php\/2026\/03\/08\/nos-penaltis-fortaleza-supera-ceara-e-e-campeao-do-cearense-2026\/#breadcrumb","itemListElement":[{"@type":"ListItem","position":1,"name":"In\u00edcio","item":"https:\/\/portalnpm.com\/"},{"@type":"ListItem","position":2,"name":"Nos p\u00eanaltis, Fortaleza supera Cear\u00e1 e \u00e9 campe\u00e3o do Cearense-2026"}]},{"@type":"WebSite","@id":"https:\/\/portalnpm.com\/#website","url":"https:\/\/portalnpm.com\/","name":"Portal NPM","description":"Not\u00edcias em Primeira M\u00e3o","potentialAction":[{"@type":"SearchAction","target":{"@type":"EntryPoint","urlTemplate":"https:\/\/portalnpm.com\/?s={search_term_string}"},"query-input":"required name=search_term_string"}],"inLanguage":"pt-BR"},{"@type":"Person","@id":"https:\/\/portalnpm.com\/#\/schema\/person\/49313e563cfdefcc167f1ee4c017c294","name":"Genival Barbosa","image":{"@type":"ImageObject","inLanguage":"pt-BR","@id":"https:\/\/portalnpm.com\/#\/schema\/person\/image\/","url":"https:\/\/portalnpm.com\/wp-content\/uploads\/2024\/02\/avatar_user_2_1707743258-96x96.jpeg","contentUrl":"https:\/\/portalnpm.com\/wp-content\/uploads\/2024\/02\/avatar_user_2_1707743258-96x96.jpeg","caption":"Genival Barbosa"},"url":"https:\/\/portalnpm.com\/index.php\/author\/genival\/"}]}},"jetpack_sharing_enabled":true,"jetpack_featured_media_url":"https:\/\/portalnpm.com\/wp-content\/uploads\/2026\/03\/HC_7_B_It_G_Xk_AA_1aq8_eb4efdb46b.webp","_links":{"self":[{"href":"https:\/\/portalnpm.com\/index.php\/wp-json\/wp\/v2\/posts\/93983"}],"collection":[{"href":"https:\/\/portalnpm.com\/index.php\/wp-json\/wp\/v2\/posts"}],"about":[{"href":"https:\/\/portalnpm.com\/index.php\/wp-json\/wp\/v2\/types\/post"}],"author":[{"embeddable":true,"href":"https:\/\/portalnpm.com\/index.php\/wp-json\/wp\/v2\/users\/2"}],"replies":[{"embeddable":true,"href":"https:\/\/portalnpm.com\/index.php\/wp-json\/wp\/v2\/comments?post=93983"}],"version-history":[{"count":1,"href":"https:\/\/portalnpm.com\/index.php\/wp-json\/wp\/v2\/posts\/93983\/revisions"}],"predecessor-version":[{"id":93985,"href":"https:\/\/portalnpm.com\/index.php\/wp-json\/wp\/v2\/posts\/93983\/revisions\/93985"}],"wp:featuredmedia":[{"embeddable":true,"href":"https:\/\/portalnpm.com\/index.php\/wp-json\/wp\/v2\/media\/93984"}],"wp:attachment":[{"href":"https:\/\/portalnpm.com\/index.php\/wp-json\/wp\/v2\/media?parent=93983"}],"wp:term":[{"taxonomy":"category","embeddable":true,"href":"https:\/\/portalnpm.com\/index.php\/wp-json\/wp\/v2\/categories?post=93983"},{"taxonomy":"post_tag","embeddable":true,"href":"https:\/\/portalnpm.com\/index.php\/wp-json\/wp\/v2\/tags?post=93983"}],"curies":[{"name":"wp","href":"https:\/\/api.w.org\/{rel}","templated":true}]}}