{"id":93989,"date":"2026-03-08T21:22:54","date_gmt":"2026-03-09T00:22:54","guid":{"rendered":"https:\/\/portalnpm.com\/?p=93989"},"modified":"2026-03-08T21:22:54","modified_gmt":"2026-03-09T00:22:54","slug":"gremio-empata-com-o-inter-no-beira-rio-e-e-campeao-gaucho","status":"publish","type":"post","link":"https:\/\/portalnpm.com\/index.php\/2026\/03\/08\/gremio-empata-com-o-inter-no-beira-rio-e-e-campeao-gaucho\/","title":{"rendered":"Gr\u00eamio empata com o Inter no Beira-Rio e \u00e9 campe\u00e3o ga\u00facho"},"content":{"rendered":"<div class=\"centralize-ad ad-bottom-40 ad-top-container ad-top-16\">\n<div class=\"adContainerBg ad-top   undefined\">\n<div class=\"adContainerContent\">\n<div id=\"advertise-article-top\" data-google-query-id=\"CNui0pXGkZMDFT04uQYdy8gA-A\">\n<div id=\"google_ads_iframe_\/1011235\/Portal_SBT\/sbt_sports\/noticias\/sbt-sports\/top_0__container__\"><\/div>\n<\/div>\n<\/div>\n<\/div>\n<\/div>\n<div class=\"styles_noticePage_container__zMIML\">\n<section class=\"styles_noticePage_section__CUZ1W\">\n<article class=\"styles_noticePage_article__QzHfL\">\n<div class=\"styles_noticeHeader_container__VCIh5\">\n<div class=\"uiArticleHeaderContainer\">\n<div class=\"uiAuthorRowContainer\">\n<div class=\"uiSocialMediaContainer\">\n<div class=\"styles_article_cardSocialArea__mtFYP\">\n<div class=\"sbt-socialButton without-color-picker sbt-socialButton--sbt-blue\"><\/div>\n<div class=\"sbt-socialButton without-color-picker sbt-socialButton--sbt-blue\"><\/div>\n<\/div>\n<\/div>\n<\/div>\n<\/div>\n<\/div>\n<div class=\"body_stylesheet body_stylesheet_sbtsports\">\n<div class=\"body_stylesheet\">\n<p>O Rio Grande do Sul \u00e9 tricolor pela 44\u00aa vez! Na noite deste domingo (08), o Gr\u00eamio segurou o empate com o Internacional em 1 a 1 e conquistou o Campeonato Ga\u00facho de 2026. Afinal, o Tricolor havia vencido por 3 a 0 no jogo de ida. Gustavo Martins abriu o placar para o Imortal, e Alan Patrick empatou para o Colorado.<\/p>\n<p>Com o t\u00edtulo, o Gr\u00eamio volta a conquistar o estadual ap\u00f3s duas temporadas. O Tricolor vinha de uma sequ\u00eancia de sete t\u00edtulos at\u00e9 o ano passado, quando o Inter conquistou ficou com a ta\u00e7a ao vencer o cl\u00e1ssico. Por\u00e9m, neste ano, o cen\u00e1rio se inverteu.<\/p>\n<h2>Gr\u00eamio \u00e9 fatal no ataque<\/h2>\n<p>Como esperado, o cl\u00e1ssico ficou marcado por muitas divididas mais fortes e um jogo mais f\u00edsico. Em algumas oportunidades, a arbitragem teve que intervir com o cart\u00e3o amarelo. Quando a bola chegou no campo de ataque. o Inter conseguiu levar perigo. Carbonero recebeu na \u00e1rea e chutou para boa defesa de Weverton. Na segunda oportunidade, Victor Gabriel subiu mais alto, cabeceou, e por pouco Mercado n\u00e3o chegou para concluir.<\/p>\n<p>O Colorado pressionava, mas n\u00e3o conseguia aproveitar suas chances. Vitinho cruzou rasteiro na \u00e1rea e Borr\u00e9, na pequena \u00e1rea, n\u00e3o conseguiu aproveitar. O Inter ainda teve um p\u00eanalti a seu favor, de Monsalve em cima de Alan Patrick. Por\u00e9m, o VAR chamou o \u00e1rbitro, que voltou atr\u00e1s da decis\u00e3o, para protestos no Beira-Rio. Em sua \u00fanica chance na primeira etapa, o Gr\u00eamio marcou. Depois de cobran\u00e7a de escanteio, Gustavo Martins apareceu na \u00e1rea e abriu o placar na casa do advers\u00e1rio.<\/p>\n<figure id=\"attachment_1123553\" class=\"wp-caption aligncenter\" aria-labelledby=\"figcaption_attachment_1123553\"><\/figure>\n<\/div>\n<\/div>\n<div class=\"body_stylesheet body_stylesheet_sbtsports\">\n<div class=\"body_stylesheet\">\n<figure><img fetchpriority=\"high\" decoding=\"async\" src=\"https:\/\/sbt-sports-assets-prod.s3.sa-east-1.amazonaws.com\/55136619526_0b1c14dbfb_k_Easy_Resize_com_59f153ab18.jpg\" alt=\"\" width=\"1280\" height=\"854\" \/><figcaption>Tricolor volta a conquistar o estadual ap\u00f3s dois anos \u2013 Foto: Lucas Uebel\/Gr\u00eamio FBPA<\/figcaption><\/figure>\n<\/div>\n<\/div>\n<div class=\"body_stylesheet body_stylesheet_sbtsports\">\n<div class=\"body_stylesheet\">\n<h2>Inter empata, mas festa \u00e9 tricolor<\/h2>\n<p>A segunda etapa come\u00e7ou com uma press\u00e3o colorada ainda maior. Com v\u00e1rias bolas cruzadas na \u00e1rea, a defesa tricolor trabalhou bastante e ainda contou com a sorte. Depois de escanteio, Mercado subiu mais alto e cabeceou no travess\u00e3o. Na sobra, Bruno Tabata aproveitou o rebote, mas Carlos Vin\u00edcius salvou em cima da linha. Na sequ\u00eancia, Alan Patrick cobrou falta, a barreira abriu e Weverton caiu para fazer a defesa.<\/p>\n<p>J\u00e1 na reta final do jogo, o Inter conseguiu chegar ao empate. Em lance isolado na \u00e1rea, Wagner Leonardo acabou atingindo Borr\u00e9 com o bra\u00e7o no rosto. O \u00e1rbitro, com o aux\u00edlio do VAR, marcou o p\u00eanalti e expulsou o zagueiro gremista. Na cobran\u00e7a, Alan Patrick converteu. Com um a mais, o Colorado at\u00e9 ampliou a press\u00e3o, mas n\u00e3o conseguiu criar mais oportunidades e viu o maior rival fazer festa dentro do Beira-Rio.<\/p>\n<h3>INTERNACIONAL 1 x 1 GR\u00caMIO<\/h3>\n<p><strong>Campeonato Ga\u00facho \u2013 2\u00aa partida da Final\u00a0<\/strong><br \/>\n<strong>Data e hor\u00e1rio:<\/strong>\u00a008\/03\/2026, \u00e0s 18h (de Bras\u00edlia)<br \/>\n<strong>Local:<\/strong>\u00a0Beira-Rio, Porto Alegre \u2013 RS<br \/>\n<strong>Gols:\u00a0<\/strong>Gustavo Martins, 53\u2019\/1\u00baT (0-1); Alan Patrick, 36\u2019\/2\u00baT (1-1)<br \/>\n<strong>INTERNACIONAL:<\/strong>\u00a0Rochet; Bruno Gomes (Alan Rodr\u00edguez, 43\u2019\/2\u00baT), Mercado, Victo Gabriel e Allex (Juninho, 43\u2019\/2\u00baT); Ronaldo (Alerrandro, 8\u2019\/2\u00baT), Paulinho e Alan Patrick; Vitinho (Bruno Tabata, 8\u2019\/2\u00baT), Carbonero e Borr\u00e9.\u00a0<strong>T\u00e9cnico:<\/strong>\u00a0Paulo Pezzolanno.<br \/>\n<strong>GR\u00caMIO:<\/strong>\u00a0Weverton; Pav\u00f3n, Gustavo Martins, Viery (Wagner Leonardo, intervalo) e Marlon; Noriega, Arthur (Dodi, 48\u2019\/2\u00baT) e Monsalve (Willian, 9\u2019\/2\u00baT); Enamorado (Kannemann, (35\u2019\/2\u00baT), Amuzu (Tet\u00ea, intervalo) e Carlos Vin\u00edcius.\u00a0<strong>T\u00e9cnico:<\/strong>\u00a0Lu\u00eds Castro.<br \/>\n<strong>\u00c1RBITRO:<\/strong>\u00a0Rafael Rodrigo Klein (RS)<br \/>\n<strong>ASSISTENTES:<\/strong>\u00a0Maira Mastella Moreira (RS) e Tiago Augusto Kappes Diel (RS)<br \/>\n<strong>VAR:<\/strong>\u00a0Marcello Ignacio Domingues Neto<br \/>\n<strong>Cart\u00f5es Amarelos:\u00a0<\/strong>Rochet, Ronaldo, Borr\u00e9, Anthoni, Carbonero e Paulinho (INT); Weverton, Viery, Amuzu, Andr\u00e9, Carlos Vin\u00edcius e Arthur (GRE)<br \/>\n<strong>Cart\u00e3o Vermelho:\u00a0<\/strong>Wagner Leonardo, 32\u2019\/2\u00baT (GRE<\/p>\n<p>Fonte: SBT News<\/p>\n<\/div>\n<\/div>\n<\/article>\n<\/section>\n<\/div>\n","protected":false},"excerpt":{"rendered":"<p>O Rio Grande do Sul \u00e9 tricolor pela 44\u00aa vez! Na noite deste domingo (08), o Gr\u00eamio segurou o empate com o Internacional em 1 a 1 e conquistou o Campeonato Ga\u00facho de 2026. Afinal, o Tricolor havia vencido por 3 a 0 no jogo de ida. Gustavo Martins abriu o placar para o Imortal, &hellip;<\/p>\n","protected":false},"author":2,"featured_media":93990,"comment_status":"open","ping_status":"open","sticky":false,"template":"","format":"standard","meta":{"content-type":"","rop_custom_images_group":[],"rop_custom_messages_group":[],"rop_publish_now":"no","rop_publish_now_accounts":{"facebook_2648258775420054_1618374048415101":""},"rop_publish_now_history":[{"account":"facebook_2648258775420054_1618374048415101","service":"facebook","timestamp":1773015790,"status":"success"}],"rop_publish_now_status":"done","footnotes":"","_jetpack_memberships_contains_paid_content":false},"categories":[108],"tags":[13787,156,925,1809,10121,158,3593],"yoast_head":"<!-- This site is optimized with the Yoast SEO plugin v22.3 - https:\/\/yoast.com\/wordpress\/plugins\/seo\/ -->\n<title>Gr\u00eamio empata com o Inter no Beira-Rio e \u00e9 campe\u00e3o ga\u00facho - Portal NPM<\/title>\n<meta name=\"robots\" content=\"index, follow, max-snippet:-1, max-image-preview:large, max-video-preview:-1\" \/>\n<link rel=\"canonical\" href=\"https:\/\/portalnpm.com\/index.php\/2026\/03\/08\/gremio-empata-com-o-inter-no-beira-rio-e-e-campeao-gaucho\/\" \/>\n<meta property=\"og:locale\" content=\"pt_BR\" \/>\n<meta property=\"og:type\" content=\"article\" \/>\n<meta property=\"og:title\" content=\"Gr\u00eamio empata com o Inter no Beira-Rio e \u00e9 campe\u00e3o ga\u00facho - Portal NPM\" \/>\n<meta property=\"og:description\" content=\"O Rio Grande do Sul \u00e9 tricolor pela 44\u00aa vez! Na noite deste domingo (08), o Gr\u00eamio segurou o empate com o Internacional em 1 a 1 e conquistou o Campeonato Ga\u00facho de 2026. Afinal, o Tricolor havia vencido por 3 a 0 no jogo de ida. Gustavo Martins abriu o placar para o Imortal, &hellip;\" \/>\n<meta property=\"og:url\" content=\"https:\/\/portalnpm.com\/index.php\/2026\/03\/08\/gremio-empata-com-o-inter-no-beira-rio-e-e-campeao-gaucho\/\" \/>\n<meta property=\"og:site_name\" content=\"Portal NPM\" \/>\n<meta property=\"article:published_time\" content=\"2026-03-09T00:22:54+00:00\" \/>\n<meta property=\"og:image\" content=\"https:\/\/portalnpm.com\/wp-content\/uploads\/2026\/03\/55137021900_b6fbdc6162_k_Easy_Resize_com_dc4666b3a6.webp\" \/>\n\t<meta property=\"og:image:width\" content=\"1280\" \/>\n\t<meta property=\"og:image:height\" content=\"853\" \/>\n\t<meta property=\"og:image:type\" content=\"image\/webp\" \/>\n<meta name=\"author\" content=\"Genival Barbosa\" \/>\n<meta name=\"twitter:card\" content=\"summary_large_image\" \/>\n<meta name=\"twitter:label1\" content=\"Escrito por\" \/>\n\t<meta name=\"twitter:data1\" content=\"Genival Barbosa\" \/>\n\t<meta name=\"twitter:label2\" content=\"Est. tempo de leitura\" \/>\n\t<meta name=\"twitter:data2\" content=\"4 minutos\" \/>\n<script type=\"application\/ld+json\" class=\"yoast-schema-graph\">{\"@context\":\"https:\/\/schema.org\",\"@graph\":[{\"@type\":\"WebPage\",\"@id\":\"https:\/\/portalnpm.com\/index.php\/2026\/03\/08\/gremio-empata-com-o-inter-no-beira-rio-e-e-campeao-gaucho\/\",\"url\":\"https:\/\/portalnpm.com\/index.php\/2026\/03\/08\/gremio-empata-com-o-inter-no-beira-rio-e-e-campeao-gaucho\/\",\"name\":\"Gr\u00eamio empata com o Inter no Beira-Rio e \u00e9 campe\u00e3o ga\u00facho - Portal NPM\",\"isPartOf\":{\"@id\":\"https:\/\/portalnpm.com\/#website\"},\"primaryImageOfPage\":{\"@id\":\"https:\/\/portalnpm.com\/index.php\/2026\/03\/08\/gremio-empata-com-o-inter-no-beira-rio-e-e-campeao-gaucho\/#primaryimage\"},\"image\":{\"@id\":\"https:\/\/portalnpm.com\/index.php\/2026\/03\/08\/gremio-empata-com-o-inter-no-beira-rio-e-e-campeao-gaucho\/#primaryimage\"},\"thumbnailUrl\":\"https:\/\/portalnpm.com\/wp-content\/uploads\/2026\/03\/55137021900_b6fbdc6162_k_Easy_Resize_com_dc4666b3a6.webp\",\"datePublished\":\"2026-03-09T00:22:54+00:00\",\"dateModified\":\"2026-03-09T00:22:54+00:00\",\"author\":{\"@id\":\"https:\/\/portalnpm.com\/#\/schema\/person\/49313e563cfdefcc167f1ee4c017c294\"},\"breadcrumb\":{\"@id\":\"https:\/\/portalnpm.com\/index.php\/2026\/03\/08\/gremio-empata-com-o-inter-no-beira-rio-e-e-campeao-gaucho\/#breadcrumb\"},\"inLanguage\":\"pt-BR\",\"potentialAction\":[{\"@type\":\"ReadAction\",\"target\":[\"https:\/\/portalnpm.com\/index.php\/2026\/03\/08\/gremio-empata-com-o-inter-no-beira-rio-e-e-campeao-gaucho\/\"]}]},{\"@type\":\"ImageObject\",\"inLanguage\":\"pt-BR\",\"@id\":\"https:\/\/portalnpm.com\/index.php\/2026\/03\/08\/gremio-empata-com-o-inter-no-beira-rio-e-e-campeao-gaucho\/#primaryimage\",\"url\":\"https:\/\/portalnpm.com\/wp-content\/uploads\/2026\/03\/55137021900_b6fbdc6162_k_Easy_Resize_com_dc4666b3a6.webp\",\"contentUrl\":\"https:\/\/portalnpm.com\/wp-content\/uploads\/2026\/03\/55137021900_b6fbdc6162_k_Easy_Resize_com_dc4666b3a6.webp\",\"width\":1280,\"height\":853},{\"@type\":\"BreadcrumbList\",\"@id\":\"https:\/\/portalnpm.com\/index.php\/2026\/03\/08\/gremio-empata-com-o-inter-no-beira-rio-e-e-campeao-gaucho\/#breadcrumb\",\"itemListElement\":[{\"@type\":\"ListItem\",\"position\":1,\"name\":\"In\u00edcio\",\"item\":\"https:\/\/portalnpm.com\/\"},{\"@type\":\"ListItem\",\"position\":2,\"name\":\"Gr\u00eamio empata com o Inter no Beira-Rio e \u00e9 campe\u00e3o ga\u00facho\"}]},{\"@type\":\"WebSite\",\"@id\":\"https:\/\/portalnpm.com\/#website\",\"url\":\"https:\/\/portalnpm.com\/\",\"name\":\"Portal NPM\",\"description\":\"Not\u00edcias em Primeira M\u00e3o\",\"potentialAction\":[{\"@type\":\"SearchAction\",\"target\":{\"@type\":\"EntryPoint\",\"urlTemplate\":\"https:\/\/portalnpm.com\/?s={search_term_string}\"},\"query-input\":\"required name=search_term_string\"}],\"inLanguage\":\"pt-BR\"},{\"@type\":\"Person\",\"@id\":\"https:\/\/portalnpm.com\/#\/schema\/person\/49313e563cfdefcc167f1ee4c017c294\",\"name\":\"Genival Barbosa\",\"image\":{\"@type\":\"ImageObject\",\"inLanguage\":\"pt-BR\",\"@id\":\"https:\/\/portalnpm.com\/#\/schema\/person\/image\/\",\"url\":\"https:\/\/portalnpm.com\/wp-content\/uploads\/2024\/02\/avatar_user_2_1707743258-96x96.jpeg\",\"contentUrl\":\"https:\/\/portalnpm.com\/wp-content\/uploads\/2024\/02\/avatar_user_2_1707743258-96x96.jpeg\",\"caption\":\"Genival Barbosa\"},\"url\":\"https:\/\/portalnpm.com\/index.php\/author\/genival\/\"}]}<\/script>\n<!-- \/ Yoast SEO plugin. -->","yoast_head_json":{"title":"Gr\u00eamio empata com o Inter no Beira-Rio e \u00e9 campe\u00e3o ga\u00facho - Portal NPM","robots":{"index":"index","follow":"follow","max-snippet":"max-snippet:-1","max-image-preview":"max-image-preview:large","max-video-preview":"max-video-preview:-1"},"canonical":"https:\/\/portalnpm.com\/index.php\/2026\/03\/08\/gremio-empata-com-o-inter-no-beira-rio-e-e-campeao-gaucho\/","og_locale":"pt_BR","og_type":"article","og_title":"Gr\u00eamio empata com o Inter no Beira-Rio e \u00e9 campe\u00e3o ga\u00facho - Portal NPM","og_description":"O Rio Grande do Sul \u00e9 tricolor pela 44\u00aa vez! Na noite deste domingo (08), o Gr\u00eamio segurou o empate com o Internacional em 1 a 1 e conquistou o Campeonato Ga\u00facho de 2026. Afinal, o Tricolor havia vencido por 3 a 0 no jogo de ida. Gustavo Martins abriu o placar para o Imortal, &hellip;","og_url":"https:\/\/portalnpm.com\/index.php\/2026\/03\/08\/gremio-empata-com-o-inter-no-beira-rio-e-e-campeao-gaucho\/","og_site_name":"Portal NPM","article_published_time":"2026-03-09T00:22:54+00:00","og_image":[{"width":1280,"height":853,"url":"https:\/\/portalnpm.com\/wp-content\/uploads\/2026\/03\/55137021900_b6fbdc6162_k_Easy_Resize_com_dc4666b3a6.webp","type":"image\/webp"}],"author":"Genival Barbosa","twitter_card":"summary_large_image","twitter_misc":{"Escrito por":"Genival Barbosa","Est. tempo de leitura":"4 minutos"},"schema":{"@context":"https:\/\/schema.org","@graph":[{"@type":"WebPage","@id":"https:\/\/portalnpm.com\/index.php\/2026\/03\/08\/gremio-empata-com-o-inter-no-beira-rio-e-e-campeao-gaucho\/","url":"https:\/\/portalnpm.com\/index.php\/2026\/03\/08\/gremio-empata-com-o-inter-no-beira-rio-e-e-campeao-gaucho\/","name":"Gr\u00eamio empata com o Inter no Beira-Rio e \u00e9 campe\u00e3o ga\u00facho - Portal NPM","isPartOf":{"@id":"https:\/\/portalnpm.com\/#website"},"primaryImageOfPage":{"@id":"https:\/\/portalnpm.com\/index.php\/2026\/03\/08\/gremio-empata-com-o-inter-no-beira-rio-e-e-campeao-gaucho\/#primaryimage"},"image":{"@id":"https:\/\/portalnpm.com\/index.php\/2026\/03\/08\/gremio-empata-com-o-inter-no-beira-rio-e-e-campeao-gaucho\/#primaryimage"},"thumbnailUrl":"https:\/\/portalnpm.com\/wp-content\/uploads\/2026\/03\/55137021900_b6fbdc6162_k_Easy_Resize_com_dc4666b3a6.webp","datePublished":"2026-03-09T00:22:54+00:00","dateModified":"2026-03-09T00:22:54+00:00","author":{"@id":"https:\/\/portalnpm.com\/#\/schema\/person\/49313e563cfdefcc167f1ee4c017c294"},"breadcrumb":{"@id":"https:\/\/portalnpm.com\/index.php\/2026\/03\/08\/gremio-empata-com-o-inter-no-beira-rio-e-e-campeao-gaucho\/#breadcrumb"},"inLanguage":"pt-BR","potentialAction":[{"@type":"ReadAction","target":["https:\/\/portalnpm.com\/index.php\/2026\/03\/08\/gremio-empata-com-o-inter-no-beira-rio-e-e-campeao-gaucho\/"]}]},{"@type":"ImageObject","inLanguage":"pt-BR","@id":"https:\/\/portalnpm.com\/index.php\/2026\/03\/08\/gremio-empata-com-o-inter-no-beira-rio-e-e-campeao-gaucho\/#primaryimage","url":"https:\/\/portalnpm.com\/wp-content\/uploads\/2026\/03\/55137021900_b6fbdc6162_k_Easy_Resize_com_dc4666b3a6.webp","contentUrl":"https:\/\/portalnpm.com\/wp-content\/uploads\/2026\/03\/55137021900_b6fbdc6162_k_Easy_Resize_com_dc4666b3a6.webp","width":1280,"height":853},{"@type":"BreadcrumbList","@id":"https:\/\/portalnpm.com\/index.php\/2026\/03\/08\/gremio-empata-com-o-inter-no-beira-rio-e-e-campeao-gaucho\/#breadcrumb","itemListElement":[{"@type":"ListItem","position":1,"name":"In\u00edcio","item":"https:\/\/portalnpm.com\/"},{"@type":"ListItem","position":2,"name":"Gr\u00eamio empata com o Inter no Beira-Rio e \u00e9 campe\u00e3o ga\u00facho"}]},{"@type":"WebSite","@id":"https:\/\/portalnpm.com\/#website","url":"https:\/\/portalnpm.com\/","name":"Portal NPM","description":"Not\u00edcias em Primeira M\u00e3o","potentialAction":[{"@type":"SearchAction","target":{"@type":"EntryPoint","urlTemplate":"https:\/\/portalnpm.com\/?s={search_term_string}"},"query-input":"required name=search_term_string"}],"inLanguage":"pt-BR"},{"@type":"Person","@id":"https:\/\/portalnpm.com\/#\/schema\/person\/49313e563cfdefcc167f1ee4c017c294","name":"Genival Barbosa","image":{"@type":"ImageObject","inLanguage":"pt-BR","@id":"https:\/\/portalnpm.com\/#\/schema\/person\/image\/","url":"https:\/\/portalnpm.com\/wp-content\/uploads\/2024\/02\/avatar_user_2_1707743258-96x96.jpeg","contentUrl":"https:\/\/portalnpm.com\/wp-content\/uploads\/2024\/02\/avatar_user_2_1707743258-96x96.jpeg","caption":"Genival Barbosa"},"url":"https:\/\/portalnpm.com\/index.php\/author\/genival\/"}]}},"jetpack_sharing_enabled":true,"jetpack_featured_media_url":"https:\/\/portalnpm.com\/wp-content\/uploads\/2026\/03\/55137021900_b6fbdc6162_k_Easy_Resize_com_dc4666b3a6.webp","_links":{"self":[{"href":"https:\/\/portalnpm.com\/index.php\/wp-json\/wp\/v2\/posts\/93989"}],"collection":[{"href":"https:\/\/portalnpm.com\/index.php\/wp-json\/wp\/v2\/posts"}],"about":[{"href":"https:\/\/portalnpm.com\/index.php\/wp-json\/wp\/v2\/types\/post"}],"author":[{"embeddable":true,"href":"https:\/\/portalnpm.com\/index.php\/wp-json\/wp\/v2\/users\/2"}],"replies":[{"embeddable":true,"href":"https:\/\/portalnpm.com\/index.php\/wp-json\/wp\/v2\/comments?post=93989"}],"version-history":[{"count":1,"href":"https:\/\/portalnpm.com\/index.php\/wp-json\/wp\/v2\/posts\/93989\/revisions"}],"predecessor-version":[{"id":93991,"href":"https:\/\/portalnpm.com\/index.php\/wp-json\/wp\/v2\/posts\/93989\/revisions\/93991"}],"wp:featuredmedia":[{"embeddable":true,"href":"https:\/\/portalnpm.com\/index.php\/wp-json\/wp\/v2\/media\/93990"}],"wp:attachment":[{"href":"https:\/\/portalnpm.com\/index.php\/wp-json\/wp\/v2\/media?parent=93989"}],"wp:term":[{"taxonomy":"category","embeddable":true,"href":"https:\/\/portalnpm.com\/index.php\/wp-json\/wp\/v2\/categories?post=93989"},{"taxonomy":"post_tag","embeddable":true,"href":"https:\/\/portalnpm.com\/index.php\/wp-json\/wp\/v2\/tags?post=93989"}],"curies":[{"name":"wp","href":"https:\/\/api.w.org\/{rel}","templated":true}]}}