{"id":94134,"date":"2026-03-13T19:28:53","date_gmt":"2026-03-13T22:28:53","guid":{"rendered":"https:\/\/portalnpm.com\/?p=94134"},"modified":"2026-03-13T19:28:53","modified_gmt":"2026-03-13T22:28:53","slug":"simone-tebet-anuncia-que-vai-disputar-o-senado-por-sao-paulo","status":"publish","type":"post","link":"https:\/\/portalnpm.com\/index.php\/2026\/03\/13\/simone-tebet-anuncia-que-vai-disputar-o-senado-por-sao-paulo\/","title":{"rendered":"Simone Tebet anuncia que vai disputar o Senado por S\u00e3o Paulo"},"content":{"rendered":"<div id=\"post-body-news\" class=\"post-body\">\n<p>&nbsp;<\/p>\n<p>&nbsp;<\/p>\n<p>A ministra do Planejamento e Or\u00e7amento,\u00a0<strong>Simone Tebet (MDB)<\/strong>, anunciou nesta quinta-feira, 12, que\u00a0<strong>concorrer\u00e1 ao Senado por S\u00e3o Paulo nas elei\u00e7\u00f5es de 2026<\/strong>.<\/p>\n<p>A ministra confirmou a inten\u00e7\u00e3o de concorrer ao cargo em entrevista a jornalistas em Campo Grande, capital do Mato Grosso do Sul. Tebet disse que ainda n\u00e3o definiu o partido pelo qual disputar\u00e1 o cargo.<\/p>\n<p>Na declara\u00e7\u00e3o \u00e0 imprensa, a ministra afirmou ter &#8220;eterna gratid\u00e3o&#8221; ao Mato Grosso do Sul, seu Estado natal, pelo qual foi senadora e prefeita de Tr\u00eas Lagoas.<\/p>\n<p>Segundo Simone, a candidatura ao Senado por S\u00e3o Paulo foi sugerida a ela pelo presidente Luiz In\u00e1cio Lula da Silva (PT), com o apoio do vice-presidente Geraldo Alckmin (PSB).<\/p>\n<p>Ainda de acordo com a ministra, a escolha de S\u00e3o Paulo como local da disputa tamb\u00e9m partiu da &#8220;grata surpresa&#8221; de constatar que, em 2022, os paulistas responderam por um ter\u00e7o dos votos que recebeu como candidata a presidente.<\/p>\n<p>Segundo levantamento do Real Time Big Data divulgado nesta segunda-feira, 9, Tebet est\u00e1 empatada tecnicamente com o deputado federal Guilherme Derrite (PP) e com a ministra do Meio Ambiente, Marina Silva (Rede), na disputa pelo Senado por S\u00e3o Paulo. No pleito deste ano, haver\u00e1 a renova\u00e7\u00e3o de dois ter\u00e7os da Casa. Cada Estado eleger\u00e1 dois representantes.<\/p>\n<p>Tebet foi cotada para disputar o governo de S\u00e3o Paulo e j\u00e1 havia declarado que concorreria pelo cargo sugerido pelo presidente. &#8220;Coloquei meu destino pol\u00edtico na m\u00e3o do presidente&#8221;, disse a ministra em 30 de janeiro.<\/p>\n<p>Enquanto Tebet ser\u00e1 candidata ao Senado, o ministro da Fazenda, Fernando Haddad, a pedido de Lula, concorrer\u00e1 ao Pal\u00e1cio dos Bandeirantes como oposi\u00e7\u00e3o ao governador Tarc\u00edsio de Freitas (Republicanos), que tentar\u00e1 a reelei\u00e7\u00e3o<\/p>\n<p>Fonte: Estad\u00e3o Conte\u00fado<\/p>\n<\/div>\n","protected":false},"excerpt":{"rendered":"<p>&nbsp; &nbsp; A ministra do Planejamento e Or\u00e7amento,\u00a0Simone Tebet (MDB), anunciou nesta quinta-feira, 12, que\u00a0concorrer\u00e1 ao Senado por S\u00e3o Paulo nas elei\u00e7\u00f5es de 2026. A ministra confirmou a inten\u00e7\u00e3o de concorrer ao cargo em entrevista a jornalistas em Campo Grande, capital do Mato Grosso do Sul. Tebet disse que ainda n\u00e3o definiu o partido pelo &hellip;<\/p>\n","protected":false},"author":2,"featured_media":94135,"comment_status":"open","ping_status":"open","sticky":false,"template":"","format":"standard","meta":{"content-type":"","rop_custom_images_group":[],"rop_custom_messages_group":[],"rop_publish_now":"no","rop_publish_now_accounts":{"facebook_2648258775420054_1618374048415101":""},"rop_publish_now_history":[{"account":"facebook_2648258775420054_1618374048415101","service":"facebook","timestamp":1773440951,"status":"success"}],"rop_publish_now_status":"done","footnotes":"","_jetpack_memberships_contains_paid_content":false},"categories":[130],"tags":[223,4606,8040,1167,1196,738,5457,13213,833],"yoast_head":"<!-- This site is optimized with the Yoast SEO plugin v22.3 - https:\/\/yoast.com\/wordpress\/plugins\/seo\/ -->\n<title>Simone Tebet anuncia que vai disputar o Senado por S\u00e3o Paulo - Portal NPM<\/title>\n<meta name=\"robots\" content=\"index, follow, max-snippet:-1, max-image-preview:large, max-video-preview:-1\" \/>\n<link rel=\"canonical\" href=\"https:\/\/portalnpm.com\/index.php\/2026\/03\/13\/simone-tebet-anuncia-que-vai-disputar-o-senado-por-sao-paulo\/\" \/>\n<meta property=\"og:locale\" content=\"pt_BR\" \/>\n<meta property=\"og:type\" content=\"article\" \/>\n<meta property=\"og:title\" content=\"Simone Tebet anuncia que vai disputar o Senado por S\u00e3o Paulo - Portal NPM\" \/>\n<meta property=\"og:description\" content=\"&nbsp; &nbsp; A ministra do Planejamento e Or\u00e7amento,\u00a0Simone Tebet (MDB), anunciou nesta quinta-feira, 12, que\u00a0concorrer\u00e1 ao Senado por S\u00e3o Paulo nas elei\u00e7\u00f5es de 2026. A ministra confirmou a inten\u00e7\u00e3o de concorrer ao cargo em entrevista a jornalistas em Campo Grande, capital do Mato Grosso do Sul. Tebet disse que ainda n\u00e3o definiu o partido pelo &hellip;\" \/>\n<meta property=\"og:url\" content=\"https:\/\/portalnpm.com\/index.php\/2026\/03\/13\/simone-tebet-anuncia-que-vai-disputar-o-senado-por-sao-paulo\/\" \/>\n<meta property=\"og:site_name\" content=\"Portal NPM\" \/>\n<meta property=\"article:published_time\" content=\"2026-03-13T22:28:53+00:00\" \/>\n<meta property=\"og:image\" content=\"https:\/\/portalnpm.com\/wp-content\/uploads\/2026\/03\/tebet7.jpg\" \/>\n\t<meta property=\"og:image:width\" content=\"1600\" \/>\n\t<meta property=\"og:image:height\" content=\"1066\" \/>\n\t<meta property=\"og:image:type\" content=\"image\/jpeg\" \/>\n<meta name=\"author\" content=\"Genival Barbosa\" \/>\n<meta name=\"twitter:card\" content=\"summary_large_image\" \/>\n<meta name=\"twitter:label1\" content=\"Escrito por\" \/>\n\t<meta name=\"twitter:data1\" content=\"Genival Barbosa\" \/>\n\t<meta name=\"twitter:label2\" content=\"Est. tempo de leitura\" \/>\n\t<meta name=\"twitter:data2\" content=\"2 minutos\" \/>\n<script type=\"application\/ld+json\" class=\"yoast-schema-graph\">{\"@context\":\"https:\/\/schema.org\",\"@graph\":[{\"@type\":\"WebPage\",\"@id\":\"https:\/\/portalnpm.com\/index.php\/2026\/03\/13\/simone-tebet-anuncia-que-vai-disputar-o-senado-por-sao-paulo\/\",\"url\":\"https:\/\/portalnpm.com\/index.php\/2026\/03\/13\/simone-tebet-anuncia-que-vai-disputar-o-senado-por-sao-paulo\/\",\"name\":\"Simone Tebet anuncia que vai disputar o Senado por S\u00e3o Paulo - Portal NPM\",\"isPartOf\":{\"@id\":\"https:\/\/portalnpm.com\/#website\"},\"primaryImageOfPage\":{\"@id\":\"https:\/\/portalnpm.com\/index.php\/2026\/03\/13\/simone-tebet-anuncia-que-vai-disputar-o-senado-por-sao-paulo\/#primaryimage\"},\"image\":{\"@id\":\"https:\/\/portalnpm.com\/index.php\/2026\/03\/13\/simone-tebet-anuncia-que-vai-disputar-o-senado-por-sao-paulo\/#primaryimage\"},\"thumbnailUrl\":\"https:\/\/portalnpm.com\/wp-content\/uploads\/2026\/03\/tebet7.jpg\",\"datePublished\":\"2026-03-13T22:28:53+00:00\",\"dateModified\":\"2026-03-13T22:28:53+00:00\",\"author\":{\"@id\":\"https:\/\/portalnpm.com\/#\/schema\/person\/49313e563cfdefcc167f1ee4c017c294\"},\"breadcrumb\":{\"@id\":\"https:\/\/portalnpm.com\/index.php\/2026\/03\/13\/simone-tebet-anuncia-que-vai-disputar-o-senado-por-sao-paulo\/#breadcrumb\"},\"inLanguage\":\"pt-BR\",\"potentialAction\":[{\"@type\":\"ReadAction\",\"target\":[\"https:\/\/portalnpm.com\/index.php\/2026\/03\/13\/simone-tebet-anuncia-que-vai-disputar-o-senado-por-sao-paulo\/\"]}]},{\"@type\":\"ImageObject\",\"inLanguage\":\"pt-BR\",\"@id\":\"https:\/\/portalnpm.com\/index.php\/2026\/03\/13\/simone-tebet-anuncia-que-vai-disputar-o-senado-por-sao-paulo\/#primaryimage\",\"url\":\"https:\/\/portalnpm.com\/wp-content\/uploads\/2026\/03\/tebet7.jpg\",\"contentUrl\":\"https:\/\/portalnpm.com\/wp-content\/uploads\/2026\/03\/tebet7.jpg\",\"width\":1600,\"height\":1066},{\"@type\":\"BreadcrumbList\",\"@id\":\"https:\/\/portalnpm.com\/index.php\/2026\/03\/13\/simone-tebet-anuncia-que-vai-disputar-o-senado-por-sao-paulo\/#breadcrumb\",\"itemListElement\":[{\"@type\":\"ListItem\",\"position\":1,\"name\":\"In\u00edcio\",\"item\":\"https:\/\/portalnpm.com\/\"},{\"@type\":\"ListItem\",\"position\":2,\"name\":\"Simone Tebet anuncia que vai disputar o Senado por S\u00e3o Paulo\"}]},{\"@type\":\"WebSite\",\"@id\":\"https:\/\/portalnpm.com\/#website\",\"url\":\"https:\/\/portalnpm.com\/\",\"name\":\"Portal NPM\",\"description\":\"Not\u00edcias em Primeira M\u00e3o\",\"potentialAction\":[{\"@type\":\"SearchAction\",\"target\":{\"@type\":\"EntryPoint\",\"urlTemplate\":\"https:\/\/portalnpm.com\/?s={search_term_string}\"},\"query-input\":\"required name=search_term_string\"}],\"inLanguage\":\"pt-BR\"},{\"@type\":\"Person\",\"@id\":\"https:\/\/portalnpm.com\/#\/schema\/person\/49313e563cfdefcc167f1ee4c017c294\",\"name\":\"Genival Barbosa\",\"image\":{\"@type\":\"ImageObject\",\"inLanguage\":\"pt-BR\",\"@id\":\"https:\/\/portalnpm.com\/#\/schema\/person\/image\/\",\"url\":\"https:\/\/portalnpm.com\/wp-content\/uploads\/2024\/02\/avatar_user_2_1707743258-96x96.jpeg\",\"contentUrl\":\"https:\/\/portalnpm.com\/wp-content\/uploads\/2024\/02\/avatar_user_2_1707743258-96x96.jpeg\",\"caption\":\"Genival Barbosa\"},\"url\":\"https:\/\/portalnpm.com\/index.php\/author\/genival\/\"}]}<\/script>\n<!-- \/ Yoast SEO plugin. -->","yoast_head_json":{"title":"Simone Tebet anuncia que vai disputar o Senado por S\u00e3o Paulo - Portal NPM","robots":{"index":"index","follow":"follow","max-snippet":"max-snippet:-1","max-image-preview":"max-image-preview:large","max-video-preview":"max-video-preview:-1"},"canonical":"https:\/\/portalnpm.com\/index.php\/2026\/03\/13\/simone-tebet-anuncia-que-vai-disputar-o-senado-por-sao-paulo\/","og_locale":"pt_BR","og_type":"article","og_title":"Simone Tebet anuncia que vai disputar o Senado por S\u00e3o Paulo - Portal NPM","og_description":"&nbsp; &nbsp; A ministra do Planejamento e Or\u00e7amento,\u00a0Simone Tebet (MDB), anunciou nesta quinta-feira, 12, que\u00a0concorrer\u00e1 ao Senado por S\u00e3o Paulo nas elei\u00e7\u00f5es de 2026. A ministra confirmou a inten\u00e7\u00e3o de concorrer ao cargo em entrevista a jornalistas em Campo Grande, capital do Mato Grosso do Sul. Tebet disse que ainda n\u00e3o definiu o partido pelo &hellip;","og_url":"https:\/\/portalnpm.com\/index.php\/2026\/03\/13\/simone-tebet-anuncia-que-vai-disputar-o-senado-por-sao-paulo\/","og_site_name":"Portal NPM","article_published_time":"2026-03-13T22:28:53+00:00","og_image":[{"width":1600,"height":1066,"url":"https:\/\/portalnpm.com\/wp-content\/uploads\/2026\/03\/tebet7.jpg","type":"image\/jpeg"}],"author":"Genival Barbosa","twitter_card":"summary_large_image","twitter_misc":{"Escrito por":"Genival Barbosa","Est. tempo de leitura":"2 minutos"},"schema":{"@context":"https:\/\/schema.org","@graph":[{"@type":"WebPage","@id":"https:\/\/portalnpm.com\/index.php\/2026\/03\/13\/simone-tebet-anuncia-que-vai-disputar-o-senado-por-sao-paulo\/","url":"https:\/\/portalnpm.com\/index.php\/2026\/03\/13\/simone-tebet-anuncia-que-vai-disputar-o-senado-por-sao-paulo\/","name":"Simone Tebet anuncia que vai disputar o Senado por S\u00e3o Paulo - Portal NPM","isPartOf":{"@id":"https:\/\/portalnpm.com\/#website"},"primaryImageOfPage":{"@id":"https:\/\/portalnpm.com\/index.php\/2026\/03\/13\/simone-tebet-anuncia-que-vai-disputar-o-senado-por-sao-paulo\/#primaryimage"},"image":{"@id":"https:\/\/portalnpm.com\/index.php\/2026\/03\/13\/simone-tebet-anuncia-que-vai-disputar-o-senado-por-sao-paulo\/#primaryimage"},"thumbnailUrl":"https:\/\/portalnpm.com\/wp-content\/uploads\/2026\/03\/tebet7.jpg","datePublished":"2026-03-13T22:28:53+00:00","dateModified":"2026-03-13T22:28:53+00:00","author":{"@id":"https:\/\/portalnpm.com\/#\/schema\/person\/49313e563cfdefcc167f1ee4c017c294"},"breadcrumb":{"@id":"https:\/\/portalnpm.com\/index.php\/2026\/03\/13\/simone-tebet-anuncia-que-vai-disputar-o-senado-por-sao-paulo\/#breadcrumb"},"inLanguage":"pt-BR","potentialAction":[{"@type":"ReadAction","target":["https:\/\/portalnpm.com\/index.php\/2026\/03\/13\/simone-tebet-anuncia-que-vai-disputar-o-senado-por-sao-paulo\/"]}]},{"@type":"ImageObject","inLanguage":"pt-BR","@id":"https:\/\/portalnpm.com\/index.php\/2026\/03\/13\/simone-tebet-anuncia-que-vai-disputar-o-senado-por-sao-paulo\/#primaryimage","url":"https:\/\/portalnpm.com\/wp-content\/uploads\/2026\/03\/tebet7.jpg","contentUrl":"https:\/\/portalnpm.com\/wp-content\/uploads\/2026\/03\/tebet7.jpg","width":1600,"height":1066},{"@type":"BreadcrumbList","@id":"https:\/\/portalnpm.com\/index.php\/2026\/03\/13\/simone-tebet-anuncia-que-vai-disputar-o-senado-por-sao-paulo\/#breadcrumb","itemListElement":[{"@type":"ListItem","position":1,"name":"In\u00edcio","item":"https:\/\/portalnpm.com\/"},{"@type":"ListItem","position":2,"name":"Simone Tebet anuncia que vai disputar o Senado por S\u00e3o Paulo"}]},{"@type":"WebSite","@id":"https:\/\/portalnpm.com\/#website","url":"https:\/\/portalnpm.com\/","name":"Portal NPM","description":"Not\u00edcias em Primeira M\u00e3o","potentialAction":[{"@type":"SearchAction","target":{"@type":"EntryPoint","urlTemplate":"https:\/\/portalnpm.com\/?s={search_term_string}"},"query-input":"required name=search_term_string"}],"inLanguage":"pt-BR"},{"@type":"Person","@id":"https:\/\/portalnpm.com\/#\/schema\/person\/49313e563cfdefcc167f1ee4c017c294","name":"Genival Barbosa","image":{"@type":"ImageObject","inLanguage":"pt-BR","@id":"https:\/\/portalnpm.com\/#\/schema\/person\/image\/","url":"https:\/\/portalnpm.com\/wp-content\/uploads\/2024\/02\/avatar_user_2_1707743258-96x96.jpeg","contentUrl":"https:\/\/portalnpm.com\/wp-content\/uploads\/2024\/02\/avatar_user_2_1707743258-96x96.jpeg","caption":"Genival Barbosa"},"url":"https:\/\/portalnpm.com\/index.php\/author\/genival\/"}]}},"jetpack_sharing_enabled":true,"jetpack_featured_media_url":"https:\/\/portalnpm.com\/wp-content\/uploads\/2026\/03\/tebet7.jpg","_links":{"self":[{"href":"https:\/\/portalnpm.com\/index.php\/wp-json\/wp\/v2\/posts\/94134"}],"collection":[{"href":"https:\/\/portalnpm.com\/index.php\/wp-json\/wp\/v2\/posts"}],"about":[{"href":"https:\/\/portalnpm.com\/index.php\/wp-json\/wp\/v2\/types\/post"}],"author":[{"embeddable":true,"href":"https:\/\/portalnpm.com\/index.php\/wp-json\/wp\/v2\/users\/2"}],"replies":[{"embeddable":true,"href":"https:\/\/portalnpm.com\/index.php\/wp-json\/wp\/v2\/comments?post=94134"}],"version-history":[{"count":1,"href":"https:\/\/portalnpm.com\/index.php\/wp-json\/wp\/v2\/posts\/94134\/revisions"}],"predecessor-version":[{"id":94136,"href":"https:\/\/portalnpm.com\/index.php\/wp-json\/wp\/v2\/posts\/94134\/revisions\/94136"}],"wp:featuredmedia":[{"embeddable":true,"href":"https:\/\/portalnpm.com\/index.php\/wp-json\/wp\/v2\/media\/94135"}],"wp:attachment":[{"href":"https:\/\/portalnpm.com\/index.php\/wp-json\/wp\/v2\/media?parent=94134"}],"wp:term":[{"taxonomy":"category","embeddable":true,"href":"https:\/\/portalnpm.com\/index.php\/wp-json\/wp\/v2\/categories?post=94134"},{"taxonomy":"post_tag","embeddable":true,"href":"https:\/\/portalnpm.com\/index.php\/wp-json\/wp\/v2\/tags?post=94134"}],"curies":[{"name":"wp","href":"https:\/\/api.w.org\/{rel}","templated":true}]}}