{"id":94137,"date":"2026-03-13T19:30:57","date_gmt":"2026-03-13T22:30:57","guid":{"rendered":"https:\/\/portalnpm.com\/?p=94137"},"modified":"2026-03-13T19:30:57","modified_gmt":"2026-03-13T22:30:57","slug":"morre-aos-87-anos-yeda-de-moraes-souza-machado-irma-do-ex-governador-mao-santa","status":"publish","type":"post","link":"https:\/\/portalnpm.com\/index.php\/2026\/03\/13\/morre-aos-87-anos-yeda-de-moraes-souza-machado-irma-do-ex-governador-mao-santa\/","title":{"rendered":"Morre aos 87 anos Yeda de Moraes Souza Machado, irm\u00e3 do ex-governador M\u00e3o Santa"},"content":{"rendered":"<div id=\"post-body-news\" class=\"post-body\">\n<p>&nbsp;<\/p>\n<p>&nbsp;<\/p>\n<p data-end=\"368\" data-start=\"96\">A professora aposentada\u00a0<strong data-end=\"152\" data-start=\"120\">Yeda de Moraes Souza Machado<\/strong>\u00a0morreu na tarde desta quinta-feira (12), em Teresina, aos 87 anos. Reconhecida pela atua\u00e7\u00e3o na educa\u00e7\u00e3o e no servi\u00e7o p\u00fablico, ela construiu uma trajet\u00f3ria marcada pela dedica\u00e7\u00e3o \u00e0 \u00e1rea social e \u00e0 forma\u00e7\u00e3o acad\u00eamica.<\/p>\n<p data-end=\"656\" data-start=\"370\">Yeda era irm\u00e3 do ex-governador do Piau\u00ed\u00a0<span class=\"hover:entity-accent entity-underline inline cursor-pointer align-baseline\">Francisco de Assis Moraes Souza<\/span>, o M\u00e3o Santa, al\u00e9m do ex-deputado Moraes Souza, da professora Christina Moraes Souza e de Paulo Tarso. Intelectual respeitada, tamb\u00e9m\u00a0<strong>integrava a\u00a0<span class=\"hover:entity-accent entity-underline inline cursor-pointer align-baseline\">Academia Parnaibana de Letras<\/span>, onde ocupava a cadeira de n\u00famero 33.<\/strong><\/p>\n<p data-end=\"1009\" data-start=\"658\"><strong>Ao longo da carreira, exerceu diferentes fun\u00e7\u00f5es na gest\u00e3o p\u00fablica<\/strong>. Durante o governo de M\u00e3o Santa no Piau\u00ed, atuou como coordenadora t\u00e9cnica do Servi\u00e7o Social do Estado (SERSE), \u00f3rg\u00e3o que posteriormente passou a corresponder \u00e0 atual\u00a0<span class=\"hover:entity-accent entity-underline inline cursor-pointer align-baseline\">Secretaria da Assist\u00eancia Social, Trabalho e Direitos Humanos do Piau\u00ed<\/span>. No cargo, participou de a\u00e7\u00f5es voltadas ao fortalecimento das pol\u00edticas sociais.<\/p>\n<p data-end=\"1184\" data-start=\"1011\">Yeda tamb\u00e9m exerceu a fun\u00e7\u00e3o de<strong>\u00a0diretora nacional do\u00a0<span class=\"hover:entity-accent entity-underline inline cursor-pointer align-baseline\">Servi\u00e7o Social da Ind\u00fastria<\/span><\/strong>, ampliando sua atua\u00e7\u00e3o em projetos ligados \u00e0 educa\u00e7\u00e3o e ao desenvolvimento social.<\/p>\n<p data-end=\"1441\" data-start=\"1186\">Na \u00e1rea acad\u00eamica,\u00a0<strong>foi professora da\u00a0<span class=\"hover:entity-accent entity-underline inline cursor-pointer align-baseline\">Universidade Federal do Piau\u00ed<\/span><\/strong>, onde contribuiu para a forma\u00e7\u00e3o de estudantes e para a produ\u00e7\u00e3o do conhecimento. Ela tamb\u00e9m teve atua\u00e7\u00e3o no Rio de Janeiro, em atividades ligadas \u00e0 \u00e1rea social no governo federal.<\/p>\n<p data-end=\"1652\" data-start=\"1443\">Admirada por colegas e ex-alunos pela intelig\u00eancia, preparo t\u00e9cnico e compromisso com o servi\u00e7o p\u00fablico, Yeda de Moraes Souza Machado deixa um legado ligado \u00e0 educa\u00e7\u00e3o, \u00e0 gest\u00e3o p\u00fablica e \u00e0s pol\u00edticas sociais.<\/p>\n<p data-end=\"1765\" data-is-last-node=\"\" data-is-only-node=\"\" data-start=\"1654\">O sepultamento ocorrer\u00e1 em Teresina, onde familiares, amigos e admiradores devem prestar as \u00faltimas<\/p>\n<p data-end=\"1765\" data-is-last-node=\"\" data-is-only-node=\"\" data-start=\"1654\">Fonte: Cidade Verde<\/p>\n<\/div>\n","protected":false},"excerpt":{"rendered":"<p>&nbsp; &nbsp; A professora aposentada\u00a0Yeda de Moraes Souza Machado\u00a0morreu na tarde desta quinta-feira (12), em Teresina, aos 87 anos. Reconhecida pela atua\u00e7\u00e3o na educa\u00e7\u00e3o e no servi\u00e7o p\u00fablico, ela construiu uma trajet\u00f3ria marcada pela dedica\u00e7\u00e3o \u00e0 \u00e1rea social e \u00e0 forma\u00e7\u00e3o acad\u00eamica. Yeda era irm\u00e3 do ex-governador do Piau\u00ed\u00a0Francisco de Assis Moraes Souza, o M\u00e3o &hellip;<\/p>\n","protected":false},"author":2,"featured_media":94138,"comment_status":"open","ping_status":"open","sticky":false,"template":"","format":"standard","meta":{"content-type":"","rop_custom_images_group":[],"rop_custom_messages_group":[],"rop_publish_now":"no","rop_publish_now_accounts":{"facebook_2648258775420054_1618374048415101":""},"rop_publish_now_history":[{"account":"facebook_2648258775420054_1618374048415101","service":"facebook","timestamp":1773441075,"status":"success"}],"rop_publish_now_status":"done","footnotes":"","_jetpack_memberships_contains_paid_content":false},"categories":[118],"tags":[7389,221,953,230,11083,3896,1463,5721,11898,132,2558,6953,16967],"yoast_head":"<!-- This site is optimized with the Yoast SEO plugin v22.3 - https:\/\/yoast.com\/wordpress\/plugins\/seo\/ -->\n<title>Morre aos 87 anos Yeda de Moraes Souza Machado, irm\u00e3 do ex-governador M\u00e3o Santa - Portal NPM<\/title>\n<meta name=\"robots\" content=\"index, follow, max-snippet:-1, max-image-preview:large, max-video-preview:-1\" \/>\n<link rel=\"canonical\" href=\"https:\/\/portalnpm.com\/index.php\/2026\/03\/13\/morre-aos-87-anos-yeda-de-moraes-souza-machado-irma-do-ex-governador-mao-santa\/\" \/>\n<meta property=\"og:locale\" content=\"pt_BR\" \/>\n<meta property=\"og:type\" content=\"article\" \/>\n<meta property=\"og:title\" content=\"Morre aos 87 anos Yeda de Moraes Souza Machado, irm\u00e3 do ex-governador M\u00e3o Santa - Portal NPM\" \/>\n<meta property=\"og:description\" content=\"&nbsp; &nbsp; A professora aposentada\u00a0Yeda de Moraes Souza Machado\u00a0morreu na tarde desta quinta-feira (12), em Teresina, aos 87 anos. Reconhecida pela atua\u00e7\u00e3o na educa\u00e7\u00e3o e no servi\u00e7o p\u00fablico, ela construiu uma trajet\u00f3ria marcada pela dedica\u00e7\u00e3o \u00e0 \u00e1rea social e \u00e0 forma\u00e7\u00e3o acad\u00eamica. Yeda era irm\u00e3 do ex-governador do Piau\u00ed\u00a0Francisco de Assis Moraes Souza, o M\u00e3o &hellip;\" \/>\n<meta property=\"og:url\" content=\"https:\/\/portalnpm.com\/index.php\/2026\/03\/13\/morre-aos-87-anos-yeda-de-moraes-souza-machado-irma-do-ex-governador-mao-santa\/\" \/>\n<meta property=\"og:site_name\" content=\"Portal NPM\" \/>\n<meta property=\"article:published_time\" content=\"2026-03-13T22:30:57+00:00\" \/>\n<meta property=\"og:image\" content=\"https:\/\/portalnpm.com\/wp-content\/uploads\/2026\/03\/whatsapp_image_2026-03-12_at_19_47_32.jpeg\" \/>\n\t<meta property=\"og:image:width\" content=\"1320\" \/>\n\t<meta property=\"og:image:height\" content=\"881\" \/>\n\t<meta property=\"og:image:type\" content=\"image\/jpeg\" \/>\n<meta name=\"author\" content=\"Genival Barbosa\" \/>\n<meta name=\"twitter:card\" content=\"summary_large_image\" \/>\n<meta name=\"twitter:label1\" content=\"Escrito por\" \/>\n\t<meta name=\"twitter:data1\" content=\"Genival Barbosa\" \/>\n\t<meta name=\"twitter:label2\" content=\"Est. tempo de leitura\" \/>\n\t<meta name=\"twitter:data2\" content=\"2 minutos\" \/>\n<script type=\"application\/ld+json\" class=\"yoast-schema-graph\">{\"@context\":\"https:\/\/schema.org\",\"@graph\":[{\"@type\":\"WebPage\",\"@id\":\"https:\/\/portalnpm.com\/index.php\/2026\/03\/13\/morre-aos-87-anos-yeda-de-moraes-souza-machado-irma-do-ex-governador-mao-santa\/\",\"url\":\"https:\/\/portalnpm.com\/index.php\/2026\/03\/13\/morre-aos-87-anos-yeda-de-moraes-souza-machado-irma-do-ex-governador-mao-santa\/\",\"name\":\"Morre aos 87 anos Yeda de Moraes Souza Machado, irm\u00e3 do ex-governador M\u00e3o Santa - Portal NPM\",\"isPartOf\":{\"@id\":\"https:\/\/portalnpm.com\/#website\"},\"primaryImageOfPage\":{\"@id\":\"https:\/\/portalnpm.com\/index.php\/2026\/03\/13\/morre-aos-87-anos-yeda-de-moraes-souza-machado-irma-do-ex-governador-mao-santa\/#primaryimage\"},\"image\":{\"@id\":\"https:\/\/portalnpm.com\/index.php\/2026\/03\/13\/morre-aos-87-anos-yeda-de-moraes-souza-machado-irma-do-ex-governador-mao-santa\/#primaryimage\"},\"thumbnailUrl\":\"https:\/\/portalnpm.com\/wp-content\/uploads\/2026\/03\/whatsapp_image_2026-03-12_at_19_47_32.jpeg\",\"datePublished\":\"2026-03-13T22:30:57+00:00\",\"dateModified\":\"2026-03-13T22:30:57+00:00\",\"author\":{\"@id\":\"https:\/\/portalnpm.com\/#\/schema\/person\/49313e563cfdefcc167f1ee4c017c294\"},\"breadcrumb\":{\"@id\":\"https:\/\/portalnpm.com\/index.php\/2026\/03\/13\/morre-aos-87-anos-yeda-de-moraes-souza-machado-irma-do-ex-governador-mao-santa\/#breadcrumb\"},\"inLanguage\":\"pt-BR\",\"potentialAction\":[{\"@type\":\"ReadAction\",\"target\":[\"https:\/\/portalnpm.com\/index.php\/2026\/03\/13\/morre-aos-87-anos-yeda-de-moraes-souza-machado-irma-do-ex-governador-mao-santa\/\"]}]},{\"@type\":\"ImageObject\",\"inLanguage\":\"pt-BR\",\"@id\":\"https:\/\/portalnpm.com\/index.php\/2026\/03\/13\/morre-aos-87-anos-yeda-de-moraes-souza-machado-irma-do-ex-governador-mao-santa\/#primaryimage\",\"url\":\"https:\/\/portalnpm.com\/wp-content\/uploads\/2026\/03\/whatsapp_image_2026-03-12_at_19_47_32.jpeg\",\"contentUrl\":\"https:\/\/portalnpm.com\/wp-content\/uploads\/2026\/03\/whatsapp_image_2026-03-12_at_19_47_32.jpeg\",\"width\":1320,\"height\":881},{\"@type\":\"BreadcrumbList\",\"@id\":\"https:\/\/portalnpm.com\/index.php\/2026\/03\/13\/morre-aos-87-anos-yeda-de-moraes-souza-machado-irma-do-ex-governador-mao-santa\/#breadcrumb\",\"itemListElement\":[{\"@type\":\"ListItem\",\"position\":1,\"name\":\"In\u00edcio\",\"item\":\"https:\/\/portalnpm.com\/\"},{\"@type\":\"ListItem\",\"position\":2,\"name\":\"Morre aos 87 anos Yeda de Moraes Souza Machado, irm\u00e3 do ex-governador M\u00e3o Santa\"}]},{\"@type\":\"WebSite\",\"@id\":\"https:\/\/portalnpm.com\/#website\",\"url\":\"https:\/\/portalnpm.com\/\",\"name\":\"Portal NPM\",\"description\":\"Not\u00edcias em Primeira M\u00e3o\",\"potentialAction\":[{\"@type\":\"SearchAction\",\"target\":{\"@type\":\"EntryPoint\",\"urlTemplate\":\"https:\/\/portalnpm.com\/?s={search_term_string}\"},\"query-input\":\"required name=search_term_string\"}],\"inLanguage\":\"pt-BR\"},{\"@type\":\"Person\",\"@id\":\"https:\/\/portalnpm.com\/#\/schema\/person\/49313e563cfdefcc167f1ee4c017c294\",\"name\":\"Genival Barbosa\",\"image\":{\"@type\":\"ImageObject\",\"inLanguage\":\"pt-BR\",\"@id\":\"https:\/\/portalnpm.com\/#\/schema\/person\/image\/\",\"url\":\"https:\/\/portalnpm.com\/wp-content\/uploads\/2024\/02\/avatar_user_2_1707743258-96x96.jpeg\",\"contentUrl\":\"https:\/\/portalnpm.com\/wp-content\/uploads\/2024\/02\/avatar_user_2_1707743258-96x96.jpeg\",\"caption\":\"Genival Barbosa\"},\"url\":\"https:\/\/portalnpm.com\/index.php\/author\/genival\/\"}]}<\/script>\n<!-- \/ Yoast SEO plugin. -->","yoast_head_json":{"title":"Morre aos 87 anos Yeda de Moraes Souza Machado, irm\u00e3 do ex-governador M\u00e3o Santa - Portal NPM","robots":{"index":"index","follow":"follow","max-snippet":"max-snippet:-1","max-image-preview":"max-image-preview:large","max-video-preview":"max-video-preview:-1"},"canonical":"https:\/\/portalnpm.com\/index.php\/2026\/03\/13\/morre-aos-87-anos-yeda-de-moraes-souza-machado-irma-do-ex-governador-mao-santa\/","og_locale":"pt_BR","og_type":"article","og_title":"Morre aos 87 anos Yeda de Moraes Souza Machado, irm\u00e3 do ex-governador M\u00e3o Santa - Portal NPM","og_description":"&nbsp; &nbsp; A professora aposentada\u00a0Yeda de Moraes Souza Machado\u00a0morreu na tarde desta quinta-feira (12), em Teresina, aos 87 anos. Reconhecida pela atua\u00e7\u00e3o na educa\u00e7\u00e3o e no servi\u00e7o p\u00fablico, ela construiu uma trajet\u00f3ria marcada pela dedica\u00e7\u00e3o \u00e0 \u00e1rea social e \u00e0 forma\u00e7\u00e3o acad\u00eamica. Yeda era irm\u00e3 do ex-governador do Piau\u00ed\u00a0Francisco de Assis Moraes Souza, o M\u00e3o &hellip;","og_url":"https:\/\/portalnpm.com\/index.php\/2026\/03\/13\/morre-aos-87-anos-yeda-de-moraes-souza-machado-irma-do-ex-governador-mao-santa\/","og_site_name":"Portal NPM","article_published_time":"2026-03-13T22:30:57+00:00","og_image":[{"width":1320,"height":881,"url":"https:\/\/portalnpm.com\/wp-content\/uploads\/2026\/03\/whatsapp_image_2026-03-12_at_19_47_32.jpeg","type":"image\/jpeg"}],"author":"Genival Barbosa","twitter_card":"summary_large_image","twitter_misc":{"Escrito por":"Genival Barbosa","Est. tempo de leitura":"2 minutos"},"schema":{"@context":"https:\/\/schema.org","@graph":[{"@type":"WebPage","@id":"https:\/\/portalnpm.com\/index.php\/2026\/03\/13\/morre-aos-87-anos-yeda-de-moraes-souza-machado-irma-do-ex-governador-mao-santa\/","url":"https:\/\/portalnpm.com\/index.php\/2026\/03\/13\/morre-aos-87-anos-yeda-de-moraes-souza-machado-irma-do-ex-governador-mao-santa\/","name":"Morre aos 87 anos Yeda de Moraes Souza Machado, irm\u00e3 do ex-governador M\u00e3o Santa - Portal NPM","isPartOf":{"@id":"https:\/\/portalnpm.com\/#website"},"primaryImageOfPage":{"@id":"https:\/\/portalnpm.com\/index.php\/2026\/03\/13\/morre-aos-87-anos-yeda-de-moraes-souza-machado-irma-do-ex-governador-mao-santa\/#primaryimage"},"image":{"@id":"https:\/\/portalnpm.com\/index.php\/2026\/03\/13\/morre-aos-87-anos-yeda-de-moraes-souza-machado-irma-do-ex-governador-mao-santa\/#primaryimage"},"thumbnailUrl":"https:\/\/portalnpm.com\/wp-content\/uploads\/2026\/03\/whatsapp_image_2026-03-12_at_19_47_32.jpeg","datePublished":"2026-03-13T22:30:57+00:00","dateModified":"2026-03-13T22:30:57+00:00","author":{"@id":"https:\/\/portalnpm.com\/#\/schema\/person\/49313e563cfdefcc167f1ee4c017c294"},"breadcrumb":{"@id":"https:\/\/portalnpm.com\/index.php\/2026\/03\/13\/morre-aos-87-anos-yeda-de-moraes-souza-machado-irma-do-ex-governador-mao-santa\/#breadcrumb"},"inLanguage":"pt-BR","potentialAction":[{"@type":"ReadAction","target":["https:\/\/portalnpm.com\/index.php\/2026\/03\/13\/morre-aos-87-anos-yeda-de-moraes-souza-machado-irma-do-ex-governador-mao-santa\/"]}]},{"@type":"ImageObject","inLanguage":"pt-BR","@id":"https:\/\/portalnpm.com\/index.php\/2026\/03\/13\/morre-aos-87-anos-yeda-de-moraes-souza-machado-irma-do-ex-governador-mao-santa\/#primaryimage","url":"https:\/\/portalnpm.com\/wp-content\/uploads\/2026\/03\/whatsapp_image_2026-03-12_at_19_47_32.jpeg","contentUrl":"https:\/\/portalnpm.com\/wp-content\/uploads\/2026\/03\/whatsapp_image_2026-03-12_at_19_47_32.jpeg","width":1320,"height":881},{"@type":"BreadcrumbList","@id":"https:\/\/portalnpm.com\/index.php\/2026\/03\/13\/morre-aos-87-anos-yeda-de-moraes-souza-machado-irma-do-ex-governador-mao-santa\/#breadcrumb","itemListElement":[{"@type":"ListItem","position":1,"name":"In\u00edcio","item":"https:\/\/portalnpm.com\/"},{"@type":"ListItem","position":2,"name":"Morre aos 87 anos Yeda de Moraes Souza Machado, irm\u00e3 do ex-governador M\u00e3o Santa"}]},{"@type":"WebSite","@id":"https:\/\/portalnpm.com\/#website","url":"https:\/\/portalnpm.com\/","name":"Portal NPM","description":"Not\u00edcias em Primeira M\u00e3o","potentialAction":[{"@type":"SearchAction","target":{"@type":"EntryPoint","urlTemplate":"https:\/\/portalnpm.com\/?s={search_term_string}"},"query-input":"required name=search_term_string"}],"inLanguage":"pt-BR"},{"@type":"Person","@id":"https:\/\/portalnpm.com\/#\/schema\/person\/49313e563cfdefcc167f1ee4c017c294","name":"Genival Barbosa","image":{"@type":"ImageObject","inLanguage":"pt-BR","@id":"https:\/\/portalnpm.com\/#\/schema\/person\/image\/","url":"https:\/\/portalnpm.com\/wp-content\/uploads\/2024\/02\/avatar_user_2_1707743258-96x96.jpeg","contentUrl":"https:\/\/portalnpm.com\/wp-content\/uploads\/2024\/02\/avatar_user_2_1707743258-96x96.jpeg","caption":"Genival Barbosa"},"url":"https:\/\/portalnpm.com\/index.php\/author\/genival\/"}]}},"jetpack_sharing_enabled":true,"jetpack_featured_media_url":"https:\/\/portalnpm.com\/wp-content\/uploads\/2026\/03\/whatsapp_image_2026-03-12_at_19_47_32.jpeg","_links":{"self":[{"href":"https:\/\/portalnpm.com\/index.php\/wp-json\/wp\/v2\/posts\/94137"}],"collection":[{"href":"https:\/\/portalnpm.com\/index.php\/wp-json\/wp\/v2\/posts"}],"about":[{"href":"https:\/\/portalnpm.com\/index.php\/wp-json\/wp\/v2\/types\/post"}],"author":[{"embeddable":true,"href":"https:\/\/portalnpm.com\/index.php\/wp-json\/wp\/v2\/users\/2"}],"replies":[{"embeddable":true,"href":"https:\/\/portalnpm.com\/index.php\/wp-json\/wp\/v2\/comments?post=94137"}],"version-history":[{"count":1,"href":"https:\/\/portalnpm.com\/index.php\/wp-json\/wp\/v2\/posts\/94137\/revisions"}],"predecessor-version":[{"id":94139,"href":"https:\/\/portalnpm.com\/index.php\/wp-json\/wp\/v2\/posts\/94137\/revisions\/94139"}],"wp:featuredmedia":[{"embeddable":true,"href":"https:\/\/portalnpm.com\/index.php\/wp-json\/wp\/v2\/media\/94138"}],"wp:attachment":[{"href":"https:\/\/portalnpm.com\/index.php\/wp-json\/wp\/v2\/media?parent=94137"}],"wp:term":[{"taxonomy":"category","embeddable":true,"href":"https:\/\/portalnpm.com\/index.php\/wp-json\/wp\/v2\/categories?post=94137"},{"taxonomy":"post_tag","embeddable":true,"href":"https:\/\/portalnpm.com\/index.php\/wp-json\/wp\/v2\/tags?post=94137"}],"curies":[{"name":"wp","href":"https:\/\/api.w.org\/{rel}","templated":true}]}}