{"id":94140,"date":"2026-03-13T19:33:38","date_gmt":"2026-03-13T22:33:38","guid":{"rendered":"https:\/\/portalnpm.com\/?p=94140"},"modified":"2026-03-13T19:33:38","modified_gmt":"2026-03-13T22:33:38","slug":"apos-reuniao-base-de-rafael-define-chapa-para-eleicoes-nao-tem-mais-volta","status":"publish","type":"post","link":"https:\/\/portalnpm.com\/index.php\/2026\/03\/13\/apos-reuniao-base-de-rafael-define-chapa-para-eleicoes-nao-tem-mais-volta\/","title":{"rendered":"Ap\u00f3s reuni\u00e3o, base de Rafael define chapa para elei\u00e7\u00f5es: \u201cN\u00e3o tem mais volta\u201d"},"content":{"rendered":"<p>&nbsp;<\/p>\n<div id=\"post-body-news\" class=\"post-body\">\n<p>Ap\u00f3s reuni\u00e3o nesta quinta-feira (12) na casa do governador Rafael Fonteles, foi batido o martelo definitivamente sobre a chapa majorit\u00e1ria da base governista.<a href=\"https:\/\/cidadeverde.com\/noticias\/452222\/washington-bandeira-sera-vice-de-rafael-fonteles-anuncio-da-chapa-sera-na-sexta\">\u00a0Mant\u00e9m-se da mesma configura\u00e7\u00e3o do que j\u00e1 havia sido definida<\/a>:<\/p>\n<p>&#8211; Rafael Fonteles \u2013 governador (PT)<\/p>\n<p>&#8211; Washington Bandeira \u2013 vice-governador (PT)<\/p>\n<p>&#8211; Marcelo Castro \u2013 Senador (MDB)<\/p>\n<p>&#8211; J\u00falio C\u00e9sar \u2013 Senador (PSD)<\/p>\n<p>Na reuni\u00e3o, estavam presentes: Rafael Fonteles, Marcelo Castro, J\u00falio C\u00e9sar, Wellington Dias, Jussara Lima, Castro Neto. Wellington Dias deve participar ativamente da coordena\u00e7\u00e3o da campanha majorit\u00e1ria no Piau\u00ed. A situa\u00e7\u00e3o havia sido questionada, ap\u00f3s o<a href=\"https:\/\/cidadeverde.com\/noticias\/452363\/relacao-azedada-diz-georgiano-neto-apos-antecipar-saida-do-mdb\">\u00a0fim da fus\u00e3o cruzada entre MDB e PSD<\/a>, mas de acordo com interlocutores presentes, n\u00e3o foi discutido sobre isso.<\/p>\n<p>Ao\u00a0<em><strong>CidadeVerde.com<\/strong><\/em>\u00a0\u201cPrego batido e ponta virada. Ser\u00e1 anunciado amanh\u00e3, quatro horas da tarde em um evento petista\u201d, disse uma fonte.<\/p>\n<p>De acordo com participantes do encontro, a reuni\u00e3o marcou o ponto final das articula\u00e7\u00f5es em torno da chapa majorit\u00e1ria. A avalia\u00e7\u00e3o entre aliados \u00e9 que o tema est\u00e1 encerrado e que, a partir de agora, as negocia\u00e7\u00f5es devem se concentrar nas composi\u00e7\u00f5es proporcionais e nos ajustes entre os partidos da base.<\/p>\n<p>Ainda segundo interlocutores, a defini\u00e7\u00e3o da chapa foi tratada como \u201cp\u00e1gina virada\u201d dentro do grupo pol\u00edtico, consolidando o acordo entre as principais lideran\u00e7as da base governista.<\/p>\n<p>Fonte: Cidade Verde<\/p>\n<\/div>\n","protected":false},"excerpt":{"rendered":"<p>&nbsp; Ap\u00f3s reuni\u00e3o nesta quinta-feira (12) na casa do governador Rafael Fonteles, foi batido o martelo definitivamente sobre a chapa majorit\u00e1ria da base governista.\u00a0Mant\u00e9m-se da mesma configura\u00e7\u00e3o do que j\u00e1 havia sido definida: &#8211; Rafael Fonteles \u2013 governador (PT) &#8211; Washington Bandeira \u2013 vice-governador (PT) &#8211; Marcelo Castro \u2013 Senador (MDB) &#8211; J\u00falio C\u00e9sar \u2013 &hellip;<\/p>\n","protected":false},"author":2,"featured_media":94141,"comment_status":"open","ping_status":"open","sticky":false,"template":"","format":"standard","meta":{"content-type":"","rop_custom_images_group":[],"rop_custom_messages_group":[],"rop_publish_now":"no","rop_publish_now_accounts":{"facebook_2648258775420054_1618374048415101":""},"rop_publish_now_history":[{"account":"facebook_2648258775420054_1618374048415101","service":"facebook","timestamp":1773441244,"status":"success"}],"rop_publish_now_status":"done","footnotes":"","_jetpack_memberships_contains_paid_content":false},"categories":[118,130],"tags":[871,2202,378,230,2209,382,844,2183,852,1191,1406,4215,922],"yoast_head":"<!-- This site is optimized with the Yoast SEO plugin v22.3 - https:\/\/yoast.com\/wordpress\/plugins\/seo\/ -->\n<title>Ap\u00f3s reuni\u00e3o, base de Rafael define chapa para elei\u00e7\u00f5es: \u201cN\u00e3o tem mais volta\u201d - Portal NPM<\/title>\n<meta name=\"robots\" content=\"index, follow, max-snippet:-1, max-image-preview:large, max-video-preview:-1\" \/>\n<link rel=\"canonical\" href=\"https:\/\/portalnpm.com\/index.php\/2026\/03\/13\/apos-reuniao-base-de-rafael-define-chapa-para-eleicoes-nao-tem-mais-volta\/\" \/>\n<meta property=\"og:locale\" content=\"pt_BR\" \/>\n<meta property=\"og:type\" content=\"article\" \/>\n<meta property=\"og:title\" content=\"Ap\u00f3s reuni\u00e3o, base de Rafael define chapa para elei\u00e7\u00f5es: \u201cN\u00e3o tem mais volta\u201d - Portal NPM\" \/>\n<meta property=\"og:description\" content=\"&nbsp; Ap\u00f3s reuni\u00e3o nesta quinta-feira (12) na casa do governador Rafael Fonteles, foi batido o martelo definitivamente sobre a chapa majorit\u00e1ria da base governista.\u00a0Mant\u00e9m-se da mesma configura\u00e7\u00e3o do que j\u00e1 havia sido definida: &#8211; Rafael Fonteles \u2013 governador (PT) &#8211; Washington Bandeira \u2013 vice-governador (PT) &#8211; Marcelo Castro \u2013 Senador (MDB) &#8211; J\u00falio C\u00e9sar \u2013 &hellip;\" \/>\n<meta property=\"og:url\" content=\"https:\/\/portalnpm.com\/index.php\/2026\/03\/13\/apos-reuniao-base-de-rafael-define-chapa-para-eleicoes-nao-tem-mais-volta\/\" \/>\n<meta property=\"og:site_name\" content=\"Portal NPM\" \/>\n<meta property=\"article:published_time\" content=\"2026-03-13T22:33:38+00:00\" \/>\n<meta property=\"og:image\" content=\"https:\/\/portalnpm.com\/wp-content\/uploads\/2026\/03\/rafael-washingotn-bandeira.jpeg\" \/>\n\t<meta property=\"og:image:width\" content=\"200\" \/>\n\t<meta property=\"og:image:height\" content=\"131\" \/>\n\t<meta property=\"og:image:type\" content=\"image\/jpeg\" \/>\n<meta name=\"author\" content=\"Genival Barbosa\" \/>\n<meta name=\"twitter:card\" content=\"summary_large_image\" \/>\n<meta name=\"twitter:label1\" content=\"Escrito por\" \/>\n\t<meta name=\"twitter:data1\" content=\"Genival Barbosa\" \/>\n\t<meta name=\"twitter:label2\" content=\"Est. tempo de leitura\" \/>\n\t<meta name=\"twitter:data2\" content=\"2 minutos\" \/>\n<script type=\"application\/ld+json\" class=\"yoast-schema-graph\">{\"@context\":\"https:\/\/schema.org\",\"@graph\":[{\"@type\":\"WebPage\",\"@id\":\"https:\/\/portalnpm.com\/index.php\/2026\/03\/13\/apos-reuniao-base-de-rafael-define-chapa-para-eleicoes-nao-tem-mais-volta\/\",\"url\":\"https:\/\/portalnpm.com\/index.php\/2026\/03\/13\/apos-reuniao-base-de-rafael-define-chapa-para-eleicoes-nao-tem-mais-volta\/\",\"name\":\"Ap\u00f3s reuni\u00e3o, base de Rafael define chapa para elei\u00e7\u00f5es: \u201cN\u00e3o tem mais volta\u201d - Portal NPM\",\"isPartOf\":{\"@id\":\"https:\/\/portalnpm.com\/#website\"},\"primaryImageOfPage\":{\"@id\":\"https:\/\/portalnpm.com\/index.php\/2026\/03\/13\/apos-reuniao-base-de-rafael-define-chapa-para-eleicoes-nao-tem-mais-volta\/#primaryimage\"},\"image\":{\"@id\":\"https:\/\/portalnpm.com\/index.php\/2026\/03\/13\/apos-reuniao-base-de-rafael-define-chapa-para-eleicoes-nao-tem-mais-volta\/#primaryimage\"},\"thumbnailUrl\":\"https:\/\/portalnpm.com\/wp-content\/uploads\/2026\/03\/rafael-washingotn-bandeira.jpeg\",\"datePublished\":\"2026-03-13T22:33:38+00:00\",\"dateModified\":\"2026-03-13T22:33:38+00:00\",\"author\":{\"@id\":\"https:\/\/portalnpm.com\/#\/schema\/person\/49313e563cfdefcc167f1ee4c017c294\"},\"breadcrumb\":{\"@id\":\"https:\/\/portalnpm.com\/index.php\/2026\/03\/13\/apos-reuniao-base-de-rafael-define-chapa-para-eleicoes-nao-tem-mais-volta\/#breadcrumb\"},\"inLanguage\":\"pt-BR\",\"potentialAction\":[{\"@type\":\"ReadAction\",\"target\":[\"https:\/\/portalnpm.com\/index.php\/2026\/03\/13\/apos-reuniao-base-de-rafael-define-chapa-para-eleicoes-nao-tem-mais-volta\/\"]}]},{\"@type\":\"ImageObject\",\"inLanguage\":\"pt-BR\",\"@id\":\"https:\/\/portalnpm.com\/index.php\/2026\/03\/13\/apos-reuniao-base-de-rafael-define-chapa-para-eleicoes-nao-tem-mais-volta\/#primaryimage\",\"url\":\"https:\/\/portalnpm.com\/wp-content\/uploads\/2026\/03\/rafael-washingotn-bandeira.jpeg\",\"contentUrl\":\"https:\/\/portalnpm.com\/wp-content\/uploads\/2026\/03\/rafael-washingotn-bandeira.jpeg\",\"width\":200,\"height\":131},{\"@type\":\"BreadcrumbList\",\"@id\":\"https:\/\/portalnpm.com\/index.php\/2026\/03\/13\/apos-reuniao-base-de-rafael-define-chapa-para-eleicoes-nao-tem-mais-volta\/#breadcrumb\",\"itemListElement\":[{\"@type\":\"ListItem\",\"position\":1,\"name\":\"In\u00edcio\",\"item\":\"https:\/\/portalnpm.com\/\"},{\"@type\":\"ListItem\",\"position\":2,\"name\":\"Ap\u00f3s reuni\u00e3o, base de Rafael define chapa para elei\u00e7\u00f5es: \u201cN\u00e3o tem mais volta\u201d\"}]},{\"@type\":\"WebSite\",\"@id\":\"https:\/\/portalnpm.com\/#website\",\"url\":\"https:\/\/portalnpm.com\/\",\"name\":\"Portal NPM\",\"description\":\"Not\u00edcias em Primeira M\u00e3o\",\"potentialAction\":[{\"@type\":\"SearchAction\",\"target\":{\"@type\":\"EntryPoint\",\"urlTemplate\":\"https:\/\/portalnpm.com\/?s={search_term_string}\"},\"query-input\":\"required name=search_term_string\"}],\"inLanguage\":\"pt-BR\"},{\"@type\":\"Person\",\"@id\":\"https:\/\/portalnpm.com\/#\/schema\/person\/49313e563cfdefcc167f1ee4c017c294\",\"name\":\"Genival Barbosa\",\"image\":{\"@type\":\"ImageObject\",\"inLanguage\":\"pt-BR\",\"@id\":\"https:\/\/portalnpm.com\/#\/schema\/person\/image\/\",\"url\":\"https:\/\/portalnpm.com\/wp-content\/uploads\/2024\/02\/avatar_user_2_1707743258-96x96.jpeg\",\"contentUrl\":\"https:\/\/portalnpm.com\/wp-content\/uploads\/2024\/02\/avatar_user_2_1707743258-96x96.jpeg\",\"caption\":\"Genival Barbosa\"},\"url\":\"https:\/\/portalnpm.com\/index.php\/author\/genival\/\"}]}<\/script>\n<!-- \/ Yoast SEO plugin. -->","yoast_head_json":{"title":"Ap\u00f3s reuni\u00e3o, base de Rafael define chapa para elei\u00e7\u00f5es: \u201cN\u00e3o tem mais volta\u201d - Portal NPM","robots":{"index":"index","follow":"follow","max-snippet":"max-snippet:-1","max-image-preview":"max-image-preview:large","max-video-preview":"max-video-preview:-1"},"canonical":"https:\/\/portalnpm.com\/index.php\/2026\/03\/13\/apos-reuniao-base-de-rafael-define-chapa-para-eleicoes-nao-tem-mais-volta\/","og_locale":"pt_BR","og_type":"article","og_title":"Ap\u00f3s reuni\u00e3o, base de Rafael define chapa para elei\u00e7\u00f5es: \u201cN\u00e3o tem mais volta\u201d - Portal NPM","og_description":"&nbsp; Ap\u00f3s reuni\u00e3o nesta quinta-feira (12) na casa do governador Rafael Fonteles, foi batido o martelo definitivamente sobre a chapa majorit\u00e1ria da base governista.\u00a0Mant\u00e9m-se da mesma configura\u00e7\u00e3o do que j\u00e1 havia sido definida: &#8211; Rafael Fonteles \u2013 governador (PT) &#8211; Washington Bandeira \u2013 vice-governador (PT) &#8211; Marcelo Castro \u2013 Senador (MDB) &#8211; J\u00falio C\u00e9sar \u2013 &hellip;","og_url":"https:\/\/portalnpm.com\/index.php\/2026\/03\/13\/apos-reuniao-base-de-rafael-define-chapa-para-eleicoes-nao-tem-mais-volta\/","og_site_name":"Portal NPM","article_published_time":"2026-03-13T22:33:38+00:00","og_image":[{"width":200,"height":131,"url":"https:\/\/portalnpm.com\/wp-content\/uploads\/2026\/03\/rafael-washingotn-bandeira.jpeg","type":"image\/jpeg"}],"author":"Genival Barbosa","twitter_card":"summary_large_image","twitter_misc":{"Escrito por":"Genival Barbosa","Est. tempo de leitura":"2 minutos"},"schema":{"@context":"https:\/\/schema.org","@graph":[{"@type":"WebPage","@id":"https:\/\/portalnpm.com\/index.php\/2026\/03\/13\/apos-reuniao-base-de-rafael-define-chapa-para-eleicoes-nao-tem-mais-volta\/","url":"https:\/\/portalnpm.com\/index.php\/2026\/03\/13\/apos-reuniao-base-de-rafael-define-chapa-para-eleicoes-nao-tem-mais-volta\/","name":"Ap\u00f3s reuni\u00e3o, base de Rafael define chapa para elei\u00e7\u00f5es: \u201cN\u00e3o tem mais volta\u201d - Portal NPM","isPartOf":{"@id":"https:\/\/portalnpm.com\/#website"},"primaryImageOfPage":{"@id":"https:\/\/portalnpm.com\/index.php\/2026\/03\/13\/apos-reuniao-base-de-rafael-define-chapa-para-eleicoes-nao-tem-mais-volta\/#primaryimage"},"image":{"@id":"https:\/\/portalnpm.com\/index.php\/2026\/03\/13\/apos-reuniao-base-de-rafael-define-chapa-para-eleicoes-nao-tem-mais-volta\/#primaryimage"},"thumbnailUrl":"https:\/\/portalnpm.com\/wp-content\/uploads\/2026\/03\/rafael-washingotn-bandeira.jpeg","datePublished":"2026-03-13T22:33:38+00:00","dateModified":"2026-03-13T22:33:38+00:00","author":{"@id":"https:\/\/portalnpm.com\/#\/schema\/person\/49313e563cfdefcc167f1ee4c017c294"},"breadcrumb":{"@id":"https:\/\/portalnpm.com\/index.php\/2026\/03\/13\/apos-reuniao-base-de-rafael-define-chapa-para-eleicoes-nao-tem-mais-volta\/#breadcrumb"},"inLanguage":"pt-BR","potentialAction":[{"@type":"ReadAction","target":["https:\/\/portalnpm.com\/index.php\/2026\/03\/13\/apos-reuniao-base-de-rafael-define-chapa-para-eleicoes-nao-tem-mais-volta\/"]}]},{"@type":"ImageObject","inLanguage":"pt-BR","@id":"https:\/\/portalnpm.com\/index.php\/2026\/03\/13\/apos-reuniao-base-de-rafael-define-chapa-para-eleicoes-nao-tem-mais-volta\/#primaryimage","url":"https:\/\/portalnpm.com\/wp-content\/uploads\/2026\/03\/rafael-washingotn-bandeira.jpeg","contentUrl":"https:\/\/portalnpm.com\/wp-content\/uploads\/2026\/03\/rafael-washingotn-bandeira.jpeg","width":200,"height":131},{"@type":"BreadcrumbList","@id":"https:\/\/portalnpm.com\/index.php\/2026\/03\/13\/apos-reuniao-base-de-rafael-define-chapa-para-eleicoes-nao-tem-mais-volta\/#breadcrumb","itemListElement":[{"@type":"ListItem","position":1,"name":"In\u00edcio","item":"https:\/\/portalnpm.com\/"},{"@type":"ListItem","position":2,"name":"Ap\u00f3s reuni\u00e3o, base de Rafael define chapa para elei\u00e7\u00f5es: \u201cN\u00e3o tem mais volta\u201d"}]},{"@type":"WebSite","@id":"https:\/\/portalnpm.com\/#website","url":"https:\/\/portalnpm.com\/","name":"Portal NPM","description":"Not\u00edcias em Primeira M\u00e3o","potentialAction":[{"@type":"SearchAction","target":{"@type":"EntryPoint","urlTemplate":"https:\/\/portalnpm.com\/?s={search_term_string}"},"query-input":"required name=search_term_string"}],"inLanguage":"pt-BR"},{"@type":"Person","@id":"https:\/\/portalnpm.com\/#\/schema\/person\/49313e563cfdefcc167f1ee4c017c294","name":"Genival Barbosa","image":{"@type":"ImageObject","inLanguage":"pt-BR","@id":"https:\/\/portalnpm.com\/#\/schema\/person\/image\/","url":"https:\/\/portalnpm.com\/wp-content\/uploads\/2024\/02\/avatar_user_2_1707743258-96x96.jpeg","contentUrl":"https:\/\/portalnpm.com\/wp-content\/uploads\/2024\/02\/avatar_user_2_1707743258-96x96.jpeg","caption":"Genival Barbosa"},"url":"https:\/\/portalnpm.com\/index.php\/author\/genival\/"}]}},"jetpack_sharing_enabled":true,"jetpack_featured_media_url":"https:\/\/portalnpm.com\/wp-content\/uploads\/2026\/03\/rafael-washingotn-bandeira.jpeg","_links":{"self":[{"href":"https:\/\/portalnpm.com\/index.php\/wp-json\/wp\/v2\/posts\/94140"}],"collection":[{"href":"https:\/\/portalnpm.com\/index.php\/wp-json\/wp\/v2\/posts"}],"about":[{"href":"https:\/\/portalnpm.com\/index.php\/wp-json\/wp\/v2\/types\/post"}],"author":[{"embeddable":true,"href":"https:\/\/portalnpm.com\/index.php\/wp-json\/wp\/v2\/users\/2"}],"replies":[{"embeddable":true,"href":"https:\/\/portalnpm.com\/index.php\/wp-json\/wp\/v2\/comments?post=94140"}],"version-history":[{"count":1,"href":"https:\/\/portalnpm.com\/index.php\/wp-json\/wp\/v2\/posts\/94140\/revisions"}],"predecessor-version":[{"id":94142,"href":"https:\/\/portalnpm.com\/index.php\/wp-json\/wp\/v2\/posts\/94140\/revisions\/94142"}],"wp:featuredmedia":[{"embeddable":true,"href":"https:\/\/portalnpm.com\/index.php\/wp-json\/wp\/v2\/media\/94141"}],"wp:attachment":[{"href":"https:\/\/portalnpm.com\/index.php\/wp-json\/wp\/v2\/media?parent=94140"}],"wp:term":[{"taxonomy":"category","embeddable":true,"href":"https:\/\/portalnpm.com\/index.php\/wp-json\/wp\/v2\/categories?post=94140"},{"taxonomy":"post_tag","embeddable":true,"href":"https:\/\/portalnpm.com\/index.php\/wp-json\/wp\/v2\/tags?post=94140"}],"curies":[{"name":"wp","href":"https:\/\/api.w.org\/{rel}","templated":true}]}}