{"id":94143,"date":"2026-03-13T19:35:36","date_gmt":"2026-03-13T22:35:36","guid":{"rendered":"https:\/\/portalnpm.com\/?p=94143"},"modified":"2026-03-13T19:35:36","modified_gmt":"2026-03-13T22:35:36","slug":"vicente-nery-e-confirmado-como-segunda-atracao-do-aniversario-de-34-anos-de-marcolandia","status":"publish","type":"post","link":"https:\/\/portalnpm.com\/index.php\/2026\/03\/13\/vicente-nery-e-confirmado-como-segunda-atracao-do-aniversario-de-34-anos-de-marcolandia\/","title":{"rendered":"Vicente Nery \u00e9 confirmado como segunda atra\u00e7\u00e3o do anivers\u00e1rio de 34 anos de Marcol\u00e2ndia"},"content":{"rendered":"<p>O prefeito de Marcol\u00e2ndia, Dr. Corinto Matos, anunciou nesta quinta-feira (12), mais uma grande atra\u00e7\u00e3o que far\u00e1 parte das comemora\u00e7\u00f5es pelos 34 anos de emancipa\u00e7\u00e3o pol\u00edtica do munic\u00edpio. O cantor Vicente Nery est\u00e1 confirmado na programa\u00e7\u00e3o festiva e se apresentar\u00e1 no dia 29 de abril, no Parque de Eventos.<\/p>\n<p>&nbsp;<\/p>\n<p>Marcol\u00e2ndia celebra seus 34 anos de emancipa\u00e7\u00e3o pol\u00edtica no dia 29 de abril, e para marcar a data, a Prefeitura Municipal est\u00e1 preparando uma programa\u00e7\u00e3o especial que contar\u00e1 com atividades esportivas, religiosas, c\u00edvicas e culturais, envolvendo toda a popula\u00e7\u00e3o em um grande momento de celebra\u00e7\u00e3o da hist\u00f3ria e do desenvolvimento do munic\u00edpio.<\/p>\n<p>&nbsp;<\/p>\n<p>Reconhecido por seus grandes sucessos que marcaram gera\u00e7\u00f5es e conquistaram f\u00e3s em todo o Nordeste, Vicente Nery promete animar o p\u00fablico e contribuir para tornar a celebra\u00e7\u00e3o ainda mais especial para marcolandenses e visitantes de toda a regi\u00e3o.<\/p>\n<p>&nbsp;<\/p>\n<p>De acordo com o prefeito Dr. Corinto Matos, a programa\u00e7\u00e3o foi pensada para valorizar a cultura, promover lazer para a popula\u00e7\u00e3o e tamb\u00e9m impulsionar a economia local durante o per\u00edodo festivo.<\/p>\n<p>&nbsp;<\/p>\n<p>\u201cEstamos preparando uma grande comemora\u00e7\u00e3o para os 34 anos de Marcol\u00e2ndia. A confirma\u00e7\u00e3o de Vicente Nery fortalece ainda mais a nossa programa\u00e7\u00e3o. Queremos proporcionar momentos de alegria para o nosso povo e tamb\u00e9m receber bem todos que vir\u00e3o celebrar conosco essa data t\u00e3o importante\u201d, destacou o gestor.<\/p>\n<p>&nbsp;<\/p>\n<p>O prefeito tamb\u00e9m lembrou que a primeira atra\u00e7\u00e3o anunciada para a programa\u00e7\u00e3o foi o cantor Z\u00e9 Vaqueiro, que tamb\u00e9m far\u00e1 parte das festividades e \u00e9 uma das apresenta\u00e7\u00f5es mais aguardadas pelo p\u00fablico.<\/p>\n<p>&nbsp;<\/p>\n<p>Com uma programa\u00e7\u00e3o diversificada sendo preparada, a expectativa \u00e9 reunir um grande p\u00fablico, fortalecer o com\u00e9rcio local e celebrar em grande estilo os 34 anos de hist\u00f3ria de Marcol\u00e2ndia.<\/p>\n<p>Fonte: Infonewss<\/p>\n","protected":false},"excerpt":{"rendered":"<p>O prefeito de Marcol\u00e2ndia, Dr. Corinto Matos, anunciou nesta quinta-feira (12), mais uma grande atra\u00e7\u00e3o que far\u00e1 parte das comemora\u00e7\u00f5es pelos 34 anos de emancipa\u00e7\u00e3o pol\u00edtica do munic\u00edpio. O cantor Vicente Nery est\u00e1 confirmado na programa\u00e7\u00e3o festiva e se apresentar\u00e1 no dia 29 de abril, no Parque de Eventos. &nbsp; Marcol\u00e2ndia celebra seus 34 anos &hellip;<\/p>\n","protected":false},"author":2,"featured_media":94144,"comment_status":"open","ping_status":"open","sticky":false,"template":"","format":"standard","meta":{"content-type":"","rop_custom_images_group":[],"rop_custom_messages_group":[],"rop_publish_now":"no","rop_publish_now_accounts":{"facebook_2648258775420054_1618374048415101":""},"rop_publish_now_history":[{"account":"facebook_2648258775420054_1618374048415101","service":"facebook","timestamp":1773441354,"status":"success"}],"rop_publish_now_status":"done","footnotes":"","_jetpack_memberships_contains_paid_content":false},"categories":[4071,555],"tags":[4421,116,221,1509,1151,3324,230,925,556,16968,1733,5486],"yoast_head":"<!-- This site is optimized with the Yoast SEO plugin v22.3 - https:\/\/yoast.com\/wordpress\/plugins\/seo\/ -->\n<title>Vicente Nery \u00e9 confirmado como segunda atra\u00e7\u00e3o do anivers\u00e1rio de 34 anos de Marcol\u00e2ndia - Portal NPM<\/title>\n<meta name=\"robots\" content=\"index, follow, max-snippet:-1, max-image-preview:large, max-video-preview:-1\" \/>\n<link rel=\"canonical\" href=\"https:\/\/portalnpm.com\/index.php\/2026\/03\/13\/vicente-nery-e-confirmado-como-segunda-atracao-do-aniversario-de-34-anos-de-marcolandia\/\" \/>\n<meta property=\"og:locale\" content=\"pt_BR\" \/>\n<meta property=\"og:type\" content=\"article\" \/>\n<meta property=\"og:title\" content=\"Vicente Nery \u00e9 confirmado como segunda atra\u00e7\u00e3o do anivers\u00e1rio de 34 anos de Marcol\u00e2ndia - Portal NPM\" \/>\n<meta property=\"og:description\" content=\"O prefeito de Marcol\u00e2ndia, Dr. Corinto Matos, anunciou nesta quinta-feira (12), mais uma grande atra\u00e7\u00e3o que far\u00e1 parte das comemora\u00e7\u00f5es pelos 34 anos de emancipa\u00e7\u00e3o pol\u00edtica do munic\u00edpio. O cantor Vicente Nery est\u00e1 confirmado na programa\u00e7\u00e3o festiva e se apresentar\u00e1 no dia 29 de abril, no Parque de Eventos. &nbsp; Marcol\u00e2ndia celebra seus 34 anos &hellip;\" \/>\n<meta property=\"og:url\" content=\"https:\/\/portalnpm.com\/index.php\/2026\/03\/13\/vicente-nery-e-confirmado-como-segunda-atracao-do-aniversario-de-34-anos-de-marcolandia\/\" \/>\n<meta property=\"og:site_name\" content=\"Portal NPM\" \/>\n<meta property=\"article:published_time\" content=\"2026-03-13T22:35:36+00:00\" \/>\n<meta property=\"og:image\" content=\"https:\/\/portalnpm.com\/wp-content\/uploads\/2026\/03\/Vicente-Nery-e-confirmado-como-segunda-atracao-do-aniversario-de-34-anos-de-Marcolandia.jpg\" \/>\n\t<meta property=\"og:image:width\" content=\"1080\" \/>\n\t<meta property=\"og:image:height\" content=\"707\" \/>\n\t<meta property=\"og:image:type\" content=\"image\/jpeg\" \/>\n<meta name=\"author\" content=\"Genival Barbosa\" \/>\n<meta name=\"twitter:card\" content=\"summary_large_image\" \/>\n<meta name=\"twitter:label1\" content=\"Escrito por\" \/>\n\t<meta name=\"twitter:data1\" content=\"Genival Barbosa\" \/>\n\t<meta name=\"twitter:label2\" content=\"Est. tempo de leitura\" \/>\n\t<meta name=\"twitter:data2\" content=\"2 minutos\" \/>\n<script type=\"application\/ld+json\" class=\"yoast-schema-graph\">{\"@context\":\"https:\/\/schema.org\",\"@graph\":[{\"@type\":\"WebPage\",\"@id\":\"https:\/\/portalnpm.com\/index.php\/2026\/03\/13\/vicente-nery-e-confirmado-como-segunda-atracao-do-aniversario-de-34-anos-de-marcolandia\/\",\"url\":\"https:\/\/portalnpm.com\/index.php\/2026\/03\/13\/vicente-nery-e-confirmado-como-segunda-atracao-do-aniversario-de-34-anos-de-marcolandia\/\",\"name\":\"Vicente Nery \u00e9 confirmado como segunda atra\u00e7\u00e3o do anivers\u00e1rio de 34 anos de Marcol\u00e2ndia - Portal NPM\",\"isPartOf\":{\"@id\":\"https:\/\/portalnpm.com\/#website\"},\"primaryImageOfPage\":{\"@id\":\"https:\/\/portalnpm.com\/index.php\/2026\/03\/13\/vicente-nery-e-confirmado-como-segunda-atracao-do-aniversario-de-34-anos-de-marcolandia\/#primaryimage\"},\"image\":{\"@id\":\"https:\/\/portalnpm.com\/index.php\/2026\/03\/13\/vicente-nery-e-confirmado-como-segunda-atracao-do-aniversario-de-34-anos-de-marcolandia\/#primaryimage\"},\"thumbnailUrl\":\"https:\/\/portalnpm.com\/wp-content\/uploads\/2026\/03\/Vicente-Nery-e-confirmado-como-segunda-atracao-do-aniversario-de-34-anos-de-Marcolandia.jpg\",\"datePublished\":\"2026-03-13T22:35:36+00:00\",\"dateModified\":\"2026-03-13T22:35:36+00:00\",\"author\":{\"@id\":\"https:\/\/portalnpm.com\/#\/schema\/person\/49313e563cfdefcc167f1ee4c017c294\"},\"breadcrumb\":{\"@id\":\"https:\/\/portalnpm.com\/index.php\/2026\/03\/13\/vicente-nery-e-confirmado-como-segunda-atracao-do-aniversario-de-34-anos-de-marcolandia\/#breadcrumb\"},\"inLanguage\":\"pt-BR\",\"potentialAction\":[{\"@type\":\"ReadAction\",\"target\":[\"https:\/\/portalnpm.com\/index.php\/2026\/03\/13\/vicente-nery-e-confirmado-como-segunda-atracao-do-aniversario-de-34-anos-de-marcolandia\/\"]}]},{\"@type\":\"ImageObject\",\"inLanguage\":\"pt-BR\",\"@id\":\"https:\/\/portalnpm.com\/index.php\/2026\/03\/13\/vicente-nery-e-confirmado-como-segunda-atracao-do-aniversario-de-34-anos-de-marcolandia\/#primaryimage\",\"url\":\"https:\/\/portalnpm.com\/wp-content\/uploads\/2026\/03\/Vicente-Nery-e-confirmado-como-segunda-atracao-do-aniversario-de-34-anos-de-Marcolandia.jpg\",\"contentUrl\":\"https:\/\/portalnpm.com\/wp-content\/uploads\/2026\/03\/Vicente-Nery-e-confirmado-como-segunda-atracao-do-aniversario-de-34-anos-de-Marcolandia.jpg\",\"width\":1080,\"height\":707},{\"@type\":\"BreadcrumbList\",\"@id\":\"https:\/\/portalnpm.com\/index.php\/2026\/03\/13\/vicente-nery-e-confirmado-como-segunda-atracao-do-aniversario-de-34-anos-de-marcolandia\/#breadcrumb\",\"itemListElement\":[{\"@type\":\"ListItem\",\"position\":1,\"name\":\"In\u00edcio\",\"item\":\"https:\/\/portalnpm.com\/\"},{\"@type\":\"ListItem\",\"position\":2,\"name\":\"Vicente Nery \u00e9 confirmado como segunda atra\u00e7\u00e3o do anivers\u00e1rio de 34 anos de Marcol\u00e2ndia\"}]},{\"@type\":\"WebSite\",\"@id\":\"https:\/\/portalnpm.com\/#website\",\"url\":\"https:\/\/portalnpm.com\/\",\"name\":\"Portal NPM\",\"description\":\"Not\u00edcias em Primeira M\u00e3o\",\"potentialAction\":[{\"@type\":\"SearchAction\",\"target\":{\"@type\":\"EntryPoint\",\"urlTemplate\":\"https:\/\/portalnpm.com\/?s={search_term_string}\"},\"query-input\":\"required name=search_term_string\"}],\"inLanguage\":\"pt-BR\"},{\"@type\":\"Person\",\"@id\":\"https:\/\/portalnpm.com\/#\/schema\/person\/49313e563cfdefcc167f1ee4c017c294\",\"name\":\"Genival Barbosa\",\"image\":{\"@type\":\"ImageObject\",\"inLanguage\":\"pt-BR\",\"@id\":\"https:\/\/portalnpm.com\/#\/schema\/person\/image\/\",\"url\":\"https:\/\/portalnpm.com\/wp-content\/uploads\/2024\/02\/avatar_user_2_1707743258-96x96.jpeg\",\"contentUrl\":\"https:\/\/portalnpm.com\/wp-content\/uploads\/2024\/02\/avatar_user_2_1707743258-96x96.jpeg\",\"caption\":\"Genival Barbosa\"},\"url\":\"https:\/\/portalnpm.com\/index.php\/author\/genival\/\"}]}<\/script>\n<!-- \/ Yoast SEO plugin. -->","yoast_head_json":{"title":"Vicente Nery \u00e9 confirmado como segunda atra\u00e7\u00e3o do anivers\u00e1rio de 34 anos de Marcol\u00e2ndia - Portal NPM","robots":{"index":"index","follow":"follow","max-snippet":"max-snippet:-1","max-image-preview":"max-image-preview:large","max-video-preview":"max-video-preview:-1"},"canonical":"https:\/\/portalnpm.com\/index.php\/2026\/03\/13\/vicente-nery-e-confirmado-como-segunda-atracao-do-aniversario-de-34-anos-de-marcolandia\/","og_locale":"pt_BR","og_type":"article","og_title":"Vicente Nery \u00e9 confirmado como segunda atra\u00e7\u00e3o do anivers\u00e1rio de 34 anos de Marcol\u00e2ndia - Portal NPM","og_description":"O prefeito de Marcol\u00e2ndia, Dr. Corinto Matos, anunciou nesta quinta-feira (12), mais uma grande atra\u00e7\u00e3o que far\u00e1 parte das comemora\u00e7\u00f5es pelos 34 anos de emancipa\u00e7\u00e3o pol\u00edtica do munic\u00edpio. O cantor Vicente Nery est\u00e1 confirmado na programa\u00e7\u00e3o festiva e se apresentar\u00e1 no dia 29 de abril, no Parque de Eventos. &nbsp; Marcol\u00e2ndia celebra seus 34 anos &hellip;","og_url":"https:\/\/portalnpm.com\/index.php\/2026\/03\/13\/vicente-nery-e-confirmado-como-segunda-atracao-do-aniversario-de-34-anos-de-marcolandia\/","og_site_name":"Portal NPM","article_published_time":"2026-03-13T22:35:36+00:00","og_image":[{"width":1080,"height":707,"url":"https:\/\/portalnpm.com\/wp-content\/uploads\/2026\/03\/Vicente-Nery-e-confirmado-como-segunda-atracao-do-aniversario-de-34-anos-de-Marcolandia.jpg","type":"image\/jpeg"}],"author":"Genival Barbosa","twitter_card":"summary_large_image","twitter_misc":{"Escrito por":"Genival Barbosa","Est. tempo de leitura":"2 minutos"},"schema":{"@context":"https:\/\/schema.org","@graph":[{"@type":"WebPage","@id":"https:\/\/portalnpm.com\/index.php\/2026\/03\/13\/vicente-nery-e-confirmado-como-segunda-atracao-do-aniversario-de-34-anos-de-marcolandia\/","url":"https:\/\/portalnpm.com\/index.php\/2026\/03\/13\/vicente-nery-e-confirmado-como-segunda-atracao-do-aniversario-de-34-anos-de-marcolandia\/","name":"Vicente Nery \u00e9 confirmado como segunda atra\u00e7\u00e3o do anivers\u00e1rio de 34 anos de Marcol\u00e2ndia - Portal NPM","isPartOf":{"@id":"https:\/\/portalnpm.com\/#website"},"primaryImageOfPage":{"@id":"https:\/\/portalnpm.com\/index.php\/2026\/03\/13\/vicente-nery-e-confirmado-como-segunda-atracao-do-aniversario-de-34-anos-de-marcolandia\/#primaryimage"},"image":{"@id":"https:\/\/portalnpm.com\/index.php\/2026\/03\/13\/vicente-nery-e-confirmado-como-segunda-atracao-do-aniversario-de-34-anos-de-marcolandia\/#primaryimage"},"thumbnailUrl":"https:\/\/portalnpm.com\/wp-content\/uploads\/2026\/03\/Vicente-Nery-e-confirmado-como-segunda-atracao-do-aniversario-de-34-anos-de-Marcolandia.jpg","datePublished":"2026-03-13T22:35:36+00:00","dateModified":"2026-03-13T22:35:36+00:00","author":{"@id":"https:\/\/portalnpm.com\/#\/schema\/person\/49313e563cfdefcc167f1ee4c017c294"},"breadcrumb":{"@id":"https:\/\/portalnpm.com\/index.php\/2026\/03\/13\/vicente-nery-e-confirmado-como-segunda-atracao-do-aniversario-de-34-anos-de-marcolandia\/#breadcrumb"},"inLanguage":"pt-BR","potentialAction":[{"@type":"ReadAction","target":["https:\/\/portalnpm.com\/index.php\/2026\/03\/13\/vicente-nery-e-confirmado-como-segunda-atracao-do-aniversario-de-34-anos-de-marcolandia\/"]}]},{"@type":"ImageObject","inLanguage":"pt-BR","@id":"https:\/\/portalnpm.com\/index.php\/2026\/03\/13\/vicente-nery-e-confirmado-como-segunda-atracao-do-aniversario-de-34-anos-de-marcolandia\/#primaryimage","url":"https:\/\/portalnpm.com\/wp-content\/uploads\/2026\/03\/Vicente-Nery-e-confirmado-como-segunda-atracao-do-aniversario-de-34-anos-de-Marcolandia.jpg","contentUrl":"https:\/\/portalnpm.com\/wp-content\/uploads\/2026\/03\/Vicente-Nery-e-confirmado-como-segunda-atracao-do-aniversario-de-34-anos-de-Marcolandia.jpg","width":1080,"height":707},{"@type":"BreadcrumbList","@id":"https:\/\/portalnpm.com\/index.php\/2026\/03\/13\/vicente-nery-e-confirmado-como-segunda-atracao-do-aniversario-de-34-anos-de-marcolandia\/#breadcrumb","itemListElement":[{"@type":"ListItem","position":1,"name":"In\u00edcio","item":"https:\/\/portalnpm.com\/"},{"@type":"ListItem","position":2,"name":"Vicente Nery \u00e9 confirmado como segunda atra\u00e7\u00e3o do anivers\u00e1rio de 34 anos de Marcol\u00e2ndia"}]},{"@type":"WebSite","@id":"https:\/\/portalnpm.com\/#website","url":"https:\/\/portalnpm.com\/","name":"Portal NPM","description":"Not\u00edcias em Primeira M\u00e3o","potentialAction":[{"@type":"SearchAction","target":{"@type":"EntryPoint","urlTemplate":"https:\/\/portalnpm.com\/?s={search_term_string}"},"query-input":"required name=search_term_string"}],"inLanguage":"pt-BR"},{"@type":"Person","@id":"https:\/\/portalnpm.com\/#\/schema\/person\/49313e563cfdefcc167f1ee4c017c294","name":"Genival Barbosa","image":{"@type":"ImageObject","inLanguage":"pt-BR","@id":"https:\/\/portalnpm.com\/#\/schema\/person\/image\/","url":"https:\/\/portalnpm.com\/wp-content\/uploads\/2024\/02\/avatar_user_2_1707743258-96x96.jpeg","contentUrl":"https:\/\/portalnpm.com\/wp-content\/uploads\/2024\/02\/avatar_user_2_1707743258-96x96.jpeg","caption":"Genival Barbosa"},"url":"https:\/\/portalnpm.com\/index.php\/author\/genival\/"}]}},"jetpack_sharing_enabled":true,"jetpack_featured_media_url":"https:\/\/portalnpm.com\/wp-content\/uploads\/2026\/03\/Vicente-Nery-e-confirmado-como-segunda-atracao-do-aniversario-de-34-anos-de-Marcolandia.jpg","_links":{"self":[{"href":"https:\/\/portalnpm.com\/index.php\/wp-json\/wp\/v2\/posts\/94143"}],"collection":[{"href":"https:\/\/portalnpm.com\/index.php\/wp-json\/wp\/v2\/posts"}],"about":[{"href":"https:\/\/portalnpm.com\/index.php\/wp-json\/wp\/v2\/types\/post"}],"author":[{"embeddable":true,"href":"https:\/\/portalnpm.com\/index.php\/wp-json\/wp\/v2\/users\/2"}],"replies":[{"embeddable":true,"href":"https:\/\/portalnpm.com\/index.php\/wp-json\/wp\/v2\/comments?post=94143"}],"version-history":[{"count":1,"href":"https:\/\/portalnpm.com\/index.php\/wp-json\/wp\/v2\/posts\/94143\/revisions"}],"predecessor-version":[{"id":94145,"href":"https:\/\/portalnpm.com\/index.php\/wp-json\/wp\/v2\/posts\/94143\/revisions\/94145"}],"wp:featuredmedia":[{"embeddable":true,"href":"https:\/\/portalnpm.com\/index.php\/wp-json\/wp\/v2\/media\/94144"}],"wp:attachment":[{"href":"https:\/\/portalnpm.com\/index.php\/wp-json\/wp\/v2\/media?parent=94143"}],"wp:term":[{"taxonomy":"category","embeddable":true,"href":"https:\/\/portalnpm.com\/index.php\/wp-json\/wp\/v2\/categories?post=94143"},{"taxonomy":"post_tag","embeddable":true,"href":"https:\/\/portalnpm.com\/index.php\/wp-json\/wp\/v2\/tags?post=94143"}],"curies":[{"name":"wp","href":"https:\/\/api.w.org\/{rel}","templated":true}]}}