{"id":94146,"date":"2026-03-13T19:39:14","date_gmt":"2026-03-13T22:39:14","guid":{"rendered":"https:\/\/portalnpm.com\/?p=94146"},"modified":"2026-03-13T19:39:14","modified_gmt":"2026-03-13T22:39:14","slug":"wellington-dias-anuncia-chapa-majoritaria-do-pt-nas-eleicoes-de-2026-no-piaui","status":"publish","type":"post","link":"https:\/\/portalnpm.com\/index.php\/2026\/03\/13\/wellington-dias-anuncia-chapa-majoritaria-do-pt-nas-eleicoes-de-2026-no-piaui\/","title":{"rendered":"Wellington Dias anuncia chapa majorit\u00e1ria do PT nas elei\u00e7\u00f5es de 2026 no Piau\u00ed"},"content":{"rendered":"<p>Foi anunciada oficialmente nesta sexta-feira (13) a composi\u00e7\u00e3o da chapa majorit\u00e1ria da base governista para as elei\u00e7\u00f5es de 2026 no Piau\u00ed. O an\u00fancio acontece durante evento na sede do Partido dos Trabalhadores (PT), em Teresina, com a presen\u00e7a de lideran\u00e7as da base aliada. A chapa foi anunciada oficialmente pelo ministro do Minist\u00e9rio do Desenvolvimento e Assist\u00eancia Social, Fam\u00edlia e Combate \u00e0 Fome (MDS), Wellington Dias (PT). Ap\u00f3s a fala do ministro, o governador Rafael Fonteles tamb\u00e9m se manifestou.<\/p>\n<h3><strong>A chapa ser\u00e1 formada por:<\/strong><\/h3>\n<ul>\n<li><strong>Rafael Fonteles (PT)<\/strong> \u2013 candidato \u00e0 reelei\u00e7\u00e3o ao Governo do Estado<\/li>\n<li><strong>Washington Bandeira (PT)<\/strong> \u2013 vice-governador<\/li>\n<li><strong>Marcelo Castro (MDB)<\/strong> \u2013 candidato ao Senado<\/li>\n<li><strong>J\u00falio C\u00e9sar (PSD)<\/strong> \u2013 candidato ao Senado<\/li>\n<\/ul>\n<p>Durante o evento, <strong>Wellington Dias afirmou que o grupo chega unido para a disputa eleitoral <\/strong>e destacou o alinhamento entre os partidos da base.<\/p>\n<blockquote><p>\u201cA partir de hoje posso afirmar com toda seguran\u00e7a: estamos unidos como nunca. N\u00e3o \u00e9 apenas um juntar de pessoas, \u00e9 caminhar numa mesma dire\u00e7\u00e3o\u201d, declarou.<\/p><\/blockquote>\n<p>Segundo ele, a composi\u00e7\u00e3o re\u00fane <strong>11 partidos<\/strong> e deve atuar de forma integrada nas elei\u00e7\u00f5es de 2026. \u201c\u00c9 uma uni\u00e3o feita a partir do di\u00e1logo. Vamos celebrar essa unidade em cada munic\u00edpio do Piau\u00ed\u201d, disse.<\/p>\n<p>Wellington Dias tamb\u00e9m ressaltou o hist\u00f3rico eleitoral do grupo pol\u00edtico no estado.<\/p>\n<blockquote><p>\u201cDesde 2002 fomos eleitos cinco vezes ao governo em primeiro turno. Esse time est\u00e1 unido em torno de um projeto para o Piau\u00ed e para o Brasil\u201d, afirmou.<\/p><\/blockquote>\n<p>De acordo com o senador, a base governista ter\u00e1 como refer\u00eancia nacional o presidente <strong>Luiz In\u00e1cio Lula da Silva (PT)<\/strong>, enquanto no estado o projeto ser\u00e1 liderado pelo governador Rafael Fonteles.<\/p>\n<p><strong>\u201cSeremos liderados no Brasil por Lula. No Piau\u00ed temos Rafael, Washington Bandeira, Marcelo Castro e J\u00falio C\u00e9sar\u201d, afirmou.<\/strong><\/p>\n<p><em>Foto: Roberta Aline<\/em><\/p>\n<p><img decoding=\"async\" src=\"https:\/\/cidadeverde.com\/assets\/uploads\/colecoes\/14746\/2026\/03\/pt-anuncio-chapa-2026-wellington-rafael-bandeira_8.jpeg\" alt=\"An\u00fancio da chapa do PT Rafael e Washington Bandeira elei\u00e7\u00f5es 2026\" \/><\/p>\n<h2><strong>Rafael Fonteles destaca uni\u00e3o <\/strong><\/h2>\n<p data-end=\"2194\" data-start=\"2030\">Durante o evento, o governador <strong data-end=\"2085\" data-start=\"2061\">Rafael Fonteles (PT)<\/strong> refor\u00e7ou a import\u00e2ncia da<strong> uni\u00e3o pol\u00edtica da base<\/strong> e destacou o papel de Wellington Dias na condu\u00e7\u00e3o do grupo. Segundo Fonteles, a for\u00e7a pol\u00edtica do grupo est\u00e1 diretamente ligada \u00e0 unidade entre os partidos.<\/p>\n<blockquote><p>\u201cEsse time tem for\u00e7a pol\u00edtica porque tem uni\u00e3o pol\u00edtica. \u00c9 uma uni\u00e3o de prop\u00f3sito que faz esse grupo forte\u201d, declarou.<\/p><\/blockquote>\n<p data-end=\"2723\" data-start=\"2622\">O governador afirmou ainda que a defini\u00e7\u00e3o da chapa \u00e9 resultado do <strong>di\u00e1logo entre os partidos da base.<\/strong> \u201cO di\u00e1logo entre os l\u00edderes e os partidos caminhou de maneira acelerada para esse momento de consenso e de uni\u00e3o, que certamente ser\u00e1 fundamental para nossa caminhada nas elei\u00e7\u00f5es\u201d, disse.<\/p>\n<h2 data-end=\"2945\" data-start=\"2917\"><strong>\u201cHumildade e p\u00e9 no ch\u00e3o\u201d<\/strong><\/h2>\n<p data-end=\"3035\" data-start=\"2947\">Rafael Fonteles tamb\u00e9m destacou que o grupo pretende<strong> conduzir o processo eleitoral com cautela.<\/strong> \u201cOutro sentimento que marca esse time \u00e9 a humildade e o p\u00e9 no ch\u00e3o. O processo pol\u00edtico \u00e9 complexo e depende de v\u00e1rias vari\u00e1veis, portanto nunca podemos estar de salto alto\u201d, afirmou.<\/p>\n<h2><strong>Avan\u00e7o do Piau\u00ed no IDH<\/strong><\/h2>\n<p data-end=\"3735\" data-start=\"3495\">Durante o discurso, o governador tamb\u00e9m citou dados que, segundo ele, devem ser divulgados em breve pelo Programa das Na\u00e7\u00f5es Unidas para o Desenvolvimento (PNUD) sobre o avan\u00e7o do Brasil e do Piau\u00ed no \u00cdndice de Desenvolvimento Humano (IDH).<\/p>\n<p data-end=\"3879\" data-start=\"3737\">De acordo com Fonteles, o Brasil dever\u00e1 ultrapassar pela primeira vez a marca de <strong data-end=\"3835\" data-start=\"3818\">0,8 no \u00edndice<\/strong>, considerada de desenvolvimento muito alto.<\/p>\n<blockquote>\n<p data-end=\"4038\" data-start=\"3883\">\u201cDos 27 estados, o que mais evoluiu no IDH foi exatamente o estado do Piau\u00ed. Quem vai dizer isso \u00e9 a pr\u00f3pria ONU\u201d, afirmou.<\/p>\n<\/blockquote>\n<p data-end=\"4158\" data-start=\"4040\">Segundo ele, o resultado reflete pol\u00edticas p\u00fablicas voltadas \u00e0 melhoria da educa\u00e7\u00e3o, renda e longevidade da popula\u00e7\u00e3o.<\/p>\n<p><em>Foto: Roberta Aline<\/em><\/p>\n<p><img decoding=\"async\" src=\"https:\/\/cidadeverde.com\/assets\/uploads\/colecoes\/14746\/2026\/03\/pt-anuncio-chapa-2026-wellington-rafael-bandeira_4.jpeg\" alt=\"An\u00fancio da chapa do PT Rafael e Washington Bandeira elei\u00e7\u00f5es 2026\" \/><\/p>\n<h2 data-end=\"593\" data-start=\"515\"><strong data-end=\"593\" data-start=\"515\">Washington Bandeira cita Batalha do Jenipapo e agradece confian\u00e7a na chapa<\/strong><\/h2>\n<p data-end=\"845\" data-start=\"595\">O ex-secret\u00e1rio de Educa\u00e7\u00e3o e pr\u00e9-candidato a vice-governador, <strong data-end=\"683\" data-start=\"655\">Washington Bandeira (PT)<\/strong>, destacou a uni\u00e3o da base governista e relacionou o momento pol\u00edtico \u00e0 data hist\u00f3rica de 13 de mar\u00e7o, quando se comemoram os 203 anos da <strong data-end=\"844\" data-start=\"821\">Batalha do Jenipapo<\/strong>.<\/p>\n<p data-end=\"1037\" data-start=\"849\">\u201c<strong>Na Batalha do Jenipapo, o protagonista foi o povo<\/strong>: vaqueiros, agricultores e populares que lutaram contra as tropas de Portugal, mostrando a for\u00e7a e a coragem do povo piauiense\u201d, afirmou.<\/p>\n<p data-end=\"1105\" data-start=\"1039\">Segundo ele,<strong> o grupo pol\u00edtico busca manter esse esp\u00edrito de uni\u00e3o<\/strong>. \u201cHoje estamos aqui celebrando a uni\u00e3o e a for\u00e7a desse time, em que a prioridade e o protagonista tamb\u00e9m s\u00e3o o povo\u201d, disse.<\/p>\n<p data-end=\"1343\" data-start=\"1234\">Bandeira tamb\u00e9m agradeceu \u00e0s lideran\u00e7as pela confian\u00e7a em integr\u00e1-lo \u00e0 chapa e destacou sua liga\u00e7\u00e3o com o PT.<\/p>\n<blockquote data-end=\"1512\" data-start=\"1345\">\n<p data-end=\"1512\" data-start=\"1347\">\u201cSempre fui PT, de cora\u00e7\u00e3o e de alma. Por quest\u00f5es legais, como eu era magistrado, n\u00e3o podia. Agora tenho a honra de fazer parte desse time e dessa chapa\u201d, declarou.<\/p>\n<\/blockquote>\n<h2><strong>J\u00falio C\u00e9sar destaca compromisso com o futuro<\/strong><\/h2>\n<p>O deputado federal e pr\u00e9-candidato ao Senado, <strong>J\u00falio C\u00e9sar (PSD)<\/strong>, afirmou que a composi\u00e7\u00e3o da chapa representa um compromisso coletivo da base governista. \u201cEssa chapa n\u00e3o \u00e9 de interesse pessoal, nem meu, nem do Marcelo, nem do governador ou do Washington. \u00c9 uma chapa de interesse de todos\u201d, declarou.<\/p>\n<p>Segundo ele, o grupo pol\u00edtico chega unido para a disputa eleitoral.<\/p>\n<blockquote><p>\u201cElei\u00e7\u00e3o n\u00e3o se ganha no microfone. Elei\u00e7\u00e3o se ganha com trabalho, mostrando a hist\u00f3ria, o presente e o compromisso com o futuro\u201d, afirmou.<\/p><\/blockquote>\n<h2><strong>Marcelo Castro diz que grupo supera diverg\u00eancias<\/strong><\/h2>\n<p>O senador <strong>Marcelo Castro (MDB)<\/strong> destacou a rela\u00e7\u00e3o hist\u00f3rica entre o MDB e o PT no estado e afirmou que o grupo chega unido para apoiar a reelei\u00e7\u00e3o do governador Rafael Fonteles. \u201cEm toda a minha trajet\u00f3ria o PT sempre contou com Marcelo Castro, e eu sempre contei com o PT\u201d, disse.<\/p>\n<p>Segundo o senador, a base superou eventuais diverg\u00eancias internas e se apresenta fortalecida para a disputa eleitoral.<\/p>\n<blockquote><p>\u201cEstamos aqui, vencidas algumas desintelig\u00eancias que poderiam ter ocorrido, como um grupo forte e unido para apoiar o governador Rafael Fonteles e continuar esse trabalho em favor do Piau\u00ed\u201d, afirmou.<\/p>\n<p data-end=\"4158\" data-start=\"4040\">\n<\/blockquote>\n<h2 data-end=\"4326\" data-start=\"4162\"><strong>Defini\u00e7\u00e3o ocorreu ap\u00f3s reuni\u00e3o<\/strong><\/h2>\n<p><a href=\"https:\/\/cidadeverde.com\/noticias\/452367\/apos-reuniao-base-de-rafael-define-chapa-para-eleicoes-nao-tem-mais-volta\">A confirma\u00e7\u00e3o da chapa ocorre um dia ap\u00f3s reuni\u00e3o realizada na casa do governador Rafael Fonteles, na noite de quinta-feira (12). No encontro, lideran\u00e7as da base bateram o martelo sobre a composi\u00e7\u00e3o majorit\u00e1ria.<\/a><\/p>\n<p>A avalia\u00e7\u00e3o entre aliados \u00e9 que a defini\u00e7\u00e3o encerra as articula\u00e7\u00f5es em torno da chapa majorit\u00e1ria, e que as negocia\u00e7\u00f5es agora devem se concentrar nas <strong>chapas proporcionais para deputado federal e estadual<\/strong>.<\/p>\n<p>Durante o evento desta sexta-feira, Wellington Dias refor\u00e7ou que o grupo seguir\u00e1 unido durante a campanha.<\/p>\n<blockquote><p>\u201cAqui ningu\u00e9m vai titubear. Estaremos em cada canto unidos, com humildade e muito trabalho\u201d, declarou.<\/p>\n<p>Fonte: Cidade Verde<\/p><\/blockquote>\n","protected":false},"excerpt":{"rendered":"<p>Foi anunciada oficialmente nesta sexta-feira (13) a composi\u00e7\u00e3o da chapa majorit\u00e1ria da base governista para as elei\u00e7\u00f5es de 2026 no Piau\u00ed. O an\u00fancio acontece durante evento na sede do Partido dos Trabalhadores (PT), em Teresina, com a presen\u00e7a de lideran\u00e7as da base aliada. A chapa foi anunciada oficialmente pelo ministro do Minist\u00e9rio do Desenvolvimento e &hellip;<\/p>\n","protected":false},"author":2,"featured_media":94147,"comment_status":"open","ping_status":"open","sticky":false,"template":"","format":"standard","meta":{"content-type":"","rop_custom_images_group":[],"rop_custom_messages_group":[],"rop_publish_now":"no","rop_publish_now_accounts":{"facebook_2648258775420054_1618374048415101":""},"rop_publish_now_history":[{"account":"facebook_2648258775420054_1618374048415101","service":"facebook","timestamp":1773441572,"status":"success"}],"rop_publish_now_status":"done","footnotes":"","_jetpack_memberships_contains_paid_content":false},"categories":[113],"tags":[14635,223,378,230,915,382,5713,1109,187,403,9673],"yoast_head":"<!-- This site is optimized with the Yoast SEO plugin v22.3 - https:\/\/yoast.com\/wordpress\/plugins\/seo\/ -->\n<title>Wellington Dias anuncia chapa majorit\u00e1ria do PT nas elei\u00e7\u00f5es de 2026 no Piau\u00ed - Portal NPM<\/title>\n<meta name=\"robots\" content=\"index, follow, max-snippet:-1, max-image-preview:large, max-video-preview:-1\" \/>\n<link rel=\"canonical\" href=\"https:\/\/portalnpm.com\/index.php\/2026\/03\/13\/wellington-dias-anuncia-chapa-majoritaria-do-pt-nas-eleicoes-de-2026-no-piaui\/\" \/>\n<meta property=\"og:locale\" content=\"pt_BR\" \/>\n<meta property=\"og:type\" content=\"article\" \/>\n<meta property=\"og:title\" content=\"Wellington Dias anuncia chapa majorit\u00e1ria do PT nas elei\u00e7\u00f5es de 2026 no Piau\u00ed - Portal NPM\" \/>\n<meta property=\"og:description\" content=\"Foi anunciada oficialmente nesta sexta-feira (13) a composi\u00e7\u00e3o da chapa majorit\u00e1ria da base governista para as elei\u00e7\u00f5es de 2026 no Piau\u00ed. O an\u00fancio acontece durante evento na sede do Partido dos Trabalhadores (PT), em Teresina, com a presen\u00e7a de lideran\u00e7as da base aliada. A chapa foi anunciada oficialmente pelo ministro do Minist\u00e9rio do Desenvolvimento e &hellip;\" \/>\n<meta property=\"og:url\" content=\"https:\/\/portalnpm.com\/index.php\/2026\/03\/13\/wellington-dias-anuncia-chapa-majoritaria-do-pt-nas-eleicoes-de-2026-no-piaui\/\" \/>\n<meta property=\"og:site_name\" content=\"Portal NPM\" \/>\n<meta property=\"article:published_time\" content=\"2026-03-13T22:39:14+00:00\" \/>\n<meta property=\"og:image\" content=\"https:\/\/portalnpm.com\/wp-content\/uploads\/2026\/03\/pt-anuncio-chapa-2026-wellington-rafael-bandeira_14.jpeg\" \/>\n\t<meta property=\"og:image:width\" content=\"1280\" \/>\n\t<meta property=\"og:image:height\" content=\"854\" \/>\n\t<meta property=\"og:image:type\" content=\"image\/jpeg\" \/>\n<meta name=\"author\" content=\"Genival Barbosa\" \/>\n<meta name=\"twitter:card\" content=\"summary_large_image\" \/>\n<meta name=\"twitter:label1\" content=\"Escrito por\" \/>\n\t<meta name=\"twitter:data1\" content=\"Genival Barbosa\" \/>\n\t<meta name=\"twitter:label2\" content=\"Est. tempo de leitura\" \/>\n\t<meta name=\"twitter:data2\" content=\"6 minutos\" \/>\n<script type=\"application\/ld+json\" class=\"yoast-schema-graph\">{\"@context\":\"https:\/\/schema.org\",\"@graph\":[{\"@type\":\"WebPage\",\"@id\":\"https:\/\/portalnpm.com\/index.php\/2026\/03\/13\/wellington-dias-anuncia-chapa-majoritaria-do-pt-nas-eleicoes-de-2026-no-piaui\/\",\"url\":\"https:\/\/portalnpm.com\/index.php\/2026\/03\/13\/wellington-dias-anuncia-chapa-majoritaria-do-pt-nas-eleicoes-de-2026-no-piaui\/\",\"name\":\"Wellington Dias anuncia chapa majorit\u00e1ria do PT nas elei\u00e7\u00f5es de 2026 no Piau\u00ed - Portal NPM\",\"isPartOf\":{\"@id\":\"https:\/\/portalnpm.com\/#website\"},\"primaryImageOfPage\":{\"@id\":\"https:\/\/portalnpm.com\/index.php\/2026\/03\/13\/wellington-dias-anuncia-chapa-majoritaria-do-pt-nas-eleicoes-de-2026-no-piaui\/#primaryimage\"},\"image\":{\"@id\":\"https:\/\/portalnpm.com\/index.php\/2026\/03\/13\/wellington-dias-anuncia-chapa-majoritaria-do-pt-nas-eleicoes-de-2026-no-piaui\/#primaryimage\"},\"thumbnailUrl\":\"https:\/\/portalnpm.com\/wp-content\/uploads\/2026\/03\/pt-anuncio-chapa-2026-wellington-rafael-bandeira_14.jpeg\",\"datePublished\":\"2026-03-13T22:39:14+00:00\",\"dateModified\":\"2026-03-13T22:39:14+00:00\",\"author\":{\"@id\":\"https:\/\/portalnpm.com\/#\/schema\/person\/49313e563cfdefcc167f1ee4c017c294\"},\"breadcrumb\":{\"@id\":\"https:\/\/portalnpm.com\/index.php\/2026\/03\/13\/wellington-dias-anuncia-chapa-majoritaria-do-pt-nas-eleicoes-de-2026-no-piaui\/#breadcrumb\"},\"inLanguage\":\"pt-BR\",\"potentialAction\":[{\"@type\":\"ReadAction\",\"target\":[\"https:\/\/portalnpm.com\/index.php\/2026\/03\/13\/wellington-dias-anuncia-chapa-majoritaria-do-pt-nas-eleicoes-de-2026-no-piaui\/\"]}]},{\"@type\":\"ImageObject\",\"inLanguage\":\"pt-BR\",\"@id\":\"https:\/\/portalnpm.com\/index.php\/2026\/03\/13\/wellington-dias-anuncia-chapa-majoritaria-do-pt-nas-eleicoes-de-2026-no-piaui\/#primaryimage\",\"url\":\"https:\/\/portalnpm.com\/wp-content\/uploads\/2026\/03\/pt-anuncio-chapa-2026-wellington-rafael-bandeira_14.jpeg\",\"contentUrl\":\"https:\/\/portalnpm.com\/wp-content\/uploads\/2026\/03\/pt-anuncio-chapa-2026-wellington-rafael-bandeira_14.jpeg\",\"width\":1280,\"height\":854},{\"@type\":\"BreadcrumbList\",\"@id\":\"https:\/\/portalnpm.com\/index.php\/2026\/03\/13\/wellington-dias-anuncia-chapa-majoritaria-do-pt-nas-eleicoes-de-2026-no-piaui\/#breadcrumb\",\"itemListElement\":[{\"@type\":\"ListItem\",\"position\":1,\"name\":\"In\u00edcio\",\"item\":\"https:\/\/portalnpm.com\/\"},{\"@type\":\"ListItem\",\"position\":2,\"name\":\"Wellington Dias anuncia chapa majorit\u00e1ria do PT nas elei\u00e7\u00f5es de 2026 no Piau\u00ed\"}]},{\"@type\":\"WebSite\",\"@id\":\"https:\/\/portalnpm.com\/#website\",\"url\":\"https:\/\/portalnpm.com\/\",\"name\":\"Portal NPM\",\"description\":\"Not\u00edcias em Primeira M\u00e3o\",\"potentialAction\":[{\"@type\":\"SearchAction\",\"target\":{\"@type\":\"EntryPoint\",\"urlTemplate\":\"https:\/\/portalnpm.com\/?s={search_term_string}\"},\"query-input\":\"required name=search_term_string\"}],\"inLanguage\":\"pt-BR\"},{\"@type\":\"Person\",\"@id\":\"https:\/\/portalnpm.com\/#\/schema\/person\/49313e563cfdefcc167f1ee4c017c294\",\"name\":\"Genival Barbosa\",\"image\":{\"@type\":\"ImageObject\",\"inLanguage\":\"pt-BR\",\"@id\":\"https:\/\/portalnpm.com\/#\/schema\/person\/image\/\",\"url\":\"https:\/\/portalnpm.com\/wp-content\/uploads\/2024\/02\/avatar_user_2_1707743258-96x96.jpeg\",\"contentUrl\":\"https:\/\/portalnpm.com\/wp-content\/uploads\/2024\/02\/avatar_user_2_1707743258-96x96.jpeg\",\"caption\":\"Genival Barbosa\"},\"url\":\"https:\/\/portalnpm.com\/index.php\/author\/genival\/\"}]}<\/script>\n<!-- \/ Yoast SEO plugin. -->","yoast_head_json":{"title":"Wellington Dias anuncia chapa majorit\u00e1ria do PT nas elei\u00e7\u00f5es de 2026 no Piau\u00ed - Portal NPM","robots":{"index":"index","follow":"follow","max-snippet":"max-snippet:-1","max-image-preview":"max-image-preview:large","max-video-preview":"max-video-preview:-1"},"canonical":"https:\/\/portalnpm.com\/index.php\/2026\/03\/13\/wellington-dias-anuncia-chapa-majoritaria-do-pt-nas-eleicoes-de-2026-no-piaui\/","og_locale":"pt_BR","og_type":"article","og_title":"Wellington Dias anuncia chapa majorit\u00e1ria do PT nas elei\u00e7\u00f5es de 2026 no Piau\u00ed - Portal NPM","og_description":"Foi anunciada oficialmente nesta sexta-feira (13) a composi\u00e7\u00e3o da chapa majorit\u00e1ria da base governista para as elei\u00e7\u00f5es de 2026 no Piau\u00ed. O an\u00fancio acontece durante evento na sede do Partido dos Trabalhadores (PT), em Teresina, com a presen\u00e7a de lideran\u00e7as da base aliada. A chapa foi anunciada oficialmente pelo ministro do Minist\u00e9rio do Desenvolvimento e &hellip;","og_url":"https:\/\/portalnpm.com\/index.php\/2026\/03\/13\/wellington-dias-anuncia-chapa-majoritaria-do-pt-nas-eleicoes-de-2026-no-piaui\/","og_site_name":"Portal NPM","article_published_time":"2026-03-13T22:39:14+00:00","og_image":[{"width":1280,"height":854,"url":"https:\/\/portalnpm.com\/wp-content\/uploads\/2026\/03\/pt-anuncio-chapa-2026-wellington-rafael-bandeira_14.jpeg","type":"image\/jpeg"}],"author":"Genival Barbosa","twitter_card":"summary_large_image","twitter_misc":{"Escrito por":"Genival Barbosa","Est. tempo de leitura":"6 minutos"},"schema":{"@context":"https:\/\/schema.org","@graph":[{"@type":"WebPage","@id":"https:\/\/portalnpm.com\/index.php\/2026\/03\/13\/wellington-dias-anuncia-chapa-majoritaria-do-pt-nas-eleicoes-de-2026-no-piaui\/","url":"https:\/\/portalnpm.com\/index.php\/2026\/03\/13\/wellington-dias-anuncia-chapa-majoritaria-do-pt-nas-eleicoes-de-2026-no-piaui\/","name":"Wellington Dias anuncia chapa majorit\u00e1ria do PT nas elei\u00e7\u00f5es de 2026 no Piau\u00ed - Portal NPM","isPartOf":{"@id":"https:\/\/portalnpm.com\/#website"},"primaryImageOfPage":{"@id":"https:\/\/portalnpm.com\/index.php\/2026\/03\/13\/wellington-dias-anuncia-chapa-majoritaria-do-pt-nas-eleicoes-de-2026-no-piaui\/#primaryimage"},"image":{"@id":"https:\/\/portalnpm.com\/index.php\/2026\/03\/13\/wellington-dias-anuncia-chapa-majoritaria-do-pt-nas-eleicoes-de-2026-no-piaui\/#primaryimage"},"thumbnailUrl":"https:\/\/portalnpm.com\/wp-content\/uploads\/2026\/03\/pt-anuncio-chapa-2026-wellington-rafael-bandeira_14.jpeg","datePublished":"2026-03-13T22:39:14+00:00","dateModified":"2026-03-13T22:39:14+00:00","author":{"@id":"https:\/\/portalnpm.com\/#\/schema\/person\/49313e563cfdefcc167f1ee4c017c294"},"breadcrumb":{"@id":"https:\/\/portalnpm.com\/index.php\/2026\/03\/13\/wellington-dias-anuncia-chapa-majoritaria-do-pt-nas-eleicoes-de-2026-no-piaui\/#breadcrumb"},"inLanguage":"pt-BR","potentialAction":[{"@type":"ReadAction","target":["https:\/\/portalnpm.com\/index.php\/2026\/03\/13\/wellington-dias-anuncia-chapa-majoritaria-do-pt-nas-eleicoes-de-2026-no-piaui\/"]}]},{"@type":"ImageObject","inLanguage":"pt-BR","@id":"https:\/\/portalnpm.com\/index.php\/2026\/03\/13\/wellington-dias-anuncia-chapa-majoritaria-do-pt-nas-eleicoes-de-2026-no-piaui\/#primaryimage","url":"https:\/\/portalnpm.com\/wp-content\/uploads\/2026\/03\/pt-anuncio-chapa-2026-wellington-rafael-bandeira_14.jpeg","contentUrl":"https:\/\/portalnpm.com\/wp-content\/uploads\/2026\/03\/pt-anuncio-chapa-2026-wellington-rafael-bandeira_14.jpeg","width":1280,"height":854},{"@type":"BreadcrumbList","@id":"https:\/\/portalnpm.com\/index.php\/2026\/03\/13\/wellington-dias-anuncia-chapa-majoritaria-do-pt-nas-eleicoes-de-2026-no-piaui\/#breadcrumb","itemListElement":[{"@type":"ListItem","position":1,"name":"In\u00edcio","item":"https:\/\/portalnpm.com\/"},{"@type":"ListItem","position":2,"name":"Wellington Dias anuncia chapa majorit\u00e1ria do PT nas elei\u00e7\u00f5es de 2026 no Piau\u00ed"}]},{"@type":"WebSite","@id":"https:\/\/portalnpm.com\/#website","url":"https:\/\/portalnpm.com\/","name":"Portal NPM","description":"Not\u00edcias em Primeira M\u00e3o","potentialAction":[{"@type":"SearchAction","target":{"@type":"EntryPoint","urlTemplate":"https:\/\/portalnpm.com\/?s={search_term_string}"},"query-input":"required name=search_term_string"}],"inLanguage":"pt-BR"},{"@type":"Person","@id":"https:\/\/portalnpm.com\/#\/schema\/person\/49313e563cfdefcc167f1ee4c017c294","name":"Genival Barbosa","image":{"@type":"ImageObject","inLanguage":"pt-BR","@id":"https:\/\/portalnpm.com\/#\/schema\/person\/image\/","url":"https:\/\/portalnpm.com\/wp-content\/uploads\/2024\/02\/avatar_user_2_1707743258-96x96.jpeg","contentUrl":"https:\/\/portalnpm.com\/wp-content\/uploads\/2024\/02\/avatar_user_2_1707743258-96x96.jpeg","caption":"Genival Barbosa"},"url":"https:\/\/portalnpm.com\/index.php\/author\/genival\/"}]}},"jetpack_sharing_enabled":true,"jetpack_featured_media_url":"https:\/\/portalnpm.com\/wp-content\/uploads\/2026\/03\/pt-anuncio-chapa-2026-wellington-rafael-bandeira_14.jpeg","_links":{"self":[{"href":"https:\/\/portalnpm.com\/index.php\/wp-json\/wp\/v2\/posts\/94146"}],"collection":[{"href":"https:\/\/portalnpm.com\/index.php\/wp-json\/wp\/v2\/posts"}],"about":[{"href":"https:\/\/portalnpm.com\/index.php\/wp-json\/wp\/v2\/types\/post"}],"author":[{"embeddable":true,"href":"https:\/\/portalnpm.com\/index.php\/wp-json\/wp\/v2\/users\/2"}],"replies":[{"embeddable":true,"href":"https:\/\/portalnpm.com\/index.php\/wp-json\/wp\/v2\/comments?post=94146"}],"version-history":[{"count":1,"href":"https:\/\/portalnpm.com\/index.php\/wp-json\/wp\/v2\/posts\/94146\/revisions"}],"predecessor-version":[{"id":94148,"href":"https:\/\/portalnpm.com\/index.php\/wp-json\/wp\/v2\/posts\/94146\/revisions\/94148"}],"wp:featuredmedia":[{"embeddable":true,"href":"https:\/\/portalnpm.com\/index.php\/wp-json\/wp\/v2\/media\/94147"}],"wp:attachment":[{"href":"https:\/\/portalnpm.com\/index.php\/wp-json\/wp\/v2\/media?parent=94146"}],"wp:term":[{"taxonomy":"category","embeddable":true,"href":"https:\/\/portalnpm.com\/index.php\/wp-json\/wp\/v2\/categories?post=94146"},{"taxonomy":"post_tag","embeddable":true,"href":"https:\/\/portalnpm.com\/index.php\/wp-json\/wp\/v2\/tags?post=94146"}],"curies":[{"name":"wp","href":"https:\/\/api.w.org\/{rel}","templated":true}]}}