{"id":94186,"date":"2026-03-18T07:19:28","date_gmt":"2026-03-18T10:19:28","guid":{"rendered":"https:\/\/portalnpm.com\/?p=94186"},"modified":"2026-03-18T07:19:28","modified_gmt":"2026-03-18T10:19:28","slug":"anyara-santos-oficializa-filiacao-ao-mdb-e-confirma-pre-candidatura-a-deputada-estadual-do-piaui","status":"publish","type":"post","link":"https:\/\/portalnpm.com\/index.php\/2026\/03\/18\/anyara-santos-oficializa-filiacao-ao-mdb-e-confirma-pre-candidatura-a-deputada-estadual-do-piaui\/","title":{"rendered":"Anyara Santos oficializa filia\u00e7\u00e3o ao MDB e confirma pr\u00e9-candidatura a Deputada Estadual do Piau\u00ed"},"content":{"rendered":"<div class=\"box-1p box-top\">\n<div class=\"box-container\">\n<div class=\"box-top-full\"><\/div>\n<\/div>\n<\/div>\n<div class=\"box-1p\">\n<div class=\"box-container\">\n<div class=\"content-central\">\n<div class=\"col-l mt-print-col-l\">\n<div class=\"materia\">\n<div class=\"mat-buts\">\n<div class=\"a2a_kit a2a_kit_size_32 a2a_default_style\"><\/div>\n<\/div>\n<div class=\"box-1p\">\n<div id=\"banmat\" class=\"bandest\"><\/div>\n<\/div>\n<div class=\"mat-sh\">\n<p>O partido MDB realizou\u00a0momento de articula\u00e7\u00e3o pol\u00edtica e fortalecimento de sua base ao receber oficialmente\u00a0<strong>a pr\u00e9-candidata a Deputada Estadual\u00a0Anyara Santos<\/strong>.<\/p>\n<p>Anyara Santos para integrar o grupo de lideran\u00e7as que atuam em prol do desenvolvimento de Picos e do Estado do Piau\u00ed.<\/p>\n<p>O encontro reuniu importantes representantes da pol\u00edtica estadual e municipal, consolidando alian\u00e7as e refor\u00e7ando o compromisso coletivo com novos projetos e a\u00e7\u00f5es para a regi\u00e3o.<\/p>\n<p><img decoding=\"async\" src=\"https:\/\/agoraed.com\/userfiles\/images\/photo(5).jpg\" alt=\"\" \/><\/p>\n<p>&nbsp;<\/p>\n<p><strong>Chegada de Anyara Santos refor\u00e7a o time do MDB<\/strong><\/p>\n<p>A recep\u00e7\u00e3o foi marcada por um clima de uni\u00e3o e entusiasmo entre as lideran\u00e7as presentes, destacando a import\u00e2ncia da amplia\u00e7\u00e3o do grupo pol\u00edtico e do di\u00e1logo constante em busca de melhorias para a popula\u00e7\u00e3o.<\/p>\n<p>Durante o encontro, Anyara Santos foi apresentada como a mais nova integrante do grupo pol\u00edtico ligado ao MDB.<\/p>\n<p>A chegada foi celebrada como um refor\u00e7o importante para o partido e para as a\u00e7\u00f5es que v\u00eam sendo desenvolvidas no munic\u00edpio de Picos e em todo o estado.<\/p>\n<p>Segundo o Deputado Estadual e Presidente da Assembleia Legislativa do Piau\u00ed,\u00a0<strong>Severo Eul\u00e1lio<\/strong>, o momento simboliza o fortalecimento de uma rede de lideran\u00e7as comprometidas com o progresso regional.<\/p>\n<p>\u201cRecebemos hoje, com muita alegria, a Dra. Anyara, que vem para somar ao nosso time\u201d, destacou o Deputado Severo\u00a0ao comentar a import\u00e2ncia da nova ades\u00e3o.<\/p>\n<p><img decoding=\"async\" src=\"https:\/\/agoraed.com\/userfiles\/images\/snapinsta_com_br-69b872c6212bf.jpg\" alt=\"\" \/><\/p>\n<p>&nbsp;<\/p>\n<p><strong>Lideran\u00e7as estaduais e municipais presentes<\/strong><\/p>\n<p>O encontro contou com a presen\u00e7a de importantes nomes da pol\u00edtica piauiense, entre eles o Vice-Governador do Piau\u00ed,\u00a0<strong>Them\u00edstocles Filho<\/strong>, o Senador\u00a0<strong>Marcelo Castro<\/strong>\u00a0e o Prefeito de Picos,\u00a0<strong>Dr.\u00a0Pablo Santos.<\/strong><\/p>\n<p>A reuni\u00e3o tamb\u00e9m reuniu outras lideran\u00e7as pol\u00edticas e apoiadores que integram a base do MDB no Piau\u00ed, refor\u00e7ando o di\u00e1logo pol\u00edtico e a articula\u00e7\u00e3o em torno de projetos voltados ao desenvolvimento regional.<\/p>\n<p>A pluralidade do apoio \u00e0 pr\u00e9-candidatura de Anyara chamou a aten\u00e7\u00e3o, com a presen\u00e7a de parlamentares de diferentes siglas da base governista.<\/p>\n<p>Entre os deputados federais, registraram presen\u00e7a Florentino Neto (PT), Francisco Costa (PT) e Marcos Aur\u00e9lio (PSD).<\/p>\n<p>J\u00e1 a bancada Governista compareceu em peso, contando com os deputados Dr. H\u00e9lio (MDB), Gracinha M\u00e3o Santa (Progressistas), Coronel Carlos Augusto (MDB) e Felipe Sampaio (MDB).<\/p>\n<p><img decoding=\"async\" src=\"https:\/\/agoraed.com\/userfiles\/images\/snapinsta_com_br-69b872cec867a.jpg\" alt=\"\" \/><\/p>\n<p>&nbsp;<\/p>\n<p><strong>Anyara Santos fala sobre filia\u00e7\u00e3o ao MDB e compromisso com o Piau\u00ed<\/strong><\/p>\n<p>A filia\u00e7\u00e3o da Dra. Anyara Santos ao Movimento Democr\u00e1tico Brasileiro (MDB) foi marcada por um momento de articula\u00e7\u00e3o pol\u00edtica e fortalecimento do grupo que atua em prol do desenvolvimento do Piau\u00ed:<\/p>\n<p>&#8220;Esse foi um dia muito importante na minha vida p\u00fablica. A filia\u00e7\u00e3o ao MDB representa uma decis\u00e3o tomada com muita responsabilidade e compromisso com o povo do Piau\u00ed. \u00c9 um passo que simboliza n\u00e3o apenas uma escolha partid\u00e1ria, mas tamb\u00e9m o fortalecimento de um projeto pol\u00edtico que busca trabalhar por quem mais precisa. Estou muito feliz em poder integrar um partido com tanta hist\u00f3ria e com lideran\u00e7as comprometidas com o desenvolvimento do nosso estado.\u00a0Minha principal bandeira ser\u00e1 sempre trabalhar pelas pessoas, especialmente por aquelas que mais precisam de aten\u00e7\u00e3o do poder p\u00fablico. Queremos fortalecer pol\u00edticas p\u00fablicas nas \u00e1reas sociais, buscar melhorias para os munic\u00edpios e contribuir para o desenvolvimento regional. Esse \u00e9 um compromisso que assumo com muita seriedade.\u00a0Quero dizer \u00e0 popula\u00e7\u00e3o que seguimos firmes nesse prop\u00f3sito de construir novos caminhos. Esse \u00e9 um momento de compromisso, decis\u00e3o e responsabilidade. Vamos continuar trabalhando com dedica\u00e7\u00e3o, di\u00e1logo e respeito, sempre pensando no bem-estar do povo piauiense. Esse \u00e9 apenas o come\u00e7o de uma caminhada que queremos construir juntos com a popula\u00e7\u00e3o&#8221;, disse.<\/p>\n<p><strong>Assista o v\u00eddeo completo aqui:<\/strong><\/p>\n<div class=\"ckeditor-html5-video\" data-responsive=\"true\"><video src=\"https:\/\/agoraed.com\/userfiles\/files\/snapinsta_com_br-69b873315e792(1).mp4\" controls=\"controls\" width=\"300\" height=\"150\" data-mce-fragment=\"1\"><\/video><\/div>\n<p>&nbsp;<\/p>\n<p><strong>Uni\u00e3o pol\u00edtica em favor de Picos e do Piau\u00ed<\/strong><\/p>\n<p>Durante a ocasi\u00e3o, os participantes destacaram a import\u00e2ncia da uni\u00e3o entre as lideran\u00e7as pol\u00edticas para fortalecer iniciativas que contribuam com o crescimento econ\u00f4mico, social e estrutural dos munic\u00edpios piauienses.<\/p>\n<p>Para os representantes do grupo, a chegada da Dra. Anyara representa mais um passo na constru\u00e7\u00e3o de um projeto coletivo que busca ampliar oportunidades e garantir avan\u00e7os para a popula\u00e7\u00e3o.<\/p>\n<p>\u201cEssa uni\u00e3o em prol de Picos e do Piau\u00ed segue cada vez mais forte. Bem-vinda, Anyara! Vamos juntos construir novos caminhos\u201d, refor\u00e7ou o deputado ao celebrar o momento.<\/p>\n<p><img decoding=\"async\" src=\"https:\/\/agoraed.com\/userfiles\/images\/79edc597-9d84-4a26-af75-df53bf076f11.jpg\" alt=\"\" \/><\/p>\n<\/div>\n<div class=\"box-1p\"><\/div>\n<\/div>\n<div class=\"box-1p\">\n<div id=\"bandest\" class=\"bandest\"><\/div>\n<\/div>\n<div class=\"box-1p\">\n<div class=\"fb-comments fb_iframe_widget fb_iframe_widget_fluid_desktop\" data-href=\"http:\/\/www.agoraed.com\/site\/materia\/66974\/anyara-santos-oficializa-filiacao-ao-mdb-e-confirma-pre-candidatura-a-deputada-estadual-do-piaui\" data-mobile=\"true\" data-numposts=\"10\"><\/div>\n<\/div>\n<div class=\"box-mat-list\">\n<h4>Fonte: AgoraED<\/h4>\n<\/div>\n<\/div>\n<\/div>\n<\/div>\n<\/div>\n","protected":false},"excerpt":{"rendered":"<p>O partido MDB realizou\u00a0momento de articula\u00e7\u00e3o pol\u00edtica e fortalecimento de sua base ao receber oficialmente\u00a0a pr\u00e9-candidata a Deputada Estadual\u00a0Anyara Santos. Anyara Santos para integrar o grupo de lideran\u00e7as que atuam em prol do desenvolvimento de Picos e do Estado do Piau\u00ed. O encontro reuniu importantes representantes da pol\u00edtica estadual e municipal, consolidando alian\u00e7as e refor\u00e7ando &hellip;<\/p>\n","protected":false},"author":2,"featured_media":94187,"comment_status":"open","ping_status":"open","sticky":false,"template":"","format":"standard","meta":{"content-type":"","rop_custom_images_group":[],"rop_custom_messages_group":[],"rop_publish_now":"no","rop_publish_now_accounts":{"facebook_2648258775420054_1618374048415101":""},"rop_publish_now_history":[{"account":"facebook_2648258775420054_1618374048415101","service":"facebook","timestamp":1773829187,"status":"success"}],"rop_publish_now_status":"done","footnotes":"","_jetpack_memberships_contains_paid_content":false},"categories":[113,109,3996,130],"tags":[16858,1204,864,4812,1170,1447,1265,4621,187,950,166],"yoast_head":"<!-- This site is optimized with the Yoast SEO plugin v22.3 - https:\/\/yoast.com\/wordpress\/plugins\/seo\/ -->\n<title>Anyara Santos oficializa filia\u00e7\u00e3o ao MDB e confirma pr\u00e9-candidatura a Deputada Estadual do Piau\u00ed - Portal NPM<\/title>\n<meta name=\"robots\" content=\"index, follow, max-snippet:-1, max-image-preview:large, max-video-preview:-1\" \/>\n<link rel=\"canonical\" href=\"https:\/\/portalnpm.com\/index.php\/2026\/03\/18\/anyara-santos-oficializa-filiacao-ao-mdb-e-confirma-pre-candidatura-a-deputada-estadual-do-piaui\/\" \/>\n<meta property=\"og:locale\" content=\"pt_BR\" \/>\n<meta property=\"og:type\" content=\"article\" \/>\n<meta property=\"og:title\" content=\"Anyara Santos oficializa filia\u00e7\u00e3o ao MDB e confirma pr\u00e9-candidatura a Deputada Estadual do Piau\u00ed - Portal NPM\" \/>\n<meta property=\"og:description\" content=\"O partido MDB realizou\u00a0momento de articula\u00e7\u00e3o pol\u00edtica e fortalecimento de sua base ao receber oficialmente\u00a0a pr\u00e9-candidata a Deputada Estadual\u00a0Anyara Santos. Anyara Santos para integrar o grupo de lideran\u00e7as que atuam em prol do desenvolvimento de Picos e do Estado do Piau\u00ed. O encontro reuniu importantes representantes da pol\u00edtica estadual e municipal, consolidando alian\u00e7as e refor\u00e7ando &hellip;\" \/>\n<meta property=\"og:url\" content=\"https:\/\/portalnpm.com\/index.php\/2026\/03\/18\/anyara-santos-oficializa-filiacao-ao-mdb-e-confirma-pre-candidatura-a-deputada-estadual-do-piaui\/\" \/>\n<meta property=\"og:site_name\" content=\"Portal NPM\" \/>\n<meta property=\"article:published_time\" content=\"2026-03-18T10:19:28+00:00\" \/>\n<meta property=\"og:image\" content=\"https:\/\/portalnpm.com\/wp-content\/uploads\/2026\/03\/FA-IMG-dd9b389816a1af487a42.jpg\" \/>\n\t<meta property=\"og:image:width\" content=\"1080\" \/>\n\t<meta property=\"og:image:height\" content=\"1350\" \/>\n\t<meta property=\"og:image:type\" content=\"image\/jpeg\" \/>\n<meta name=\"author\" content=\"Genival Barbosa\" \/>\n<meta name=\"twitter:card\" content=\"summary_large_image\" \/>\n<meta name=\"twitter:label1\" content=\"Escrito por\" \/>\n\t<meta name=\"twitter:data1\" content=\"Genival Barbosa\" \/>\n\t<meta name=\"twitter:label2\" content=\"Est. tempo de leitura\" \/>\n\t<meta name=\"twitter:data2\" content=\"5 minutos\" \/>\n<script type=\"application\/ld+json\" class=\"yoast-schema-graph\">{\"@context\":\"https:\/\/schema.org\",\"@graph\":[{\"@type\":\"WebPage\",\"@id\":\"https:\/\/portalnpm.com\/index.php\/2026\/03\/18\/anyara-santos-oficializa-filiacao-ao-mdb-e-confirma-pre-candidatura-a-deputada-estadual-do-piaui\/\",\"url\":\"https:\/\/portalnpm.com\/index.php\/2026\/03\/18\/anyara-santos-oficializa-filiacao-ao-mdb-e-confirma-pre-candidatura-a-deputada-estadual-do-piaui\/\",\"name\":\"Anyara Santos oficializa filia\u00e7\u00e3o ao MDB e confirma pr\u00e9-candidatura a Deputada Estadual do Piau\u00ed - Portal NPM\",\"isPartOf\":{\"@id\":\"https:\/\/portalnpm.com\/#website\"},\"primaryImageOfPage\":{\"@id\":\"https:\/\/portalnpm.com\/index.php\/2026\/03\/18\/anyara-santos-oficializa-filiacao-ao-mdb-e-confirma-pre-candidatura-a-deputada-estadual-do-piaui\/#primaryimage\"},\"image\":{\"@id\":\"https:\/\/portalnpm.com\/index.php\/2026\/03\/18\/anyara-santos-oficializa-filiacao-ao-mdb-e-confirma-pre-candidatura-a-deputada-estadual-do-piaui\/#primaryimage\"},\"thumbnailUrl\":\"https:\/\/portalnpm.com\/wp-content\/uploads\/2026\/03\/FA-IMG-dd9b389816a1af487a42.jpg\",\"datePublished\":\"2026-03-18T10:19:28+00:00\",\"dateModified\":\"2026-03-18T10:19:28+00:00\",\"author\":{\"@id\":\"https:\/\/portalnpm.com\/#\/schema\/person\/49313e563cfdefcc167f1ee4c017c294\"},\"breadcrumb\":{\"@id\":\"https:\/\/portalnpm.com\/index.php\/2026\/03\/18\/anyara-santos-oficializa-filiacao-ao-mdb-e-confirma-pre-candidatura-a-deputada-estadual-do-piaui\/#breadcrumb\"},\"inLanguage\":\"pt-BR\",\"potentialAction\":[{\"@type\":\"ReadAction\",\"target\":[\"https:\/\/portalnpm.com\/index.php\/2026\/03\/18\/anyara-santos-oficializa-filiacao-ao-mdb-e-confirma-pre-candidatura-a-deputada-estadual-do-piaui\/\"]}]},{\"@type\":\"ImageObject\",\"inLanguage\":\"pt-BR\",\"@id\":\"https:\/\/portalnpm.com\/index.php\/2026\/03\/18\/anyara-santos-oficializa-filiacao-ao-mdb-e-confirma-pre-candidatura-a-deputada-estadual-do-piaui\/#primaryimage\",\"url\":\"https:\/\/portalnpm.com\/wp-content\/uploads\/2026\/03\/FA-IMG-dd9b389816a1af487a42.jpg\",\"contentUrl\":\"https:\/\/portalnpm.com\/wp-content\/uploads\/2026\/03\/FA-IMG-dd9b389816a1af487a42.jpg\",\"width\":1080,\"height\":1350},{\"@type\":\"BreadcrumbList\",\"@id\":\"https:\/\/portalnpm.com\/index.php\/2026\/03\/18\/anyara-santos-oficializa-filiacao-ao-mdb-e-confirma-pre-candidatura-a-deputada-estadual-do-piaui\/#breadcrumb\",\"itemListElement\":[{\"@type\":\"ListItem\",\"position\":1,\"name\":\"In\u00edcio\",\"item\":\"https:\/\/portalnpm.com\/\"},{\"@type\":\"ListItem\",\"position\":2,\"name\":\"Anyara Santos oficializa filia\u00e7\u00e3o ao MDB e confirma pr\u00e9-candidatura a Deputada Estadual do Piau\u00ed\"}]},{\"@type\":\"WebSite\",\"@id\":\"https:\/\/portalnpm.com\/#website\",\"url\":\"https:\/\/portalnpm.com\/\",\"name\":\"Portal NPM\",\"description\":\"Not\u00edcias em Primeira M\u00e3o\",\"potentialAction\":[{\"@type\":\"SearchAction\",\"target\":{\"@type\":\"EntryPoint\",\"urlTemplate\":\"https:\/\/portalnpm.com\/?s={search_term_string}\"},\"query-input\":\"required name=search_term_string\"}],\"inLanguage\":\"pt-BR\"},{\"@type\":\"Person\",\"@id\":\"https:\/\/portalnpm.com\/#\/schema\/person\/49313e563cfdefcc167f1ee4c017c294\",\"name\":\"Genival Barbosa\",\"image\":{\"@type\":\"ImageObject\",\"inLanguage\":\"pt-BR\",\"@id\":\"https:\/\/portalnpm.com\/#\/schema\/person\/image\/\",\"url\":\"https:\/\/portalnpm.com\/wp-content\/uploads\/2024\/02\/avatar_user_2_1707743258-96x96.jpeg\",\"contentUrl\":\"https:\/\/portalnpm.com\/wp-content\/uploads\/2024\/02\/avatar_user_2_1707743258-96x96.jpeg\",\"caption\":\"Genival Barbosa\"},\"url\":\"https:\/\/portalnpm.com\/index.php\/author\/genival\/\"}]}<\/script>\n<!-- \/ Yoast SEO plugin. -->","yoast_head_json":{"title":"Anyara Santos oficializa filia\u00e7\u00e3o ao MDB e confirma pr\u00e9-candidatura a Deputada Estadual do Piau\u00ed - Portal NPM","robots":{"index":"index","follow":"follow","max-snippet":"max-snippet:-1","max-image-preview":"max-image-preview:large","max-video-preview":"max-video-preview:-1"},"canonical":"https:\/\/portalnpm.com\/index.php\/2026\/03\/18\/anyara-santos-oficializa-filiacao-ao-mdb-e-confirma-pre-candidatura-a-deputada-estadual-do-piaui\/","og_locale":"pt_BR","og_type":"article","og_title":"Anyara Santos oficializa filia\u00e7\u00e3o ao MDB e confirma pr\u00e9-candidatura a Deputada Estadual do Piau\u00ed - Portal NPM","og_description":"O partido MDB realizou\u00a0momento de articula\u00e7\u00e3o pol\u00edtica e fortalecimento de sua base ao receber oficialmente\u00a0a pr\u00e9-candidata a Deputada Estadual\u00a0Anyara Santos. Anyara Santos para integrar o grupo de lideran\u00e7as que atuam em prol do desenvolvimento de Picos e do Estado do Piau\u00ed. O encontro reuniu importantes representantes da pol\u00edtica estadual e municipal, consolidando alian\u00e7as e refor\u00e7ando &hellip;","og_url":"https:\/\/portalnpm.com\/index.php\/2026\/03\/18\/anyara-santos-oficializa-filiacao-ao-mdb-e-confirma-pre-candidatura-a-deputada-estadual-do-piaui\/","og_site_name":"Portal NPM","article_published_time":"2026-03-18T10:19:28+00:00","og_image":[{"width":1080,"height":1350,"url":"https:\/\/portalnpm.com\/wp-content\/uploads\/2026\/03\/FA-IMG-dd9b389816a1af487a42.jpg","type":"image\/jpeg"}],"author":"Genival Barbosa","twitter_card":"summary_large_image","twitter_misc":{"Escrito por":"Genival Barbosa","Est. tempo de leitura":"5 minutos"},"schema":{"@context":"https:\/\/schema.org","@graph":[{"@type":"WebPage","@id":"https:\/\/portalnpm.com\/index.php\/2026\/03\/18\/anyara-santos-oficializa-filiacao-ao-mdb-e-confirma-pre-candidatura-a-deputada-estadual-do-piaui\/","url":"https:\/\/portalnpm.com\/index.php\/2026\/03\/18\/anyara-santos-oficializa-filiacao-ao-mdb-e-confirma-pre-candidatura-a-deputada-estadual-do-piaui\/","name":"Anyara Santos oficializa filia\u00e7\u00e3o ao MDB e confirma pr\u00e9-candidatura a Deputada Estadual do Piau\u00ed - Portal NPM","isPartOf":{"@id":"https:\/\/portalnpm.com\/#website"},"primaryImageOfPage":{"@id":"https:\/\/portalnpm.com\/index.php\/2026\/03\/18\/anyara-santos-oficializa-filiacao-ao-mdb-e-confirma-pre-candidatura-a-deputada-estadual-do-piaui\/#primaryimage"},"image":{"@id":"https:\/\/portalnpm.com\/index.php\/2026\/03\/18\/anyara-santos-oficializa-filiacao-ao-mdb-e-confirma-pre-candidatura-a-deputada-estadual-do-piaui\/#primaryimage"},"thumbnailUrl":"https:\/\/portalnpm.com\/wp-content\/uploads\/2026\/03\/FA-IMG-dd9b389816a1af487a42.jpg","datePublished":"2026-03-18T10:19:28+00:00","dateModified":"2026-03-18T10:19:28+00:00","author":{"@id":"https:\/\/portalnpm.com\/#\/schema\/person\/49313e563cfdefcc167f1ee4c017c294"},"breadcrumb":{"@id":"https:\/\/portalnpm.com\/index.php\/2026\/03\/18\/anyara-santos-oficializa-filiacao-ao-mdb-e-confirma-pre-candidatura-a-deputada-estadual-do-piaui\/#breadcrumb"},"inLanguage":"pt-BR","potentialAction":[{"@type":"ReadAction","target":["https:\/\/portalnpm.com\/index.php\/2026\/03\/18\/anyara-santos-oficializa-filiacao-ao-mdb-e-confirma-pre-candidatura-a-deputada-estadual-do-piaui\/"]}]},{"@type":"ImageObject","inLanguage":"pt-BR","@id":"https:\/\/portalnpm.com\/index.php\/2026\/03\/18\/anyara-santos-oficializa-filiacao-ao-mdb-e-confirma-pre-candidatura-a-deputada-estadual-do-piaui\/#primaryimage","url":"https:\/\/portalnpm.com\/wp-content\/uploads\/2026\/03\/FA-IMG-dd9b389816a1af487a42.jpg","contentUrl":"https:\/\/portalnpm.com\/wp-content\/uploads\/2026\/03\/FA-IMG-dd9b389816a1af487a42.jpg","width":1080,"height":1350},{"@type":"BreadcrumbList","@id":"https:\/\/portalnpm.com\/index.php\/2026\/03\/18\/anyara-santos-oficializa-filiacao-ao-mdb-e-confirma-pre-candidatura-a-deputada-estadual-do-piaui\/#breadcrumb","itemListElement":[{"@type":"ListItem","position":1,"name":"In\u00edcio","item":"https:\/\/portalnpm.com\/"},{"@type":"ListItem","position":2,"name":"Anyara Santos oficializa filia\u00e7\u00e3o ao MDB e confirma pr\u00e9-candidatura a Deputada Estadual do Piau\u00ed"}]},{"@type":"WebSite","@id":"https:\/\/portalnpm.com\/#website","url":"https:\/\/portalnpm.com\/","name":"Portal NPM","description":"Not\u00edcias em Primeira M\u00e3o","potentialAction":[{"@type":"SearchAction","target":{"@type":"EntryPoint","urlTemplate":"https:\/\/portalnpm.com\/?s={search_term_string}"},"query-input":"required name=search_term_string"}],"inLanguage":"pt-BR"},{"@type":"Person","@id":"https:\/\/portalnpm.com\/#\/schema\/person\/49313e563cfdefcc167f1ee4c017c294","name":"Genival Barbosa","image":{"@type":"ImageObject","inLanguage":"pt-BR","@id":"https:\/\/portalnpm.com\/#\/schema\/person\/image\/","url":"https:\/\/portalnpm.com\/wp-content\/uploads\/2024\/02\/avatar_user_2_1707743258-96x96.jpeg","contentUrl":"https:\/\/portalnpm.com\/wp-content\/uploads\/2024\/02\/avatar_user_2_1707743258-96x96.jpeg","caption":"Genival Barbosa"},"url":"https:\/\/portalnpm.com\/index.php\/author\/genival\/"}]}},"jetpack_sharing_enabled":true,"jetpack_featured_media_url":"https:\/\/portalnpm.com\/wp-content\/uploads\/2026\/03\/FA-IMG-dd9b389816a1af487a42.jpg","_links":{"self":[{"href":"https:\/\/portalnpm.com\/index.php\/wp-json\/wp\/v2\/posts\/94186"}],"collection":[{"href":"https:\/\/portalnpm.com\/index.php\/wp-json\/wp\/v2\/posts"}],"about":[{"href":"https:\/\/portalnpm.com\/index.php\/wp-json\/wp\/v2\/types\/post"}],"author":[{"embeddable":true,"href":"https:\/\/portalnpm.com\/index.php\/wp-json\/wp\/v2\/users\/2"}],"replies":[{"embeddable":true,"href":"https:\/\/portalnpm.com\/index.php\/wp-json\/wp\/v2\/comments?post=94186"}],"version-history":[{"count":1,"href":"https:\/\/portalnpm.com\/index.php\/wp-json\/wp\/v2\/posts\/94186\/revisions"}],"predecessor-version":[{"id":94188,"href":"https:\/\/portalnpm.com\/index.php\/wp-json\/wp\/v2\/posts\/94186\/revisions\/94188"}],"wp:featuredmedia":[{"embeddable":true,"href":"https:\/\/portalnpm.com\/index.php\/wp-json\/wp\/v2\/media\/94187"}],"wp:attachment":[{"href":"https:\/\/portalnpm.com\/index.php\/wp-json\/wp\/v2\/media?parent=94186"}],"wp:term":[{"taxonomy":"category","embeddable":true,"href":"https:\/\/portalnpm.com\/index.php\/wp-json\/wp\/v2\/categories?post=94186"},{"taxonomy":"post_tag","embeddable":true,"href":"https:\/\/portalnpm.com\/index.php\/wp-json\/wp\/v2\/tags?post=94186"}],"curies":[{"name":"wp","href":"https:\/\/api.w.org\/{rel}","templated":true}]}}