{"id":94190,"date":"2026-03-18T19:11:57","date_gmt":"2026-03-18T22:11:57","guid":{"rendered":"https:\/\/portalnpm.com\/?p=94190"},"modified":"2026-03-18T19:11:57","modified_gmt":"2026-03-18T22:11:57","slug":"sao-juliaoense-afonso-gabriel-assume-secretaria-nacional-no-pt-e-passa-a-integrar-executiva-nacional-da-juventude","status":"publish","type":"post","link":"https:\/\/portalnpm.com\/index.php\/2026\/03\/18\/sao-juliaoense-afonso-gabriel-assume-secretaria-nacional-no-pt-e-passa-a-integrar-executiva-nacional-da-juventude\/","title":{"rendered":"S\u00e3o juliaoense Afonso Gabriel assume Secretaria Nacional no PT e passa a integrar Executiva Nacional da Juventude"},"content":{"rendered":"<p>O munic\u00edpio de S\u00e3o Juli\u00e3o, no interior do Piau\u00ed, volta a ganhar destaque no cen\u00e1rio pol\u00edtico nacional com a nomea\u00e7\u00e3o do militante Afonso Gabriel para uma Secretaria Nacional do Partido dos Trabalhadores (PT). A informa\u00e7\u00e3o foi divulgada pelo Portal NPM.<\/p>\n<p><img fetchpriority=\"high\" decoding=\"async\" class=\"alignnone wp-image-94194 size-full\" src=\"https:\/\/portalnpm.com\/wp-content\/uploads\/2026\/03\/IMG-20260318-WA0068.jpg\" alt=\"\" width=\"900\" height=\"1600\" srcset=\"https:\/\/portalnpm.com\/wp-content\/uploads\/2026\/03\/IMG-20260318-WA0068.jpg 900w, https:\/\/portalnpm.com\/wp-content\/uploads\/2026\/03\/IMG-20260318-WA0068-169x300.jpg 169w, https:\/\/portalnpm.com\/wp-content\/uploads\/2026\/03\/IMG-20260318-WA0068-576x1024.jpg 576w, https:\/\/portalnpm.com\/wp-content\/uploads\/2026\/03\/IMG-20260318-WA0068-768x1365.jpg 768w, https:\/\/portalnpm.com\/wp-content\/uploads\/2026\/03\/IMG-20260318-WA0068-864x1536.jpg 864w\" sizes=\"(max-width: 900px) 100vw, 900px\" \/><\/p>\n<p>Afonso Gabriel, que j\u00e1 vinha sendo apontado como um dos nomes em ascens\u00e3o dentro do partido, assume o novo cargo em meio ao processo de renova\u00e7\u00e3o dos quadros da legenda. Com a nomea\u00e7\u00e3o, ele passa a integrar o grupo de jovens lideran\u00e7as com atua\u00e7\u00e3o em n\u00edvel nacional.<\/p>\n<p>Al\u00e9m da secretaria, o militante tamb\u00e9m foi inclu\u00eddo na Executiva Nacional da Juventude do PT, inst\u00e2ncia respons\u00e1vel por coordenar a\u00e7\u00f5es, debates e estrat\u00e9gias voltadas \u00e0 participa\u00e7\u00e3o juvenil no partido em todo o pa\u00eds.<\/p>\n<figure id=\"attachment_94193\" aria-describedby=\"caption-attachment-94193\" style=\"width: 300px\" class=\"wp-caption alignnone\"><img decoding=\"async\" class=\"size-medium wp-image-94193\" src=\"https:\/\/portalnpm.com\/wp-content\/uploads\/2026\/03\/IMG-20260318-WA0337-300x256.jpg\" alt=\"\" width=\"300\" height=\"256\" srcset=\"https:\/\/portalnpm.com\/wp-content\/uploads\/2026\/03\/IMG-20260318-WA0337-300x256.jpg 300w, https:\/\/portalnpm.com\/wp-content\/uploads\/2026\/03\/IMG-20260318-WA0337-768x656.jpg 768w, https:\/\/portalnpm.com\/wp-content\/uploads\/2026\/03\/IMG-20260318-WA0337.jpg 966w\" sizes=\"(max-width: 300px) 100vw, 300px\" \/><figcaption id=\"caption-attachment-94193\" class=\"wp-caption-text\">Jovem Afonso Gabriel, natural de S\u00e3o Juli\u00e3o-PI<\/figcaption><\/figure>\n<p>A indica\u00e7\u00e3o \u00e9 vista como um marco para a juventude petista do interior do Piau\u00ed, ao evidenciar a presen\u00e7a de lideran\u00e7as de cidades de menor porte em espa\u00e7os estrat\u00e9gicos de decis\u00e3o.<\/p>\n<p>Com atua\u00e7\u00e3o pol\u00edtica desde 2018, Afonso Gabriel tem trajet\u00f3ria ligada \u00e0 milit\u00e2ncia e \u00e0 participa\u00e7\u00e3o em processos organizativos dentro do partido. Sua ascens\u00e3o refor\u00e7a a representatividade do estado e da regi\u00e3o Nordeste nas inst\u00e2ncias nacionais do PT.<\/p>\n<p><img decoding=\"async\" class=\"alignnone size-medium wp-image-94195\" src=\"https:\/\/portalnpm.com\/wp-content\/uploads\/2026\/03\/IMG-20260318-WA0069-225x300.jpg\" alt=\"\" width=\"225\" height=\"300\" srcset=\"https:\/\/portalnpm.com\/wp-content\/uploads\/2026\/03\/IMG-20260318-WA0069-225x300.jpg 225w, https:\/\/portalnpm.com\/wp-content\/uploads\/2026\/03\/IMG-20260318-WA0069-768x1024.jpg 768w, https:\/\/portalnpm.com\/wp-content\/uploads\/2026\/03\/IMG-20260318-WA0069.jpg 960w\" sizes=\"(max-width: 225px) 100vw, 225px\" \/> <img loading=\"lazy\" decoding=\"async\" class=\"alignnone size-medium wp-image-94196\" src=\"https:\/\/portalnpm.com\/wp-content\/uploads\/2026\/03\/IMG-20260318-WA0072-225x300.jpg\" alt=\"\" width=\"225\" height=\"300\" srcset=\"https:\/\/portalnpm.com\/wp-content\/uploads\/2026\/03\/IMG-20260318-WA0072-225x300.jpg 225w, https:\/\/portalnpm.com\/wp-content\/uploads\/2026\/03\/IMG-20260318-WA0072-768x1024.jpg 768w, https:\/\/portalnpm.com\/wp-content\/uploads\/2026\/03\/IMG-20260318-WA0072-1152x1536.jpg 1152w, https:\/\/portalnpm.com\/wp-content\/uploads\/2026\/03\/IMG-20260318-WA0072.jpg 1200w\" sizes=\"(max-width: 225px) 100vw, 225px\" \/><\/p>\n","protected":false},"excerpt":{"rendered":"<p>O munic\u00edpio de S\u00e3o Juli\u00e3o, no interior do Piau\u00ed, volta a ganhar destaque no cen\u00e1rio pol\u00edtico nacional com a nomea\u00e7\u00e3o do militante Afonso Gabriel para uma Secretaria Nacional do Partido dos Trabalhadores (PT). A informa\u00e7\u00e3o foi divulgada pelo Portal NPM. Afonso Gabriel, que j\u00e1 vinha sendo apontado como um dos nomes em ascens\u00e3o dentro do &hellip;<\/p>\n","protected":false},"author":3,"featured_media":94193,"comment_status":"open","ping_status":"open","sticky":false,"template":"","format":"standard","meta":{"content-type":"","rop_custom_images_group":[],"rop_custom_messages_group":[],"rop_publish_now":"no","rop_publish_now_accounts":{"facebook_2648258775420054_1618374048415101":""},"rop_publish_now_history":[{"account":"facebook_2648258775420054_1618374048415101","service":"facebook","timestamp":1773871941,"status":"success"}],"rop_publish_now_status":"done","footnotes":"","_jetpack_memberships_contains_paid_content":false},"categories":[113,130,3998],"tags":[13393,1721,836,16971,3346,16970,16969,13321,2787,3132,403,1196,2024],"yoast_head":"<!-- This site is optimized with the Yoast SEO plugin v22.3 - https:\/\/yoast.com\/wordpress\/plugins\/seo\/ -->\n<title>S\u00e3o juliaoense Afonso Gabriel assume Secretaria Nacional no PT e passa a integrar Executiva Nacional da Juventude - Portal NPM<\/title>\n<meta name=\"robots\" content=\"index, follow, max-snippet:-1, max-image-preview:large, max-video-preview:-1\" \/>\n<link rel=\"canonical\" href=\"https:\/\/portalnpm.com\/index.php\/2026\/03\/18\/sao-juliaoense-afonso-gabriel-assume-secretaria-nacional-no-pt-e-passa-a-integrar-executiva-nacional-da-juventude\/\" \/>\n<meta property=\"og:locale\" content=\"pt_BR\" \/>\n<meta property=\"og:type\" content=\"article\" \/>\n<meta property=\"og:title\" content=\"S\u00e3o juliaoense Afonso Gabriel assume Secretaria Nacional no PT e passa a integrar Executiva Nacional da Juventude - Portal NPM\" \/>\n<meta property=\"og:description\" content=\"O munic\u00edpio de S\u00e3o Juli\u00e3o, no interior do Piau\u00ed, volta a ganhar destaque no cen\u00e1rio pol\u00edtico nacional com a nomea\u00e7\u00e3o do militante Afonso Gabriel para uma Secretaria Nacional do Partido dos Trabalhadores (PT). A informa\u00e7\u00e3o foi divulgada pelo Portal NPM. Afonso Gabriel, que j\u00e1 vinha sendo apontado como um dos nomes em ascens\u00e3o dentro do &hellip;\" \/>\n<meta property=\"og:url\" content=\"https:\/\/portalnpm.com\/index.php\/2026\/03\/18\/sao-juliaoense-afonso-gabriel-assume-secretaria-nacional-no-pt-e-passa-a-integrar-executiva-nacional-da-juventude\/\" \/>\n<meta property=\"og:site_name\" content=\"Portal NPM\" \/>\n<meta property=\"article:published_time\" content=\"2026-03-18T22:11:57+00:00\" \/>\n<meta property=\"og:image\" content=\"https:\/\/portalnpm.com\/wp-content\/uploads\/2026\/03\/IMG-20260318-WA0337.jpg\" \/>\n\t<meta property=\"og:image:width\" content=\"966\" \/>\n\t<meta property=\"og:image:height\" content=\"825\" \/>\n\t<meta property=\"og:image:type\" content=\"image\/jpeg\" \/>\n<meta name=\"author\" content=\"Luis Alberto\" \/>\n<meta name=\"twitter:card\" content=\"summary_large_image\" \/>\n<meta name=\"twitter:label1\" content=\"Escrito por\" \/>\n\t<meta name=\"twitter:data1\" content=\"Luis Alberto\" \/>\n\t<meta name=\"twitter:label2\" content=\"Est. tempo de leitura\" \/>\n\t<meta name=\"twitter:data2\" content=\"3 minutos\" \/>\n<script type=\"application\/ld+json\" class=\"yoast-schema-graph\">{\"@context\":\"https:\/\/schema.org\",\"@graph\":[{\"@type\":\"WebPage\",\"@id\":\"https:\/\/portalnpm.com\/index.php\/2026\/03\/18\/sao-juliaoense-afonso-gabriel-assume-secretaria-nacional-no-pt-e-passa-a-integrar-executiva-nacional-da-juventude\/\",\"url\":\"https:\/\/portalnpm.com\/index.php\/2026\/03\/18\/sao-juliaoense-afonso-gabriel-assume-secretaria-nacional-no-pt-e-passa-a-integrar-executiva-nacional-da-juventude\/\",\"name\":\"S\u00e3o juliaoense Afonso Gabriel assume Secretaria Nacional no PT e passa a integrar Executiva Nacional da Juventude - Portal NPM\",\"isPartOf\":{\"@id\":\"https:\/\/portalnpm.com\/#website\"},\"primaryImageOfPage\":{\"@id\":\"https:\/\/portalnpm.com\/index.php\/2026\/03\/18\/sao-juliaoense-afonso-gabriel-assume-secretaria-nacional-no-pt-e-passa-a-integrar-executiva-nacional-da-juventude\/#primaryimage\"},\"image\":{\"@id\":\"https:\/\/portalnpm.com\/index.php\/2026\/03\/18\/sao-juliaoense-afonso-gabriel-assume-secretaria-nacional-no-pt-e-passa-a-integrar-executiva-nacional-da-juventude\/#primaryimage\"},\"thumbnailUrl\":\"https:\/\/portalnpm.com\/wp-content\/uploads\/2026\/03\/IMG-20260318-WA0337.jpg\",\"datePublished\":\"2026-03-18T22:11:57+00:00\",\"dateModified\":\"2026-03-18T22:11:57+00:00\",\"author\":{\"@id\":\"https:\/\/portalnpm.com\/#\/schema\/person\/5c8006acdf71774cd4e7a5ab98482152\"},\"breadcrumb\":{\"@id\":\"https:\/\/portalnpm.com\/index.php\/2026\/03\/18\/sao-juliaoense-afonso-gabriel-assume-secretaria-nacional-no-pt-e-passa-a-integrar-executiva-nacional-da-juventude\/#breadcrumb\"},\"inLanguage\":\"pt-BR\",\"potentialAction\":[{\"@type\":\"ReadAction\",\"target\":[\"https:\/\/portalnpm.com\/index.php\/2026\/03\/18\/sao-juliaoense-afonso-gabriel-assume-secretaria-nacional-no-pt-e-passa-a-integrar-executiva-nacional-da-juventude\/\"]}]},{\"@type\":\"ImageObject\",\"inLanguage\":\"pt-BR\",\"@id\":\"https:\/\/portalnpm.com\/index.php\/2026\/03\/18\/sao-juliaoense-afonso-gabriel-assume-secretaria-nacional-no-pt-e-passa-a-integrar-executiva-nacional-da-juventude\/#primaryimage\",\"url\":\"https:\/\/portalnpm.com\/wp-content\/uploads\/2026\/03\/IMG-20260318-WA0337.jpg\",\"contentUrl\":\"https:\/\/portalnpm.com\/wp-content\/uploads\/2026\/03\/IMG-20260318-WA0337.jpg\",\"width\":966,\"height\":825,\"caption\":\"Jovem Afonso Gabriel, natural de S\u00e3o Juli\u00e3o-PI\"},{\"@type\":\"BreadcrumbList\",\"@id\":\"https:\/\/portalnpm.com\/index.php\/2026\/03\/18\/sao-juliaoense-afonso-gabriel-assume-secretaria-nacional-no-pt-e-passa-a-integrar-executiva-nacional-da-juventude\/#breadcrumb\",\"itemListElement\":[{\"@type\":\"ListItem\",\"position\":1,\"name\":\"In\u00edcio\",\"item\":\"https:\/\/portalnpm.com\/\"},{\"@type\":\"ListItem\",\"position\":2,\"name\":\"S\u00e3o juliaoense Afonso Gabriel assume Secretaria Nacional no PT e passa a integrar Executiva Nacional da Juventude\"}]},{\"@type\":\"WebSite\",\"@id\":\"https:\/\/portalnpm.com\/#website\",\"url\":\"https:\/\/portalnpm.com\/\",\"name\":\"Portal NPM\",\"description\":\"Not\u00edcias em Primeira M\u00e3o\",\"potentialAction\":[{\"@type\":\"SearchAction\",\"target\":{\"@type\":\"EntryPoint\",\"urlTemplate\":\"https:\/\/portalnpm.com\/?s={search_term_string}\"},\"query-input\":\"required name=search_term_string\"}],\"inLanguage\":\"pt-BR\"},{\"@type\":\"Person\",\"@id\":\"https:\/\/portalnpm.com\/#\/schema\/person\/5c8006acdf71774cd4e7a5ab98482152\",\"name\":\"Luis Alberto\",\"image\":{\"@type\":\"ImageObject\",\"inLanguage\":\"pt-BR\",\"@id\":\"https:\/\/portalnpm.com\/#\/schema\/person\/image\/\",\"url\":\"https:\/\/portalnpm.com\/wp-content\/uploads\/2024\/12\/avatar_user_3_1734699769-96x96.jpeg\",\"contentUrl\":\"https:\/\/portalnpm.com\/wp-content\/uploads\/2024\/12\/avatar_user_3_1734699769-96x96.jpeg\",\"caption\":\"Luis Alberto\"},\"description\":\"Editor-geral do Portal NPM, \u00e9 formado como T\u00e9cnico em Seguran\u00e7a do Trabalho pela Escola Metropolitana de Cursos T\u00e9cnicos. Det\u00e9m ainda licenciatura em Educa\u00e7\u00e3o F\u00edsica e bacharelado em Ci\u00eancias Pol\u00edticas, ambos obtidos pela institui\u00e7\u00e3o Anhanguera\/UNOPAR.\",\"url\":\"https:\/\/portalnpm.com\/index.php\/author\/pereira\/\"}]}<\/script>\n<!-- \/ Yoast SEO plugin. -->","yoast_head_json":{"title":"S\u00e3o juliaoense Afonso Gabriel assume Secretaria Nacional no PT e passa a integrar Executiva Nacional da Juventude - Portal NPM","robots":{"index":"index","follow":"follow","max-snippet":"max-snippet:-1","max-image-preview":"max-image-preview:large","max-video-preview":"max-video-preview:-1"},"canonical":"https:\/\/portalnpm.com\/index.php\/2026\/03\/18\/sao-juliaoense-afonso-gabriel-assume-secretaria-nacional-no-pt-e-passa-a-integrar-executiva-nacional-da-juventude\/","og_locale":"pt_BR","og_type":"article","og_title":"S\u00e3o juliaoense Afonso Gabriel assume Secretaria Nacional no PT e passa a integrar Executiva Nacional da Juventude - Portal NPM","og_description":"O munic\u00edpio de S\u00e3o Juli\u00e3o, no interior do Piau\u00ed, volta a ganhar destaque no cen\u00e1rio pol\u00edtico nacional com a nomea\u00e7\u00e3o do militante Afonso Gabriel para uma Secretaria Nacional do Partido dos Trabalhadores (PT). A informa\u00e7\u00e3o foi divulgada pelo Portal NPM. Afonso Gabriel, que j\u00e1 vinha sendo apontado como um dos nomes em ascens\u00e3o dentro do &hellip;","og_url":"https:\/\/portalnpm.com\/index.php\/2026\/03\/18\/sao-juliaoense-afonso-gabriel-assume-secretaria-nacional-no-pt-e-passa-a-integrar-executiva-nacional-da-juventude\/","og_site_name":"Portal NPM","article_published_time":"2026-03-18T22:11:57+00:00","og_image":[{"width":966,"height":825,"url":"https:\/\/portalnpm.com\/wp-content\/uploads\/2026\/03\/IMG-20260318-WA0337.jpg","type":"image\/jpeg"}],"author":"Luis Alberto","twitter_card":"summary_large_image","twitter_misc":{"Escrito por":"Luis Alberto","Est. tempo de leitura":"3 minutos"},"schema":{"@context":"https:\/\/schema.org","@graph":[{"@type":"WebPage","@id":"https:\/\/portalnpm.com\/index.php\/2026\/03\/18\/sao-juliaoense-afonso-gabriel-assume-secretaria-nacional-no-pt-e-passa-a-integrar-executiva-nacional-da-juventude\/","url":"https:\/\/portalnpm.com\/index.php\/2026\/03\/18\/sao-juliaoense-afonso-gabriel-assume-secretaria-nacional-no-pt-e-passa-a-integrar-executiva-nacional-da-juventude\/","name":"S\u00e3o juliaoense Afonso Gabriel assume Secretaria Nacional no PT e passa a integrar Executiva Nacional da Juventude - Portal NPM","isPartOf":{"@id":"https:\/\/portalnpm.com\/#website"},"primaryImageOfPage":{"@id":"https:\/\/portalnpm.com\/index.php\/2026\/03\/18\/sao-juliaoense-afonso-gabriel-assume-secretaria-nacional-no-pt-e-passa-a-integrar-executiva-nacional-da-juventude\/#primaryimage"},"image":{"@id":"https:\/\/portalnpm.com\/index.php\/2026\/03\/18\/sao-juliaoense-afonso-gabriel-assume-secretaria-nacional-no-pt-e-passa-a-integrar-executiva-nacional-da-juventude\/#primaryimage"},"thumbnailUrl":"https:\/\/portalnpm.com\/wp-content\/uploads\/2026\/03\/IMG-20260318-WA0337.jpg","datePublished":"2026-03-18T22:11:57+00:00","dateModified":"2026-03-18T22:11:57+00:00","author":{"@id":"https:\/\/portalnpm.com\/#\/schema\/person\/5c8006acdf71774cd4e7a5ab98482152"},"breadcrumb":{"@id":"https:\/\/portalnpm.com\/index.php\/2026\/03\/18\/sao-juliaoense-afonso-gabriel-assume-secretaria-nacional-no-pt-e-passa-a-integrar-executiva-nacional-da-juventude\/#breadcrumb"},"inLanguage":"pt-BR","potentialAction":[{"@type":"ReadAction","target":["https:\/\/portalnpm.com\/index.php\/2026\/03\/18\/sao-juliaoense-afonso-gabriel-assume-secretaria-nacional-no-pt-e-passa-a-integrar-executiva-nacional-da-juventude\/"]}]},{"@type":"ImageObject","inLanguage":"pt-BR","@id":"https:\/\/portalnpm.com\/index.php\/2026\/03\/18\/sao-juliaoense-afonso-gabriel-assume-secretaria-nacional-no-pt-e-passa-a-integrar-executiva-nacional-da-juventude\/#primaryimage","url":"https:\/\/portalnpm.com\/wp-content\/uploads\/2026\/03\/IMG-20260318-WA0337.jpg","contentUrl":"https:\/\/portalnpm.com\/wp-content\/uploads\/2026\/03\/IMG-20260318-WA0337.jpg","width":966,"height":825,"caption":"Jovem Afonso Gabriel, natural de S\u00e3o Juli\u00e3o-PI"},{"@type":"BreadcrumbList","@id":"https:\/\/portalnpm.com\/index.php\/2026\/03\/18\/sao-juliaoense-afonso-gabriel-assume-secretaria-nacional-no-pt-e-passa-a-integrar-executiva-nacional-da-juventude\/#breadcrumb","itemListElement":[{"@type":"ListItem","position":1,"name":"In\u00edcio","item":"https:\/\/portalnpm.com\/"},{"@type":"ListItem","position":2,"name":"S\u00e3o juliaoense Afonso Gabriel assume Secretaria Nacional no PT e passa a integrar Executiva Nacional da Juventude"}]},{"@type":"WebSite","@id":"https:\/\/portalnpm.com\/#website","url":"https:\/\/portalnpm.com\/","name":"Portal NPM","description":"Not\u00edcias em Primeira M\u00e3o","potentialAction":[{"@type":"SearchAction","target":{"@type":"EntryPoint","urlTemplate":"https:\/\/portalnpm.com\/?s={search_term_string}"},"query-input":"required name=search_term_string"}],"inLanguage":"pt-BR"},{"@type":"Person","@id":"https:\/\/portalnpm.com\/#\/schema\/person\/5c8006acdf71774cd4e7a5ab98482152","name":"Luis Alberto","image":{"@type":"ImageObject","inLanguage":"pt-BR","@id":"https:\/\/portalnpm.com\/#\/schema\/person\/image\/","url":"https:\/\/portalnpm.com\/wp-content\/uploads\/2024\/12\/avatar_user_3_1734699769-96x96.jpeg","contentUrl":"https:\/\/portalnpm.com\/wp-content\/uploads\/2024\/12\/avatar_user_3_1734699769-96x96.jpeg","caption":"Luis Alberto"},"description":"Editor-geral do Portal NPM, \u00e9 formado como T\u00e9cnico em Seguran\u00e7a do Trabalho pela Escola Metropolitana de Cursos T\u00e9cnicos. Det\u00e9m ainda licenciatura em Educa\u00e7\u00e3o F\u00edsica e bacharelado em Ci\u00eancias Pol\u00edticas, ambos obtidos pela institui\u00e7\u00e3o Anhanguera\/UNOPAR.","url":"https:\/\/portalnpm.com\/index.php\/author\/pereira\/"}]}},"jetpack_sharing_enabled":true,"jetpack_featured_media_url":"https:\/\/portalnpm.com\/wp-content\/uploads\/2026\/03\/IMG-20260318-WA0337.jpg","_links":{"self":[{"href":"https:\/\/portalnpm.com\/index.php\/wp-json\/wp\/v2\/posts\/94190"}],"collection":[{"href":"https:\/\/portalnpm.com\/index.php\/wp-json\/wp\/v2\/posts"}],"about":[{"href":"https:\/\/portalnpm.com\/index.php\/wp-json\/wp\/v2\/types\/post"}],"author":[{"embeddable":true,"href":"https:\/\/portalnpm.com\/index.php\/wp-json\/wp\/v2\/users\/3"}],"replies":[{"embeddable":true,"href":"https:\/\/portalnpm.com\/index.php\/wp-json\/wp\/v2\/comments?post=94190"}],"version-history":[{"count":3,"href":"https:\/\/portalnpm.com\/index.php\/wp-json\/wp\/v2\/posts\/94190\/revisions"}],"predecessor-version":[{"id":94198,"href":"https:\/\/portalnpm.com\/index.php\/wp-json\/wp\/v2\/posts\/94190\/revisions\/94198"}],"wp:featuredmedia":[{"embeddable":true,"href":"https:\/\/portalnpm.com\/index.php\/wp-json\/wp\/v2\/media\/94193"}],"wp:attachment":[{"href":"https:\/\/portalnpm.com\/index.php\/wp-json\/wp\/v2\/media?parent=94190"}],"wp:term":[{"taxonomy":"category","embeddable":true,"href":"https:\/\/portalnpm.com\/index.php\/wp-json\/wp\/v2\/categories?post=94190"},{"taxonomy":"post_tag","embeddable":true,"href":"https:\/\/portalnpm.com\/index.php\/wp-json\/wp\/v2\/tags?post=94190"}],"curies":[{"name":"wp","href":"https:\/\/api.w.org\/{rel}","templated":true}]}}