{"id":9467,"date":"2019-06-26T14:34:34","date_gmt":"2019-06-26T17:34:34","guid":{"rendered":"http:\/\/srv.portalnpm.com.br\/?p=9467"},"modified":"2019-06-26T14:34:34","modified_gmt":"2019-06-26T17:34:34","slug":"jovem-sente-forte-dor-de-cabeca-morre-e-deixa-5-filhos-orfaos-em-alegrete-do-piaui","status":"publish","type":"post","link":"https:\/\/portalnpm.com\/index.php\/2019\/06\/26\/jovem-sente-forte-dor-de-cabeca-morre-e-deixa-5-filhos-orfaos-em-alegrete-do-piaui\/","title":{"rendered":"Jovem sente forte dor de cabe\u00e7a, morre e deixa 5 filhos \u00f3rf\u00e3os em Alegrete do Piau\u00ed"},"content":{"rendered":"<p style=\"text-align: justify;\">Fabiana Farias do Nascimento veio a \u00f3bito na ter\u00e7a-feira (25), no \u00a0Hospital Regional de Picos, onde foi prestado os devidos atendimentos.<\/p>\n<p style=\"text-align: justify;\">Fabiana que tinha apenas 30 anos, vinha sentindo fortes dores de cabe\u00e7a desde a segunda-feira (24). A mulher iria ser transferida para UTI em Teresina mas n\u00e3o resistiu a tempo.<\/p>\n<p style=\"text-align: justify;\">O diagn\u00f3stico que indica a causa da morte ainda est\u00e1 por ser confirmado no atestado de \u00f3bito, onde vai indicar se a causa foi decorrente de um aneurisma\u00a0<span id=\"IL_AD1\" class=\"IL_AD\">cerebral<\/span>.<\/p>\n<p style=\"text-align: justify;\">Fabiana Farias deixa cinco filhos sendo eles: Fabiano, Ysaae, Yasmim, Ingredy e F\u00e1bio Peroba, que \u00e9 bastante conhecido em Alegre e regi\u00e3o por ser lutador de MMA.<\/p>\n<p style=\"text-align: justify;\">A morte de Fabiana comoveu toda a cidade. Nas redes sociais, familiares e amigos prestam homenagens.<\/p>\n<p style=\"text-align: justify;\"><strong>FONTE: Piau\u00ed em Foco<\/strong><\/p>\n","protected":false},"excerpt":{"rendered":"<p>Fabiana Farias do Nascimento veio a \u00f3bito na ter\u00e7a-feira (25), no \u00a0Hospital Regional de Picos, onde foi prestado os devidos atendimentos. Fabiana que tinha apenas 30 anos, vinha sentindo fortes dores de cabe\u00e7a desde a segunda-feira (24). A mulher iria ser transferida para UTI em Teresina mas n\u00e3o resistiu a tempo. O diagn\u00f3stico que indica &hellip;<\/p>\n","protected":false},"author":8,"featured_media":9468,"comment_status":"open","ping_status":"open","sticky":false,"template":"","format":"standard","meta":{"content-type":"","rop_custom_images_group":[],"rop_custom_messages_group":[],"rop_publish_now":"initial","rop_publish_now_accounts":{"facebook_2648258775420054_1618374048415101":""},"rop_publish_now_history":[],"rop_publish_now_status":"pending","footnotes":"","_jetpack_memberships_contains_paid_content":false},"categories":[110,109],"tags":[2532,3038,1278,172,3039],"yoast_head":"<!-- This site is optimized with the Yoast SEO plugin v22.3 - https:\/\/yoast.com\/wordpress\/plugins\/seo\/ -->\n<title>Jovem sente forte dor de cabe\u00e7a, morre e deixa 5 filhos \u00f3rf\u00e3os em Alegrete do Piau\u00ed - Portal NPM<\/title>\n<meta name=\"robots\" content=\"index, follow, max-snippet:-1, max-image-preview:large, max-video-preview:-1\" \/>\n<link rel=\"canonical\" href=\"https:\/\/portalnpm.com\/index.php\/2019\/06\/26\/jovem-sente-forte-dor-de-cabeca-morre-e-deixa-5-filhos-orfaos-em-alegrete-do-piaui\/\" \/>\n<meta property=\"og:locale\" content=\"pt_BR\" \/>\n<meta property=\"og:type\" content=\"article\" \/>\n<meta property=\"og:title\" content=\"Jovem sente forte dor de cabe\u00e7a, morre e deixa 5 filhos \u00f3rf\u00e3os em Alegrete do Piau\u00ed - Portal NPM\" \/>\n<meta property=\"og:description\" content=\"Fabiana Farias do Nascimento veio a \u00f3bito na ter\u00e7a-feira (25), no \u00a0Hospital Regional de Picos, onde foi prestado os devidos atendimentos. Fabiana que tinha apenas 30 anos, vinha sentindo fortes dores de cabe\u00e7a desde a segunda-feira (24). A mulher iria ser transferida para UTI em Teresina mas n\u00e3o resistiu a tempo. O diagn\u00f3stico que indica &hellip;\" \/>\n<meta property=\"og:url\" content=\"https:\/\/portalnpm.com\/index.php\/2019\/06\/26\/jovem-sente-forte-dor-de-cabeca-morre-e-deixa-5-filhos-orfaos-em-alegrete-do-piaui\/\" \/>\n<meta property=\"og:site_name\" content=\"Portal NPM\" \/>\n<meta property=\"article:published_time\" content=\"2019-06-26T17:34:34+00:00\" \/>\n<meta name=\"author\" content=\"Zenilton Lima\" \/>\n<meta name=\"twitter:card\" content=\"summary_large_image\" \/>\n<meta name=\"twitter:label1\" content=\"Escrito por\" \/>\n\t<meta name=\"twitter:data1\" content=\"Zenilton Lima\" \/>\n\t<meta name=\"twitter:label2\" content=\"Est. tempo de leitura\" \/>\n\t<meta name=\"twitter:data2\" content=\"1 minuto\" \/>\n<script type=\"application\/ld+json\" class=\"yoast-schema-graph\">{\"@context\":\"https:\/\/schema.org\",\"@graph\":[{\"@type\":\"WebPage\",\"@id\":\"https:\/\/portalnpm.com\/index.php\/2019\/06\/26\/jovem-sente-forte-dor-de-cabeca-morre-e-deixa-5-filhos-orfaos-em-alegrete-do-piaui\/\",\"url\":\"https:\/\/portalnpm.com\/index.php\/2019\/06\/26\/jovem-sente-forte-dor-de-cabeca-morre-e-deixa-5-filhos-orfaos-em-alegrete-do-piaui\/\",\"name\":\"Jovem sente forte dor de cabe\u00e7a, morre e deixa 5 filhos \u00f3rf\u00e3os em Alegrete do Piau\u00ed - Portal NPM\",\"isPartOf\":{\"@id\":\"https:\/\/portalnpm.com\/#website\"},\"primaryImageOfPage\":{\"@id\":\"https:\/\/portalnpm.com\/index.php\/2019\/06\/26\/jovem-sente-forte-dor-de-cabeca-morre-e-deixa-5-filhos-orfaos-em-alegrete-do-piaui\/#primaryimage\"},\"image\":{\"@id\":\"https:\/\/portalnpm.com\/index.php\/2019\/06\/26\/jovem-sente-forte-dor-de-cabeca-morre-e-deixa-5-filhos-orfaos-em-alegrete-do-piaui\/#primaryimage\"},\"thumbnailUrl\":\"\",\"datePublished\":\"2019-06-26T17:34:34+00:00\",\"dateModified\":\"2019-06-26T17:34:34+00:00\",\"author\":{\"@id\":\"https:\/\/portalnpm.com\/#\/schema\/person\/35cb55186eae3f074b6783da6d35591e\"},\"breadcrumb\":{\"@id\":\"https:\/\/portalnpm.com\/index.php\/2019\/06\/26\/jovem-sente-forte-dor-de-cabeca-morre-e-deixa-5-filhos-orfaos-em-alegrete-do-piaui\/#breadcrumb\"},\"inLanguage\":\"pt-BR\",\"potentialAction\":[{\"@type\":\"ReadAction\",\"target\":[\"https:\/\/portalnpm.com\/index.php\/2019\/06\/26\/jovem-sente-forte-dor-de-cabeca-morre-e-deixa-5-filhos-orfaos-em-alegrete-do-piaui\/\"]}]},{\"@type\":\"ImageObject\",\"inLanguage\":\"pt-BR\",\"@id\":\"https:\/\/portalnpm.com\/index.php\/2019\/06\/26\/jovem-sente-forte-dor-de-cabeca-morre-e-deixa-5-filhos-orfaos-em-alegrete-do-piaui\/#primaryimage\",\"url\":\"\",\"contentUrl\":\"\"},{\"@type\":\"BreadcrumbList\",\"@id\":\"https:\/\/portalnpm.com\/index.php\/2019\/06\/26\/jovem-sente-forte-dor-de-cabeca-morre-e-deixa-5-filhos-orfaos-em-alegrete-do-piaui\/#breadcrumb\",\"itemListElement\":[{\"@type\":\"ListItem\",\"position\":1,\"name\":\"In\u00edcio\",\"item\":\"https:\/\/portalnpm.com\/\"},{\"@type\":\"ListItem\",\"position\":2,\"name\":\"Jovem sente forte dor de cabe\u00e7a, morre e deixa 5 filhos \u00f3rf\u00e3os em Alegrete do Piau\u00ed\"}]},{\"@type\":\"WebSite\",\"@id\":\"https:\/\/portalnpm.com\/#website\",\"url\":\"https:\/\/portalnpm.com\/\",\"name\":\"Portal NPM\",\"description\":\"Not\u00edcias em Primeira M\u00e3o\",\"potentialAction\":[{\"@type\":\"SearchAction\",\"target\":{\"@type\":\"EntryPoint\",\"urlTemplate\":\"https:\/\/portalnpm.com\/?s={search_term_string}\"},\"query-input\":\"required name=search_term_string\"}],\"inLanguage\":\"pt-BR\"},{\"@type\":\"Person\",\"@id\":\"https:\/\/portalnpm.com\/#\/schema\/person\/35cb55186eae3f074b6783da6d35591e\",\"name\":\"Zenilton Lima\",\"image\":{\"@type\":\"ImageObject\",\"inLanguage\":\"pt-BR\",\"@id\":\"https:\/\/portalnpm.com\/#\/schema\/person\/image\/\",\"url\":\"https:\/\/portalnpm.com\/wp-content\/uploads\/2024\/12\/avatar_user_8_1733658137-96x96.jpeg\",\"contentUrl\":\"https:\/\/portalnpm.com\/wp-content\/uploads\/2024\/12\/avatar_user_8_1733658137-96x96.jpeg\",\"caption\":\"Zenilton Lima\"},\"url\":\"https:\/\/portalnpm.com\/index.php\/author\/zenilton\/\"}]}<\/script>\n<!-- \/ Yoast SEO plugin. -->","yoast_head_json":{"title":"Jovem sente forte dor de cabe\u00e7a, morre e deixa 5 filhos \u00f3rf\u00e3os em Alegrete do Piau\u00ed - Portal NPM","robots":{"index":"index","follow":"follow","max-snippet":"max-snippet:-1","max-image-preview":"max-image-preview:large","max-video-preview":"max-video-preview:-1"},"canonical":"https:\/\/portalnpm.com\/index.php\/2019\/06\/26\/jovem-sente-forte-dor-de-cabeca-morre-e-deixa-5-filhos-orfaos-em-alegrete-do-piaui\/","og_locale":"pt_BR","og_type":"article","og_title":"Jovem sente forte dor de cabe\u00e7a, morre e deixa 5 filhos \u00f3rf\u00e3os em Alegrete do Piau\u00ed - Portal NPM","og_description":"Fabiana Farias do Nascimento veio a \u00f3bito na ter\u00e7a-feira (25), no \u00a0Hospital Regional de Picos, onde foi prestado os devidos atendimentos. Fabiana que tinha apenas 30 anos, vinha sentindo fortes dores de cabe\u00e7a desde a segunda-feira (24). A mulher iria ser transferida para UTI em Teresina mas n\u00e3o resistiu a tempo. O diagn\u00f3stico que indica &hellip;","og_url":"https:\/\/portalnpm.com\/index.php\/2019\/06\/26\/jovem-sente-forte-dor-de-cabeca-morre-e-deixa-5-filhos-orfaos-em-alegrete-do-piaui\/","og_site_name":"Portal NPM","article_published_time":"2019-06-26T17:34:34+00:00","author":"Zenilton Lima","twitter_card":"summary_large_image","twitter_misc":{"Escrito por":"Zenilton Lima","Est. tempo de leitura":"1 minuto"},"schema":{"@context":"https:\/\/schema.org","@graph":[{"@type":"WebPage","@id":"https:\/\/portalnpm.com\/index.php\/2019\/06\/26\/jovem-sente-forte-dor-de-cabeca-morre-e-deixa-5-filhos-orfaos-em-alegrete-do-piaui\/","url":"https:\/\/portalnpm.com\/index.php\/2019\/06\/26\/jovem-sente-forte-dor-de-cabeca-morre-e-deixa-5-filhos-orfaos-em-alegrete-do-piaui\/","name":"Jovem sente forte dor de cabe\u00e7a, morre e deixa 5 filhos \u00f3rf\u00e3os em Alegrete do Piau\u00ed - Portal NPM","isPartOf":{"@id":"https:\/\/portalnpm.com\/#website"},"primaryImageOfPage":{"@id":"https:\/\/portalnpm.com\/index.php\/2019\/06\/26\/jovem-sente-forte-dor-de-cabeca-morre-e-deixa-5-filhos-orfaos-em-alegrete-do-piaui\/#primaryimage"},"image":{"@id":"https:\/\/portalnpm.com\/index.php\/2019\/06\/26\/jovem-sente-forte-dor-de-cabeca-morre-e-deixa-5-filhos-orfaos-em-alegrete-do-piaui\/#primaryimage"},"thumbnailUrl":"","datePublished":"2019-06-26T17:34:34+00:00","dateModified":"2019-06-26T17:34:34+00:00","author":{"@id":"https:\/\/portalnpm.com\/#\/schema\/person\/35cb55186eae3f074b6783da6d35591e"},"breadcrumb":{"@id":"https:\/\/portalnpm.com\/index.php\/2019\/06\/26\/jovem-sente-forte-dor-de-cabeca-morre-e-deixa-5-filhos-orfaos-em-alegrete-do-piaui\/#breadcrumb"},"inLanguage":"pt-BR","potentialAction":[{"@type":"ReadAction","target":["https:\/\/portalnpm.com\/index.php\/2019\/06\/26\/jovem-sente-forte-dor-de-cabeca-morre-e-deixa-5-filhos-orfaos-em-alegrete-do-piaui\/"]}]},{"@type":"ImageObject","inLanguage":"pt-BR","@id":"https:\/\/portalnpm.com\/index.php\/2019\/06\/26\/jovem-sente-forte-dor-de-cabeca-morre-e-deixa-5-filhos-orfaos-em-alegrete-do-piaui\/#primaryimage","url":"","contentUrl":""},{"@type":"BreadcrumbList","@id":"https:\/\/portalnpm.com\/index.php\/2019\/06\/26\/jovem-sente-forte-dor-de-cabeca-morre-e-deixa-5-filhos-orfaos-em-alegrete-do-piaui\/#breadcrumb","itemListElement":[{"@type":"ListItem","position":1,"name":"In\u00edcio","item":"https:\/\/portalnpm.com\/"},{"@type":"ListItem","position":2,"name":"Jovem sente forte dor de cabe\u00e7a, morre e deixa 5 filhos \u00f3rf\u00e3os em Alegrete do Piau\u00ed"}]},{"@type":"WebSite","@id":"https:\/\/portalnpm.com\/#website","url":"https:\/\/portalnpm.com\/","name":"Portal NPM","description":"Not\u00edcias em Primeira M\u00e3o","potentialAction":[{"@type":"SearchAction","target":{"@type":"EntryPoint","urlTemplate":"https:\/\/portalnpm.com\/?s={search_term_string}"},"query-input":"required name=search_term_string"}],"inLanguage":"pt-BR"},{"@type":"Person","@id":"https:\/\/portalnpm.com\/#\/schema\/person\/35cb55186eae3f074b6783da6d35591e","name":"Zenilton Lima","image":{"@type":"ImageObject","inLanguage":"pt-BR","@id":"https:\/\/portalnpm.com\/#\/schema\/person\/image\/","url":"https:\/\/portalnpm.com\/wp-content\/uploads\/2024\/12\/avatar_user_8_1733658137-96x96.jpeg","contentUrl":"https:\/\/portalnpm.com\/wp-content\/uploads\/2024\/12\/avatar_user_8_1733658137-96x96.jpeg","caption":"Zenilton Lima"},"url":"https:\/\/portalnpm.com\/index.php\/author\/zenilton\/"}]}},"jetpack_sharing_enabled":true,"jetpack_featured_media_url":"","_links":{"self":[{"href":"https:\/\/portalnpm.com\/index.php\/wp-json\/wp\/v2\/posts\/9467"}],"collection":[{"href":"https:\/\/portalnpm.com\/index.php\/wp-json\/wp\/v2\/posts"}],"about":[{"href":"https:\/\/portalnpm.com\/index.php\/wp-json\/wp\/v2\/types\/post"}],"author":[{"embeddable":true,"href":"https:\/\/portalnpm.com\/index.php\/wp-json\/wp\/v2\/users\/8"}],"replies":[{"embeddable":true,"href":"https:\/\/portalnpm.com\/index.php\/wp-json\/wp\/v2\/comments?post=9467"}],"version-history":[{"count":0,"href":"https:\/\/portalnpm.com\/index.php\/wp-json\/wp\/v2\/posts\/9467\/revisions"}],"wp:featuredmedia":[{"embeddable":true,"href":"https:\/\/portalnpm.com\/index.php\/wp-json\/"}],"wp:attachment":[{"href":"https:\/\/portalnpm.com\/index.php\/wp-json\/wp\/v2\/media?parent=9467"}],"wp:term":[{"taxonomy":"category","embeddable":true,"href":"https:\/\/portalnpm.com\/index.php\/wp-json\/wp\/v2\/categories?post=9467"},{"taxonomy":"post_tag","embeddable":true,"href":"https:\/\/portalnpm.com\/index.php\/wp-json\/wp\/v2\/tags?post=9467"}],"curies":[{"name":"wp","href":"https:\/\/api.w.org\/{rel}","templated":true}]}}