{"id":94770,"date":"2026-04-28T20:04:04","date_gmt":"2026-04-28T23:04:04","guid":{"rendered":"https:\/\/portalnpm.com\/?p=94770"},"modified":"2026-04-28T20:04:04","modified_gmt":"2026-04-28T23:04:04","slug":"veja-os-jogadores-que-podem-ficar-fora-da-copa-do-mundo-por-lesao","status":"publish","type":"post","link":"https:\/\/portalnpm.com\/index.php\/2026\/04\/28\/veja-os-jogadores-que-podem-ficar-fora-da-copa-do-mundo-por-lesao\/","title":{"rendered":"Veja os jogadores que podem ficar fora da Copa do Mundo por les\u00e3o"},"content":{"rendered":"<div class=\"visible-xs\">\n<div id=\"div-gpt-ad-mobile-cabecalho\" data-google-query-id=\"CJmq-6vTkZQDFUuuYQYdmUYe2Q\"><\/div>\n<\/div>\n<div id=\"content\" class=\"content-esporte\">\n<div class=\"container\">\n<div class=\"row\">\n<div id=\"main\" class=\"col-sm-12 col-md-8\">\n<article class=\"clearfix\">\n<div id=\"post-body-news\" class=\"post-body\">\n<p>&nbsp;<\/p>\n<p>&nbsp;<\/p>\n<p>A lista de craques que est\u00e3o fora da Copa do Mundo 2026 ganhou mais um novo integrante nesta segunda-feira, 27. O meia Xavi Simons, do Tottenham, teve confirmada les\u00e3o no ligamento do joelho sofrida durante a vit\u00f3ria sobre o Wolverhampton no \u00faltimo s\u00e1bado, 25, e tem previs\u00e3o de voltar aos gramados apenas em 2027<\/p>\n<p>Na sele\u00e7\u00e3o brasileira, o atacante Rodrygo, do Real Madrid, \u00e9 um desfalque confirmado. Ele rompeu o ligamento cruzado anterior (LCA) e do menisco do joelho direito em mar\u00e7o, em duelo contra o Getafe, por La Liga.<\/p>\n<p>J\u00e1 o zagueiro \u00c9der Milit\u00e3o, tamb\u00e9m do time espanhol, lesionou gravemente o m\u00fasculo da coxa esquerda recentemente, no jogo contra o Alav\u00e9s, tamb\u00e9m pelo Campeonato Espanhol. A princ\u00edpio, ele precisar\u00e1 passar por cirurgia e pode ficar afastado dos gramados por cinco meses. No entanto, segundo o portal ge, o defensor vai consultar um especialista na Finl\u00e2ndia para tentar jogar a Copa do Mundo.<\/p>\n<p>Outro brasileiro que corre o risco de ficar fora do Mundial \u00e9 Est\u00eav\u00e3o, do Chelsea. O atacante sofreu estiramento no m\u00fasculo posterior da coxa direita e deveria passar por cirurgia que o tiraria da disputa por um lugar na lista do italiano Carlo Ancelotti, que ser\u00e1 anunciada no dia 18 de maio. Entretanto, ele busca voltar ao Brasil para tratar a les\u00e3o e estar pronto para a Copa.<\/p>\n<p>Companheiro de Rodrygo e Milit\u00e3o no Real Madrid, o meia Arda Guler, principal estrela da Turquia, teve les\u00e3o muscular no b\u00edceps femoral da perna direita e corre risco de n\u00e3o representar sua na\u00e7\u00e3o nos gramados da Am\u00e9rica do Norte.<\/p>\n<p>Na Fran\u00e7a, Hugo Ekitike, atacante do Liverpool, rompeu o tend\u00e3o de Aquiles na volta das quartas de final da Champions League contra o PSG. Como a previs\u00e3o \u00e9 de que ele se recupere entre nove e doze meses, ele n\u00e3o estar\u00e1 dispon\u00edvel para a sele\u00e7\u00e3o francesa. Outra preocupa\u00e7\u00e3o do t\u00e9cnico Didier Deschamps \u00e9 com o craque Kylian Mbapp\u00e9, do Real, que j\u00e1 est\u00e1 fora dos \u00faltimos jogos da temporada da equipe espanhol por les\u00e3o no m\u00fasculo da coxa esquerda. Inicialmente, a previs\u00e3o \u00e9 de que ele retorne a tempo para a Copa.<\/p>\n<p>Na Espanha, o atacante Samu, do Porto, rompeu o ligamento cruzado anterior do joelho direito na semifinal da Ta\u00e7a de Portugal contra o Sporting, em fevereiro. Ele passou por cirurgia, est\u00e1 em processo de recupera\u00e7\u00e3o e n\u00e3o se recuperar\u00e1 a tempo do Mundial. Al\u00e9m dele, a estrela Lamine Yamal, do Barcelona, teve les\u00e3o muscular em duelo contra o Celta por La Liga e pode desfalcar a sele\u00e7\u00e3o espanhola no in\u00edcio da Copa.<\/p>\n<p>Pela sele\u00e7\u00e3o alem\u00e3, Serge Gnabry, meia do Bayern de Munique, \u00e9 uma baixa certa. Na volta das quartas de final da Champions League, ele sofreu rompimento no m\u00fasculo adutor da coxa direita do atleta e n\u00e3o se recuperar\u00e1 a tempo do Mundial.<\/p>\n<p>O veterano Luka Modric, do Milan, teve fraturas no rosto constatadas e j\u00e1 confirmou que est\u00e1 fora do resto de temporada no Milan. Al\u00e9m disso, ele preocupa a sele\u00e7\u00e3o da Cro\u00e1cia, que pode ficar sem ficar sem capit\u00e3o na disputa do Mundial.<\/p>\n<p>J\u00e1 a Argentina, atual campe\u00e3 do mundo, tem duas aus\u00eancia confirmadas na zaga. Juan Foyth, do Villarreal, que lesionou o tend\u00e3o de Aquiles, e Cristian Romero, do Tottenham, que machucou o ligamento cruzado do joelho direito, n\u00e3o v\u00e3o defender o t\u00edtulo nesta Copa.<\/p>\n<h2><strong>VEJA LISTA DE DESFALQUES CONFIRMADOS NA COPA DO MUNDO:<\/strong><\/h2>\n<ul>\n<li>Brasil &#8211; Rodrygo (Real Madrid)<\/li>\n<li>Alemanha &#8211; Serge Gnabry (Bayern de Munique)<\/li>\n<li>Argentina &#8211; Juan Foyth (Villarreal) e Cristian Romero (Tottenham)<\/li>\n<li>Austr\u00e1lia &#8211; Lewis Miller (Blackburn Rovers)<\/li>\n<li>Egito &#8211; Mohamed Hamdy (Pyramids)<\/li>\n<li>Espanha &#8211; Samu Aghehowa (Porto)<\/li>\n<li>Estados Unidos &#8211; Patrick Agyemang (Derby County)<\/li>\n<li>Fran\u00e7a &#8211; Hugo Ekitike (Liverpool)<\/li>\n<li>Gana &#8211; Mohammed Salisu (Monaco)<\/li>\n<li>Holanda &#8211; Xavi Simmons (Tottenham)<\/li>\n<li>Inglaterra &#8211; Reece James (Chelsea) e Jack Grealish (Everton)<\/li>\n<li>Jap\u00e3o &#8211; Takumi Minamino (Monaco)<\/li>\n<li>Jord\u00e2nia &#8211; Yazan Al-Naimat (Al-Arabi)<\/li>\n<li>Marrocos &#8211; Hamza Igamane (Lille)<\/li>\n<li>M\u00e9xico &#8211; Luis Malag\u00f3n (Am\u00e9rica-M\u00c9X)<\/li>\n<li>Nova Zel\u00e2ndia &#8211; Oliver Sail (Auckland FC)<\/li>\n<li>Uzbequist\u00e3o &#8211; Husniddin Aliqulov (\u00c7aykur Rizespor) e Jaloliddin Masharipov (Esteghlal)<\/li>\n<\/ul>\n<p>Fonte: Estad\u00e3o Conte\u00fado<\/p>\n<\/div>\n<\/article>\n<\/div>\n<\/div>\n<\/div>\n<\/div>\n","protected":false},"excerpt":{"rendered":"<p>&nbsp; &nbsp; A lista de craques que est\u00e3o fora da Copa do Mundo 2026 ganhou mais um novo integrante nesta segunda-feira, 27. O meia Xavi Simons, do Tottenham, teve confirmada les\u00e3o no ligamento do joelho sofrida durante a vit\u00f3ria sobre o Wolverhampton no \u00faltimo s\u00e1bado, 25, e tem previs\u00e3o de voltar aos gramados apenas em &hellip;<\/p>\n","protected":false},"author":2,"featured_media":94773,"comment_status":"open","ping_status":"open","sticky":false,"template":"","format":"standard","meta":{"content-type":"","rop_custom_images_group":[],"rop_custom_messages_group":[],"rop_publish_now":"no","rop_publish_now_accounts":{"facebook_2648258775420054_1618374048415101":""},"rop_publish_now_history":[{"account":"facebook_2648258775420054_1618374048415101","service":"facebook","timestamp":1777417462,"status":"success"}],"rop_publish_now_status":"done","footnotes":"","_jetpack_memberships_contains_paid_content":false},"categories":[108],"tags":[837,836,12208,2719,4940,5083,3138,1194,699,1167,842],"yoast_head":"<!-- This site is optimized with the Yoast SEO plugin v22.3 - https:\/\/yoast.com\/wordpress\/plugins\/seo\/ -->\n<title>Veja os jogadores que podem ficar fora da Copa do Mundo por les\u00e3o - Portal NPM<\/title>\n<meta name=\"robots\" content=\"index, follow, max-snippet:-1, max-image-preview:large, max-video-preview:-1\" \/>\n<link rel=\"canonical\" href=\"https:\/\/portalnpm.com\/index.php\/2026\/04\/28\/veja-os-jogadores-que-podem-ficar-fora-da-copa-do-mundo-por-lesao\/\" \/>\n<meta property=\"og:locale\" content=\"pt_BR\" \/>\n<meta property=\"og:type\" content=\"article\" \/>\n<meta property=\"og:title\" content=\"Veja os jogadores que podem ficar fora da Copa do Mundo por les\u00e3o - Portal NPM\" \/>\n<meta property=\"og:description\" content=\"&nbsp; &nbsp; A lista de craques que est\u00e3o fora da Copa do Mundo 2026 ganhou mais um novo integrante nesta segunda-feira, 27. O meia Xavi Simons, do Tottenham, teve confirmada les\u00e3o no ligamento do joelho sofrida durante a vit\u00f3ria sobre o Wolverhampton no \u00faltimo s\u00e1bado, 25, e tem previs\u00e3o de voltar aos gramados apenas em &hellip;\" \/>\n<meta property=\"og:url\" content=\"https:\/\/portalnpm.com\/index.php\/2026\/04\/28\/veja-os-jogadores-que-podem-ficar-fora-da-copa-do-mundo-por-lesao\/\" \/>\n<meta property=\"og:site_name\" content=\"Portal NPM\" \/>\n<meta property=\"article:published_time\" content=\"2026-04-28T23:04:04+00:00\" \/>\n<meta property=\"og:image\" content=\"https:\/\/portalnpm.com\/wp-content\/uploads\/2026\/04\/copa_do_mundo_2026.jpg\" \/>\n\t<meta property=\"og:image:width\" content=\"790\" \/>\n\t<meta property=\"og:image:height\" content=\"550\" \/>\n\t<meta property=\"og:image:type\" content=\"image\/jpeg\" \/>\n<meta name=\"author\" content=\"Genival Barbosa\" \/>\n<meta name=\"twitter:card\" content=\"summary_large_image\" \/>\n<meta name=\"twitter:label1\" content=\"Escrito por\" \/>\n\t<meta name=\"twitter:data1\" content=\"Genival Barbosa\" \/>\n\t<meta name=\"twitter:label2\" content=\"Est. tempo de leitura\" \/>\n\t<meta name=\"twitter:data2\" content=\"4 minutos\" \/>\n<script type=\"application\/ld+json\" class=\"yoast-schema-graph\">{\"@context\":\"https:\/\/schema.org\",\"@graph\":[{\"@type\":\"WebPage\",\"@id\":\"https:\/\/portalnpm.com\/index.php\/2026\/04\/28\/veja-os-jogadores-que-podem-ficar-fora-da-copa-do-mundo-por-lesao\/\",\"url\":\"https:\/\/portalnpm.com\/index.php\/2026\/04\/28\/veja-os-jogadores-que-podem-ficar-fora-da-copa-do-mundo-por-lesao\/\",\"name\":\"Veja os jogadores que podem ficar fora da Copa do Mundo por les\u00e3o - Portal NPM\",\"isPartOf\":{\"@id\":\"https:\/\/portalnpm.com\/#website\"},\"primaryImageOfPage\":{\"@id\":\"https:\/\/portalnpm.com\/index.php\/2026\/04\/28\/veja-os-jogadores-que-podem-ficar-fora-da-copa-do-mundo-por-lesao\/#primaryimage\"},\"image\":{\"@id\":\"https:\/\/portalnpm.com\/index.php\/2026\/04\/28\/veja-os-jogadores-que-podem-ficar-fora-da-copa-do-mundo-por-lesao\/#primaryimage\"},\"thumbnailUrl\":\"https:\/\/portalnpm.com\/wp-content\/uploads\/2026\/04\/copa_do_mundo_2026.jpg\",\"datePublished\":\"2026-04-28T23:04:04+00:00\",\"dateModified\":\"2026-04-28T23:04:04+00:00\",\"author\":{\"@id\":\"https:\/\/portalnpm.com\/#\/schema\/person\/49313e563cfdefcc167f1ee4c017c294\"},\"breadcrumb\":{\"@id\":\"https:\/\/portalnpm.com\/index.php\/2026\/04\/28\/veja-os-jogadores-que-podem-ficar-fora-da-copa-do-mundo-por-lesao\/#breadcrumb\"},\"inLanguage\":\"pt-BR\",\"potentialAction\":[{\"@type\":\"ReadAction\",\"target\":[\"https:\/\/portalnpm.com\/index.php\/2026\/04\/28\/veja-os-jogadores-que-podem-ficar-fora-da-copa-do-mundo-por-lesao\/\"]}]},{\"@type\":\"ImageObject\",\"inLanguage\":\"pt-BR\",\"@id\":\"https:\/\/portalnpm.com\/index.php\/2026\/04\/28\/veja-os-jogadores-que-podem-ficar-fora-da-copa-do-mundo-por-lesao\/#primaryimage\",\"url\":\"https:\/\/portalnpm.com\/wp-content\/uploads\/2026\/04\/copa_do_mundo_2026.jpg\",\"contentUrl\":\"https:\/\/portalnpm.com\/wp-content\/uploads\/2026\/04\/copa_do_mundo_2026.jpg\",\"width\":790,\"height\":550},{\"@type\":\"BreadcrumbList\",\"@id\":\"https:\/\/portalnpm.com\/index.php\/2026\/04\/28\/veja-os-jogadores-que-podem-ficar-fora-da-copa-do-mundo-por-lesao\/#breadcrumb\",\"itemListElement\":[{\"@type\":\"ListItem\",\"position\":1,\"name\":\"In\u00edcio\",\"item\":\"https:\/\/portalnpm.com\/\"},{\"@type\":\"ListItem\",\"position\":2,\"name\":\"Veja os jogadores que podem ficar fora da Copa do Mundo por les\u00e3o\"}]},{\"@type\":\"WebSite\",\"@id\":\"https:\/\/portalnpm.com\/#website\",\"url\":\"https:\/\/portalnpm.com\/\",\"name\":\"Portal NPM\",\"description\":\"Not\u00edcias em Primeira M\u00e3o\",\"potentialAction\":[{\"@type\":\"SearchAction\",\"target\":{\"@type\":\"EntryPoint\",\"urlTemplate\":\"https:\/\/portalnpm.com\/?s={search_term_string}\"},\"query-input\":\"required name=search_term_string\"}],\"inLanguage\":\"pt-BR\"},{\"@type\":\"Person\",\"@id\":\"https:\/\/portalnpm.com\/#\/schema\/person\/49313e563cfdefcc167f1ee4c017c294\",\"name\":\"Genival Barbosa\",\"image\":{\"@type\":\"ImageObject\",\"inLanguage\":\"pt-BR\",\"@id\":\"https:\/\/portalnpm.com\/#\/schema\/person\/image\/\",\"url\":\"https:\/\/portalnpm.com\/wp-content\/uploads\/2024\/02\/avatar_user_2_1707743258-96x96.jpeg\",\"contentUrl\":\"https:\/\/portalnpm.com\/wp-content\/uploads\/2024\/02\/avatar_user_2_1707743258-96x96.jpeg\",\"caption\":\"Genival Barbosa\"},\"url\":\"https:\/\/portalnpm.com\/index.php\/author\/genival\/\"}]}<\/script>\n<!-- \/ Yoast SEO plugin. -->","yoast_head_json":{"title":"Veja os jogadores que podem ficar fora da Copa do Mundo por les\u00e3o - Portal NPM","robots":{"index":"index","follow":"follow","max-snippet":"max-snippet:-1","max-image-preview":"max-image-preview:large","max-video-preview":"max-video-preview:-1"},"canonical":"https:\/\/portalnpm.com\/index.php\/2026\/04\/28\/veja-os-jogadores-que-podem-ficar-fora-da-copa-do-mundo-por-lesao\/","og_locale":"pt_BR","og_type":"article","og_title":"Veja os jogadores que podem ficar fora da Copa do Mundo por les\u00e3o - Portal NPM","og_description":"&nbsp; &nbsp; A lista de craques que est\u00e3o fora da Copa do Mundo 2026 ganhou mais um novo integrante nesta segunda-feira, 27. O meia Xavi Simons, do Tottenham, teve confirmada les\u00e3o no ligamento do joelho sofrida durante a vit\u00f3ria sobre o Wolverhampton no \u00faltimo s\u00e1bado, 25, e tem previs\u00e3o de voltar aos gramados apenas em &hellip;","og_url":"https:\/\/portalnpm.com\/index.php\/2026\/04\/28\/veja-os-jogadores-que-podem-ficar-fora-da-copa-do-mundo-por-lesao\/","og_site_name":"Portal NPM","article_published_time":"2026-04-28T23:04:04+00:00","og_image":[{"width":790,"height":550,"url":"https:\/\/portalnpm.com\/wp-content\/uploads\/2026\/04\/copa_do_mundo_2026.jpg","type":"image\/jpeg"}],"author":"Genival Barbosa","twitter_card":"summary_large_image","twitter_misc":{"Escrito por":"Genival Barbosa","Est. tempo de leitura":"4 minutos"},"schema":{"@context":"https:\/\/schema.org","@graph":[{"@type":"WebPage","@id":"https:\/\/portalnpm.com\/index.php\/2026\/04\/28\/veja-os-jogadores-que-podem-ficar-fora-da-copa-do-mundo-por-lesao\/","url":"https:\/\/portalnpm.com\/index.php\/2026\/04\/28\/veja-os-jogadores-que-podem-ficar-fora-da-copa-do-mundo-por-lesao\/","name":"Veja os jogadores que podem ficar fora da Copa do Mundo por les\u00e3o - Portal NPM","isPartOf":{"@id":"https:\/\/portalnpm.com\/#website"},"primaryImageOfPage":{"@id":"https:\/\/portalnpm.com\/index.php\/2026\/04\/28\/veja-os-jogadores-que-podem-ficar-fora-da-copa-do-mundo-por-lesao\/#primaryimage"},"image":{"@id":"https:\/\/portalnpm.com\/index.php\/2026\/04\/28\/veja-os-jogadores-que-podem-ficar-fora-da-copa-do-mundo-por-lesao\/#primaryimage"},"thumbnailUrl":"https:\/\/portalnpm.com\/wp-content\/uploads\/2026\/04\/copa_do_mundo_2026.jpg","datePublished":"2026-04-28T23:04:04+00:00","dateModified":"2026-04-28T23:04:04+00:00","author":{"@id":"https:\/\/portalnpm.com\/#\/schema\/person\/49313e563cfdefcc167f1ee4c017c294"},"breadcrumb":{"@id":"https:\/\/portalnpm.com\/index.php\/2026\/04\/28\/veja-os-jogadores-que-podem-ficar-fora-da-copa-do-mundo-por-lesao\/#breadcrumb"},"inLanguage":"pt-BR","potentialAction":[{"@type":"ReadAction","target":["https:\/\/portalnpm.com\/index.php\/2026\/04\/28\/veja-os-jogadores-que-podem-ficar-fora-da-copa-do-mundo-por-lesao\/"]}]},{"@type":"ImageObject","inLanguage":"pt-BR","@id":"https:\/\/portalnpm.com\/index.php\/2026\/04\/28\/veja-os-jogadores-que-podem-ficar-fora-da-copa-do-mundo-por-lesao\/#primaryimage","url":"https:\/\/portalnpm.com\/wp-content\/uploads\/2026\/04\/copa_do_mundo_2026.jpg","contentUrl":"https:\/\/portalnpm.com\/wp-content\/uploads\/2026\/04\/copa_do_mundo_2026.jpg","width":790,"height":550},{"@type":"BreadcrumbList","@id":"https:\/\/portalnpm.com\/index.php\/2026\/04\/28\/veja-os-jogadores-que-podem-ficar-fora-da-copa-do-mundo-por-lesao\/#breadcrumb","itemListElement":[{"@type":"ListItem","position":1,"name":"In\u00edcio","item":"https:\/\/portalnpm.com\/"},{"@type":"ListItem","position":2,"name":"Veja os jogadores que podem ficar fora da Copa do Mundo por les\u00e3o"}]},{"@type":"WebSite","@id":"https:\/\/portalnpm.com\/#website","url":"https:\/\/portalnpm.com\/","name":"Portal NPM","description":"Not\u00edcias em Primeira M\u00e3o","potentialAction":[{"@type":"SearchAction","target":{"@type":"EntryPoint","urlTemplate":"https:\/\/portalnpm.com\/?s={search_term_string}"},"query-input":"required name=search_term_string"}],"inLanguage":"pt-BR"},{"@type":"Person","@id":"https:\/\/portalnpm.com\/#\/schema\/person\/49313e563cfdefcc167f1ee4c017c294","name":"Genival Barbosa","image":{"@type":"ImageObject","inLanguage":"pt-BR","@id":"https:\/\/portalnpm.com\/#\/schema\/person\/image\/","url":"https:\/\/portalnpm.com\/wp-content\/uploads\/2024\/02\/avatar_user_2_1707743258-96x96.jpeg","contentUrl":"https:\/\/portalnpm.com\/wp-content\/uploads\/2024\/02\/avatar_user_2_1707743258-96x96.jpeg","caption":"Genival Barbosa"},"url":"https:\/\/portalnpm.com\/index.php\/author\/genival\/"}]}},"jetpack_sharing_enabled":true,"jetpack_featured_media_url":"https:\/\/portalnpm.com\/wp-content\/uploads\/2026\/04\/copa_do_mundo_2026.jpg","_links":{"self":[{"href":"https:\/\/portalnpm.com\/index.php\/wp-json\/wp\/v2\/posts\/94770"}],"collection":[{"href":"https:\/\/portalnpm.com\/index.php\/wp-json\/wp\/v2\/posts"}],"about":[{"href":"https:\/\/portalnpm.com\/index.php\/wp-json\/wp\/v2\/types\/post"}],"author":[{"embeddable":true,"href":"https:\/\/portalnpm.com\/index.php\/wp-json\/wp\/v2\/users\/2"}],"replies":[{"embeddable":true,"href":"https:\/\/portalnpm.com\/index.php\/wp-json\/wp\/v2\/comments?post=94770"}],"version-history":[{"count":1,"href":"https:\/\/portalnpm.com\/index.php\/wp-json\/wp\/v2\/posts\/94770\/revisions"}],"predecessor-version":[{"id":94774,"href":"https:\/\/portalnpm.com\/index.php\/wp-json\/wp\/v2\/posts\/94770\/revisions\/94774"}],"wp:featuredmedia":[{"embeddable":true,"href":"https:\/\/portalnpm.com\/index.php\/wp-json\/wp\/v2\/media\/94773"}],"wp:attachment":[{"href":"https:\/\/portalnpm.com\/index.php\/wp-json\/wp\/v2\/media?parent=94770"}],"wp:term":[{"taxonomy":"category","embeddable":true,"href":"https:\/\/portalnpm.com\/index.php\/wp-json\/wp\/v2\/categories?post=94770"},{"taxonomy":"post_tag","embeddable":true,"href":"https:\/\/portalnpm.com\/index.php\/wp-json\/wp\/v2\/tags?post=94770"}],"curies":[{"name":"wp","href":"https:\/\/api.w.org\/{rel}","templated":true}]}}