{"id":94825,"date":"2026-04-29T20:24:40","date_gmt":"2026-04-29T23:24:40","guid":{"rendered":"https:\/\/portalnpm.com\/?p=94825"},"modified":"2026-04-29T20:24:40","modified_gmt":"2026-04-29T23:24:40","slug":"sao-juliao-conquista-nova-ambulancia-para-reforcar-transporte-de-pacientes","status":"publish","type":"post","link":"https:\/\/portalnpm.com\/index.php\/2026\/04\/29\/sao-juliao-conquista-nova-ambulancia-para-reforcar-transporte-de-pacientes\/","title":{"rendered":"S\u00e3o Juli\u00e3o conquista nova ambul\u00e2ncia para refor\u00e7ar transporte de pacientes"},"content":{"rendered":"<p>O munic\u00edpio de S\u00e3o Juli\u00e3o recebeu a confirma\u00e7\u00e3o da destina\u00e7\u00e3o de uma nova ambul\u00e2ncia, que ir\u00e1 fortalecer o atendimento na \u00e1rea da sa\u00fade, especialmente no transporte de pacientes que precisam se deslocar para outras cidades em busca de tratamentos especializados.<\/p>\n<p>A iniciativa tem como objetivo garantir mais seguran\u00e7a, conforto e agilidade para pessoas que realizam procedimentos como radioterapia, hemodi\u00e1lise, exames e consultas m\u00e9dicas fora do munic\u00edpio. A conquista representa um avan\u00e7o importante, atrav\u00e9s do prefeito Renaldinho Ramos juntamente com a Gest\u00e3o S\u00e3o Juli\u00e3o Para Todos, para reduzir dificuldades enfrentadas por pacientes que dependem desse tipo de deslocamento cont\u00ednuo.<\/p>\n<p><img fetchpriority=\"high\" decoding=\"async\" class=\"alignnone size-medium wp-image-94827\" src=\"https:\/\/portalnpm.com\/wp-content\/uploads\/2026\/04\/a4ed6923-7b58-4e96-ad3f-58e7519cb5c1-169x300.jpeg\" alt=\"\" width=\"169\" height=\"300\" srcset=\"https:\/\/portalnpm.com\/wp-content\/uploads\/2026\/04\/a4ed6923-7b58-4e96-ad3f-58e7519cb5c1-169x300.jpeg 169w, https:\/\/portalnpm.com\/wp-content\/uploads\/2026\/04\/a4ed6923-7b58-4e96-ad3f-58e7519cb5c1-576x1024.jpeg 576w, https:\/\/portalnpm.com\/wp-content\/uploads\/2026\/04\/a4ed6923-7b58-4e96-ad3f-58e7519cb5c1-768x1366.jpeg 768w, https:\/\/portalnpm.com\/wp-content\/uploads\/2026\/04\/a4ed6923-7b58-4e96-ad3f-58e7519cb5c1-864x1536.jpeg 864w, https:\/\/portalnpm.com\/wp-content\/uploads\/2026\/04\/a4ed6923-7b58-4e96-ad3f-58e7519cb5c1.jpeg 899w\" sizes=\"(max-width: 169px) 100vw, 169px\" \/><\/p>\n<p>A aquisi\u00e7\u00e3o do ve\u00edculo acontece por meio de a\u00e7\u00f5es do Governo Federal, com destaque para o programa \u201cAgora Tem Especialistas\u201d, que integra os chamados \u201cCaminhos da Sa\u00fade\u201d. A proposta \u00e9 ampliar o acesso da popula\u00e7\u00e3o a servi\u00e7os especializados, assegurando n\u00e3o apenas o atendimento, mas tamb\u00e9m condi\u00e7\u00f5es adequadas de transporte.<\/p>\n<p>A articula\u00e7\u00e3o para a conquista da ambul\u00e2ncia tamb\u00e9m contou com o apoio do deputado federal Dr. Francisco, que atuou junto \u00e0s autoridades competentes para viabilizar o benef\u00edcio ao munic\u00edpio.<\/p>\n<p>Em nota, foi destacado o apoio do presidente Luiz In\u00e1cio Lula da Silva e do ministro da Sa\u00fade, Alexandre Padilha, na viabiliza\u00e7\u00e3o da ambul\u00e2ncia, considerada essencial para melhorar a qualidade do atendimento oferecido \u00e0 popula\u00e7\u00e3o.<\/p>\n<p>Apesar da confirma\u00e7\u00e3o, o munic\u00edpio ainda aguarda o cumprimento das etapas administrativas, que incluem a formaliza\u00e7\u00e3o da destina\u00e7\u00e3o, autoriza\u00e7\u00e3o e, posteriormente, o envio do ve\u00edculo.<\/p>\n<p>Com a chegada da ambul\u00e2ncia, a expectativa \u00e9 de que haja mais efici\u00eancia no transporte de pacientes, evitando atrasos ou interrup\u00e7\u00f5es em tratamentos essenciais e garantindo mais dignidade no acesso \u00e0 sa\u00fade para a popula\u00e7\u00e3o de S\u00e3o Juli\u00e3o.<\/p>\n","protected":false},"excerpt":{"rendered":"<p>O munic\u00edpio de S\u00e3o Juli\u00e3o recebeu a confirma\u00e7\u00e3o da destina\u00e7\u00e3o de uma nova ambul\u00e2ncia, que ir\u00e1 fortalecer o atendimento na \u00e1rea da sa\u00fade, especialmente no transporte de pacientes que precisam se deslocar para outras cidades em busca de tratamentos especializados. A iniciativa tem como objetivo garantir mais seguran\u00e7a, conforto e agilidade para pessoas que realizam &hellip;<\/p>\n","protected":false},"author":8,"featured_media":94828,"comment_status":"open","ping_status":"open","sticky":false,"template":"","format":"standard","meta":{"content-type":"","rop_custom_images_group":[],"rop_custom_messages_group":[],"rop_publish_now":"no","rop_publish_now_accounts":{"facebook_2648258775420054_1618374048415101":""},"rop_publish_now_history":[{"account":"facebook_2648258775420054_1618374048415101","service":"facebook","timestamp":1777505102,"status":"success"}],"rop_publish_now_status":"done","footnotes":"","_jetpack_memberships_contains_paid_content":false},"categories":[113,3998,384],"tags":[3738,1157,230,1197,928,4558,852,4952,1196,2408],"yoast_head":"<!-- This site is optimized with the Yoast SEO plugin v22.3 - https:\/\/yoast.com\/wordpress\/plugins\/seo\/ -->\n<title>S\u00e3o Juli\u00e3o conquista nova ambul\u00e2ncia para refor\u00e7ar transporte de pacientes - Portal NPM<\/title>\n<meta name=\"robots\" content=\"index, follow, max-snippet:-1, max-image-preview:large, max-video-preview:-1\" \/>\n<link rel=\"canonical\" href=\"https:\/\/portalnpm.com\/index.php\/2026\/04\/29\/sao-juliao-conquista-nova-ambulancia-para-reforcar-transporte-de-pacientes\/\" \/>\n<meta property=\"og:locale\" content=\"pt_BR\" \/>\n<meta property=\"og:type\" content=\"article\" \/>\n<meta property=\"og:title\" content=\"S\u00e3o Juli\u00e3o conquista nova ambul\u00e2ncia para refor\u00e7ar transporte de pacientes - Portal NPM\" \/>\n<meta property=\"og:description\" content=\"O munic\u00edpio de S\u00e3o Juli\u00e3o recebeu a confirma\u00e7\u00e3o da destina\u00e7\u00e3o de uma nova ambul\u00e2ncia, que ir\u00e1 fortalecer o atendimento na \u00e1rea da sa\u00fade, especialmente no transporte de pacientes que precisam se deslocar para outras cidades em busca de tratamentos especializados. A iniciativa tem como objetivo garantir mais seguran\u00e7a, conforto e agilidade para pessoas que realizam &hellip;\" \/>\n<meta property=\"og:url\" content=\"https:\/\/portalnpm.com\/index.php\/2026\/04\/29\/sao-juliao-conquista-nova-ambulancia-para-reforcar-transporte-de-pacientes\/\" \/>\n<meta property=\"og:site_name\" content=\"Portal NPM\" \/>\n<meta property=\"article:published_time\" content=\"2026-04-29T23:24:40+00:00\" \/>\n<meta property=\"og:image\" content=\"https:\/\/portalnpm.com\/wp-content\/uploads\/2026\/04\/IMG_6645.jpeg\" \/>\n\t<meta property=\"og:image:width\" content=\"1289\" \/>\n\t<meta property=\"og:image:height\" content=\"2058\" \/>\n\t<meta property=\"og:image:type\" content=\"image\/jpeg\" \/>\n<meta name=\"author\" content=\"Zenilton Lima\" \/>\n<meta name=\"twitter:card\" content=\"summary_large_image\" \/>\n<meta name=\"twitter:label1\" content=\"Escrito por\" \/>\n\t<meta name=\"twitter:data1\" content=\"Zenilton Lima\" \/>\n\t<meta name=\"twitter:label2\" content=\"Est. tempo de leitura\" \/>\n\t<meta name=\"twitter:data2\" content=\"2 minutos\" \/>\n<script type=\"application\/ld+json\" class=\"yoast-schema-graph\">{\"@context\":\"https:\/\/schema.org\",\"@graph\":[{\"@type\":\"WebPage\",\"@id\":\"https:\/\/portalnpm.com\/index.php\/2026\/04\/29\/sao-juliao-conquista-nova-ambulancia-para-reforcar-transporte-de-pacientes\/\",\"url\":\"https:\/\/portalnpm.com\/index.php\/2026\/04\/29\/sao-juliao-conquista-nova-ambulancia-para-reforcar-transporte-de-pacientes\/\",\"name\":\"S\u00e3o Juli\u00e3o conquista nova ambul\u00e2ncia para refor\u00e7ar transporte de pacientes - Portal NPM\",\"isPartOf\":{\"@id\":\"https:\/\/portalnpm.com\/#website\"},\"primaryImageOfPage\":{\"@id\":\"https:\/\/portalnpm.com\/index.php\/2026\/04\/29\/sao-juliao-conquista-nova-ambulancia-para-reforcar-transporte-de-pacientes\/#primaryimage\"},\"image\":{\"@id\":\"https:\/\/portalnpm.com\/index.php\/2026\/04\/29\/sao-juliao-conquista-nova-ambulancia-para-reforcar-transporte-de-pacientes\/#primaryimage\"},\"thumbnailUrl\":\"https:\/\/portalnpm.com\/wp-content\/uploads\/2026\/04\/IMG_6645.jpeg\",\"datePublished\":\"2026-04-29T23:24:40+00:00\",\"dateModified\":\"2026-04-29T23:24:40+00:00\",\"author\":{\"@id\":\"https:\/\/portalnpm.com\/#\/schema\/person\/35cb55186eae3f074b6783da6d35591e\"},\"breadcrumb\":{\"@id\":\"https:\/\/portalnpm.com\/index.php\/2026\/04\/29\/sao-juliao-conquista-nova-ambulancia-para-reforcar-transporte-de-pacientes\/#breadcrumb\"},\"inLanguage\":\"pt-BR\",\"potentialAction\":[{\"@type\":\"ReadAction\",\"target\":[\"https:\/\/portalnpm.com\/index.php\/2026\/04\/29\/sao-juliao-conquista-nova-ambulancia-para-reforcar-transporte-de-pacientes\/\"]}]},{\"@type\":\"ImageObject\",\"inLanguage\":\"pt-BR\",\"@id\":\"https:\/\/portalnpm.com\/index.php\/2026\/04\/29\/sao-juliao-conquista-nova-ambulancia-para-reforcar-transporte-de-pacientes\/#primaryimage\",\"url\":\"https:\/\/portalnpm.com\/wp-content\/uploads\/2026\/04\/IMG_6645.jpeg\",\"contentUrl\":\"https:\/\/portalnpm.com\/wp-content\/uploads\/2026\/04\/IMG_6645.jpeg\",\"width\":1289,\"height\":2058,\"caption\":\"Screenshot\"},{\"@type\":\"BreadcrumbList\",\"@id\":\"https:\/\/portalnpm.com\/index.php\/2026\/04\/29\/sao-juliao-conquista-nova-ambulancia-para-reforcar-transporte-de-pacientes\/#breadcrumb\",\"itemListElement\":[{\"@type\":\"ListItem\",\"position\":1,\"name\":\"In\u00edcio\",\"item\":\"https:\/\/portalnpm.com\/\"},{\"@type\":\"ListItem\",\"position\":2,\"name\":\"S\u00e3o Juli\u00e3o conquista nova ambul\u00e2ncia para refor\u00e7ar transporte de pacientes\"}]},{\"@type\":\"WebSite\",\"@id\":\"https:\/\/portalnpm.com\/#website\",\"url\":\"https:\/\/portalnpm.com\/\",\"name\":\"Portal NPM\",\"description\":\"Not\u00edcias em Primeira M\u00e3o\",\"potentialAction\":[{\"@type\":\"SearchAction\",\"target\":{\"@type\":\"EntryPoint\",\"urlTemplate\":\"https:\/\/portalnpm.com\/?s={search_term_string}\"},\"query-input\":\"required name=search_term_string\"}],\"inLanguage\":\"pt-BR\"},{\"@type\":\"Person\",\"@id\":\"https:\/\/portalnpm.com\/#\/schema\/person\/35cb55186eae3f074b6783da6d35591e\",\"name\":\"Zenilton Lima\",\"image\":{\"@type\":\"ImageObject\",\"inLanguage\":\"pt-BR\",\"@id\":\"https:\/\/portalnpm.com\/#\/schema\/person\/image\/\",\"url\":\"https:\/\/portalnpm.com\/wp-content\/uploads\/2024\/12\/avatar_user_8_1733658137-96x96.jpeg\",\"contentUrl\":\"https:\/\/portalnpm.com\/wp-content\/uploads\/2024\/12\/avatar_user_8_1733658137-96x96.jpeg\",\"caption\":\"Zenilton Lima\"},\"url\":\"https:\/\/portalnpm.com\/index.php\/author\/zenilton\/\"}]}<\/script>\n<!-- \/ Yoast SEO plugin. -->","yoast_head_json":{"title":"S\u00e3o Juli\u00e3o conquista nova ambul\u00e2ncia para refor\u00e7ar transporte de pacientes - Portal NPM","robots":{"index":"index","follow":"follow","max-snippet":"max-snippet:-1","max-image-preview":"max-image-preview:large","max-video-preview":"max-video-preview:-1"},"canonical":"https:\/\/portalnpm.com\/index.php\/2026\/04\/29\/sao-juliao-conquista-nova-ambulancia-para-reforcar-transporte-de-pacientes\/","og_locale":"pt_BR","og_type":"article","og_title":"S\u00e3o Juli\u00e3o conquista nova ambul\u00e2ncia para refor\u00e7ar transporte de pacientes - Portal NPM","og_description":"O munic\u00edpio de S\u00e3o Juli\u00e3o recebeu a confirma\u00e7\u00e3o da destina\u00e7\u00e3o de uma nova ambul\u00e2ncia, que ir\u00e1 fortalecer o atendimento na \u00e1rea da sa\u00fade, especialmente no transporte de pacientes que precisam se deslocar para outras cidades em busca de tratamentos especializados. A iniciativa tem como objetivo garantir mais seguran\u00e7a, conforto e agilidade para pessoas que realizam &hellip;","og_url":"https:\/\/portalnpm.com\/index.php\/2026\/04\/29\/sao-juliao-conquista-nova-ambulancia-para-reforcar-transporte-de-pacientes\/","og_site_name":"Portal NPM","article_published_time":"2026-04-29T23:24:40+00:00","og_image":[{"width":1289,"height":2058,"url":"https:\/\/portalnpm.com\/wp-content\/uploads\/2026\/04\/IMG_6645.jpeg","type":"image\/jpeg"}],"author":"Zenilton Lima","twitter_card":"summary_large_image","twitter_misc":{"Escrito por":"Zenilton Lima","Est. tempo de leitura":"2 minutos"},"schema":{"@context":"https:\/\/schema.org","@graph":[{"@type":"WebPage","@id":"https:\/\/portalnpm.com\/index.php\/2026\/04\/29\/sao-juliao-conquista-nova-ambulancia-para-reforcar-transporte-de-pacientes\/","url":"https:\/\/portalnpm.com\/index.php\/2026\/04\/29\/sao-juliao-conquista-nova-ambulancia-para-reforcar-transporte-de-pacientes\/","name":"S\u00e3o Juli\u00e3o conquista nova ambul\u00e2ncia para refor\u00e7ar transporte de pacientes - Portal NPM","isPartOf":{"@id":"https:\/\/portalnpm.com\/#website"},"primaryImageOfPage":{"@id":"https:\/\/portalnpm.com\/index.php\/2026\/04\/29\/sao-juliao-conquista-nova-ambulancia-para-reforcar-transporte-de-pacientes\/#primaryimage"},"image":{"@id":"https:\/\/portalnpm.com\/index.php\/2026\/04\/29\/sao-juliao-conquista-nova-ambulancia-para-reforcar-transporte-de-pacientes\/#primaryimage"},"thumbnailUrl":"https:\/\/portalnpm.com\/wp-content\/uploads\/2026\/04\/IMG_6645.jpeg","datePublished":"2026-04-29T23:24:40+00:00","dateModified":"2026-04-29T23:24:40+00:00","author":{"@id":"https:\/\/portalnpm.com\/#\/schema\/person\/35cb55186eae3f074b6783da6d35591e"},"breadcrumb":{"@id":"https:\/\/portalnpm.com\/index.php\/2026\/04\/29\/sao-juliao-conquista-nova-ambulancia-para-reforcar-transporte-de-pacientes\/#breadcrumb"},"inLanguage":"pt-BR","potentialAction":[{"@type":"ReadAction","target":["https:\/\/portalnpm.com\/index.php\/2026\/04\/29\/sao-juliao-conquista-nova-ambulancia-para-reforcar-transporte-de-pacientes\/"]}]},{"@type":"ImageObject","inLanguage":"pt-BR","@id":"https:\/\/portalnpm.com\/index.php\/2026\/04\/29\/sao-juliao-conquista-nova-ambulancia-para-reforcar-transporte-de-pacientes\/#primaryimage","url":"https:\/\/portalnpm.com\/wp-content\/uploads\/2026\/04\/IMG_6645.jpeg","contentUrl":"https:\/\/portalnpm.com\/wp-content\/uploads\/2026\/04\/IMG_6645.jpeg","width":1289,"height":2058,"caption":"Screenshot"},{"@type":"BreadcrumbList","@id":"https:\/\/portalnpm.com\/index.php\/2026\/04\/29\/sao-juliao-conquista-nova-ambulancia-para-reforcar-transporte-de-pacientes\/#breadcrumb","itemListElement":[{"@type":"ListItem","position":1,"name":"In\u00edcio","item":"https:\/\/portalnpm.com\/"},{"@type":"ListItem","position":2,"name":"S\u00e3o Juli\u00e3o conquista nova ambul\u00e2ncia para refor\u00e7ar transporte de pacientes"}]},{"@type":"WebSite","@id":"https:\/\/portalnpm.com\/#website","url":"https:\/\/portalnpm.com\/","name":"Portal NPM","description":"Not\u00edcias em Primeira M\u00e3o","potentialAction":[{"@type":"SearchAction","target":{"@type":"EntryPoint","urlTemplate":"https:\/\/portalnpm.com\/?s={search_term_string}"},"query-input":"required name=search_term_string"}],"inLanguage":"pt-BR"},{"@type":"Person","@id":"https:\/\/portalnpm.com\/#\/schema\/person\/35cb55186eae3f074b6783da6d35591e","name":"Zenilton Lima","image":{"@type":"ImageObject","inLanguage":"pt-BR","@id":"https:\/\/portalnpm.com\/#\/schema\/person\/image\/","url":"https:\/\/portalnpm.com\/wp-content\/uploads\/2024\/12\/avatar_user_8_1733658137-96x96.jpeg","contentUrl":"https:\/\/portalnpm.com\/wp-content\/uploads\/2024\/12\/avatar_user_8_1733658137-96x96.jpeg","caption":"Zenilton Lima"},"url":"https:\/\/portalnpm.com\/index.php\/author\/zenilton\/"}]}},"jetpack_sharing_enabled":true,"jetpack_featured_media_url":"https:\/\/portalnpm.com\/wp-content\/uploads\/2026\/04\/IMG_6645.jpeg","_links":{"self":[{"href":"https:\/\/portalnpm.com\/index.php\/wp-json\/wp\/v2\/posts\/94825"}],"collection":[{"href":"https:\/\/portalnpm.com\/index.php\/wp-json\/wp\/v2\/posts"}],"about":[{"href":"https:\/\/portalnpm.com\/index.php\/wp-json\/wp\/v2\/types\/post"}],"author":[{"embeddable":true,"href":"https:\/\/portalnpm.com\/index.php\/wp-json\/wp\/v2\/users\/8"}],"replies":[{"embeddable":true,"href":"https:\/\/portalnpm.com\/index.php\/wp-json\/wp\/v2\/comments?post=94825"}],"version-history":[{"count":2,"href":"https:\/\/portalnpm.com\/index.php\/wp-json\/wp\/v2\/posts\/94825\/revisions"}],"predecessor-version":[{"id":94829,"href":"https:\/\/portalnpm.com\/index.php\/wp-json\/wp\/v2\/posts\/94825\/revisions\/94829"}],"wp:featuredmedia":[{"embeddable":true,"href":"https:\/\/portalnpm.com\/index.php\/wp-json\/wp\/v2\/media\/94828"}],"wp:attachment":[{"href":"https:\/\/portalnpm.com\/index.php\/wp-json\/wp\/v2\/media?parent=94825"}],"wp:term":[{"taxonomy":"category","embeddable":true,"href":"https:\/\/portalnpm.com\/index.php\/wp-json\/wp\/v2\/categories?post=94825"},{"taxonomy":"post_tag","embeddable":true,"href":"https:\/\/portalnpm.com\/index.php\/wp-json\/wp\/v2\/tags?post=94825"}],"curies":[{"name":"wp","href":"https:\/\/api.w.org\/{rel}","templated":true}]}}