{"id":9486,"date":"2019-06-27T10:47:06","date_gmt":"2019-06-27T13:47:06","guid":{"rendered":"http:\/\/srv.portalnpm.com.br\/?p=9486"},"modified":"2019-06-27T10:47:06","modified_gmt":"2019-06-27T13:47:06","slug":"noticias-do-trecho-refinaria-abreu-e-lima-vai-retomar-as-obras","status":"publish","type":"post","link":"https:\/\/portalnpm.com\/index.php\/2019\/06\/27\/noticias-do-trecho-refinaria-abreu-e-lima-vai-retomar-as-obras\/","title":{"rendered":"Not\u00edcias do trecho: Refinaria Abreu e Lima vai retomar as obras"},"content":{"rendered":"<p style=\"text-align: justify;\">As obras da\u00a0Refinaria Abreu e Lima (Rnest), em Ipojuca, no Grande Recife, est\u00e3o sendo retomadas. Neste momento, a empresa que assumiu a empreitada, Engecampo, est\u00e1 no processo de montagem do canteiro, o que deve demorar cerca de 40 dias. As informa\u00e7\u00f5es foram confirmadas pelo diretor de desenvolvimento econ\u00f4mico do munic\u00edpio, Gustavo Veiga. \u201cN\u00e3o sabemos a ordem do investimento, mas a expectativa \u00e9 de que sejam gerados cerca de 400 empregos\u201d, afirmou.<\/p>\n<p style=\"text-align: justify;\">Questionada sobre a retomada, a Petrobras se posicionou atrav\u00e9s de nota informando que as obras estar\u00e3o voltadas \u201cpara conclus\u00e3o da unidade de redu\u00e7\u00e3o de emiss\u00f5es atmosf\u00e9ricas (SNOX) do Trem 1 da Refinaria Abreu e Lima\u201d. O texto oficial diz ainda que \u201cfoi firmado contrato com a empresa Engecampo para a complementa\u00e7\u00e3o dos dutos que ligam a unidade ao Porto de Suape.\u201d<\/p>\n<p style=\"text-align: justify;\">No comunicado a Petrobras informou que as atividades foram iniciadas neste m\u00eas de junho e t\u00eam previs\u00e3o de conclus\u00e3o no segundo semestre do ano que vem. Al\u00e9m disso, as demais obras da refinaria continuam em andamento conforme o cronograma previsto. A estatal, no entanto, n\u00e3o respondeu o valor do investimento na nova fase das obras do empreendimento.<\/p>\n<p style=\"text-align: justify;\">Vale ressaltar que a capacidade total de processamento da Rnest \u00e9 de 230 mil barris de petr\u00f3leo por dia, mas como apenas o primeiro trem foi conclu\u00eddo, ficou limitada \u00e0 metade (115 mil bpd). Sem a finaliza\u00e7\u00e3o da SNOX, a Ag\u00eancia Estadual de Meio Ambiente e Recursos H\u00eddricos (CPRH) s\u00f3 autorizou a Petrobras a processar 100 mil bpd.<\/p>\n<p style=\"text-align: justify;\">Neste processo de retomada, a prefeita de Ipojuca, C\u00e9lia Sales recebeu ontem, na sede da Prefeitura, o coordenador administrativo da empresa de engenharia industrial Engecampo, Ivan Lopes de Souza. No encontro ele afirmou que priorizar\u00e1 os ipojucanos nas vagas que ser\u00e3o abertas para a retomada das obras. Algumas das oportunidades que ser\u00e3o disponibilizadas ser\u00e3o para soldadores, ajudantes de soldadores, carpinteiro, engenheiros e mec\u00e2nico-montador.<\/p>\n<p style=\"text-align: justify;\">Segundo o presidente do Sindicato dos Trabalhadores das Ind\u00fastrias de Constru\u00e7\u00e3o de Estradas, Pavimenta\u00e7\u00e3o e Obras de Terraplanagem no Estado de Pernambuco (Sintepav-PE), Aldo Amaral, cerca de 25 mil pessoas ainda est\u00e3o desempregadas ap\u00f3s a paralisa\u00e7\u00e3o das obras da refinaria. O retorno das obras dever\u00e3o ajudar a aliviar a press\u00e3o no mercado de trabalho para a categoria.<\/p>\n<p style=\"text-align: justify;\">\u201cMuita gente que foi demitida e era de outro Estado voltou para casa. Mas os daqui continuam no desemprego. A gente precisa que aque\u00e7a a economia do Estado e do Brasil, mas para isso tem que retomar as obras.Existem muitas obras grandes paradas aqui em Pernambuco\u201d, comentou Aldo Amaral.<\/p>\n<p style=\"text-align: justify;\">Para o diretor Gustavo Veiga, o retorno das obras da refinaria colocar\u00e1 Ipojuca de volta ao trilho do desenvolvimento. \u201cEstamos muito felizes em ver essas obras sendo retomadas. A paralisa\u00e7\u00e3o gerou um grande preju\u00edzo para a economia de Pernambuco, e Ipojuca sentiu muito tudo isso. N\u00e3o temos dados consolidados, mas com certeza haver\u00e1 um grande impacto para o munic\u00edpio\u201d, celebrou.<\/p>\n<p style=\"text-align: justify;\"><strong>REFINARIA \u00c0 VENDA<\/strong><\/p>\n<p style=\"text-align: justify;\">No in\u00edcio deste m\u00eas, a Petrobras assinou o Termo de Compromisso de Cessa\u00e7\u00e3o (TCC) firmado com o Conselho Administrativo de Defesa Econ\u00f4mica (Cade) que prev\u00ea a venda de oito das 13 unidades de refino da empresa, o que corresponde a cerca de 50% da capacidade de refino da companhia.<\/p>\n<p style=\"text-align: justify;\">A Rnest est\u00e1 entre as oito unidades que ser\u00e3o vendidas. Com o in\u00edcio das obras lan\u00e7ado em 2005 por US$ 2,3 bilh\u00f5es, a Rnest teve seu or\u00e7amento revisado para mais de US$ 20,1 bilh\u00f5es, tornando-se a refinaria mais cara do mundo.<\/p>\n<p style=\"text-align: justify;\">As demais empresas a serem vendidas pela Petrobras s\u00e3o: Unidade de Industrializa\u00e7\u00e3o do Xisto (SIX), Landulpho Alves (RLAM), Gabriel Passos (REGAP), Presidente Get\u00falio Vargas (REPAR), Alberto Pasqualini (RFAP), Isaac Sabb\u00e1 (REMAN) e Lubrificantes e Derivados de Petr\u00f3leo do Nordeste (LUBNOR). A Petrobras tem at\u00e9 2021 para realizar a venda das refinarias.<\/p>\n<p style=\"text-align: justify;\"><strong>FONTE<\/strong><strong>: JC Online<\/strong><\/p>\n","protected":false},"excerpt":{"rendered":"<p>As obras da\u00a0Refinaria Abreu e Lima (Rnest), em Ipojuca, no Grande Recife, est\u00e3o sendo retomadas. Neste momento, a empresa que assumiu a empreitada, Engecampo, est\u00e1 no processo de montagem do canteiro, o que deve demorar cerca de 40 dias. As informa\u00e7\u00f5es foram confirmadas pelo diretor de desenvolvimento econ\u00f4mico do munic\u00edpio, Gustavo Veiga. \u201cN\u00e3o sabemos a &hellip;<\/p>\n","protected":false},"author":8,"featured_media":9487,"comment_status":"open","ping_status":"open","sticky":false,"template":"","format":"standard","meta":{"content-type":"","rop_custom_images_group":[],"rop_custom_messages_group":[],"rop_publish_now":"initial","rop_publish_now_accounts":{"facebook_2648258775420054_1618374048415101":""},"rop_publish_now_history":[],"rop_publish_now_status":"pending","footnotes":"","_jetpack_memberships_contains_paid_content":false},"categories":[113],"tags":[599,3042,149],"yoast_head":"<!-- This site is optimized with the Yoast SEO plugin v22.3 - https:\/\/yoast.com\/wordpress\/plugins\/seo\/ -->\n<title>Not\u00edcias do trecho: Refinaria Abreu e Lima vai retomar as obras - Portal NPM<\/title>\n<meta name=\"robots\" content=\"index, follow, max-snippet:-1, max-image-preview:large, max-video-preview:-1\" \/>\n<link rel=\"canonical\" href=\"https:\/\/portalnpm.com\/index.php\/2019\/06\/27\/noticias-do-trecho-refinaria-abreu-e-lima-vai-retomar-as-obras\/\" \/>\n<meta property=\"og:locale\" content=\"pt_BR\" \/>\n<meta property=\"og:type\" content=\"article\" \/>\n<meta property=\"og:title\" content=\"Not\u00edcias do trecho: Refinaria Abreu e Lima vai retomar as obras - Portal NPM\" \/>\n<meta property=\"og:description\" content=\"As obras da\u00a0Refinaria Abreu e Lima (Rnest), em Ipojuca, no Grande Recife, est\u00e3o sendo retomadas. Neste momento, a empresa que assumiu a empreitada, Engecampo, est\u00e1 no processo de montagem do canteiro, o que deve demorar cerca de 40 dias. As informa\u00e7\u00f5es foram confirmadas pelo diretor de desenvolvimento econ\u00f4mico do munic\u00edpio, Gustavo Veiga. \u201cN\u00e3o sabemos a &hellip;\" \/>\n<meta property=\"og:url\" content=\"https:\/\/portalnpm.com\/index.php\/2019\/06\/27\/noticias-do-trecho-refinaria-abreu-e-lima-vai-retomar-as-obras\/\" \/>\n<meta property=\"og:site_name\" content=\"Portal NPM\" \/>\n<meta property=\"article:published_time\" content=\"2019-06-27T13:47:06+00:00\" \/>\n<meta name=\"author\" content=\"Zenilton Lima\" \/>\n<meta name=\"twitter:card\" content=\"summary_large_image\" \/>\n<meta name=\"twitter:label1\" content=\"Escrito por\" \/>\n\t<meta name=\"twitter:data1\" content=\"Zenilton Lima\" \/>\n\t<meta name=\"twitter:label2\" content=\"Est. tempo de leitura\" \/>\n\t<meta name=\"twitter:data2\" content=\"3 minutos\" \/>\n<script type=\"application\/ld+json\" class=\"yoast-schema-graph\">{\"@context\":\"https:\/\/schema.org\",\"@graph\":[{\"@type\":\"WebPage\",\"@id\":\"https:\/\/portalnpm.com\/index.php\/2019\/06\/27\/noticias-do-trecho-refinaria-abreu-e-lima-vai-retomar-as-obras\/\",\"url\":\"https:\/\/portalnpm.com\/index.php\/2019\/06\/27\/noticias-do-trecho-refinaria-abreu-e-lima-vai-retomar-as-obras\/\",\"name\":\"Not\u00edcias do trecho: Refinaria Abreu e Lima vai retomar as obras - Portal NPM\",\"isPartOf\":{\"@id\":\"https:\/\/portalnpm.com\/#website\"},\"primaryImageOfPage\":{\"@id\":\"https:\/\/portalnpm.com\/index.php\/2019\/06\/27\/noticias-do-trecho-refinaria-abreu-e-lima-vai-retomar-as-obras\/#primaryimage\"},\"image\":{\"@id\":\"https:\/\/portalnpm.com\/index.php\/2019\/06\/27\/noticias-do-trecho-refinaria-abreu-e-lima-vai-retomar-as-obras\/#primaryimage\"},\"thumbnailUrl\":\"\",\"datePublished\":\"2019-06-27T13:47:06+00:00\",\"dateModified\":\"2019-06-27T13:47:06+00:00\",\"author\":{\"@id\":\"https:\/\/portalnpm.com\/#\/schema\/person\/35cb55186eae3f074b6783da6d35591e\"},\"breadcrumb\":{\"@id\":\"https:\/\/portalnpm.com\/index.php\/2019\/06\/27\/noticias-do-trecho-refinaria-abreu-e-lima-vai-retomar-as-obras\/#breadcrumb\"},\"inLanguage\":\"pt-BR\",\"potentialAction\":[{\"@type\":\"ReadAction\",\"target\":[\"https:\/\/portalnpm.com\/index.php\/2019\/06\/27\/noticias-do-trecho-refinaria-abreu-e-lima-vai-retomar-as-obras\/\"]}]},{\"@type\":\"ImageObject\",\"inLanguage\":\"pt-BR\",\"@id\":\"https:\/\/portalnpm.com\/index.php\/2019\/06\/27\/noticias-do-trecho-refinaria-abreu-e-lima-vai-retomar-as-obras\/#primaryimage\",\"url\":\"\",\"contentUrl\":\"\"},{\"@type\":\"BreadcrumbList\",\"@id\":\"https:\/\/portalnpm.com\/index.php\/2019\/06\/27\/noticias-do-trecho-refinaria-abreu-e-lima-vai-retomar-as-obras\/#breadcrumb\",\"itemListElement\":[{\"@type\":\"ListItem\",\"position\":1,\"name\":\"In\u00edcio\",\"item\":\"https:\/\/portalnpm.com\/\"},{\"@type\":\"ListItem\",\"position\":2,\"name\":\"Not\u00edcias do trecho: Refinaria Abreu e Lima vai retomar as obras\"}]},{\"@type\":\"WebSite\",\"@id\":\"https:\/\/portalnpm.com\/#website\",\"url\":\"https:\/\/portalnpm.com\/\",\"name\":\"Portal NPM\",\"description\":\"Not\u00edcias em Primeira M\u00e3o\",\"potentialAction\":[{\"@type\":\"SearchAction\",\"target\":{\"@type\":\"EntryPoint\",\"urlTemplate\":\"https:\/\/portalnpm.com\/?s={search_term_string}\"},\"query-input\":\"required name=search_term_string\"}],\"inLanguage\":\"pt-BR\"},{\"@type\":\"Person\",\"@id\":\"https:\/\/portalnpm.com\/#\/schema\/person\/35cb55186eae3f074b6783da6d35591e\",\"name\":\"Zenilton Lima\",\"image\":{\"@type\":\"ImageObject\",\"inLanguage\":\"pt-BR\",\"@id\":\"https:\/\/portalnpm.com\/#\/schema\/person\/image\/\",\"url\":\"https:\/\/portalnpm.com\/wp-content\/uploads\/2024\/12\/avatar_user_8_1733658137-96x96.jpeg\",\"contentUrl\":\"https:\/\/portalnpm.com\/wp-content\/uploads\/2024\/12\/avatar_user_8_1733658137-96x96.jpeg\",\"caption\":\"Zenilton Lima\"},\"url\":\"https:\/\/portalnpm.com\/index.php\/author\/zenilton\/\"}]}<\/script>\n<!-- \/ Yoast SEO plugin. -->","yoast_head_json":{"title":"Not\u00edcias do trecho: Refinaria Abreu e Lima vai retomar as obras - Portal NPM","robots":{"index":"index","follow":"follow","max-snippet":"max-snippet:-1","max-image-preview":"max-image-preview:large","max-video-preview":"max-video-preview:-1"},"canonical":"https:\/\/portalnpm.com\/index.php\/2019\/06\/27\/noticias-do-trecho-refinaria-abreu-e-lima-vai-retomar-as-obras\/","og_locale":"pt_BR","og_type":"article","og_title":"Not\u00edcias do trecho: Refinaria Abreu e Lima vai retomar as obras - Portal NPM","og_description":"As obras da\u00a0Refinaria Abreu e Lima (Rnest), em Ipojuca, no Grande Recife, est\u00e3o sendo retomadas. Neste momento, a empresa que assumiu a empreitada, Engecampo, est\u00e1 no processo de montagem do canteiro, o que deve demorar cerca de 40 dias. As informa\u00e7\u00f5es foram confirmadas pelo diretor de desenvolvimento econ\u00f4mico do munic\u00edpio, Gustavo Veiga. \u201cN\u00e3o sabemos a &hellip;","og_url":"https:\/\/portalnpm.com\/index.php\/2019\/06\/27\/noticias-do-trecho-refinaria-abreu-e-lima-vai-retomar-as-obras\/","og_site_name":"Portal NPM","article_published_time":"2019-06-27T13:47:06+00:00","author":"Zenilton Lima","twitter_card":"summary_large_image","twitter_misc":{"Escrito por":"Zenilton Lima","Est. tempo de leitura":"3 minutos"},"schema":{"@context":"https:\/\/schema.org","@graph":[{"@type":"WebPage","@id":"https:\/\/portalnpm.com\/index.php\/2019\/06\/27\/noticias-do-trecho-refinaria-abreu-e-lima-vai-retomar-as-obras\/","url":"https:\/\/portalnpm.com\/index.php\/2019\/06\/27\/noticias-do-trecho-refinaria-abreu-e-lima-vai-retomar-as-obras\/","name":"Not\u00edcias do trecho: Refinaria Abreu e Lima vai retomar as obras - Portal NPM","isPartOf":{"@id":"https:\/\/portalnpm.com\/#website"},"primaryImageOfPage":{"@id":"https:\/\/portalnpm.com\/index.php\/2019\/06\/27\/noticias-do-trecho-refinaria-abreu-e-lima-vai-retomar-as-obras\/#primaryimage"},"image":{"@id":"https:\/\/portalnpm.com\/index.php\/2019\/06\/27\/noticias-do-trecho-refinaria-abreu-e-lima-vai-retomar-as-obras\/#primaryimage"},"thumbnailUrl":"","datePublished":"2019-06-27T13:47:06+00:00","dateModified":"2019-06-27T13:47:06+00:00","author":{"@id":"https:\/\/portalnpm.com\/#\/schema\/person\/35cb55186eae3f074b6783da6d35591e"},"breadcrumb":{"@id":"https:\/\/portalnpm.com\/index.php\/2019\/06\/27\/noticias-do-trecho-refinaria-abreu-e-lima-vai-retomar-as-obras\/#breadcrumb"},"inLanguage":"pt-BR","potentialAction":[{"@type":"ReadAction","target":["https:\/\/portalnpm.com\/index.php\/2019\/06\/27\/noticias-do-trecho-refinaria-abreu-e-lima-vai-retomar-as-obras\/"]}]},{"@type":"ImageObject","inLanguage":"pt-BR","@id":"https:\/\/portalnpm.com\/index.php\/2019\/06\/27\/noticias-do-trecho-refinaria-abreu-e-lima-vai-retomar-as-obras\/#primaryimage","url":"","contentUrl":""},{"@type":"BreadcrumbList","@id":"https:\/\/portalnpm.com\/index.php\/2019\/06\/27\/noticias-do-trecho-refinaria-abreu-e-lima-vai-retomar-as-obras\/#breadcrumb","itemListElement":[{"@type":"ListItem","position":1,"name":"In\u00edcio","item":"https:\/\/portalnpm.com\/"},{"@type":"ListItem","position":2,"name":"Not\u00edcias do trecho: Refinaria Abreu e Lima vai retomar as obras"}]},{"@type":"WebSite","@id":"https:\/\/portalnpm.com\/#website","url":"https:\/\/portalnpm.com\/","name":"Portal NPM","description":"Not\u00edcias em Primeira M\u00e3o","potentialAction":[{"@type":"SearchAction","target":{"@type":"EntryPoint","urlTemplate":"https:\/\/portalnpm.com\/?s={search_term_string}"},"query-input":"required name=search_term_string"}],"inLanguage":"pt-BR"},{"@type":"Person","@id":"https:\/\/portalnpm.com\/#\/schema\/person\/35cb55186eae3f074b6783da6d35591e","name":"Zenilton Lima","image":{"@type":"ImageObject","inLanguage":"pt-BR","@id":"https:\/\/portalnpm.com\/#\/schema\/person\/image\/","url":"https:\/\/portalnpm.com\/wp-content\/uploads\/2024\/12\/avatar_user_8_1733658137-96x96.jpeg","contentUrl":"https:\/\/portalnpm.com\/wp-content\/uploads\/2024\/12\/avatar_user_8_1733658137-96x96.jpeg","caption":"Zenilton Lima"},"url":"https:\/\/portalnpm.com\/index.php\/author\/zenilton\/"}]}},"jetpack_sharing_enabled":true,"jetpack_featured_media_url":"","_links":{"self":[{"href":"https:\/\/portalnpm.com\/index.php\/wp-json\/wp\/v2\/posts\/9486"}],"collection":[{"href":"https:\/\/portalnpm.com\/index.php\/wp-json\/wp\/v2\/posts"}],"about":[{"href":"https:\/\/portalnpm.com\/index.php\/wp-json\/wp\/v2\/types\/post"}],"author":[{"embeddable":true,"href":"https:\/\/portalnpm.com\/index.php\/wp-json\/wp\/v2\/users\/8"}],"replies":[{"embeddable":true,"href":"https:\/\/portalnpm.com\/index.php\/wp-json\/wp\/v2\/comments?post=9486"}],"version-history":[{"count":0,"href":"https:\/\/portalnpm.com\/index.php\/wp-json\/wp\/v2\/posts\/9486\/revisions"}],"wp:featuredmedia":[{"embeddable":true,"href":"https:\/\/portalnpm.com\/index.php\/wp-json\/"}],"wp:attachment":[{"href":"https:\/\/portalnpm.com\/index.php\/wp-json\/wp\/v2\/media?parent=9486"}],"wp:term":[{"taxonomy":"category","embeddable":true,"href":"https:\/\/portalnpm.com\/index.php\/wp-json\/wp\/v2\/categories?post=9486"},{"taxonomy":"post_tag","embeddable":true,"href":"https:\/\/portalnpm.com\/index.php\/wp-json\/wp\/v2\/tags?post=9486"}],"curies":[{"name":"wp","href":"https:\/\/api.w.org\/{rel}","templated":true}]}}