{"id":9513,"date":"2019-06-29T10:22:17","date_gmt":"2019-06-29T13:22:17","guid":{"rendered":"http:\/\/srv.portalnpm.com.br\/?p=9513"},"modified":"2019-06-29T10:22:17","modified_gmt":"2019-06-29T13:22:17","slug":"onibus-do-cantor-gusttavo-lima-se-envolve-em-acidente-na-br-060","status":"publish","type":"post","link":"https:\/\/portalnpm.com\/index.php\/2019\/06\/29\/onibus-do-cantor-gusttavo-lima-se-envolve-em-acidente-na-br-060\/","title":{"rendered":"\u00d4nibus do cantor Gusttavo Lima se envolve em acidente na BR-060"},"content":{"rendered":"<p style=\"text-align: justify;\">Um \u00f4nibus que transportava a equipe t\u00e9cnica do cantor Gusttavo Lima se envolveu em um acidente com uma moto, por volta das 14h30 desta sexta-feira (28), no km 97, da BR-060, em An\u00e1polis, a 55 km de Goi\u00e2nia. A moto ficou embaixo do \u00f4nibus ap\u00f3s ser arrastada por cerca de 20 metros.<\/p>\n<p style=\"text-align: justify;\">De e acordo com a Pol\u00edcia Rodovi\u00e1ria Federal (PRF), o cantor n\u00e3o estava no \u00f4nibus e o motociclista, de 25 anos, ficou gravemente ferido ap\u00f3s bater com a cabe\u00e7a no para-brisa e sofrer escoria\u00e7\u00f5es pelo corpo, apesar de ter sido socorrido consciente.<\/p>\n<p style=\"text-align: justify;\">J\u00e1 a assessoria de imprensa de Gusttavo Lima informou que \u201cn\u00e3o houve nada demais e que foi um acidente de tr\u00e2nsito normal. N\u00e3o tinha quase ningu\u00e9m da equipe no \u00f4nibus. O motociclista sofreu uma luxa\u00e7\u00e3o, mas nada grave\u201d.<\/p>\n<p style=\"text-align: justify;\">D\u00ea acordo com levantamentos preliminares da PRF, a v\u00edtima conduzia uma motocicleta que seguia no sentido Goi\u00e2nia para An\u00e1polis quando resolveu acessar a pista oposta e por n\u00e3o usar a faixa de acelera\u00e7\u00e3o para cruzar a rodovia, foi acertado pelo coletivo que seguia no sentido contr\u00e1rio.<\/p>\n<p style=\"text-align: justify;\">\u201cO \u00f4nibus seguia sentido An\u00e1polis-Goi\u00e2nia, quando o motociclista, de 25 anos, fez uma convers\u00e3o na frente do \u00f4nibus. O motociclista bateu com o capacete no para-brisa, que quebrou, caindo do lado do \u00f4nibus e a moto foi arrastada por cerca de 20 metros\u201d, contou o inspetor Newton Morais, assessor de comunica\u00e7\u00e3o da PRF.<\/p>\n<p style=\"text-align: justify;\">Ainda segundo ele, o motociclista foi socorrido por uma equipe da Triunfo Concebra, concession\u00e1ria que administra a rodovia, para o Hospital Estadual de Urg\u00eancias de An\u00e1polis Dr. Henrique Santillo (Huana).<\/p>\n<p style=\"text-align: justify;\">A assessoria de imprensa da concession\u00e1ria confirmou o socorro e disse que a v\u00edtima estava com o estado de sa\u00fade moderado, ap\u00f3s sofrer ferimentos considerados m\u00e9dios. O\u00a0<strong>G1<\/strong>n\u00e3o conseguiu o nome completo da v\u00edtima e tentou, \u00e0s 17h16, com assessoria de imprensa do hospital saber como ela est\u00e1. A liga\u00e7\u00e3o caiu na caixa postal e a mensagem envida por um aplicativo n\u00e3o foi visualizada.<\/p>\n<p style=\"text-align: justify;\">O n\u00famero de quantas pessoas estavam no \u00f4nibus n\u00e3o foi informado. Tanto o motorista do \u00f4nibus quanto o motociclista passaram pelo teste do baf\u00f4metro e nenhuma altera\u00e7\u00e3o foi constatada, segundo a PRF.<\/p>\n<p style=\"text-align: justify;\">Por conta do acidente, o tr\u00e2nsito chegou a ficar lento no sentido An\u00e1polis X Goi\u00e2nia.<\/p>\n<p style=\"text-align: justify;\"><strong>FONTE<\/strong>: G1<\/p>\n","protected":false},"excerpt":{"rendered":"<p>Um \u00f4nibus que transportava a equipe t\u00e9cnica do cantor Gusttavo Lima se envolveu em um acidente com uma moto, por volta das 14h30 desta sexta-feira (28), no km 97, da BR-060, em An\u00e1polis, a 55 km de Goi\u00e2nia. A moto ficou embaixo do \u00f4nibus ap\u00f3s ser arrastada por cerca de 20 metros. De e acordo &hellip;<\/p>\n","protected":false},"author":8,"featured_media":9514,"comment_status":"open","ping_status":"open","sticky":false,"template":"","format":"standard","meta":{"content-type":"","rop_custom_images_group":[],"rop_custom_messages_group":[],"rop_publish_now":"initial","rop_publish_now_accounts":{"facebook_2648258775420054_1618374048415101":""},"rop_publish_now_history":[],"rop_publish_now_status":"pending","footnotes":"","_jetpack_memberships_contains_paid_content":false},"categories":[125,118],"tags":[155,3054,806],"yoast_head":"<!-- This site is optimized with the Yoast SEO plugin v22.3 - https:\/\/yoast.com\/wordpress\/plugins\/seo\/ -->\n<title>\u00d4nibus do cantor Gusttavo Lima se envolve em acidente na BR-060 - Portal NPM<\/title>\n<meta name=\"robots\" content=\"index, follow, max-snippet:-1, max-image-preview:large, max-video-preview:-1\" \/>\n<link rel=\"canonical\" href=\"https:\/\/portalnpm.com\/index.php\/2019\/06\/29\/onibus-do-cantor-gusttavo-lima-se-envolve-em-acidente-na-br-060\/\" \/>\n<meta property=\"og:locale\" content=\"pt_BR\" \/>\n<meta property=\"og:type\" content=\"article\" \/>\n<meta property=\"og:title\" content=\"\u00d4nibus do cantor Gusttavo Lima se envolve em acidente na BR-060 - Portal NPM\" \/>\n<meta property=\"og:description\" content=\"Um \u00f4nibus que transportava a equipe t\u00e9cnica do cantor Gusttavo Lima se envolveu em um acidente com uma moto, por volta das 14h30 desta sexta-feira (28), no km 97, da BR-060, em An\u00e1polis, a 55 km de Goi\u00e2nia. A moto ficou embaixo do \u00f4nibus ap\u00f3s ser arrastada por cerca de 20 metros. De e acordo &hellip;\" \/>\n<meta property=\"og:url\" content=\"https:\/\/portalnpm.com\/index.php\/2019\/06\/29\/onibus-do-cantor-gusttavo-lima-se-envolve-em-acidente-na-br-060\/\" \/>\n<meta property=\"og:site_name\" content=\"Portal NPM\" \/>\n<meta property=\"article:published_time\" content=\"2019-06-29T13:22:17+00:00\" \/>\n<meta name=\"author\" content=\"Zenilton Lima\" \/>\n<meta name=\"twitter:card\" content=\"summary_large_image\" \/>\n<meta name=\"twitter:label1\" content=\"Escrito por\" \/>\n\t<meta name=\"twitter:data1\" content=\"Zenilton Lima\" \/>\n\t<meta name=\"twitter:label2\" content=\"Est. tempo de leitura\" \/>\n\t<meta name=\"twitter:data2\" content=\"2 minutos\" \/>\n<script type=\"application\/ld+json\" class=\"yoast-schema-graph\">{\"@context\":\"https:\/\/schema.org\",\"@graph\":[{\"@type\":\"WebPage\",\"@id\":\"https:\/\/portalnpm.com\/index.php\/2019\/06\/29\/onibus-do-cantor-gusttavo-lima-se-envolve-em-acidente-na-br-060\/\",\"url\":\"https:\/\/portalnpm.com\/index.php\/2019\/06\/29\/onibus-do-cantor-gusttavo-lima-se-envolve-em-acidente-na-br-060\/\",\"name\":\"\u00d4nibus do cantor Gusttavo Lima se envolve em acidente na BR-060 - Portal NPM\",\"isPartOf\":{\"@id\":\"https:\/\/portalnpm.com\/#website\"},\"primaryImageOfPage\":{\"@id\":\"https:\/\/portalnpm.com\/index.php\/2019\/06\/29\/onibus-do-cantor-gusttavo-lima-se-envolve-em-acidente-na-br-060\/#primaryimage\"},\"image\":{\"@id\":\"https:\/\/portalnpm.com\/index.php\/2019\/06\/29\/onibus-do-cantor-gusttavo-lima-se-envolve-em-acidente-na-br-060\/#primaryimage\"},\"thumbnailUrl\":\"\",\"datePublished\":\"2019-06-29T13:22:17+00:00\",\"dateModified\":\"2019-06-29T13:22:17+00:00\",\"author\":{\"@id\":\"https:\/\/portalnpm.com\/#\/schema\/person\/35cb55186eae3f074b6783da6d35591e\"},\"breadcrumb\":{\"@id\":\"https:\/\/portalnpm.com\/index.php\/2019\/06\/29\/onibus-do-cantor-gusttavo-lima-se-envolve-em-acidente-na-br-060\/#breadcrumb\"},\"inLanguage\":\"pt-BR\",\"potentialAction\":[{\"@type\":\"ReadAction\",\"target\":[\"https:\/\/portalnpm.com\/index.php\/2019\/06\/29\/onibus-do-cantor-gusttavo-lima-se-envolve-em-acidente-na-br-060\/\"]}]},{\"@type\":\"ImageObject\",\"inLanguage\":\"pt-BR\",\"@id\":\"https:\/\/portalnpm.com\/index.php\/2019\/06\/29\/onibus-do-cantor-gusttavo-lima-se-envolve-em-acidente-na-br-060\/#primaryimage\",\"url\":\"\",\"contentUrl\":\"\"},{\"@type\":\"BreadcrumbList\",\"@id\":\"https:\/\/portalnpm.com\/index.php\/2019\/06\/29\/onibus-do-cantor-gusttavo-lima-se-envolve-em-acidente-na-br-060\/#breadcrumb\",\"itemListElement\":[{\"@type\":\"ListItem\",\"position\":1,\"name\":\"In\u00edcio\",\"item\":\"https:\/\/portalnpm.com\/\"},{\"@type\":\"ListItem\",\"position\":2,\"name\":\"\u00d4nibus do cantor Gusttavo Lima se envolve em acidente na BR-060\"}]},{\"@type\":\"WebSite\",\"@id\":\"https:\/\/portalnpm.com\/#website\",\"url\":\"https:\/\/portalnpm.com\/\",\"name\":\"Portal NPM\",\"description\":\"Not\u00edcias em Primeira M\u00e3o\",\"potentialAction\":[{\"@type\":\"SearchAction\",\"target\":{\"@type\":\"EntryPoint\",\"urlTemplate\":\"https:\/\/portalnpm.com\/?s={search_term_string}\"},\"query-input\":\"required name=search_term_string\"}],\"inLanguage\":\"pt-BR\"},{\"@type\":\"Person\",\"@id\":\"https:\/\/portalnpm.com\/#\/schema\/person\/35cb55186eae3f074b6783da6d35591e\",\"name\":\"Zenilton Lima\",\"image\":{\"@type\":\"ImageObject\",\"inLanguage\":\"pt-BR\",\"@id\":\"https:\/\/portalnpm.com\/#\/schema\/person\/image\/\",\"url\":\"https:\/\/portalnpm.com\/wp-content\/uploads\/2024\/12\/avatar_user_8_1733658137-96x96.jpeg\",\"contentUrl\":\"https:\/\/portalnpm.com\/wp-content\/uploads\/2024\/12\/avatar_user_8_1733658137-96x96.jpeg\",\"caption\":\"Zenilton Lima\"},\"url\":\"https:\/\/portalnpm.com\/index.php\/author\/zenilton\/\"}]}<\/script>\n<!-- \/ Yoast SEO plugin. -->","yoast_head_json":{"title":"\u00d4nibus do cantor Gusttavo Lima se envolve em acidente na BR-060 - Portal NPM","robots":{"index":"index","follow":"follow","max-snippet":"max-snippet:-1","max-image-preview":"max-image-preview:large","max-video-preview":"max-video-preview:-1"},"canonical":"https:\/\/portalnpm.com\/index.php\/2019\/06\/29\/onibus-do-cantor-gusttavo-lima-se-envolve-em-acidente-na-br-060\/","og_locale":"pt_BR","og_type":"article","og_title":"\u00d4nibus do cantor Gusttavo Lima se envolve em acidente na BR-060 - Portal NPM","og_description":"Um \u00f4nibus que transportava a equipe t\u00e9cnica do cantor Gusttavo Lima se envolveu em um acidente com uma moto, por volta das 14h30 desta sexta-feira (28), no km 97, da BR-060, em An\u00e1polis, a 55 km de Goi\u00e2nia. A moto ficou embaixo do \u00f4nibus ap\u00f3s ser arrastada por cerca de 20 metros. De e acordo &hellip;","og_url":"https:\/\/portalnpm.com\/index.php\/2019\/06\/29\/onibus-do-cantor-gusttavo-lima-se-envolve-em-acidente-na-br-060\/","og_site_name":"Portal NPM","article_published_time":"2019-06-29T13:22:17+00:00","author":"Zenilton Lima","twitter_card":"summary_large_image","twitter_misc":{"Escrito por":"Zenilton Lima","Est. tempo de leitura":"2 minutos"},"schema":{"@context":"https:\/\/schema.org","@graph":[{"@type":"WebPage","@id":"https:\/\/portalnpm.com\/index.php\/2019\/06\/29\/onibus-do-cantor-gusttavo-lima-se-envolve-em-acidente-na-br-060\/","url":"https:\/\/portalnpm.com\/index.php\/2019\/06\/29\/onibus-do-cantor-gusttavo-lima-se-envolve-em-acidente-na-br-060\/","name":"\u00d4nibus do cantor Gusttavo Lima se envolve em acidente na BR-060 - Portal NPM","isPartOf":{"@id":"https:\/\/portalnpm.com\/#website"},"primaryImageOfPage":{"@id":"https:\/\/portalnpm.com\/index.php\/2019\/06\/29\/onibus-do-cantor-gusttavo-lima-se-envolve-em-acidente-na-br-060\/#primaryimage"},"image":{"@id":"https:\/\/portalnpm.com\/index.php\/2019\/06\/29\/onibus-do-cantor-gusttavo-lima-se-envolve-em-acidente-na-br-060\/#primaryimage"},"thumbnailUrl":"","datePublished":"2019-06-29T13:22:17+00:00","dateModified":"2019-06-29T13:22:17+00:00","author":{"@id":"https:\/\/portalnpm.com\/#\/schema\/person\/35cb55186eae3f074b6783da6d35591e"},"breadcrumb":{"@id":"https:\/\/portalnpm.com\/index.php\/2019\/06\/29\/onibus-do-cantor-gusttavo-lima-se-envolve-em-acidente-na-br-060\/#breadcrumb"},"inLanguage":"pt-BR","potentialAction":[{"@type":"ReadAction","target":["https:\/\/portalnpm.com\/index.php\/2019\/06\/29\/onibus-do-cantor-gusttavo-lima-se-envolve-em-acidente-na-br-060\/"]}]},{"@type":"ImageObject","inLanguage":"pt-BR","@id":"https:\/\/portalnpm.com\/index.php\/2019\/06\/29\/onibus-do-cantor-gusttavo-lima-se-envolve-em-acidente-na-br-060\/#primaryimage","url":"","contentUrl":""},{"@type":"BreadcrumbList","@id":"https:\/\/portalnpm.com\/index.php\/2019\/06\/29\/onibus-do-cantor-gusttavo-lima-se-envolve-em-acidente-na-br-060\/#breadcrumb","itemListElement":[{"@type":"ListItem","position":1,"name":"In\u00edcio","item":"https:\/\/portalnpm.com\/"},{"@type":"ListItem","position":2,"name":"\u00d4nibus do cantor Gusttavo Lima se envolve em acidente na BR-060"}]},{"@type":"WebSite","@id":"https:\/\/portalnpm.com\/#website","url":"https:\/\/portalnpm.com\/","name":"Portal NPM","description":"Not\u00edcias em Primeira M\u00e3o","potentialAction":[{"@type":"SearchAction","target":{"@type":"EntryPoint","urlTemplate":"https:\/\/portalnpm.com\/?s={search_term_string}"},"query-input":"required name=search_term_string"}],"inLanguage":"pt-BR"},{"@type":"Person","@id":"https:\/\/portalnpm.com\/#\/schema\/person\/35cb55186eae3f074b6783da6d35591e","name":"Zenilton Lima","image":{"@type":"ImageObject","inLanguage":"pt-BR","@id":"https:\/\/portalnpm.com\/#\/schema\/person\/image\/","url":"https:\/\/portalnpm.com\/wp-content\/uploads\/2024\/12\/avatar_user_8_1733658137-96x96.jpeg","contentUrl":"https:\/\/portalnpm.com\/wp-content\/uploads\/2024\/12\/avatar_user_8_1733658137-96x96.jpeg","caption":"Zenilton Lima"},"url":"https:\/\/portalnpm.com\/index.php\/author\/zenilton\/"}]}},"jetpack_sharing_enabled":true,"jetpack_featured_media_url":"","_links":{"self":[{"href":"https:\/\/portalnpm.com\/index.php\/wp-json\/wp\/v2\/posts\/9513"}],"collection":[{"href":"https:\/\/portalnpm.com\/index.php\/wp-json\/wp\/v2\/posts"}],"about":[{"href":"https:\/\/portalnpm.com\/index.php\/wp-json\/wp\/v2\/types\/post"}],"author":[{"embeddable":true,"href":"https:\/\/portalnpm.com\/index.php\/wp-json\/wp\/v2\/users\/8"}],"replies":[{"embeddable":true,"href":"https:\/\/portalnpm.com\/index.php\/wp-json\/wp\/v2\/comments?post=9513"}],"version-history":[{"count":0,"href":"https:\/\/portalnpm.com\/index.php\/wp-json\/wp\/v2\/posts\/9513\/revisions"}],"wp:featuredmedia":[{"embeddable":true,"href":"https:\/\/portalnpm.com\/index.php\/wp-json\/"}],"wp:attachment":[{"href":"https:\/\/portalnpm.com\/index.php\/wp-json\/wp\/v2\/media?parent=9513"}],"wp:term":[{"taxonomy":"category","embeddable":true,"href":"https:\/\/portalnpm.com\/index.php\/wp-json\/wp\/v2\/categories?post=9513"},{"taxonomy":"post_tag","embeddable":true,"href":"https:\/\/portalnpm.com\/index.php\/wp-json\/wp\/v2\/tags?post=9513"}],"curies":[{"name":"wp","href":"https:\/\/api.w.org\/{rel}","templated":true}]}}