{"id":9567,"date":"2019-07-01T23:53:50","date_gmt":"2019-07-02T02:53:50","guid":{"rendered":"http:\/\/srv.portalnpm.com.br\/?p=9567"},"modified":"2019-07-01T23:53:50","modified_gmt":"2019-07-02T02:53:50","slug":"em-fronteiras-homem-e-morto-a-tiros","status":"publish","type":"post","link":"https:\/\/portalnpm.com\/index.php\/2019\/07\/01\/em-fronteiras-homem-e-morto-a-tiros\/","title":{"rendered":"Em Fronteiras, homem \u00e9 morto a tiros"},"content":{"rendered":"<p style=\"text-align: justify;\">Um homem identificado como\u00a0Gerro Adriano foi morto por disparos de arma de fogo, na noite desta segunda-feira, 1\u00ba de julho, por volta 20h, pr\u00f3ximo ao bar do Flaviano, na cidade de Fronteiras- PI.<\/p>\n<p style=\"text-align: justify;\">De acordo com informa\u00e7\u00f5es de populares, dois homens chegaram em uma moto e um deles efetuou aproximadamente cinco disparos. Segundo informa\u00e7\u00f5es, o tipo de crime caracteriza-se como execu\u00e7\u00e3o.<\/p>\n<p><img fetchpriority=\"high\" decoding=\"async\" class=\"aligncenter size-full wp-image-9568\" src=\"http:\/\/portalnpm.com\/wp-content\/uploads\/2019\/07\/WhatsApp-Image-2019-07-01-at-20.48.57.jpeg.jpg\" alt=\"\" width=\"523\" height=\"580\" \/><\/p>\n<p style=\"text-align: justify;\">Aguarde mais informa\u00e7\u00f5es!<\/p>\n<p><strong>FONTE: Cidades na Net\u00a0<\/strong><\/p>\n","protected":false},"excerpt":{"rendered":"<p>Um homem identificado como\u00a0Gerro Adriano foi morto por disparos de arma de fogo, na noite desta segunda-feira, 1\u00ba de julho, por volta 20h, pr\u00f3ximo ao bar do Flaviano, na cidade de Fronteiras- PI. De acordo com informa\u00e7\u00f5es de populares, dois homens chegaram em uma moto e um deles efetuou aproximadamente cinco disparos. Segundo informa\u00e7\u00f5es, o &hellip;<\/p>\n","protected":false},"author":3,"featured_media":9569,"comment_status":"open","ping_status":"open","sticky":false,"template":"","format":"standard","meta":{"content-type":"","rop_custom_images_group":[],"rop_custom_messages_group":[],"rop_publish_now":"initial","rop_publish_now_accounts":{"facebook_2648258775420054_1618374048415101":""},"rop_publish_now_history":[],"rop_publish_now_status":"pending","footnotes":"","_jetpack_memberships_contains_paid_content":false},"categories":[113,151,145],"tags":[459,460,493],"yoast_head":"<!-- This site is optimized with the Yoast SEO plugin v22.3 - https:\/\/yoast.com\/wordpress\/plugins\/seo\/ -->\n<title>Em Fronteiras, homem \u00e9 morto a tiros - Portal NPM<\/title>\n<meta name=\"robots\" content=\"index, follow, max-snippet:-1, max-image-preview:large, max-video-preview:-1\" \/>\n<link rel=\"canonical\" href=\"https:\/\/portalnpm.com\/index.php\/2019\/07\/01\/em-fronteiras-homem-e-morto-a-tiros\/\" \/>\n<meta property=\"og:locale\" content=\"pt_BR\" \/>\n<meta property=\"og:type\" content=\"article\" \/>\n<meta property=\"og:title\" content=\"Em Fronteiras, homem \u00e9 morto a tiros - Portal NPM\" \/>\n<meta property=\"og:description\" content=\"Um homem identificado como\u00a0Gerro Adriano foi morto por disparos de arma de fogo, na noite desta segunda-feira, 1\u00ba de julho, por volta 20h, pr\u00f3ximo ao bar do Flaviano, na cidade de Fronteiras- PI. De acordo com informa\u00e7\u00f5es de populares, dois homens chegaram em uma moto e um deles efetuou aproximadamente cinco disparos. Segundo informa\u00e7\u00f5es, o &hellip;\" \/>\n<meta property=\"og:url\" content=\"https:\/\/portalnpm.com\/index.php\/2019\/07\/01\/em-fronteiras-homem-e-morto-a-tiros\/\" \/>\n<meta property=\"og:site_name\" content=\"Portal NPM\" \/>\n<meta property=\"article:published_time\" content=\"2019-07-02T02:53:50+00:00\" \/>\n<meta name=\"author\" content=\"Luis Alberto\" \/>\n<meta name=\"twitter:card\" content=\"summary_large_image\" \/>\n<meta name=\"twitter:label1\" content=\"Escrito por\" \/>\n\t<meta name=\"twitter:data1\" content=\"Luis Alberto\" \/>\n<script type=\"application\/ld+json\" class=\"yoast-schema-graph\">{\"@context\":\"https:\/\/schema.org\",\"@graph\":[{\"@type\":\"WebPage\",\"@id\":\"https:\/\/portalnpm.com\/index.php\/2019\/07\/01\/em-fronteiras-homem-e-morto-a-tiros\/\",\"url\":\"https:\/\/portalnpm.com\/index.php\/2019\/07\/01\/em-fronteiras-homem-e-morto-a-tiros\/\",\"name\":\"Em Fronteiras, homem \u00e9 morto a tiros - Portal NPM\",\"isPartOf\":{\"@id\":\"https:\/\/portalnpm.com\/#website\"},\"primaryImageOfPage\":{\"@id\":\"https:\/\/portalnpm.com\/index.php\/2019\/07\/01\/em-fronteiras-homem-e-morto-a-tiros\/#primaryimage\"},\"image\":{\"@id\":\"https:\/\/portalnpm.com\/index.php\/2019\/07\/01\/em-fronteiras-homem-e-morto-a-tiros\/#primaryimage\"},\"thumbnailUrl\":\"\",\"datePublished\":\"2019-07-02T02:53:50+00:00\",\"dateModified\":\"2019-07-02T02:53:50+00:00\",\"author\":{\"@id\":\"https:\/\/portalnpm.com\/#\/schema\/person\/5c8006acdf71774cd4e7a5ab98482152\"},\"breadcrumb\":{\"@id\":\"https:\/\/portalnpm.com\/index.php\/2019\/07\/01\/em-fronteiras-homem-e-morto-a-tiros\/#breadcrumb\"},\"inLanguage\":\"pt-BR\",\"potentialAction\":[{\"@type\":\"ReadAction\",\"target\":[\"https:\/\/portalnpm.com\/index.php\/2019\/07\/01\/em-fronteiras-homem-e-morto-a-tiros\/\"]}]},{\"@type\":\"ImageObject\",\"inLanguage\":\"pt-BR\",\"@id\":\"https:\/\/portalnpm.com\/index.php\/2019\/07\/01\/em-fronteiras-homem-e-morto-a-tiros\/#primaryimage\",\"url\":\"\",\"contentUrl\":\"\"},{\"@type\":\"BreadcrumbList\",\"@id\":\"https:\/\/portalnpm.com\/index.php\/2019\/07\/01\/em-fronteiras-homem-e-morto-a-tiros\/#breadcrumb\",\"itemListElement\":[{\"@type\":\"ListItem\",\"position\":1,\"name\":\"In\u00edcio\",\"item\":\"https:\/\/portalnpm.com\/\"},{\"@type\":\"ListItem\",\"position\":2,\"name\":\"Em Fronteiras, homem \u00e9 morto a tiros\"}]},{\"@type\":\"WebSite\",\"@id\":\"https:\/\/portalnpm.com\/#website\",\"url\":\"https:\/\/portalnpm.com\/\",\"name\":\"Portal NPM\",\"description\":\"Not\u00edcias em Primeira M\u00e3o\",\"potentialAction\":[{\"@type\":\"SearchAction\",\"target\":{\"@type\":\"EntryPoint\",\"urlTemplate\":\"https:\/\/portalnpm.com\/?s={search_term_string}\"},\"query-input\":\"required name=search_term_string\"}],\"inLanguage\":\"pt-BR\"},{\"@type\":\"Person\",\"@id\":\"https:\/\/portalnpm.com\/#\/schema\/person\/5c8006acdf71774cd4e7a5ab98482152\",\"name\":\"Luis Alberto\",\"image\":{\"@type\":\"ImageObject\",\"inLanguage\":\"pt-BR\",\"@id\":\"https:\/\/portalnpm.com\/#\/schema\/person\/image\/\",\"url\":\"https:\/\/portalnpm.com\/wp-content\/uploads\/2024\/12\/avatar_user_3_1734699769-96x96.jpeg\",\"contentUrl\":\"https:\/\/portalnpm.com\/wp-content\/uploads\/2024\/12\/avatar_user_3_1734699769-96x96.jpeg\",\"caption\":\"Luis Alberto\"},\"description\":\"Editor-geral do Portal NPM, \u00e9 formado como T\u00e9cnico em Seguran\u00e7a do Trabalho pela Escola Metropolitana de Cursos T\u00e9cnicos. Det\u00e9m ainda licenciatura em Educa\u00e7\u00e3o F\u00edsica e bacharelado em Ci\u00eancias Pol\u00edticas, ambos obtidos pela institui\u00e7\u00e3o Anhanguera\/UNOPAR.\",\"url\":\"https:\/\/portalnpm.com\/index.php\/author\/pereira\/\"}]}<\/script>\n<!-- \/ Yoast SEO plugin. -->","yoast_head_json":{"title":"Em Fronteiras, homem \u00e9 morto a tiros - Portal NPM","robots":{"index":"index","follow":"follow","max-snippet":"max-snippet:-1","max-image-preview":"max-image-preview:large","max-video-preview":"max-video-preview:-1"},"canonical":"https:\/\/portalnpm.com\/index.php\/2019\/07\/01\/em-fronteiras-homem-e-morto-a-tiros\/","og_locale":"pt_BR","og_type":"article","og_title":"Em Fronteiras, homem \u00e9 morto a tiros - Portal NPM","og_description":"Um homem identificado como\u00a0Gerro Adriano foi morto por disparos de arma de fogo, na noite desta segunda-feira, 1\u00ba de julho, por volta 20h, pr\u00f3ximo ao bar do Flaviano, na cidade de Fronteiras- PI. De acordo com informa\u00e7\u00f5es de populares, dois homens chegaram em uma moto e um deles efetuou aproximadamente cinco disparos. Segundo informa\u00e7\u00f5es, o &hellip;","og_url":"https:\/\/portalnpm.com\/index.php\/2019\/07\/01\/em-fronteiras-homem-e-morto-a-tiros\/","og_site_name":"Portal NPM","article_published_time":"2019-07-02T02:53:50+00:00","author":"Luis Alberto","twitter_card":"summary_large_image","twitter_misc":{"Escrito por":"Luis Alberto"},"schema":{"@context":"https:\/\/schema.org","@graph":[{"@type":"WebPage","@id":"https:\/\/portalnpm.com\/index.php\/2019\/07\/01\/em-fronteiras-homem-e-morto-a-tiros\/","url":"https:\/\/portalnpm.com\/index.php\/2019\/07\/01\/em-fronteiras-homem-e-morto-a-tiros\/","name":"Em Fronteiras, homem \u00e9 morto a tiros - Portal NPM","isPartOf":{"@id":"https:\/\/portalnpm.com\/#website"},"primaryImageOfPage":{"@id":"https:\/\/portalnpm.com\/index.php\/2019\/07\/01\/em-fronteiras-homem-e-morto-a-tiros\/#primaryimage"},"image":{"@id":"https:\/\/portalnpm.com\/index.php\/2019\/07\/01\/em-fronteiras-homem-e-morto-a-tiros\/#primaryimage"},"thumbnailUrl":"","datePublished":"2019-07-02T02:53:50+00:00","dateModified":"2019-07-02T02:53:50+00:00","author":{"@id":"https:\/\/portalnpm.com\/#\/schema\/person\/5c8006acdf71774cd4e7a5ab98482152"},"breadcrumb":{"@id":"https:\/\/portalnpm.com\/index.php\/2019\/07\/01\/em-fronteiras-homem-e-morto-a-tiros\/#breadcrumb"},"inLanguage":"pt-BR","potentialAction":[{"@type":"ReadAction","target":["https:\/\/portalnpm.com\/index.php\/2019\/07\/01\/em-fronteiras-homem-e-morto-a-tiros\/"]}]},{"@type":"ImageObject","inLanguage":"pt-BR","@id":"https:\/\/portalnpm.com\/index.php\/2019\/07\/01\/em-fronteiras-homem-e-morto-a-tiros\/#primaryimage","url":"","contentUrl":""},{"@type":"BreadcrumbList","@id":"https:\/\/portalnpm.com\/index.php\/2019\/07\/01\/em-fronteiras-homem-e-morto-a-tiros\/#breadcrumb","itemListElement":[{"@type":"ListItem","position":1,"name":"In\u00edcio","item":"https:\/\/portalnpm.com\/"},{"@type":"ListItem","position":2,"name":"Em Fronteiras, homem \u00e9 morto a tiros"}]},{"@type":"WebSite","@id":"https:\/\/portalnpm.com\/#website","url":"https:\/\/portalnpm.com\/","name":"Portal NPM","description":"Not\u00edcias em Primeira M\u00e3o","potentialAction":[{"@type":"SearchAction","target":{"@type":"EntryPoint","urlTemplate":"https:\/\/portalnpm.com\/?s={search_term_string}"},"query-input":"required name=search_term_string"}],"inLanguage":"pt-BR"},{"@type":"Person","@id":"https:\/\/portalnpm.com\/#\/schema\/person\/5c8006acdf71774cd4e7a5ab98482152","name":"Luis Alberto","image":{"@type":"ImageObject","inLanguage":"pt-BR","@id":"https:\/\/portalnpm.com\/#\/schema\/person\/image\/","url":"https:\/\/portalnpm.com\/wp-content\/uploads\/2024\/12\/avatar_user_3_1734699769-96x96.jpeg","contentUrl":"https:\/\/portalnpm.com\/wp-content\/uploads\/2024\/12\/avatar_user_3_1734699769-96x96.jpeg","caption":"Luis Alberto"},"description":"Editor-geral do Portal NPM, \u00e9 formado como T\u00e9cnico em Seguran\u00e7a do Trabalho pela Escola Metropolitana de Cursos T\u00e9cnicos. Det\u00e9m ainda licenciatura em Educa\u00e7\u00e3o F\u00edsica e bacharelado em Ci\u00eancias Pol\u00edticas, ambos obtidos pela institui\u00e7\u00e3o Anhanguera\/UNOPAR.","url":"https:\/\/portalnpm.com\/index.php\/author\/pereira\/"}]}},"jetpack_sharing_enabled":true,"jetpack_featured_media_url":"","_links":{"self":[{"href":"https:\/\/portalnpm.com\/index.php\/wp-json\/wp\/v2\/posts\/9567"}],"collection":[{"href":"https:\/\/portalnpm.com\/index.php\/wp-json\/wp\/v2\/posts"}],"about":[{"href":"https:\/\/portalnpm.com\/index.php\/wp-json\/wp\/v2\/types\/post"}],"author":[{"embeddable":true,"href":"https:\/\/portalnpm.com\/index.php\/wp-json\/wp\/v2\/users\/3"}],"replies":[{"embeddable":true,"href":"https:\/\/portalnpm.com\/index.php\/wp-json\/wp\/v2\/comments?post=9567"}],"version-history":[{"count":0,"href":"https:\/\/portalnpm.com\/index.php\/wp-json\/wp\/v2\/posts\/9567\/revisions"}],"wp:featuredmedia":[{"embeddable":true,"href":"https:\/\/portalnpm.com\/index.php\/wp-json\/"}],"wp:attachment":[{"href":"https:\/\/portalnpm.com\/index.php\/wp-json\/wp\/v2\/media?parent=9567"}],"wp:term":[{"taxonomy":"category","embeddable":true,"href":"https:\/\/portalnpm.com\/index.php\/wp-json\/wp\/v2\/categories?post=9567"},{"taxonomy":"post_tag","embeddable":true,"href":"https:\/\/portalnpm.com\/index.php\/wp-json\/wp\/v2\/tags?post=9567"}],"curies":[{"name":"wp","href":"https:\/\/api.w.org\/{rel}","templated":true}]}}