{"id":96072,"date":"2026-09-01T20:25:16","date_gmt":"2026-09-01T23:25:16","guid":{"rendered":"https:\/\/portalnpm.com\/?p=96072"},"modified":"2026-09-01T20:25:16","modified_gmt":"2026-09-01T23:25:16","slug":"messi-anuncia-aposentadoria-da-selecao-argentina","status":"publish","type":"post","link":"https:\/\/portalnpm.com\/index.php\/2026\/09\/01\/messi-anuncia-aposentadoria-da-selecao-argentina\/","title":{"rendered":"Messi anuncia aposentadoria da sele\u00e7\u00e3o argentina"},"content":{"rendered":"<div class=\"_ZAwm5\"><\/div>\n<div class=\"_E3y4U\">\n<p class=\"_MyF-P\">\n<\/div>\n<div class=\"_EguHV\">\n<div class=\"_0jaWF\">\n<div class=\"undefined\">\n<p>Chegou ao fim a hist\u00f3ria de Lionel Messi na sele\u00e7\u00e3o argentina. Afinal, o craque anunciou nesta segunda-feira (31) que decidiu se aposentar da Albiceleste. Em comunicado publicado nas redes sociais, o lend\u00e1rio camisa 10 revelou que tomou a decis\u00e3o no dia 21 de julho, dois dias ap\u00f3s a derrota para a Espanha na final da Copa do Mundo de 2026. Ele, ali\u00e1s, refor\u00e7ou que, mesmo depois desse tempo, segue decidido.<\/p>\n<p>\u201cDepois de todo esse tempo desde a final, refleti muito e quero dizer a todos que estou me aposentando da Sele\u00e7\u00e3o. \u00c9 uma decis\u00e3o dolorosa que custo a aceitar, mas entendo que chegou o momento (\u2026) Sempre dei tudo por esta camisa, buscando proporcionar alegrias e fazer com que se sentissem orgulhosos de ser argentinos por meio do futebol\u201d, disse Lionel Messi.<\/p>\n<figure id=\"attachment_1200336\" class=\"wp-caption aligncenter\" aria-labelledby=\"figcaption_attachment_1200336\"><\/figure>\n<\/div>\n<figure class=\"image\"><img fetchpriority=\"high\" decoding=\"async\" src=\"https:\/\/sbt-sports-assets-prod.s3.sa-east-1.amazonaws.com\/H_Mp_WMYMWMAAJ_9zf_9e37af8ee5.jpg\" alt=\"\" width=\"1200\" height=\"796\" \/><figcaption>Messi disputou tr\u00eas finais de Copa do Mundo com a Argentina e ganhou um t\u00edtulo \u2013 Foto: Divulga\u00e7\u00e3o \/ AFA<\/figcaption><\/figure>\n<div class=\"undefined\">\n<p>Lionel Messi entrou para a hist\u00f3ria da Argentina ap\u00f3s conquistar o t\u00edtulo da Copa do Mundo de 2022, no Catar. Al\u00e9m disso, o craque tamb\u00e9m foi vice-campe\u00e3o em 2014, no Brasil, e em 2026, nos Estados Unidos. O camisa 10 encerra sua trajet\u00f3ria como o maior artilheiro da hist\u00f3ria da Albiceleste com 125 gols, mais jogos oficiais (205), mais participa\u00e7\u00f5es em Copas (6) e mais gols (21) e assist\u00eancias (12) em Copas.<\/p>\n<div id=\"chunk-1fc16\">\n<div class=\"mc-column content-text active-extra-styles \" data-block-type=\"unstyled\" data-block-weight=\"43\" data-block-id=\"9\">\n<p class=\" content-text__container\" data-track-category=\"Link no Texto\" data-track-links=\"\" data-mrf-recirculation=\"Artigo - Link no Texto\">\u201cEsta \u00e9 uma decis\u00e3o que pesa muito para mim. Amo, amei e sempre amarei estar na Sele\u00e7\u00e3o. Dei tudo de mim, n\u00e3o tenho mais nada a oferecer e, al\u00e9m disso, h\u00e1 jovens muito bons chegando que merecem sua oportunidade. Obrigado por todo o carinho nestes 20 anos. Levarei comigo tudo o que recebi de voc\u00eas. Agora, serei um dos que mais apoiam e torcem, sempre\u201d, completou.<\/p>\n<p data-track-category=\"Link no Texto\" data-track-links=\"\" data-mrf-recirculation=\"Artigo - Link no Texto\">Fonte: Jogada10<\/p>\n<\/div>\n<\/div>\n<\/div>\n<\/div>\n<\/div>\n","protected":false},"excerpt":{"rendered":"<p>Chegou ao fim a hist\u00f3ria de Lionel Messi na sele\u00e7\u00e3o argentina. Afinal, o craque anunciou nesta segunda-feira (31) que decidiu se aposentar da Albiceleste. Em comunicado publicado nas redes sociais, o lend\u00e1rio camisa 10 revelou que tomou a decis\u00e3o no dia 21 de julho, dois dias ap\u00f3s a derrota para a Espanha na final da &hellip;<\/p>\n","protected":false},"author":2,"featured_media":96073,"comment_status":"open","ping_status":"open","sticky":false,"template":"","format":"standard","meta":{"content-type":"","rop_custom_images_group":[],"rop_custom_messages_group":[],"rop_publish_now":"no","rop_publish_now_accounts":{"facebook_2648258775420054_1618374048415101":""},"rop_publish_now_history":[{"account":"facebook_2648258775420054_1618374048415101","service":"facebook","timestamp":1788305144,"status":"success"}],"rop_publish_now_status":"done","footnotes":"","_jetpack_memberships_contains_paid_content":false},"categories":[113,108],"tags":[223,413,1110,836,1156,1160],"yoast_head":"<!-- This site is optimized with the Yoast SEO plugin v22.3 - https:\/\/yoast.com\/wordpress\/plugins\/seo\/ -->\n<title>Messi anuncia aposentadoria da sele\u00e7\u00e3o argentina - Portal NPM<\/title>\n<meta name=\"robots\" content=\"index, follow, max-snippet:-1, max-image-preview:large, max-video-preview:-1\" \/>\n<link rel=\"canonical\" href=\"https:\/\/portalnpm.com\/index.php\/2026\/09\/01\/messi-anuncia-aposentadoria-da-selecao-argentina\/\" \/>\n<meta property=\"og:locale\" content=\"pt_BR\" \/>\n<meta property=\"og:type\" content=\"article\" \/>\n<meta property=\"og:title\" content=\"Messi anuncia aposentadoria da sele\u00e7\u00e3o argentina - Portal NPM\" \/>\n<meta property=\"og:description\" content=\"Chegou ao fim a hist\u00f3ria de Lionel Messi na sele\u00e7\u00e3o argentina. Afinal, o craque anunciou nesta segunda-feira (31) que decidiu se aposentar da Albiceleste. Em comunicado publicado nas redes sociais, o lend\u00e1rio camisa 10 revelou que tomou a decis\u00e3o no dia 21 de julho, dois dias ap\u00f3s a derrota para a Espanha na final da &hellip;\" \/>\n<meta property=\"og:url\" content=\"https:\/\/portalnpm.com\/index.php\/2026\/09\/01\/messi-anuncia-aposentadoria-da-selecao-argentina\/\" \/>\n<meta property=\"og:site_name\" content=\"Portal NPM\" \/>\n<meta property=\"article:published_time\" content=\"2026-09-01T23:25:16+00:00\" \/>\n<meta property=\"og:image\" content=\"https:\/\/portalnpm.com\/wp-content\/uploads\/2026\/09\/H_Mp_Rp_KLXUA_Ay_W_Ab_Easy_Resize_com_653133f2a7.jpg\" \/>\n\t<meta property=\"og:image:width\" content=\"1280\" \/>\n\t<meta property=\"og:image:height\" content=\"883\" \/>\n\t<meta property=\"og:image:type\" content=\"image\/jpeg\" \/>\n<meta name=\"author\" content=\"Genival Barbosa\" \/>\n<meta name=\"twitter:card\" content=\"summary_large_image\" \/>\n<meta name=\"twitter:label1\" content=\"Escrito por\" \/>\n\t<meta name=\"twitter:data1\" content=\"Genival Barbosa\" \/>\n\t<meta name=\"twitter:label2\" content=\"Est. tempo de leitura\" \/>\n\t<meta name=\"twitter:data2\" content=\"3 minutos\" \/>\n<script type=\"application\/ld+json\" class=\"yoast-schema-graph\">{\"@context\":\"https:\/\/schema.org\",\"@graph\":[{\"@type\":\"WebPage\",\"@id\":\"https:\/\/portalnpm.com\/index.php\/2026\/09\/01\/messi-anuncia-aposentadoria-da-selecao-argentina\/\",\"url\":\"https:\/\/portalnpm.com\/index.php\/2026\/09\/01\/messi-anuncia-aposentadoria-da-selecao-argentina\/\",\"name\":\"Messi anuncia aposentadoria da sele\u00e7\u00e3o argentina - Portal NPM\",\"isPartOf\":{\"@id\":\"https:\/\/portalnpm.com\/#website\"},\"primaryImageOfPage\":{\"@id\":\"https:\/\/portalnpm.com\/index.php\/2026\/09\/01\/messi-anuncia-aposentadoria-da-selecao-argentina\/#primaryimage\"},\"image\":{\"@id\":\"https:\/\/portalnpm.com\/index.php\/2026\/09\/01\/messi-anuncia-aposentadoria-da-selecao-argentina\/#primaryimage\"},\"thumbnailUrl\":\"https:\/\/portalnpm.com\/wp-content\/uploads\/2026\/09\/H_Mp_Rp_KLXUA_Ay_W_Ab_Easy_Resize_com_653133f2a7.jpg\",\"datePublished\":\"2026-09-01T23:25:16+00:00\",\"dateModified\":\"2026-09-01T23:25:16+00:00\",\"author\":{\"@id\":\"https:\/\/portalnpm.com\/#\/schema\/person\/49313e563cfdefcc167f1ee4c017c294\"},\"breadcrumb\":{\"@id\":\"https:\/\/portalnpm.com\/index.php\/2026\/09\/01\/messi-anuncia-aposentadoria-da-selecao-argentina\/#breadcrumb\"},\"inLanguage\":\"pt-BR\",\"potentialAction\":[{\"@type\":\"ReadAction\",\"target\":[\"https:\/\/portalnpm.com\/index.php\/2026\/09\/01\/messi-anuncia-aposentadoria-da-selecao-argentina\/\"]}]},{\"@type\":\"ImageObject\",\"inLanguage\":\"pt-BR\",\"@id\":\"https:\/\/portalnpm.com\/index.php\/2026\/09\/01\/messi-anuncia-aposentadoria-da-selecao-argentina\/#primaryimage\",\"url\":\"https:\/\/portalnpm.com\/wp-content\/uploads\/2026\/09\/H_Mp_Rp_KLXUA_Ay_W_Ab_Easy_Resize_com_653133f2a7.jpg\",\"contentUrl\":\"https:\/\/portalnpm.com\/wp-content\/uploads\/2026\/09\/H_Mp_Rp_KLXUA_Ay_W_Ab_Easy_Resize_com_653133f2a7.jpg\",\"width\":1280,\"height\":883},{\"@type\":\"BreadcrumbList\",\"@id\":\"https:\/\/portalnpm.com\/index.php\/2026\/09\/01\/messi-anuncia-aposentadoria-da-selecao-argentina\/#breadcrumb\",\"itemListElement\":[{\"@type\":\"ListItem\",\"position\":1,\"name\":\"In\u00edcio\",\"item\":\"https:\/\/portalnpm.com\/\"},{\"@type\":\"ListItem\",\"position\":2,\"name\":\"Messi anuncia aposentadoria da sele\u00e7\u00e3o argentina\"}]},{\"@type\":\"WebSite\",\"@id\":\"https:\/\/portalnpm.com\/#website\",\"url\":\"https:\/\/portalnpm.com\/\",\"name\":\"Portal NPM\",\"description\":\"Not\u00edcias em Primeira M\u00e3o\",\"potentialAction\":[{\"@type\":\"SearchAction\",\"target\":{\"@type\":\"EntryPoint\",\"urlTemplate\":\"https:\/\/portalnpm.com\/?s={search_term_string}\"},\"query-input\":\"required name=search_term_string\"}],\"inLanguage\":\"pt-BR\"},{\"@type\":\"Person\",\"@id\":\"https:\/\/portalnpm.com\/#\/schema\/person\/49313e563cfdefcc167f1ee4c017c294\",\"name\":\"Genival Barbosa\",\"image\":{\"@type\":\"ImageObject\",\"inLanguage\":\"pt-BR\",\"@id\":\"https:\/\/portalnpm.com\/#\/schema\/person\/image\/\",\"url\":\"https:\/\/portalnpm.com\/wp-content\/uploads\/2024\/02\/avatar_user_2_1707743258-96x96.jpeg\",\"contentUrl\":\"https:\/\/portalnpm.com\/wp-content\/uploads\/2024\/02\/avatar_user_2_1707743258-96x96.jpeg\",\"caption\":\"Genival Barbosa\"},\"url\":\"https:\/\/portalnpm.com\/index.php\/author\/genival\/\"}]}<\/script>\n<!-- \/ Yoast SEO plugin. -->","yoast_head_json":{"title":"Messi anuncia aposentadoria da sele\u00e7\u00e3o argentina - Portal NPM","robots":{"index":"index","follow":"follow","max-snippet":"max-snippet:-1","max-image-preview":"max-image-preview:large","max-video-preview":"max-video-preview:-1"},"canonical":"https:\/\/portalnpm.com\/index.php\/2026\/09\/01\/messi-anuncia-aposentadoria-da-selecao-argentina\/","og_locale":"pt_BR","og_type":"article","og_title":"Messi anuncia aposentadoria da sele\u00e7\u00e3o argentina - Portal NPM","og_description":"Chegou ao fim a hist\u00f3ria de Lionel Messi na sele\u00e7\u00e3o argentina. Afinal, o craque anunciou nesta segunda-feira (31) que decidiu se aposentar da Albiceleste. Em comunicado publicado nas redes sociais, o lend\u00e1rio camisa 10 revelou que tomou a decis\u00e3o no dia 21 de julho, dois dias ap\u00f3s a derrota para a Espanha na final da &hellip;","og_url":"https:\/\/portalnpm.com\/index.php\/2026\/09\/01\/messi-anuncia-aposentadoria-da-selecao-argentina\/","og_site_name":"Portal NPM","article_published_time":"2026-09-01T23:25:16+00:00","og_image":[{"width":1280,"height":883,"url":"https:\/\/portalnpm.com\/wp-content\/uploads\/2026\/09\/H_Mp_Rp_KLXUA_Ay_W_Ab_Easy_Resize_com_653133f2a7.jpg","type":"image\/jpeg"}],"author":"Genival Barbosa","twitter_card":"summary_large_image","twitter_misc":{"Escrito por":"Genival Barbosa","Est. tempo de leitura":"3 minutos"},"schema":{"@context":"https:\/\/schema.org","@graph":[{"@type":"WebPage","@id":"https:\/\/portalnpm.com\/index.php\/2026\/09\/01\/messi-anuncia-aposentadoria-da-selecao-argentina\/","url":"https:\/\/portalnpm.com\/index.php\/2026\/09\/01\/messi-anuncia-aposentadoria-da-selecao-argentina\/","name":"Messi anuncia aposentadoria da sele\u00e7\u00e3o argentina - Portal NPM","isPartOf":{"@id":"https:\/\/portalnpm.com\/#website"},"primaryImageOfPage":{"@id":"https:\/\/portalnpm.com\/index.php\/2026\/09\/01\/messi-anuncia-aposentadoria-da-selecao-argentina\/#primaryimage"},"image":{"@id":"https:\/\/portalnpm.com\/index.php\/2026\/09\/01\/messi-anuncia-aposentadoria-da-selecao-argentina\/#primaryimage"},"thumbnailUrl":"https:\/\/portalnpm.com\/wp-content\/uploads\/2026\/09\/H_Mp_Rp_KLXUA_Ay_W_Ab_Easy_Resize_com_653133f2a7.jpg","datePublished":"2026-09-01T23:25:16+00:00","dateModified":"2026-09-01T23:25:16+00:00","author":{"@id":"https:\/\/portalnpm.com\/#\/schema\/person\/49313e563cfdefcc167f1ee4c017c294"},"breadcrumb":{"@id":"https:\/\/portalnpm.com\/index.php\/2026\/09\/01\/messi-anuncia-aposentadoria-da-selecao-argentina\/#breadcrumb"},"inLanguage":"pt-BR","potentialAction":[{"@type":"ReadAction","target":["https:\/\/portalnpm.com\/index.php\/2026\/09\/01\/messi-anuncia-aposentadoria-da-selecao-argentina\/"]}]},{"@type":"ImageObject","inLanguage":"pt-BR","@id":"https:\/\/portalnpm.com\/index.php\/2026\/09\/01\/messi-anuncia-aposentadoria-da-selecao-argentina\/#primaryimage","url":"https:\/\/portalnpm.com\/wp-content\/uploads\/2026\/09\/H_Mp_Rp_KLXUA_Ay_W_Ab_Easy_Resize_com_653133f2a7.jpg","contentUrl":"https:\/\/portalnpm.com\/wp-content\/uploads\/2026\/09\/H_Mp_Rp_KLXUA_Ay_W_Ab_Easy_Resize_com_653133f2a7.jpg","width":1280,"height":883},{"@type":"BreadcrumbList","@id":"https:\/\/portalnpm.com\/index.php\/2026\/09\/01\/messi-anuncia-aposentadoria-da-selecao-argentina\/#breadcrumb","itemListElement":[{"@type":"ListItem","position":1,"name":"In\u00edcio","item":"https:\/\/portalnpm.com\/"},{"@type":"ListItem","position":2,"name":"Messi anuncia aposentadoria da sele\u00e7\u00e3o argentina"}]},{"@type":"WebSite","@id":"https:\/\/portalnpm.com\/#website","url":"https:\/\/portalnpm.com\/","name":"Portal NPM","description":"Not\u00edcias em Primeira M\u00e3o","potentialAction":[{"@type":"SearchAction","target":{"@type":"EntryPoint","urlTemplate":"https:\/\/portalnpm.com\/?s={search_term_string}"},"query-input":"required name=search_term_string"}],"inLanguage":"pt-BR"},{"@type":"Person","@id":"https:\/\/portalnpm.com\/#\/schema\/person\/49313e563cfdefcc167f1ee4c017c294","name":"Genival Barbosa","image":{"@type":"ImageObject","inLanguage":"pt-BR","@id":"https:\/\/portalnpm.com\/#\/schema\/person\/image\/","url":"https:\/\/portalnpm.com\/wp-content\/uploads\/2024\/02\/avatar_user_2_1707743258-96x96.jpeg","contentUrl":"https:\/\/portalnpm.com\/wp-content\/uploads\/2024\/02\/avatar_user_2_1707743258-96x96.jpeg","caption":"Genival Barbosa"},"url":"https:\/\/portalnpm.com\/index.php\/author\/genival\/"}]}},"jetpack_sharing_enabled":true,"jetpack_featured_media_url":"https:\/\/portalnpm.com\/wp-content\/uploads\/2026\/09\/H_Mp_Rp_KLXUA_Ay_W_Ab_Easy_Resize_com_653133f2a7.jpg","_links":{"self":[{"href":"https:\/\/portalnpm.com\/index.php\/wp-json\/wp\/v2\/posts\/96072"}],"collection":[{"href":"https:\/\/portalnpm.com\/index.php\/wp-json\/wp\/v2\/posts"}],"about":[{"href":"https:\/\/portalnpm.com\/index.php\/wp-json\/wp\/v2\/types\/post"}],"author":[{"embeddable":true,"href":"https:\/\/portalnpm.com\/index.php\/wp-json\/wp\/v2\/users\/2"}],"replies":[{"embeddable":true,"href":"https:\/\/portalnpm.com\/index.php\/wp-json\/wp\/v2\/comments?post=96072"}],"version-history":[{"count":1,"href":"https:\/\/portalnpm.com\/index.php\/wp-json\/wp\/v2\/posts\/96072\/revisions"}],"predecessor-version":[{"id":96074,"href":"https:\/\/portalnpm.com\/index.php\/wp-json\/wp\/v2\/posts\/96072\/revisions\/96074"}],"wp:featuredmedia":[{"embeddable":true,"href":"https:\/\/portalnpm.com\/index.php\/wp-json\/wp\/v2\/media\/96073"}],"wp:attachment":[{"href":"https:\/\/portalnpm.com\/index.php\/wp-json\/wp\/v2\/media?parent=96072"}],"wp:term":[{"taxonomy":"category","embeddable":true,"href":"https:\/\/portalnpm.com\/index.php\/wp-json\/wp\/v2\/categories?post=96072"},{"taxonomy":"post_tag","embeddable":true,"href":"https:\/\/portalnpm.com\/index.php\/wp-json\/wp\/v2\/tags?post=96072"}],"curies":[{"name":"wp","href":"https:\/\/api.w.org\/{rel}","templated":true}]}}