{"id":96087,"date":"2026-09-02T19:58:10","date_gmt":"2026-09-02T22:58:10","guid":{"rendered":"https:\/\/portalnpm.com\/?p=96087"},"modified":"2026-09-02T19:58:10","modified_gmt":"2026-09-02T22:58:10","slug":"ator-e-diretor-gracindo-junior-morre-aos-83-anos","status":"publish","type":"post","link":"https:\/\/portalnpm.com\/index.php\/2026\/09\/02\/ator-e-diretor-gracindo-junior-morre-aos-83-anos\/","title":{"rendered":"Ator e diretor Gracindo J\u00fanior morre aos 83 anos"},"content":{"rendered":"<div id=\"post-body-news\" class=\"post-body\">\n<p>&nbsp;<\/p>\n<p style=\"text-align: right;\">\n<p>O ator e diretor Gracindo J\u00fanior morreu na noite desta ter\u00e7a-feira (1\u00b0) aos 83 anos em sua casa no Rio de Janeiro. A informa\u00e7\u00e3o foi confirmada pelo filho do artista, Pedro Gracindo. A causa da morte n\u00e3o foi divulgada.<\/p>\n<p>Gracindo J\u00fanior nasceu em 21 de maio de 1943 no Rio de Janeiro, filho do ator Paulo Gracindo (1911-1995), e teve uma trajet\u00f3ria de destaque no r\u00e1dio, teatro, televis\u00e3o e cinema. Sua carreira teve in\u00edcio aos 15 anos de idade, em 1959, quando come\u00e7ou a trabalhar na R\u00e1dio Nacional, onde seu pai j\u00e1 atuava como apresentador de programas de audit\u00f3rio e gal\u00e3 de radionovelas. Chegou a cursar Psicologia, mas optou por seguir no meio art\u00edstico.<\/p>\n<p>O ator integrou o primeiro elenco da TV Globo, quando a emissora foi fundada, em 1965. Participou de novelas como &#8220;Rosinha do Sobrado&#8221;, &#8220;A Rainha Louca&#8221;, &#8220;A Pr\u00f3xima Atra\u00e7\u00e3o&#8221;, &#8220;Rainha da Sucata&#8221; e &#8220;Explode Cora\u00e7\u00e3o&#8221;. Na emissora, tamb\u00e9m participou de produ\u00e7\u00f5es em que contracenou com seu pai, como &#8220;Os Ossos do Bar\u00e3o&#8221;, &#8220;O Bem Amado&#8221; e &#8220;O Casar\u00e3o&#8221;.<\/p>\n<p>Como diretor, esteve \u00e0 frente de novelas como &#8220;Mem\u00f3rias de Amor&#8221; e &#8220;Marron-Glac\u00e9&#8221;, al\u00e9m de trabalhar em programas como &#8220;Os Trapalh\u00f5es&#8221; e &#8220;Voc\u00ea Decide&#8221;. Gracindo tamb\u00e9m participou da cria\u00e7\u00e3o e apresenta\u00e7\u00e3o dos primeiros videoclipes de artistas brasileiros exibidos pelo &#8220;Fant\u00e1stico&#8221;.<\/p>\n<p><em>Foto: Reprodu\u00e7\u00e3o\/Instagram<\/em><\/p>\n<p><img decoding=\"async\" src=\"https:\/\/cidadeverde.com\/assets\/uploads\/colecoes\/2\/2026\/09\/gracindo_junior_a.jpg\" alt=\"gracindo_junior_a.jpg\" \/><\/p>\n<p>Al\u00e9m da TV Globo, teve passagens pela TV Manchete e TV Record. Nesta \u00faltima emissora, integrou grandes produ\u00e7\u00f5es contempor\u00e2neas e b\u00edblicas, como &#8220;Louca Paix\u00e3o&#8221;, &#8220;Cidad\u00e3o Brasileiro&#8221;, &#8220;Poder Paralelo&#8221;, &#8220;Ribeir\u00e3o do Tempo&#8221; e &#8220;Rei Davi&#8221;.<\/p>\n<p>Sua estreia no teatro ocorreu em 1961, na obra dram\u00e1tica &#8220;A Escada&#8221;, de Oswald de Andrade. Ao longo da carreira, dirigiu e produziu mais de 20 pe\u00e7as. Entre os espet\u00e1culos dirigidos por Gracindo J\u00fanior, est\u00e1 &#8220;Paulo Gracindo, Meu Pai&#8221;, que ele escreveu para homenagear os 50 anos de carreira de seu genitor.<\/p>\n<p>No cinema, o artista participou de produ\u00e7\u00f5es como &#8220;Os Trapalh\u00f5es na Serra Pelada&#8221;, &#8220;Floresta das Esmeraldas&#8221;, &#8220;Primo Bas\u00edlio&#8221; e &#8220;Seguran\u00e7a Nacional&#8221;.<\/p>\n<p>Gracindo J\u00fanior deixa a esposa, cinco filhos e sete netos. O funeral acontece nesta quinta-feira (3), no Cemit\u00e9rio e Cremat\u00f3rio da Penit\u00eancia, no bairro do Caju, no Rio de Janeiro. O vel\u00f3rio acontece \u00e0s 12h10 e a crema\u00e7\u00e3o, \u00e0s 14h10.<\/p>\n<p>&nbsp;<\/p>\n<p><iframe id=\"instagram-embed-0\" class=\"instagram-media instagram-media-rendered\" src=\"https:\/\/www.instagram.com\/p\/DMVQCQvgdP7\/embed\/?cr=1&amp;v=14&amp;wp=1417&amp;rd=https%3A%2F%2Fcidadeverde.com&amp;rp=%2Fentretenimento%2F462170%2Fator-e-diretor-gracindo-junior-morre-aos-83-anos#%7B%22ci%22%3A0%2C%22os%22%3A1182.2999999523163%2C%22ls%22%3A299.90000009536743%2C%22le%22%3A700.5%7D\" height=\"926\" frameborder=\"0\" scrolling=\"no\" allowfullscreen=\"allowfullscreen\" data-instgrm-payload-id=\"instagram-media-payload-0\" data-mce-fragment=\"1\"><\/iframe>&nbsp;<\/p>\n<p>&nbsp;<\/p>\n<p>Fonte: Cidade Verde<\/p>\n<\/div>\n<div class=\"clearfix\">\n<div class=\"p1\">\n<h5><\/h5>\n<\/div>\n<\/div>\n","protected":false},"excerpt":{"rendered":"<p>&nbsp; O ator e diretor Gracindo J\u00fanior morreu na noite desta ter\u00e7a-feira (1\u00b0) aos 83 anos em sua casa no Rio de Janeiro. A informa\u00e7\u00e3o foi confirmada pelo filho do artista, Pedro Gracindo. A causa da morte n\u00e3o foi divulgada. Gracindo J\u00fanior nasceu em 21 de maio de 1943 no Rio de Janeiro, filho do &hellip;<\/p>\n","protected":false},"author":2,"featured_media":96088,"comment_status":"open","ping_status":"open","sticky":false,"template":"","format":"standard","meta":{"content-type":"","rop_custom_images_group":[],"rop_custom_messages_group":[],"rop_publish_now":"no","rop_publish_now_accounts":{"facebook_2648258775420054_1618374048415101":""},"rop_publish_now_history":[{"account":"facebook_2648258775420054_1618374048415101","service":"facebook","timestamp":1788389915,"status":"success"}],"rop_publish_now_status":"done","footnotes":"","_jetpack_memberships_contains_paid_content":false},"categories":[147],"tags":[5885,221,953,2050,2756,17125,6237,132],"yoast_head":"<!-- This site is optimized with the Yoast SEO plugin v22.3 - https:\/\/yoast.com\/wordpress\/plugins\/seo\/ -->\n<title>Ator e diretor Gracindo J\u00fanior morre aos 83 anos - Portal NPM<\/title>\n<meta name=\"robots\" content=\"index, follow, max-snippet:-1, max-image-preview:large, max-video-preview:-1\" \/>\n<link rel=\"canonical\" href=\"https:\/\/portalnpm.com\/index.php\/2026\/09\/02\/ator-e-diretor-gracindo-junior-morre-aos-83-anos\/\" \/>\n<meta property=\"og:locale\" content=\"pt_BR\" \/>\n<meta property=\"og:type\" content=\"article\" \/>\n<meta property=\"og:title\" content=\"Ator e diretor Gracindo J\u00fanior morre aos 83 anos - Portal NPM\" \/>\n<meta property=\"og:description\" content=\"&nbsp; O ator e diretor Gracindo J\u00fanior morreu na noite desta ter\u00e7a-feira (1\u00b0) aos 83 anos em sua casa no Rio de Janeiro. A informa\u00e7\u00e3o foi confirmada pelo filho do artista, Pedro Gracindo. A causa da morte n\u00e3o foi divulgada. Gracindo J\u00fanior nasceu em 21 de maio de 1943 no Rio de Janeiro, filho do &hellip;\" \/>\n<meta property=\"og:url\" content=\"https:\/\/portalnpm.com\/index.php\/2026\/09\/02\/ator-e-diretor-gracindo-junior-morre-aos-83-anos\/\" \/>\n<meta property=\"og:site_name\" content=\"Portal NPM\" \/>\n<meta property=\"article:published_time\" content=\"2026-09-02T22:58:10+00:00\" \/>\n<meta property=\"og:image\" content=\"https:\/\/portalnpm.com\/wp-content\/uploads\/2026\/09\/gracindo_junior.jpg\" \/>\n\t<meta property=\"og:image:width\" content=\"790\" \/>\n\t<meta property=\"og:image:height\" content=\"550\" \/>\n\t<meta property=\"og:image:type\" content=\"image\/jpeg\" \/>\n<meta name=\"author\" content=\"Genival Barbosa\" \/>\n<meta name=\"twitter:card\" content=\"summary_large_image\" \/>\n<meta name=\"twitter:label1\" content=\"Escrito por\" \/>\n\t<meta name=\"twitter:data1\" content=\"Genival Barbosa\" \/>\n\t<meta name=\"twitter:label2\" content=\"Est. tempo de leitura\" \/>\n\t<meta name=\"twitter:data2\" content=\"3 minutos\" \/>\n<script type=\"application\/ld+json\" class=\"yoast-schema-graph\">{\"@context\":\"https:\/\/schema.org\",\"@graph\":[{\"@type\":\"WebPage\",\"@id\":\"https:\/\/portalnpm.com\/index.php\/2026\/09\/02\/ator-e-diretor-gracindo-junior-morre-aos-83-anos\/\",\"url\":\"https:\/\/portalnpm.com\/index.php\/2026\/09\/02\/ator-e-diretor-gracindo-junior-morre-aos-83-anos\/\",\"name\":\"Ator e diretor Gracindo J\u00fanior morre aos 83 anos - Portal NPM\",\"isPartOf\":{\"@id\":\"https:\/\/portalnpm.com\/#website\"},\"primaryImageOfPage\":{\"@id\":\"https:\/\/portalnpm.com\/index.php\/2026\/09\/02\/ator-e-diretor-gracindo-junior-morre-aos-83-anos\/#primaryimage\"},\"image\":{\"@id\":\"https:\/\/portalnpm.com\/index.php\/2026\/09\/02\/ator-e-diretor-gracindo-junior-morre-aos-83-anos\/#primaryimage\"},\"thumbnailUrl\":\"https:\/\/portalnpm.com\/wp-content\/uploads\/2026\/09\/gracindo_junior.jpg\",\"datePublished\":\"2026-09-02T22:58:10+00:00\",\"dateModified\":\"2026-09-02T22:58:10+00:00\",\"author\":{\"@id\":\"https:\/\/portalnpm.com\/#\/schema\/person\/49313e563cfdefcc167f1ee4c017c294\"},\"breadcrumb\":{\"@id\":\"https:\/\/portalnpm.com\/index.php\/2026\/09\/02\/ator-e-diretor-gracindo-junior-morre-aos-83-anos\/#breadcrumb\"},\"inLanguage\":\"pt-BR\",\"potentialAction\":[{\"@type\":\"ReadAction\",\"target\":[\"https:\/\/portalnpm.com\/index.php\/2026\/09\/02\/ator-e-diretor-gracindo-junior-morre-aos-83-anos\/\"]}]},{\"@type\":\"ImageObject\",\"inLanguage\":\"pt-BR\",\"@id\":\"https:\/\/portalnpm.com\/index.php\/2026\/09\/02\/ator-e-diretor-gracindo-junior-morre-aos-83-anos\/#primaryimage\",\"url\":\"https:\/\/portalnpm.com\/wp-content\/uploads\/2026\/09\/gracindo_junior.jpg\",\"contentUrl\":\"https:\/\/portalnpm.com\/wp-content\/uploads\/2026\/09\/gracindo_junior.jpg\",\"width\":790,\"height\":550},{\"@type\":\"BreadcrumbList\",\"@id\":\"https:\/\/portalnpm.com\/index.php\/2026\/09\/02\/ator-e-diretor-gracindo-junior-morre-aos-83-anos\/#breadcrumb\",\"itemListElement\":[{\"@type\":\"ListItem\",\"position\":1,\"name\":\"In\u00edcio\",\"item\":\"https:\/\/portalnpm.com\/\"},{\"@type\":\"ListItem\",\"position\":2,\"name\":\"Ator e diretor Gracindo J\u00fanior morre aos 83 anos\"}]},{\"@type\":\"WebSite\",\"@id\":\"https:\/\/portalnpm.com\/#website\",\"url\":\"https:\/\/portalnpm.com\/\",\"name\":\"Portal NPM\",\"description\":\"Not\u00edcias em Primeira M\u00e3o\",\"potentialAction\":[{\"@type\":\"SearchAction\",\"target\":{\"@type\":\"EntryPoint\",\"urlTemplate\":\"https:\/\/portalnpm.com\/?s={search_term_string}\"},\"query-input\":\"required name=search_term_string\"}],\"inLanguage\":\"pt-BR\"},{\"@type\":\"Person\",\"@id\":\"https:\/\/portalnpm.com\/#\/schema\/person\/49313e563cfdefcc167f1ee4c017c294\",\"name\":\"Genival Barbosa\",\"image\":{\"@type\":\"ImageObject\",\"inLanguage\":\"pt-BR\",\"@id\":\"https:\/\/portalnpm.com\/#\/schema\/person\/image\/\",\"url\":\"https:\/\/portalnpm.com\/wp-content\/uploads\/2024\/02\/avatar_user_2_1707743258-96x96.jpeg\",\"contentUrl\":\"https:\/\/portalnpm.com\/wp-content\/uploads\/2024\/02\/avatar_user_2_1707743258-96x96.jpeg\",\"caption\":\"Genival Barbosa\"},\"url\":\"https:\/\/portalnpm.com\/index.php\/author\/genival\/\"}]}<\/script>\n<!-- \/ Yoast SEO plugin. -->","yoast_head_json":{"title":"Ator e diretor Gracindo J\u00fanior morre aos 83 anos - Portal NPM","robots":{"index":"index","follow":"follow","max-snippet":"max-snippet:-1","max-image-preview":"max-image-preview:large","max-video-preview":"max-video-preview:-1"},"canonical":"https:\/\/portalnpm.com\/index.php\/2026\/09\/02\/ator-e-diretor-gracindo-junior-morre-aos-83-anos\/","og_locale":"pt_BR","og_type":"article","og_title":"Ator e diretor Gracindo J\u00fanior morre aos 83 anos - Portal NPM","og_description":"&nbsp; O ator e diretor Gracindo J\u00fanior morreu na noite desta ter\u00e7a-feira (1\u00b0) aos 83 anos em sua casa no Rio de Janeiro. A informa\u00e7\u00e3o foi confirmada pelo filho do artista, Pedro Gracindo. A causa da morte n\u00e3o foi divulgada. Gracindo J\u00fanior nasceu em 21 de maio de 1943 no Rio de Janeiro, filho do &hellip;","og_url":"https:\/\/portalnpm.com\/index.php\/2026\/09\/02\/ator-e-diretor-gracindo-junior-morre-aos-83-anos\/","og_site_name":"Portal NPM","article_published_time":"2026-09-02T22:58:10+00:00","og_image":[{"width":790,"height":550,"url":"https:\/\/portalnpm.com\/wp-content\/uploads\/2026\/09\/gracindo_junior.jpg","type":"image\/jpeg"}],"author":"Genival Barbosa","twitter_card":"summary_large_image","twitter_misc":{"Escrito por":"Genival Barbosa","Est. tempo de leitura":"3 minutos"},"schema":{"@context":"https:\/\/schema.org","@graph":[{"@type":"WebPage","@id":"https:\/\/portalnpm.com\/index.php\/2026\/09\/02\/ator-e-diretor-gracindo-junior-morre-aos-83-anos\/","url":"https:\/\/portalnpm.com\/index.php\/2026\/09\/02\/ator-e-diretor-gracindo-junior-morre-aos-83-anos\/","name":"Ator e diretor Gracindo J\u00fanior morre aos 83 anos - Portal NPM","isPartOf":{"@id":"https:\/\/portalnpm.com\/#website"},"primaryImageOfPage":{"@id":"https:\/\/portalnpm.com\/index.php\/2026\/09\/02\/ator-e-diretor-gracindo-junior-morre-aos-83-anos\/#primaryimage"},"image":{"@id":"https:\/\/portalnpm.com\/index.php\/2026\/09\/02\/ator-e-diretor-gracindo-junior-morre-aos-83-anos\/#primaryimage"},"thumbnailUrl":"https:\/\/portalnpm.com\/wp-content\/uploads\/2026\/09\/gracindo_junior.jpg","datePublished":"2026-09-02T22:58:10+00:00","dateModified":"2026-09-02T22:58:10+00:00","author":{"@id":"https:\/\/portalnpm.com\/#\/schema\/person\/49313e563cfdefcc167f1ee4c017c294"},"breadcrumb":{"@id":"https:\/\/portalnpm.com\/index.php\/2026\/09\/02\/ator-e-diretor-gracindo-junior-morre-aos-83-anos\/#breadcrumb"},"inLanguage":"pt-BR","potentialAction":[{"@type":"ReadAction","target":["https:\/\/portalnpm.com\/index.php\/2026\/09\/02\/ator-e-diretor-gracindo-junior-morre-aos-83-anos\/"]}]},{"@type":"ImageObject","inLanguage":"pt-BR","@id":"https:\/\/portalnpm.com\/index.php\/2026\/09\/02\/ator-e-diretor-gracindo-junior-morre-aos-83-anos\/#primaryimage","url":"https:\/\/portalnpm.com\/wp-content\/uploads\/2026\/09\/gracindo_junior.jpg","contentUrl":"https:\/\/portalnpm.com\/wp-content\/uploads\/2026\/09\/gracindo_junior.jpg","width":790,"height":550},{"@type":"BreadcrumbList","@id":"https:\/\/portalnpm.com\/index.php\/2026\/09\/02\/ator-e-diretor-gracindo-junior-morre-aos-83-anos\/#breadcrumb","itemListElement":[{"@type":"ListItem","position":1,"name":"In\u00edcio","item":"https:\/\/portalnpm.com\/"},{"@type":"ListItem","position":2,"name":"Ator e diretor Gracindo J\u00fanior morre aos 83 anos"}]},{"@type":"WebSite","@id":"https:\/\/portalnpm.com\/#website","url":"https:\/\/portalnpm.com\/","name":"Portal NPM","description":"Not\u00edcias em Primeira M\u00e3o","potentialAction":[{"@type":"SearchAction","target":{"@type":"EntryPoint","urlTemplate":"https:\/\/portalnpm.com\/?s={search_term_string}"},"query-input":"required name=search_term_string"}],"inLanguage":"pt-BR"},{"@type":"Person","@id":"https:\/\/portalnpm.com\/#\/schema\/person\/49313e563cfdefcc167f1ee4c017c294","name":"Genival Barbosa","image":{"@type":"ImageObject","inLanguage":"pt-BR","@id":"https:\/\/portalnpm.com\/#\/schema\/person\/image\/","url":"https:\/\/portalnpm.com\/wp-content\/uploads\/2024\/02\/avatar_user_2_1707743258-96x96.jpeg","contentUrl":"https:\/\/portalnpm.com\/wp-content\/uploads\/2024\/02\/avatar_user_2_1707743258-96x96.jpeg","caption":"Genival Barbosa"},"url":"https:\/\/portalnpm.com\/index.php\/author\/genival\/"}]}},"jetpack_sharing_enabled":true,"jetpack_featured_media_url":"https:\/\/portalnpm.com\/wp-content\/uploads\/2026\/09\/gracindo_junior.jpg","_links":{"self":[{"href":"https:\/\/portalnpm.com\/index.php\/wp-json\/wp\/v2\/posts\/96087"}],"collection":[{"href":"https:\/\/portalnpm.com\/index.php\/wp-json\/wp\/v2\/posts"}],"about":[{"href":"https:\/\/portalnpm.com\/index.php\/wp-json\/wp\/v2\/types\/post"}],"author":[{"embeddable":true,"href":"https:\/\/portalnpm.com\/index.php\/wp-json\/wp\/v2\/users\/2"}],"replies":[{"embeddable":true,"href":"https:\/\/portalnpm.com\/index.php\/wp-json\/wp\/v2\/comments?post=96087"}],"version-history":[{"count":1,"href":"https:\/\/portalnpm.com\/index.php\/wp-json\/wp\/v2\/posts\/96087\/revisions"}],"predecessor-version":[{"id":96089,"href":"https:\/\/portalnpm.com\/index.php\/wp-json\/wp\/v2\/posts\/96087\/revisions\/96089"}],"wp:featuredmedia":[{"embeddable":true,"href":"https:\/\/portalnpm.com\/index.php\/wp-json\/wp\/v2\/media\/96088"}],"wp:attachment":[{"href":"https:\/\/portalnpm.com\/index.php\/wp-json\/wp\/v2\/media?parent=96087"}],"wp:term":[{"taxonomy":"category","embeddable":true,"href":"https:\/\/portalnpm.com\/index.php\/wp-json\/wp\/v2\/categories?post=96087"},{"taxonomy":"post_tag","embeddable":true,"href":"https:\/\/portalnpm.com\/index.php\/wp-json\/wp\/v2\/tags?post=96087"}],"curies":[{"name":"wp","href":"https:\/\/api.w.org\/{rel}","templated":true}]}}