{"id":96095,"date":"2026-09-03T05:51:54","date_gmt":"2026-09-03T08:51:54","guid":{"rendered":"https:\/\/portalnpm.com\/?p=96095"},"modified":"2026-09-03T05:51:54","modified_gmt":"2026-09-03T08:51:54","slug":"fora-de-casa-vasco-bate-vitoria-e-esta-na-semifinal-da-copa-do-brasil","status":"publish","type":"post","link":"https:\/\/portalnpm.com\/index.php\/2026\/09\/03\/fora-de-casa-vasco-bate-vitoria-e-esta-na-semifinal-da-copa-do-brasil\/","title":{"rendered":"Fora de casa, Vasco bate Vit\u00f3ria e est\u00e1 na semifinal da Copa do Brasil"},"content":{"rendered":"<div class=\"_ZAwm5\"><\/div>\n<div class=\"_E3y4U\">\n<p class=\"_MyF-P\">\n<\/div>\n<div class=\"_EguHV\">\n<div class=\"_0jaWF\">\n<div class=\"undefined\">\n<p>Pelo terceiro ano consecutivo, o Vasco est\u00e1 entre os semifinalistas da Copa do Brasil. Ap\u00f3s vencer por 1 a 0 na ida, em S\u00e3o Janu\u00e1rio, o Gigante da Colina repetiu a dose, desta vez no Barrad\u00e3o, venceu por 2 a 0 e garantiu sua passagem para a pr\u00f3xima fase do mata-mata nacional. Andr\u00e9s G\u00f3mez e Puma Rodr\u00edguez, j\u00e1 na reta final do segundo tempo, marcaram os gols do triunfo vasca\u00edno.<\/p>\n<p>Desse modo, o Vasco ter\u00e1 o Palmeiras pela frente na semifinal da Copa do Brasil. No entanto, os times ainda ter\u00e3o que esperar um tanto para decidir a vaga na final. Os confrontos est\u00e3o marcados para acontecer apenas em novembro, com o jogo de ida para 1\u00ba de novembro, e a volta para o dia 8.<\/p>\n<h2>Tens\u00e3o e ansiedade<\/h2>\n<p>O primeiro tempo de partida n\u00e3o poderia ser diferente no Barrad\u00e3o. Com a vantagem conquistada pela vit\u00f3ria no jogo de ida, o Vasco teve a clara estrat\u00e9gia de entregar a bola para o Vit\u00f3ria e apostar nos contra-ataques. Foi dessa forma que Spinelli, de cabe\u00e7a, teve a chance de dobrar a vantagem, de cabe\u00e7a, mas carimbou a trave de Lucas Arcanjo.<\/p>\n<p>Do outro lado, o Vit\u00f3ria tamb\u00e9m adotou a bola a\u00e9rea como principal arma e levou perigo ao gol de L\u00e9o Jardim. Apesar de toda bola a\u00e9rea ser um momento de tens\u00e3o para a defesa vasca\u00edna, o ataque rubro-negro n\u00e3o soube aproveitar para balan\u00e7ar as redes.<\/p>\n<h2>Por cent\u00edmetros\u2026<\/h2>\n<p>Na etapa final, o Vit\u00f3ria n\u00e3o teve alternativa e chegou a desentalar o grito de gol da gargante dos pouco mais 28 mil torcedores no Barrad\u00e3o. Contudo, a alegria durou pouco. Em lance de bola a\u00e9rea, Luan C\u00e2ndido testou no canto de L\u00e9o Jardim e abriu o placar para o Vit\u00f3ria. Entretanto, a jogada foi anulada ap\u00f3s a checagem do impedimento semiautom\u00e1tico.<\/p>\n<h2>Filme repetido<\/h2>\n<p>E assim como foi no jogo de ida, em S\u00e3o Janu\u00e1rio, o Vasco contou com o brilho individual de Andr\u00e9s G\u00f3mez para matar o jogo e selar a classifica\u00e7\u00e3o para a semifinal da Copa do Brasil. Aos 36, o atacante colombiano fez uma jogada id\u00eantica ao gol marcado na ida, pegando a bola no meio de campo, carregando, superando a marca\u00e7\u00e3o e batendo no canto de Arcanjo, que novamente falhou.<\/p>\n<p>Nos minutos finais, o Vit\u00f3ria at\u00e9 que tentou ensaiar uma rea\u00e7\u00e3o para tentar voltar para o jogo e colocar fogo na partida. Contudo, o Cruz-maltino soube controlar as a\u00e7\u00f5es para garantir a classifica\u00e7\u00e3o para sua terceira semfiinal de Copa do Brasil consecutiva. No \u00faltimo minuto, ainda houve tempo para Puma Rodr\u00edguez acertar um lindo chute e carimbar de vez a passagem vasca\u00edna para a pr\u00f3xima fase.<\/p>\n<h2>Pr\u00f3ximos compromissos<\/h2>\n<p>Assim, Vit\u00f3ria e Vasco agora viram a chave para o Brasileir\u00e3o. Neste s\u00e1bado, o Cruz-maltino ter\u00e1 mais um cl\u00e1ssico diante do Fluminense, \u00e0s 21h (de Bras\u00edlia), no Maracan\u00e3. J\u00e1 o rubro-negro baiano, por sua vez, recebe o Gr\u00eamio, no Barrad\u00e3o, na segunda-feira (7), \u00e0s 20h (de Bras\u00edlia).<\/p>\n<h2><strong>VIT\u00d3RIA 0x2 VASCO<\/strong><\/h2>\n<p><strong>Copa do Brasil \u2013 Quartas de final<\/strong><br \/>\n<strong>Local:<\/strong>\u00a0Barrad\u00e3o, Salvador, Bahia<br \/>\n<strong>Data e hora:<\/strong>\u00a002\/09\/2026, \u00e0s 21h30 (de Bras\u00edlia)<br \/>\n<strong>P\u00fablico:\u00a0<\/strong>28.499 pessoas<br \/>\n<strong>Gol:\u00a0<\/strong>Andr\u00e9s G\u00f3mez, 36\u2019\/2\u00baT (0-1), Puma Rodr\u00edguez, 52\u2019\/2\u00baT (0-2)<br \/>\n<strong>VIT\u00d3RIA<\/strong>: Lucas Arcanjo; Mateus Silva, Cac\u00e1 (Marinho, 28\u2019\/2\u00baT), Luan C\u00e2ndido e Ramon (Edenilson, 37\u2019\/2\u00baT); Z\u00e9 Vitor, Walace (Osvaldo, 37\u2019\/2\u00baT) e Matheuzinho (Fabiano, 16\u2019\/2\u00baT); Tarzia (Ren\u00ea, 16\u2019\/2\u00baT), Erick e Renato Kayzer.\u00a0<strong>T\u00e9cnico:\u00a0<\/strong>Jair Ventura.<br \/>\n<strong>VASCO:<\/strong>\u00a0L\u00e9o Jardim; Puma Rodr\u00edguez, Cuesta, Robert Renan e Lucas Piton (Lucas Freitas, 40\u2019\/2\u00baT); Sosa, Thiago Mendes e Ramon Rique (Tch\u00ea Tch\u00ea, 27\u2019\/2\u00baT); Andr\u00e9s G\u00f3mez (Hinestroza, 40\u2019\/2\u00baT), Adson (Colidio, 22\u2019\/2\u00baT) e Spinelli (David, 27\u2019\/2\u00baT).\u00a0<strong>T\u00e9cnico:<\/strong>\u00a0Pedro Emanuel.<br \/>\n<strong>\u00c1rbitro:<\/strong>\u00a0Rafael Rodrigo Klein (RS)<br \/>\n<strong>Auxiliares:\u00a0<\/strong>Bruno Boschilia (PR) e Nailton Junior de Sousa Oliveira (CE)<br \/>\n<strong>VAR:\u00a0<\/strong>Daiane Muniz (SP)<br \/>\n<strong>Cart\u00f5es Amarelos<\/strong>: Cac\u00e1, Luan C\u00e2ndido (VIT); Puma Rodr\u00edguez (VAS)<\/p>\n<p>SBT News<\/p>\n<\/div>\n<\/div>\n<\/div>\n","protected":false},"excerpt":{"rendered":"<p>Pelo terceiro ano consecutivo, o Vasco est\u00e1 entre os semifinalistas da Copa do Brasil. Ap\u00f3s vencer por 1 a 0 na ida, em S\u00e3o Janu\u00e1rio, o Gigante da Colina repetiu a dose, desta vez no Barrad\u00e3o, venceu por 2 a 0 e garantiu sua passagem para a pr\u00f3xima fase do mata-mata nacional. Andr\u00e9s G\u00f3mez e &hellip;<\/p>\n","protected":false},"author":2,"featured_media":96096,"comment_status":"open","ping_status":"open","sticky":false,"template":"","format":"standard","meta":{"content-type":"","rop_custom_images_group":[],"rop_custom_messages_group":[],"rop_publish_now":"no","rop_publish_now_accounts":{"facebook_2648258775420054_1618374048415101":""},"rop_publish_now_history":[{"account":"facebook_2648258775420054_1618374048415101","service":"facebook","timestamp":1788425534,"status":"success"}],"rop_publish_now_status":"done","footnotes":"","_jetpack_memberships_contains_paid_content":false},"categories":[108],"tags":[4697,674,578,837,836,230,4032,2719,911,4915,163,7239],"yoast_head":"<!-- This site is optimized with the Yoast SEO plugin v22.3 - https:\/\/yoast.com\/wordpress\/plugins\/seo\/ -->\n<title>Fora de casa, Vasco bate Vit\u00f3ria e est\u00e1 na semifinal da Copa do Brasil - Portal NPM<\/title>\n<meta name=\"robots\" content=\"index, follow, max-snippet:-1, max-image-preview:large, max-video-preview:-1\" \/>\n<link rel=\"canonical\" href=\"https:\/\/portalnpm.com\/index.php\/2026\/09\/03\/fora-de-casa-vasco-bate-vitoria-e-esta-na-semifinal-da-copa-do-brasil\/\" \/>\n<meta property=\"og:locale\" content=\"pt_BR\" \/>\n<meta property=\"og:type\" content=\"article\" \/>\n<meta property=\"og:title\" content=\"Fora de casa, Vasco bate Vit\u00f3ria e est\u00e1 na semifinal da Copa do Brasil - Portal NPM\" \/>\n<meta property=\"og:description\" content=\"Pelo terceiro ano consecutivo, o Vasco est\u00e1 entre os semifinalistas da Copa do Brasil. Ap\u00f3s vencer por 1 a 0 na ida, em S\u00e3o Janu\u00e1rio, o Gigante da Colina repetiu a dose, desta vez no Barrad\u00e3o, venceu por 2 a 0 e garantiu sua passagem para a pr\u00f3xima fase do mata-mata nacional. Andr\u00e9s G\u00f3mez e &hellip;\" \/>\n<meta property=\"og:url\" content=\"https:\/\/portalnpm.com\/index.php\/2026\/09\/03\/fora-de-casa-vasco-bate-vitoria-e-esta-na-semifinal-da-copa-do-brasil\/\" \/>\n<meta property=\"og:site_name\" content=\"Portal NPM\" \/>\n<meta property=\"article:published_time\" content=\"2026-09-03T08:51:54+00:00\" \/>\n<meta property=\"og:image\" content=\"https:\/\/portalnpm.com\/wp-content\/uploads\/2026\/09\/vitoria_x_vasco_barradao-1920x1280-1.jpeg\" \/>\n\t<meta property=\"og:image:width\" content=\"950\" \/>\n\t<meta property=\"og:image:height\" content=\"633\" \/>\n\t<meta property=\"og:image:type\" content=\"image\/jpeg\" \/>\n<meta name=\"author\" content=\"Genival Barbosa\" \/>\n<meta name=\"twitter:card\" content=\"summary_large_image\" \/>\n<meta name=\"twitter:label1\" content=\"Escrito por\" \/>\n\t<meta name=\"twitter:data1\" content=\"Genival Barbosa\" \/>\n\t<meta name=\"twitter:label2\" content=\"Est. tempo de leitura\" \/>\n\t<meta name=\"twitter:data2\" content=\"4 minutos\" \/>\n<script type=\"application\/ld+json\" class=\"yoast-schema-graph\">{\"@context\":\"https:\/\/schema.org\",\"@graph\":[{\"@type\":\"WebPage\",\"@id\":\"https:\/\/portalnpm.com\/index.php\/2026\/09\/03\/fora-de-casa-vasco-bate-vitoria-e-esta-na-semifinal-da-copa-do-brasil\/\",\"url\":\"https:\/\/portalnpm.com\/index.php\/2026\/09\/03\/fora-de-casa-vasco-bate-vitoria-e-esta-na-semifinal-da-copa-do-brasil\/\",\"name\":\"Fora de casa, Vasco bate Vit\u00f3ria e est\u00e1 na semifinal da Copa do Brasil - Portal NPM\",\"isPartOf\":{\"@id\":\"https:\/\/portalnpm.com\/#website\"},\"primaryImageOfPage\":{\"@id\":\"https:\/\/portalnpm.com\/index.php\/2026\/09\/03\/fora-de-casa-vasco-bate-vitoria-e-esta-na-semifinal-da-copa-do-brasil\/#primaryimage\"},\"image\":{\"@id\":\"https:\/\/portalnpm.com\/index.php\/2026\/09\/03\/fora-de-casa-vasco-bate-vitoria-e-esta-na-semifinal-da-copa-do-brasil\/#primaryimage\"},\"thumbnailUrl\":\"https:\/\/portalnpm.com\/wp-content\/uploads\/2026\/09\/vitoria_x_vasco_barradao-1920x1280-1.jpeg\",\"datePublished\":\"2026-09-03T08:51:54+00:00\",\"dateModified\":\"2026-09-03T08:51:54+00:00\",\"author\":{\"@id\":\"https:\/\/portalnpm.com\/#\/schema\/person\/49313e563cfdefcc167f1ee4c017c294\"},\"breadcrumb\":{\"@id\":\"https:\/\/portalnpm.com\/index.php\/2026\/09\/03\/fora-de-casa-vasco-bate-vitoria-e-esta-na-semifinal-da-copa-do-brasil\/#breadcrumb\"},\"inLanguage\":\"pt-BR\",\"potentialAction\":[{\"@type\":\"ReadAction\",\"target\":[\"https:\/\/portalnpm.com\/index.php\/2026\/09\/03\/fora-de-casa-vasco-bate-vitoria-e-esta-na-semifinal-da-copa-do-brasil\/\"]}]},{\"@type\":\"ImageObject\",\"inLanguage\":\"pt-BR\",\"@id\":\"https:\/\/portalnpm.com\/index.php\/2026\/09\/03\/fora-de-casa-vasco-bate-vitoria-e-esta-na-semifinal-da-copa-do-brasil\/#primaryimage\",\"url\":\"https:\/\/portalnpm.com\/wp-content\/uploads\/2026\/09\/vitoria_x_vasco_barradao-1920x1280-1.jpeg\",\"contentUrl\":\"https:\/\/portalnpm.com\/wp-content\/uploads\/2026\/09\/vitoria_x_vasco_barradao-1920x1280-1.jpeg\",\"width\":950,\"height\":633},{\"@type\":\"BreadcrumbList\",\"@id\":\"https:\/\/portalnpm.com\/index.php\/2026\/09\/03\/fora-de-casa-vasco-bate-vitoria-e-esta-na-semifinal-da-copa-do-brasil\/#breadcrumb\",\"itemListElement\":[{\"@type\":\"ListItem\",\"position\":1,\"name\":\"In\u00edcio\",\"item\":\"https:\/\/portalnpm.com\/\"},{\"@type\":\"ListItem\",\"position\":2,\"name\":\"Fora de casa, Vasco bate Vit\u00f3ria e est\u00e1 na semifinal da Copa do Brasil\"}]},{\"@type\":\"WebSite\",\"@id\":\"https:\/\/portalnpm.com\/#website\",\"url\":\"https:\/\/portalnpm.com\/\",\"name\":\"Portal NPM\",\"description\":\"Not\u00edcias em Primeira M\u00e3o\",\"potentialAction\":[{\"@type\":\"SearchAction\",\"target\":{\"@type\":\"EntryPoint\",\"urlTemplate\":\"https:\/\/portalnpm.com\/?s={search_term_string}\"},\"query-input\":\"required name=search_term_string\"}],\"inLanguage\":\"pt-BR\"},{\"@type\":\"Person\",\"@id\":\"https:\/\/portalnpm.com\/#\/schema\/person\/49313e563cfdefcc167f1ee4c017c294\",\"name\":\"Genival Barbosa\",\"image\":{\"@type\":\"ImageObject\",\"inLanguage\":\"pt-BR\",\"@id\":\"https:\/\/portalnpm.com\/#\/schema\/person\/image\/\",\"url\":\"https:\/\/portalnpm.com\/wp-content\/uploads\/2024\/02\/avatar_user_2_1707743258-96x96.jpeg\",\"contentUrl\":\"https:\/\/portalnpm.com\/wp-content\/uploads\/2024\/02\/avatar_user_2_1707743258-96x96.jpeg\",\"caption\":\"Genival Barbosa\"},\"url\":\"https:\/\/portalnpm.com\/index.php\/author\/genival\/\"}]}<\/script>\n<!-- \/ Yoast SEO plugin. -->","yoast_head_json":{"title":"Fora de casa, Vasco bate Vit\u00f3ria e est\u00e1 na semifinal da Copa do Brasil - Portal NPM","robots":{"index":"index","follow":"follow","max-snippet":"max-snippet:-1","max-image-preview":"max-image-preview:large","max-video-preview":"max-video-preview:-1"},"canonical":"https:\/\/portalnpm.com\/index.php\/2026\/09\/03\/fora-de-casa-vasco-bate-vitoria-e-esta-na-semifinal-da-copa-do-brasil\/","og_locale":"pt_BR","og_type":"article","og_title":"Fora de casa, Vasco bate Vit\u00f3ria e est\u00e1 na semifinal da Copa do Brasil - Portal NPM","og_description":"Pelo terceiro ano consecutivo, o Vasco est\u00e1 entre os semifinalistas da Copa do Brasil. Ap\u00f3s vencer por 1 a 0 na ida, em S\u00e3o Janu\u00e1rio, o Gigante da Colina repetiu a dose, desta vez no Barrad\u00e3o, venceu por 2 a 0 e garantiu sua passagem para a pr\u00f3xima fase do mata-mata nacional. Andr\u00e9s G\u00f3mez e &hellip;","og_url":"https:\/\/portalnpm.com\/index.php\/2026\/09\/03\/fora-de-casa-vasco-bate-vitoria-e-esta-na-semifinal-da-copa-do-brasil\/","og_site_name":"Portal NPM","article_published_time":"2026-09-03T08:51:54+00:00","og_image":[{"width":950,"height":633,"url":"https:\/\/portalnpm.com\/wp-content\/uploads\/2026\/09\/vitoria_x_vasco_barradao-1920x1280-1.jpeg","type":"image\/jpeg"}],"author":"Genival Barbosa","twitter_card":"summary_large_image","twitter_misc":{"Escrito por":"Genival Barbosa","Est. tempo de leitura":"4 minutos"},"schema":{"@context":"https:\/\/schema.org","@graph":[{"@type":"WebPage","@id":"https:\/\/portalnpm.com\/index.php\/2026\/09\/03\/fora-de-casa-vasco-bate-vitoria-e-esta-na-semifinal-da-copa-do-brasil\/","url":"https:\/\/portalnpm.com\/index.php\/2026\/09\/03\/fora-de-casa-vasco-bate-vitoria-e-esta-na-semifinal-da-copa-do-brasil\/","name":"Fora de casa, Vasco bate Vit\u00f3ria e est\u00e1 na semifinal da Copa do Brasil - Portal NPM","isPartOf":{"@id":"https:\/\/portalnpm.com\/#website"},"primaryImageOfPage":{"@id":"https:\/\/portalnpm.com\/index.php\/2026\/09\/03\/fora-de-casa-vasco-bate-vitoria-e-esta-na-semifinal-da-copa-do-brasil\/#primaryimage"},"image":{"@id":"https:\/\/portalnpm.com\/index.php\/2026\/09\/03\/fora-de-casa-vasco-bate-vitoria-e-esta-na-semifinal-da-copa-do-brasil\/#primaryimage"},"thumbnailUrl":"https:\/\/portalnpm.com\/wp-content\/uploads\/2026\/09\/vitoria_x_vasco_barradao-1920x1280-1.jpeg","datePublished":"2026-09-03T08:51:54+00:00","dateModified":"2026-09-03T08:51:54+00:00","author":{"@id":"https:\/\/portalnpm.com\/#\/schema\/person\/49313e563cfdefcc167f1ee4c017c294"},"breadcrumb":{"@id":"https:\/\/portalnpm.com\/index.php\/2026\/09\/03\/fora-de-casa-vasco-bate-vitoria-e-esta-na-semifinal-da-copa-do-brasil\/#breadcrumb"},"inLanguage":"pt-BR","potentialAction":[{"@type":"ReadAction","target":["https:\/\/portalnpm.com\/index.php\/2026\/09\/03\/fora-de-casa-vasco-bate-vitoria-e-esta-na-semifinal-da-copa-do-brasil\/"]}]},{"@type":"ImageObject","inLanguage":"pt-BR","@id":"https:\/\/portalnpm.com\/index.php\/2026\/09\/03\/fora-de-casa-vasco-bate-vitoria-e-esta-na-semifinal-da-copa-do-brasil\/#primaryimage","url":"https:\/\/portalnpm.com\/wp-content\/uploads\/2026\/09\/vitoria_x_vasco_barradao-1920x1280-1.jpeg","contentUrl":"https:\/\/portalnpm.com\/wp-content\/uploads\/2026\/09\/vitoria_x_vasco_barradao-1920x1280-1.jpeg","width":950,"height":633},{"@type":"BreadcrumbList","@id":"https:\/\/portalnpm.com\/index.php\/2026\/09\/03\/fora-de-casa-vasco-bate-vitoria-e-esta-na-semifinal-da-copa-do-brasil\/#breadcrumb","itemListElement":[{"@type":"ListItem","position":1,"name":"In\u00edcio","item":"https:\/\/portalnpm.com\/"},{"@type":"ListItem","position":2,"name":"Fora de casa, Vasco bate Vit\u00f3ria e est\u00e1 na semifinal da Copa do Brasil"}]},{"@type":"WebSite","@id":"https:\/\/portalnpm.com\/#website","url":"https:\/\/portalnpm.com\/","name":"Portal NPM","description":"Not\u00edcias em Primeira M\u00e3o","potentialAction":[{"@type":"SearchAction","target":{"@type":"EntryPoint","urlTemplate":"https:\/\/portalnpm.com\/?s={search_term_string}"},"query-input":"required name=search_term_string"}],"inLanguage":"pt-BR"},{"@type":"Person","@id":"https:\/\/portalnpm.com\/#\/schema\/person\/49313e563cfdefcc167f1ee4c017c294","name":"Genival Barbosa","image":{"@type":"ImageObject","inLanguage":"pt-BR","@id":"https:\/\/portalnpm.com\/#\/schema\/person\/image\/","url":"https:\/\/portalnpm.com\/wp-content\/uploads\/2024\/02\/avatar_user_2_1707743258-96x96.jpeg","contentUrl":"https:\/\/portalnpm.com\/wp-content\/uploads\/2024\/02\/avatar_user_2_1707743258-96x96.jpeg","caption":"Genival Barbosa"},"url":"https:\/\/portalnpm.com\/index.php\/author\/genival\/"}]}},"jetpack_sharing_enabled":true,"jetpack_featured_media_url":"https:\/\/portalnpm.com\/wp-content\/uploads\/2026\/09\/vitoria_x_vasco_barradao-1920x1280-1.jpeg","_links":{"self":[{"href":"https:\/\/portalnpm.com\/index.php\/wp-json\/wp\/v2\/posts\/96095"}],"collection":[{"href":"https:\/\/portalnpm.com\/index.php\/wp-json\/wp\/v2\/posts"}],"about":[{"href":"https:\/\/portalnpm.com\/index.php\/wp-json\/wp\/v2\/types\/post"}],"author":[{"embeddable":true,"href":"https:\/\/portalnpm.com\/index.php\/wp-json\/wp\/v2\/users\/2"}],"replies":[{"embeddable":true,"href":"https:\/\/portalnpm.com\/index.php\/wp-json\/wp\/v2\/comments?post=96095"}],"version-history":[{"count":1,"href":"https:\/\/portalnpm.com\/index.php\/wp-json\/wp\/v2\/posts\/96095\/revisions"}],"predecessor-version":[{"id":96097,"href":"https:\/\/portalnpm.com\/index.php\/wp-json\/wp\/v2\/posts\/96095\/revisions\/96097"}],"wp:featuredmedia":[{"embeddable":true,"href":"https:\/\/portalnpm.com\/index.php\/wp-json\/wp\/v2\/media\/96096"}],"wp:attachment":[{"href":"https:\/\/portalnpm.com\/index.php\/wp-json\/wp\/v2\/media?parent=96095"}],"wp:term":[{"taxonomy":"category","embeddable":true,"href":"https:\/\/portalnpm.com\/index.php\/wp-json\/wp\/v2\/categories?post=96095"},{"taxonomy":"post_tag","embeddable":true,"href":"https:\/\/portalnpm.com\/index.php\/wp-json\/wp\/v2\/tags?post=96095"}],"curies":[{"name":"wp","href":"https:\/\/api.w.org\/{rel}","templated":true}]}}