{"id":96098,"date":"2026-09-03T05:53:30","date_gmt":"2026-09-03T08:53:30","guid":{"rendered":"https:\/\/portalnpm.com\/?p=96098"},"modified":"2026-09-03T05:53:30","modified_gmt":"2026-09-03T08:53:30","slug":"palmeiras-empata-com-o-santos-e-vai-a-semi-da-copa-do-brasil","status":"publish","type":"post","link":"https:\/\/portalnpm.com\/index.php\/2026\/09\/03\/palmeiras-empata-com-o-santos-e-vai-a-semi-da-copa-do-brasil\/","title":{"rendered":"Palmeiras empata com o Santos e vai \u00e0 semi da Copa do Brasil"},"content":{"rendered":"<div class=\"_ZAwm5\"><\/div>\n<div class=\"_E3y4U\">\n<p class=\"_MyF-P\">\n<\/div>\n<div class=\"_EguHV\">\n<div class=\"_0jaWF\">\n<div class=\"undefined\">\n<p>O Palmeiras est\u00e1 de volta \u00e0s semifinais da Copa do Brasil, algo que n\u00e3o acontecia desde 2020.<strong>\u00a0<\/strong>Afinal, o Alviverde segurou o 0 a 0 com o Santos, na Vila Belmiro, pelo jogo de volta das quartas de final. Como triunfaram por 3 a 0 na ida, no Nubank Parque, os comandados do t\u00e9cnico Abel Ferreira garantiram a classifica\u00e7\u00e3o e enfrentam o Vasco na pr\u00f3xima fase.<\/p>\n<p>O pr\u00f3ximo compromisso do Peixe ser\u00e1 no domingo (6), \u00e0s 16h (de Bras\u00edlia), diante do Internacional, no Beira-Rio, pela 26\u00aa rodada do Campeonato Brasileiro. O Alviverde, por sua vez, entra em campo no mesmo dia, por\u00e9m \u00e0s 18h30 (de Bras\u00edlia), no Nilton Santos, contra o Botafogo.<\/p>\n<h2>Pared\u00e3o Alviverde<\/h2>\n<p>Com menos de um minuto, o Cl\u00e1ssico da saudade esquentou. Afinal, Felipe Anderson recebeu cart\u00e3o amarelo depois de uma falta em Neymar, que gerou uma discuss\u00e3o entre os jogadores. Em seguida, foi a vez de Escobar, do Santos, ser penalizado pelo \u00e1rbitro Davi de Oliveira Lacerda, por ter derrubado Andreas Pereira.<\/p>\n<p>A primeira grande chance dos donos da casa saiu dos p\u00e9s de Igor Vinicius. O lateral teve liberdade para arriscar de longe para grande defesa de Carlos Miguel. O arqueiro alviverde, por sinal, voltou a se destacar ap\u00f3s uma cobran\u00e7a de falta de Neymar, que encheu o p\u00e9, mas parou no goleiro.<\/p>\n<h2>Meia sem pontaria<\/h2>\n<p>Luan Peres vacila ao perder a bola para Flaco L\u00f3pez, que tocou para tr\u00e1s e encontrou Maur\u00edcio. No entanto, o meio-campista mandou por cima da meta de Braz\u00e3o. O camisa 18 voltou a ter uma grande chance, quando Felipe Anderson acionou Giay que dividiu com o goleiro santista. A bola sobrou, mas o meia mandou para fora de novo.<\/p>\n<figure id=\"attachment_1240062\" class=\"wp-caption aligncenter\" aria-labelledby=\"figcaption_attachment_1240062\"><\/figure>\n<\/div>\n<figure class=\"image\"><img fetchpriority=\"high\" decoding=\"async\" src=\"https:\/\/sbt-sports-assets-prod.s3.sa-east-1.amazonaws.com\/02092026_cg_palmeiras_destaque_7729_29_Easy_Resize_com_458cfe21ba.jpg\" alt=\"\" width=\"1280\" height=\"721\" \/><figcaption>Santos n\u00e3o consegue superar o Palmeiras e deixa a Copa do Brasil 2026 \u2013 Foto: Cesar Greco \/ Palmeiras<\/figcaption><\/figure>\n<div class=\"undefined\">\n<h2>Camisa 10 substitu\u00eddo<\/h2>\n<p>Na reta final do primeiro tempo, Neymar sentiu um inc\u00f4modo na parte posterior da coxa direita. O atleta permaneceu fora de combate, andando em campo por alguns minutos antes do apito final. Contudo, na volta do intervalo, o t\u00e9cnico Cuca teve que substituir o camisa 10 em colocou Rony em campo.<\/p>\n<h2>Poucas chances<\/h2>\n<p>Na volta do intervalo, Giay e Khellven fizeram uma boa tabela, que culminou no cruzamento para Vitor Roque. O atacante, que entrou para o segundo tempo, teve liberdade para cabecear, entretanto errou na for\u00e7a e na dire\u00e7\u00e3o.<\/p>\n<p>O atacante, por sinal, se envolveu em uma confus\u00e3o na lateral do campo. No empurra-empurra, ele recebeu o amarelo, assim como Rafael Gonzaga, que estava entre os suplentes do Peixe. Rony teve a chance de abrir o placar, mas mandou para fora, enquanto Davizinho parou no goleiro do Palmeiras.<\/p>\n<p>Por fim, o Verd\u00e3o apenas administrou o resultado para garantir a vaga na semifinal. O jogo ficou mais truncado, sem chances claras de gol antes do apito final.<\/p>\n<h3>SANTOS 0 x 0 PALMEIRAS (ag. 0-3)<\/h3>\n<p><strong>Copa do Brasil \u2013 Quartas de final (volta)<\/strong><br \/>\n<strong>Data e hor\u00e1rio:<\/strong>\u00a002\/09\/2026 (quarta-feira), \u00e0s 21h30 (de Bras\u00edlia)<br \/>\n<strong>Local:<\/strong>\u00a0Vila Belmiro, Santos (SP)<br \/>\n<strong>Gols:\u00a0<\/strong>\u2013<br \/>\n<strong>SANTOS:<\/strong>\u00a0Gabriel Braz\u00e3o; Igor Vinicius (Davizinho \u2013 intervalo), Lucas Ver\u00edssimo (Mois\u00e9s \u2013 intervalo), Luan Peres e Escobar; Willian Ar\u00e3o, Oliva, Gabriel Bontempo e Barreal (Rolheiser 28\u2019\/1\u00baT); Neymar (Rony \u2013 intervalo) e Gabigol (Thaciano 38\u2019\/2\u00baT).\u00a0<strong>T\u00e9cnico:<\/strong>\u00a0Cuca.<br \/>\n<strong>PALMEIRAS:<\/strong>\u00a0Carlos Miguel; Giay, Murilo, Alexander Barboza e Arthur; Marlon Freitas (Emiliano Mart\u00ednez 30\u2019\/2\u00baT), Lucas Evangelista (Larson 42\u2019\/2\u00baT), Andreas Pereira (Lu\u00eds Pacheco 40\/2\u00baT) e Felipe Anderson (Khellven \u2013 intervalo); Maur\u00edcio e Flaco L\u00f3pez (Vitor Roque \u2013 intervalo).\u00a0<strong>T\u00e9cnico:<\/strong>\u00a0Abel Ferreira.<br \/>\n<strong>\u00c1rbitro:<\/strong>\u00a0Davi de Oliveira Lacerda (ES)<br \/>\n<strong>Assistentes:<\/strong>\u00a0Guilherme Dias Camilo (MG) e Neuza In\u00eas Back (SP)<br \/>\n<strong>VAR:<\/strong>\u00a0Pablo Ramon Gon\u00e7alves Pinheiro (RN)<br \/>\n<strong>Cart\u00f5es Amarelos:\u00a0<\/strong>Escobar, Rafael Gonzaga, Gabriel Bontempo (SAN); Felipe Anderson, Vito Roque, Lu\u00eds Pacheco, Giay e Abel Ferreira (PAL)<br \/>\n<strong>Cart\u00f5es Vermelhos:\u00a0<\/strong>N\u00e3o teve<\/p>\n<p>SBT Sports<\/p>\n<\/div>\n<\/div>\n<\/div>\n","protected":false},"excerpt":{"rendered":"<p>O Palmeiras est\u00e1 de volta \u00e0s semifinais da Copa do Brasil, algo que n\u00e3o acontecia desde 2020.\u00a0Afinal, o Alviverde segurou o 0 a 0 com o Santos, na Vila Belmiro, pelo jogo de volta das quartas de final. Como triunfaram por 3 a 0 na ida, no Nubank Parque, os comandados do t\u00e9cnico Abel Ferreira &hellip;<\/p>\n","protected":false},"author":2,"featured_media":96099,"comment_status":"open","ping_status":"open","sticky":false,"template":"","format":"standard","meta":{"content-type":"","rop_custom_images_group":[],"rop_custom_messages_group":[],"rop_publish_now":"no","rop_publish_now_accounts":{"facebook_2648258775420054_1618374048415101":""},"rop_publish_now_history":[{"account":"facebook_2648258775420054_1618374048415101","service":"facebook","timestamp":1788425632,"status":"success"}],"rop_publish_now_status":"done","footnotes":"","_jetpack_memberships_contains_paid_content":false},"categories":[108],"tags":[883,674,837,836,1809,157,166,11192,833],"yoast_head":"<!-- This site is optimized with the Yoast SEO plugin v22.3 - https:\/\/yoast.com\/wordpress\/plugins\/seo\/ -->\n<title>Palmeiras empata com o Santos e vai \u00e0 semi da Copa do Brasil - Portal NPM<\/title>\n<meta name=\"robots\" content=\"index, follow, max-snippet:-1, max-image-preview:large, max-video-preview:-1\" \/>\n<link rel=\"canonical\" href=\"https:\/\/portalnpm.com\/index.php\/2026\/09\/03\/palmeiras-empata-com-o-santos-e-vai-a-semi-da-copa-do-brasil\/\" \/>\n<meta property=\"og:locale\" content=\"pt_BR\" \/>\n<meta property=\"og:type\" content=\"article\" \/>\n<meta property=\"og:title\" content=\"Palmeiras empata com o Santos e vai \u00e0 semi da Copa do Brasil - Portal NPM\" \/>\n<meta property=\"og:description\" content=\"O Palmeiras est\u00e1 de volta \u00e0s semifinais da Copa do Brasil, algo que n\u00e3o acontecia desde 2020.\u00a0Afinal, o Alviverde segurou o 0 a 0 com o Santos, na Vila Belmiro, pelo jogo de volta das quartas de final. Como triunfaram por 3 a 0 na ida, no Nubank Parque, os comandados do t\u00e9cnico Abel Ferreira &hellip;\" \/>\n<meta property=\"og:url\" content=\"https:\/\/portalnpm.com\/index.php\/2026\/09\/03\/palmeiras-empata-com-o-santos-e-vai-a-semi-da-copa-do-brasil\/\" \/>\n<meta property=\"og:site_name\" content=\"Portal NPM\" \/>\n<meta property=\"article:published_time\" content=\"2026-09-03T08:53:30+00:00\" \/>\n<meta property=\"og:image\" content=\"https:\/\/portalnpm.com\/wp-content\/uploads\/2026\/09\/02092026_cg_palmeiras_destaque_7589_18_Easy_Resize_com_91d775210e.jpg\" \/>\n\t<meta property=\"og:image:width\" content=\"1280\" \/>\n\t<meta property=\"og:image:height\" content=\"721\" \/>\n\t<meta property=\"og:image:type\" content=\"image\/jpeg\" \/>\n<meta name=\"author\" content=\"Genival Barbosa\" \/>\n<meta name=\"twitter:card\" content=\"summary_large_image\" \/>\n<meta name=\"twitter:label1\" content=\"Escrito por\" \/>\n\t<meta name=\"twitter:data1\" content=\"Genival Barbosa\" \/>\n\t<meta name=\"twitter:label2\" content=\"Est. tempo de leitura\" \/>\n\t<meta name=\"twitter:data2\" content=\"4 minutos\" \/>\n<script type=\"application\/ld+json\" class=\"yoast-schema-graph\">{\"@context\":\"https:\/\/schema.org\",\"@graph\":[{\"@type\":\"WebPage\",\"@id\":\"https:\/\/portalnpm.com\/index.php\/2026\/09\/03\/palmeiras-empata-com-o-santos-e-vai-a-semi-da-copa-do-brasil\/\",\"url\":\"https:\/\/portalnpm.com\/index.php\/2026\/09\/03\/palmeiras-empata-com-o-santos-e-vai-a-semi-da-copa-do-brasil\/\",\"name\":\"Palmeiras empata com o Santos e vai \u00e0 semi da Copa do Brasil - Portal NPM\",\"isPartOf\":{\"@id\":\"https:\/\/portalnpm.com\/#website\"},\"primaryImageOfPage\":{\"@id\":\"https:\/\/portalnpm.com\/index.php\/2026\/09\/03\/palmeiras-empata-com-o-santos-e-vai-a-semi-da-copa-do-brasil\/#primaryimage\"},\"image\":{\"@id\":\"https:\/\/portalnpm.com\/index.php\/2026\/09\/03\/palmeiras-empata-com-o-santos-e-vai-a-semi-da-copa-do-brasil\/#primaryimage\"},\"thumbnailUrl\":\"https:\/\/portalnpm.com\/wp-content\/uploads\/2026\/09\/02092026_cg_palmeiras_destaque_7589_18_Easy_Resize_com_91d775210e.jpg\",\"datePublished\":\"2026-09-03T08:53:30+00:00\",\"dateModified\":\"2026-09-03T08:53:30+00:00\",\"author\":{\"@id\":\"https:\/\/portalnpm.com\/#\/schema\/person\/49313e563cfdefcc167f1ee4c017c294\"},\"breadcrumb\":{\"@id\":\"https:\/\/portalnpm.com\/index.php\/2026\/09\/03\/palmeiras-empata-com-o-santos-e-vai-a-semi-da-copa-do-brasil\/#breadcrumb\"},\"inLanguage\":\"pt-BR\",\"potentialAction\":[{\"@type\":\"ReadAction\",\"target\":[\"https:\/\/portalnpm.com\/index.php\/2026\/09\/03\/palmeiras-empata-com-o-santos-e-vai-a-semi-da-copa-do-brasil\/\"]}]},{\"@type\":\"ImageObject\",\"inLanguage\":\"pt-BR\",\"@id\":\"https:\/\/portalnpm.com\/index.php\/2026\/09\/03\/palmeiras-empata-com-o-santos-e-vai-a-semi-da-copa-do-brasil\/#primaryimage\",\"url\":\"https:\/\/portalnpm.com\/wp-content\/uploads\/2026\/09\/02092026_cg_palmeiras_destaque_7589_18_Easy_Resize_com_91d775210e.jpg\",\"contentUrl\":\"https:\/\/portalnpm.com\/wp-content\/uploads\/2026\/09\/02092026_cg_palmeiras_destaque_7589_18_Easy_Resize_com_91d775210e.jpg\",\"width\":1280,\"height\":721},{\"@type\":\"BreadcrumbList\",\"@id\":\"https:\/\/portalnpm.com\/index.php\/2026\/09\/03\/palmeiras-empata-com-o-santos-e-vai-a-semi-da-copa-do-brasil\/#breadcrumb\",\"itemListElement\":[{\"@type\":\"ListItem\",\"position\":1,\"name\":\"In\u00edcio\",\"item\":\"https:\/\/portalnpm.com\/\"},{\"@type\":\"ListItem\",\"position\":2,\"name\":\"Palmeiras empata com o Santos e vai \u00e0 semi da Copa do Brasil\"}]},{\"@type\":\"WebSite\",\"@id\":\"https:\/\/portalnpm.com\/#website\",\"url\":\"https:\/\/portalnpm.com\/\",\"name\":\"Portal NPM\",\"description\":\"Not\u00edcias em Primeira M\u00e3o\",\"potentialAction\":[{\"@type\":\"SearchAction\",\"target\":{\"@type\":\"EntryPoint\",\"urlTemplate\":\"https:\/\/portalnpm.com\/?s={search_term_string}\"},\"query-input\":\"required name=search_term_string\"}],\"inLanguage\":\"pt-BR\"},{\"@type\":\"Person\",\"@id\":\"https:\/\/portalnpm.com\/#\/schema\/person\/49313e563cfdefcc167f1ee4c017c294\",\"name\":\"Genival Barbosa\",\"image\":{\"@type\":\"ImageObject\",\"inLanguage\":\"pt-BR\",\"@id\":\"https:\/\/portalnpm.com\/#\/schema\/person\/image\/\",\"url\":\"https:\/\/portalnpm.com\/wp-content\/uploads\/2024\/02\/avatar_user_2_1707743258-96x96.jpeg\",\"contentUrl\":\"https:\/\/portalnpm.com\/wp-content\/uploads\/2024\/02\/avatar_user_2_1707743258-96x96.jpeg\",\"caption\":\"Genival Barbosa\"},\"url\":\"https:\/\/portalnpm.com\/index.php\/author\/genival\/\"}]}<\/script>\n<!-- \/ Yoast SEO plugin. -->","yoast_head_json":{"title":"Palmeiras empata com o Santos e vai \u00e0 semi da Copa do Brasil - Portal NPM","robots":{"index":"index","follow":"follow","max-snippet":"max-snippet:-1","max-image-preview":"max-image-preview:large","max-video-preview":"max-video-preview:-1"},"canonical":"https:\/\/portalnpm.com\/index.php\/2026\/09\/03\/palmeiras-empata-com-o-santos-e-vai-a-semi-da-copa-do-brasil\/","og_locale":"pt_BR","og_type":"article","og_title":"Palmeiras empata com o Santos e vai \u00e0 semi da Copa do Brasil - Portal NPM","og_description":"O Palmeiras est\u00e1 de volta \u00e0s semifinais da Copa do Brasil, algo que n\u00e3o acontecia desde 2020.\u00a0Afinal, o Alviverde segurou o 0 a 0 com o Santos, na Vila Belmiro, pelo jogo de volta das quartas de final. Como triunfaram por 3 a 0 na ida, no Nubank Parque, os comandados do t\u00e9cnico Abel Ferreira &hellip;","og_url":"https:\/\/portalnpm.com\/index.php\/2026\/09\/03\/palmeiras-empata-com-o-santos-e-vai-a-semi-da-copa-do-brasil\/","og_site_name":"Portal NPM","article_published_time":"2026-09-03T08:53:30+00:00","og_image":[{"width":1280,"height":721,"url":"https:\/\/portalnpm.com\/wp-content\/uploads\/2026\/09\/02092026_cg_palmeiras_destaque_7589_18_Easy_Resize_com_91d775210e.jpg","type":"image\/jpeg"}],"author":"Genival Barbosa","twitter_card":"summary_large_image","twitter_misc":{"Escrito por":"Genival Barbosa","Est. tempo de leitura":"4 minutos"},"schema":{"@context":"https:\/\/schema.org","@graph":[{"@type":"WebPage","@id":"https:\/\/portalnpm.com\/index.php\/2026\/09\/03\/palmeiras-empata-com-o-santos-e-vai-a-semi-da-copa-do-brasil\/","url":"https:\/\/portalnpm.com\/index.php\/2026\/09\/03\/palmeiras-empata-com-o-santos-e-vai-a-semi-da-copa-do-brasil\/","name":"Palmeiras empata com o Santos e vai \u00e0 semi da Copa do Brasil - Portal NPM","isPartOf":{"@id":"https:\/\/portalnpm.com\/#website"},"primaryImageOfPage":{"@id":"https:\/\/portalnpm.com\/index.php\/2026\/09\/03\/palmeiras-empata-com-o-santos-e-vai-a-semi-da-copa-do-brasil\/#primaryimage"},"image":{"@id":"https:\/\/portalnpm.com\/index.php\/2026\/09\/03\/palmeiras-empata-com-o-santos-e-vai-a-semi-da-copa-do-brasil\/#primaryimage"},"thumbnailUrl":"https:\/\/portalnpm.com\/wp-content\/uploads\/2026\/09\/02092026_cg_palmeiras_destaque_7589_18_Easy_Resize_com_91d775210e.jpg","datePublished":"2026-09-03T08:53:30+00:00","dateModified":"2026-09-03T08:53:30+00:00","author":{"@id":"https:\/\/portalnpm.com\/#\/schema\/person\/49313e563cfdefcc167f1ee4c017c294"},"breadcrumb":{"@id":"https:\/\/portalnpm.com\/index.php\/2026\/09\/03\/palmeiras-empata-com-o-santos-e-vai-a-semi-da-copa-do-brasil\/#breadcrumb"},"inLanguage":"pt-BR","potentialAction":[{"@type":"ReadAction","target":["https:\/\/portalnpm.com\/index.php\/2026\/09\/03\/palmeiras-empata-com-o-santos-e-vai-a-semi-da-copa-do-brasil\/"]}]},{"@type":"ImageObject","inLanguage":"pt-BR","@id":"https:\/\/portalnpm.com\/index.php\/2026\/09\/03\/palmeiras-empata-com-o-santos-e-vai-a-semi-da-copa-do-brasil\/#primaryimage","url":"https:\/\/portalnpm.com\/wp-content\/uploads\/2026\/09\/02092026_cg_palmeiras_destaque_7589_18_Easy_Resize_com_91d775210e.jpg","contentUrl":"https:\/\/portalnpm.com\/wp-content\/uploads\/2026\/09\/02092026_cg_palmeiras_destaque_7589_18_Easy_Resize_com_91d775210e.jpg","width":1280,"height":721},{"@type":"BreadcrumbList","@id":"https:\/\/portalnpm.com\/index.php\/2026\/09\/03\/palmeiras-empata-com-o-santos-e-vai-a-semi-da-copa-do-brasil\/#breadcrumb","itemListElement":[{"@type":"ListItem","position":1,"name":"In\u00edcio","item":"https:\/\/portalnpm.com\/"},{"@type":"ListItem","position":2,"name":"Palmeiras empata com o Santos e vai \u00e0 semi da Copa do Brasil"}]},{"@type":"WebSite","@id":"https:\/\/portalnpm.com\/#website","url":"https:\/\/portalnpm.com\/","name":"Portal NPM","description":"Not\u00edcias em Primeira M\u00e3o","potentialAction":[{"@type":"SearchAction","target":{"@type":"EntryPoint","urlTemplate":"https:\/\/portalnpm.com\/?s={search_term_string}"},"query-input":"required name=search_term_string"}],"inLanguage":"pt-BR"},{"@type":"Person","@id":"https:\/\/portalnpm.com\/#\/schema\/person\/49313e563cfdefcc167f1ee4c017c294","name":"Genival Barbosa","image":{"@type":"ImageObject","inLanguage":"pt-BR","@id":"https:\/\/portalnpm.com\/#\/schema\/person\/image\/","url":"https:\/\/portalnpm.com\/wp-content\/uploads\/2024\/02\/avatar_user_2_1707743258-96x96.jpeg","contentUrl":"https:\/\/portalnpm.com\/wp-content\/uploads\/2024\/02\/avatar_user_2_1707743258-96x96.jpeg","caption":"Genival Barbosa"},"url":"https:\/\/portalnpm.com\/index.php\/author\/genival\/"}]}},"jetpack_sharing_enabled":true,"jetpack_featured_media_url":"https:\/\/portalnpm.com\/wp-content\/uploads\/2026\/09\/02092026_cg_palmeiras_destaque_7589_18_Easy_Resize_com_91d775210e.jpg","_links":{"self":[{"href":"https:\/\/portalnpm.com\/index.php\/wp-json\/wp\/v2\/posts\/96098"}],"collection":[{"href":"https:\/\/portalnpm.com\/index.php\/wp-json\/wp\/v2\/posts"}],"about":[{"href":"https:\/\/portalnpm.com\/index.php\/wp-json\/wp\/v2\/types\/post"}],"author":[{"embeddable":true,"href":"https:\/\/portalnpm.com\/index.php\/wp-json\/wp\/v2\/users\/2"}],"replies":[{"embeddable":true,"href":"https:\/\/portalnpm.com\/index.php\/wp-json\/wp\/v2\/comments?post=96098"}],"version-history":[{"count":1,"href":"https:\/\/portalnpm.com\/index.php\/wp-json\/wp\/v2\/posts\/96098\/revisions"}],"predecessor-version":[{"id":96100,"href":"https:\/\/portalnpm.com\/index.php\/wp-json\/wp\/v2\/posts\/96098\/revisions\/96100"}],"wp:featuredmedia":[{"embeddable":true,"href":"https:\/\/portalnpm.com\/index.php\/wp-json\/wp\/v2\/media\/96099"}],"wp:attachment":[{"href":"https:\/\/portalnpm.com\/index.php\/wp-json\/wp\/v2\/media?parent=96098"}],"wp:term":[{"taxonomy":"category","embeddable":true,"href":"https:\/\/portalnpm.com\/index.php\/wp-json\/wp\/v2\/categories?post=96098"},{"taxonomy":"post_tag","embeddable":true,"href":"https:\/\/portalnpm.com\/index.php\/wp-json\/wp\/v2\/tags?post=96098"}],"curies":[{"name":"wp","href":"https:\/\/api.w.org\/{rel}","templated":true}]}}