{"id":9618,"date":"2019-07-07T20:21:32","date_gmt":"2019-07-07T23:21:32","guid":{"rendered":"http:\/\/srv.portalnpm.com.br\/?p=9618"},"modified":"2019-07-07T20:21:32","modified_gmt":"2019-07-07T23:21:32","slug":"homem-tem-moto-furtada-durante-festa-em-sao-juliao","status":"publish","type":"post","link":"https:\/\/portalnpm.com\/index.php\/2019\/07\/07\/homem-tem-moto-furtada-durante-festa-em-sao-juliao\/","title":{"rendered":"Homem tem moto furtada durante festa em S\u00e3o Juli\u00e3o"},"content":{"rendered":"<p style=\"text-align: justify;\">Um homem identificado como Gilvan Jos\u00e9 da Silva teve sua motocicleta furtada na madrugada deste s\u00e1bado (06), enquanto participava de uma festa. O furto aconteceu na Prainha, localizada \u00e0s\u00a0margens do a\u00e7ude sede, em S\u00e3o Juli\u00e3o-PI.<\/p>\n<p style=\"text-align: justify;\">A v\u00edtima informou que chegou \u00e0 festa e estacionou sua motocicleta juntamente com as demais e ao sair por volta das 3h30m da manh\u00e3 percebeu que sua moto n\u00e3o estava no local onde havia deixado. Ap\u00f3s ter procurado pelas imedia\u00e7\u00f5es se deu conta de que fora furtada. Jos\u00e9 Gilvan relatou ainda que teve seu celular furtado naquela noite.<\/p>\n<p><strong>Caracter\u00edsticas da motocicleta<\/strong><\/p>\n<p>Marca \u2013Yamaha<br \/>\nModelo \u2013 YBR<br \/>\nAno\/modelo \u2013 2010\/2011<br \/>\nCor \u2013 Vermelha<br \/>\nPlaca -HRH- 5338\/MG<\/p>\n<p style=\"text-align: justify;\">A vitima informou ainda que o celular ser\u00e1 rastreado. Quem souber do paradeiro da motocicleta, entrar em contato atrav\u00e9s dos telefones (89) 9 8113-7818 ou (89) 9 8103-5916, falar com Maria Luisa e Gilvaneide, respectivamente.<\/p>\n","protected":false},"excerpt":{"rendered":"<p>Um homem identificado como Gilvan Jos\u00e9 da Silva teve sua motocicleta furtada na madrugada deste s\u00e1bado (06), enquanto participava de uma festa. O furto aconteceu na Prainha, localizada \u00e0s\u00a0margens do a\u00e7ude sede, em S\u00e3o Juli\u00e3o-PI. A v\u00edtima informou que chegou \u00e0 festa e estacionou sua motocicleta juntamente com as demais e ao sair por volta &hellip;<\/p>\n","protected":false},"author":4,"featured_media":9619,"comment_status":"open","ping_status":"open","sticky":false,"template":"","format":"standard","meta":{"content-type":"","rop_custom_images_group":[],"rop_custom_messages_group":[],"rop_publish_now":"initial","rop_publish_now_accounts":{"facebook_2648258775420054_1618374048415101":""},"rop_publish_now_history":[],"rop_publish_now_status":"pending","footnotes":"","_jetpack_memberships_contains_paid_content":false},"categories":[113,136],"tags":[651,459,3068,137],"yoast_head":"<!-- This site is optimized with the Yoast SEO plugin v22.3 - https:\/\/yoast.com\/wordpress\/plugins\/seo\/ -->\n<title>Homem tem moto furtada durante festa em S\u00e3o Juli\u00e3o - Portal NPM<\/title>\n<meta name=\"robots\" content=\"index, follow, max-snippet:-1, max-image-preview:large, max-video-preview:-1\" \/>\n<link rel=\"canonical\" href=\"https:\/\/portalnpm.com\/index.php\/2019\/07\/07\/homem-tem-moto-furtada-durante-festa-em-sao-juliao\/\" \/>\n<meta property=\"og:locale\" content=\"pt_BR\" \/>\n<meta property=\"og:type\" content=\"article\" \/>\n<meta property=\"og:title\" content=\"Homem tem moto furtada durante festa em S\u00e3o Juli\u00e3o - Portal NPM\" \/>\n<meta property=\"og:description\" content=\"Um homem identificado como Gilvan Jos\u00e9 da Silva teve sua motocicleta furtada na madrugada deste s\u00e1bado (06), enquanto participava de uma festa. O furto aconteceu na Prainha, localizada \u00e0s\u00a0margens do a\u00e7ude sede, em S\u00e3o Juli\u00e3o-PI. A v\u00edtima informou que chegou \u00e0 festa e estacionou sua motocicleta juntamente com as demais e ao sair por volta &hellip;\" \/>\n<meta property=\"og:url\" content=\"https:\/\/portalnpm.com\/index.php\/2019\/07\/07\/homem-tem-moto-furtada-durante-festa-em-sao-juliao\/\" \/>\n<meta property=\"og:site_name\" content=\"Portal NPM\" \/>\n<meta property=\"article:published_time\" content=\"2019-07-07T23:21:32+00:00\" \/>\n<meta name=\"author\" content=\"Reda\u00e7\u00e3o\" \/>\n<meta name=\"twitter:card\" content=\"summary_large_image\" \/>\n<meta name=\"twitter:label1\" content=\"Escrito por\" \/>\n\t<meta name=\"twitter:data1\" content=\"Reda\u00e7\u00e3o\" \/>\n\t<meta name=\"twitter:label2\" content=\"Est. tempo de leitura\" \/>\n\t<meta name=\"twitter:data2\" content=\"1 minuto\" \/>\n<script type=\"application\/ld+json\" class=\"yoast-schema-graph\">{\"@context\":\"https:\/\/schema.org\",\"@graph\":[{\"@type\":\"WebPage\",\"@id\":\"https:\/\/portalnpm.com\/index.php\/2019\/07\/07\/homem-tem-moto-furtada-durante-festa-em-sao-juliao\/\",\"url\":\"https:\/\/portalnpm.com\/index.php\/2019\/07\/07\/homem-tem-moto-furtada-durante-festa-em-sao-juliao\/\",\"name\":\"Homem tem moto furtada durante festa em S\u00e3o Juli\u00e3o - Portal NPM\",\"isPartOf\":{\"@id\":\"https:\/\/portalnpm.com\/#website\"},\"primaryImageOfPage\":{\"@id\":\"https:\/\/portalnpm.com\/index.php\/2019\/07\/07\/homem-tem-moto-furtada-durante-festa-em-sao-juliao\/#primaryimage\"},\"image\":{\"@id\":\"https:\/\/portalnpm.com\/index.php\/2019\/07\/07\/homem-tem-moto-furtada-durante-festa-em-sao-juliao\/#primaryimage\"},\"thumbnailUrl\":\"\",\"datePublished\":\"2019-07-07T23:21:32+00:00\",\"dateModified\":\"2019-07-07T23:21:32+00:00\",\"author\":{\"@id\":\"https:\/\/portalnpm.com\/#\/schema\/person\/0b5f230ec96cee25504fa328e7f2b733\"},\"breadcrumb\":{\"@id\":\"https:\/\/portalnpm.com\/index.php\/2019\/07\/07\/homem-tem-moto-furtada-durante-festa-em-sao-juliao\/#breadcrumb\"},\"inLanguage\":\"pt-BR\",\"potentialAction\":[{\"@type\":\"ReadAction\",\"target\":[\"https:\/\/portalnpm.com\/index.php\/2019\/07\/07\/homem-tem-moto-furtada-durante-festa-em-sao-juliao\/\"]}]},{\"@type\":\"ImageObject\",\"inLanguage\":\"pt-BR\",\"@id\":\"https:\/\/portalnpm.com\/index.php\/2019\/07\/07\/homem-tem-moto-furtada-durante-festa-em-sao-juliao\/#primaryimage\",\"url\":\"\",\"contentUrl\":\"\"},{\"@type\":\"BreadcrumbList\",\"@id\":\"https:\/\/portalnpm.com\/index.php\/2019\/07\/07\/homem-tem-moto-furtada-durante-festa-em-sao-juliao\/#breadcrumb\",\"itemListElement\":[{\"@type\":\"ListItem\",\"position\":1,\"name\":\"In\u00edcio\",\"item\":\"https:\/\/portalnpm.com\/\"},{\"@type\":\"ListItem\",\"position\":2,\"name\":\"Homem tem moto furtada durante festa em S\u00e3o Juli\u00e3o\"}]},{\"@type\":\"WebSite\",\"@id\":\"https:\/\/portalnpm.com\/#website\",\"url\":\"https:\/\/portalnpm.com\/\",\"name\":\"Portal NPM\",\"description\":\"Not\u00edcias em Primeira M\u00e3o\",\"potentialAction\":[{\"@type\":\"SearchAction\",\"target\":{\"@type\":\"EntryPoint\",\"urlTemplate\":\"https:\/\/portalnpm.com\/?s={search_term_string}\"},\"query-input\":\"required name=search_term_string\"}],\"inLanguage\":\"pt-BR\"},{\"@type\":\"Person\",\"@id\":\"https:\/\/portalnpm.com\/#\/schema\/person\/0b5f230ec96cee25504fa328e7f2b733\",\"name\":\"Reda\u00e7\u00e3o\",\"image\":{\"@type\":\"ImageObject\",\"inLanguage\":\"pt-BR\",\"@id\":\"https:\/\/portalnpm.com\/#\/schema\/person\/image\/\",\"url\":\"https:\/\/portalnpm.com\/wp-content\/uploads\/2024\/03\/avatar_user_4_1710097212-96x96.png\",\"contentUrl\":\"https:\/\/portalnpm.com\/wp-content\/uploads\/2024\/03\/avatar_user_4_1710097212-96x96.png\",\"caption\":\"Reda\u00e7\u00e3o\"},\"url\":\"https:\/\/portalnpm.com\/index.php\/author\/redacao\/\"}]}<\/script>\n<!-- \/ Yoast SEO plugin. -->","yoast_head_json":{"title":"Homem tem moto furtada durante festa em S\u00e3o Juli\u00e3o - Portal NPM","robots":{"index":"index","follow":"follow","max-snippet":"max-snippet:-1","max-image-preview":"max-image-preview:large","max-video-preview":"max-video-preview:-1"},"canonical":"https:\/\/portalnpm.com\/index.php\/2019\/07\/07\/homem-tem-moto-furtada-durante-festa-em-sao-juliao\/","og_locale":"pt_BR","og_type":"article","og_title":"Homem tem moto furtada durante festa em S\u00e3o Juli\u00e3o - Portal NPM","og_description":"Um homem identificado como Gilvan Jos\u00e9 da Silva teve sua motocicleta furtada na madrugada deste s\u00e1bado (06), enquanto participava de uma festa. O furto aconteceu na Prainha, localizada \u00e0s\u00a0margens do a\u00e7ude sede, em S\u00e3o Juli\u00e3o-PI. A v\u00edtima informou que chegou \u00e0 festa e estacionou sua motocicleta juntamente com as demais e ao sair por volta &hellip;","og_url":"https:\/\/portalnpm.com\/index.php\/2019\/07\/07\/homem-tem-moto-furtada-durante-festa-em-sao-juliao\/","og_site_name":"Portal NPM","article_published_time":"2019-07-07T23:21:32+00:00","author":"Reda\u00e7\u00e3o","twitter_card":"summary_large_image","twitter_misc":{"Escrito por":"Reda\u00e7\u00e3o","Est. tempo de leitura":"1 minuto"},"schema":{"@context":"https:\/\/schema.org","@graph":[{"@type":"WebPage","@id":"https:\/\/portalnpm.com\/index.php\/2019\/07\/07\/homem-tem-moto-furtada-durante-festa-em-sao-juliao\/","url":"https:\/\/portalnpm.com\/index.php\/2019\/07\/07\/homem-tem-moto-furtada-durante-festa-em-sao-juliao\/","name":"Homem tem moto furtada durante festa em S\u00e3o Juli\u00e3o - Portal NPM","isPartOf":{"@id":"https:\/\/portalnpm.com\/#website"},"primaryImageOfPage":{"@id":"https:\/\/portalnpm.com\/index.php\/2019\/07\/07\/homem-tem-moto-furtada-durante-festa-em-sao-juliao\/#primaryimage"},"image":{"@id":"https:\/\/portalnpm.com\/index.php\/2019\/07\/07\/homem-tem-moto-furtada-durante-festa-em-sao-juliao\/#primaryimage"},"thumbnailUrl":"","datePublished":"2019-07-07T23:21:32+00:00","dateModified":"2019-07-07T23:21:32+00:00","author":{"@id":"https:\/\/portalnpm.com\/#\/schema\/person\/0b5f230ec96cee25504fa328e7f2b733"},"breadcrumb":{"@id":"https:\/\/portalnpm.com\/index.php\/2019\/07\/07\/homem-tem-moto-furtada-durante-festa-em-sao-juliao\/#breadcrumb"},"inLanguage":"pt-BR","potentialAction":[{"@type":"ReadAction","target":["https:\/\/portalnpm.com\/index.php\/2019\/07\/07\/homem-tem-moto-furtada-durante-festa-em-sao-juliao\/"]}]},{"@type":"ImageObject","inLanguage":"pt-BR","@id":"https:\/\/portalnpm.com\/index.php\/2019\/07\/07\/homem-tem-moto-furtada-durante-festa-em-sao-juliao\/#primaryimage","url":"","contentUrl":""},{"@type":"BreadcrumbList","@id":"https:\/\/portalnpm.com\/index.php\/2019\/07\/07\/homem-tem-moto-furtada-durante-festa-em-sao-juliao\/#breadcrumb","itemListElement":[{"@type":"ListItem","position":1,"name":"In\u00edcio","item":"https:\/\/portalnpm.com\/"},{"@type":"ListItem","position":2,"name":"Homem tem moto furtada durante festa em S\u00e3o Juli\u00e3o"}]},{"@type":"WebSite","@id":"https:\/\/portalnpm.com\/#website","url":"https:\/\/portalnpm.com\/","name":"Portal NPM","description":"Not\u00edcias em Primeira M\u00e3o","potentialAction":[{"@type":"SearchAction","target":{"@type":"EntryPoint","urlTemplate":"https:\/\/portalnpm.com\/?s={search_term_string}"},"query-input":"required name=search_term_string"}],"inLanguage":"pt-BR"},{"@type":"Person","@id":"https:\/\/portalnpm.com\/#\/schema\/person\/0b5f230ec96cee25504fa328e7f2b733","name":"Reda\u00e7\u00e3o","image":{"@type":"ImageObject","inLanguage":"pt-BR","@id":"https:\/\/portalnpm.com\/#\/schema\/person\/image\/","url":"https:\/\/portalnpm.com\/wp-content\/uploads\/2024\/03\/avatar_user_4_1710097212-96x96.png","contentUrl":"https:\/\/portalnpm.com\/wp-content\/uploads\/2024\/03\/avatar_user_4_1710097212-96x96.png","caption":"Reda\u00e7\u00e3o"},"url":"https:\/\/portalnpm.com\/index.php\/author\/redacao\/"}]}},"jetpack_sharing_enabled":true,"jetpack_featured_media_url":"","_links":{"self":[{"href":"https:\/\/portalnpm.com\/index.php\/wp-json\/wp\/v2\/posts\/9618"}],"collection":[{"href":"https:\/\/portalnpm.com\/index.php\/wp-json\/wp\/v2\/posts"}],"about":[{"href":"https:\/\/portalnpm.com\/index.php\/wp-json\/wp\/v2\/types\/post"}],"author":[{"embeddable":true,"href":"https:\/\/portalnpm.com\/index.php\/wp-json\/wp\/v2\/users\/4"}],"replies":[{"embeddable":true,"href":"https:\/\/portalnpm.com\/index.php\/wp-json\/wp\/v2\/comments?post=9618"}],"version-history":[{"count":0,"href":"https:\/\/portalnpm.com\/index.php\/wp-json\/wp\/v2\/posts\/9618\/revisions"}],"wp:featuredmedia":[{"embeddable":true,"href":"https:\/\/portalnpm.com\/index.php\/wp-json\/"}],"wp:attachment":[{"href":"https:\/\/portalnpm.com\/index.php\/wp-json\/wp\/v2\/media?parent=9618"}],"wp:term":[{"taxonomy":"category","embeddable":true,"href":"https:\/\/portalnpm.com\/index.php\/wp-json\/wp\/v2\/categories?post=9618"},{"taxonomy":"post_tag","embeddable":true,"href":"https:\/\/portalnpm.com\/index.php\/wp-json\/wp\/v2\/tags?post=9618"}],"curies":[{"name":"wp","href":"https:\/\/api.w.org\/{rel}","templated":true}]}}