{"id":96284,"date":"2026-09-05T22:06:54","date_gmt":"2026-09-06T01:06:54","guid":{"rendered":"https:\/\/portalnpm.com\/?p=96284"},"modified":"2026-09-05T22:06:54","modified_gmt":"2026-09-06T01:06:54","slug":"morre-aos-89-anos-anatalia-sampaio-mae-do-vice-governador-themistocles-filho","status":"publish","type":"post","link":"https:\/\/portalnpm.com\/index.php\/2026\/09\/05\/morre-aos-89-anos-anatalia-sampaio-mae-do-vice-governador-themistocles-filho\/","title":{"rendered":"Morre aos 89 anos Anat\u00e1lia Sampaio, m\u00e3e do vice-governador Them\u00edstocles Filho"},"content":{"rendered":"<h1><\/h1>\n<div class=\"column\">\n<div class=\"content\">\n<p>A tabeli\u00e3 Anat\u00e1lia de Sampaio Pereira, m\u00e3e do vice-governador do Piau\u00ed, Them\u00edstocles Filho, morreu neste s\u00e1bado (05\/09), aos 89 anos, em Teresina.<\/p>\n<p>Anat\u00e1lia estava internada em um hospital particular da capital ap\u00f3s sofrer um acidente dom\u00e9stico. Ela teria sofrido uma queda que provocou uma fratura no f\u00eamur. O quadro de sa\u00fade apresentou complica\u00e7\u00f5es e ela n\u00e3o resistiu.<\/p>\n<p>Vi\u00fava do ex-deputado Them\u00edstocles de Sampaio Pereira, Anat\u00e1lia construiu sua trajet\u00f3ria profissional na atividade cartorial e era matriarca de uma fam\u00edlia com forte presen\u00e7a na vida p\u00fablica do Piau\u00ed.<\/p>\n<\/div>\n<div class=\"content\">\n<p>Ela deixa seis filhos: o vice-governador Them\u00edstocles Filho, que tamb\u00e9m presidiu a Assembleia Legislativa do Piau\u00ed (Alepi); o ex-deputado federal Marllos Sampaio; al\u00e9m de Santilha Maria, Mari\u00e2ngela Sampaio, Fernanda Maria e Mauro Sampaio.<\/p>\n<p>At\u00e9 o momento, a fam\u00edlia n\u00e3o divulgou oficialmente informa\u00e7\u00f5es sobre o local e os hor\u00e1rios do vel\u00f3rio e do sepultamento.<\/p>\n<p>Fonte: 180 Graus<\/p>\n<\/div>\n<\/div>\n","protected":false},"excerpt":{"rendered":"<p>A tabeli\u00e3 Anat\u00e1lia de Sampaio Pereira, m\u00e3e do vice-governador do Piau\u00ed, Them\u00edstocles Filho, morreu neste s\u00e1bado (05\/09), aos 89 anos, em Teresina. Anat\u00e1lia estava internada em um hospital particular da capital ap\u00f3s sofrer um acidente dom\u00e9stico. Ela teria sofrido uma queda que provocou uma fratura no f\u00eamur. O quadro de sa\u00fade apresentou complica\u00e7\u00f5es e ela &hellip;<\/p>\n","protected":false},"author":4,"featured_media":96285,"comment_status":"open","ping_status":"open","sticky":false,"template":"","format":"standard","meta":{"content-type":"","rop_custom_images_group":[],"rop_custom_messages_group":[],"rop_publish_now":"no","rop_publish_now_accounts":{"facebook_2648258775420054_1618374048415101":""},"rop_publish_now_history":[{"account":"facebook_2648258775420054_1618374048415101","service":"facebook","timestamp":1788656833,"status":"success"}],"rop_publish_now_status":"done","footnotes":"","_jetpack_memberships_contains_paid_content":false},"categories":[118],"tags":[],"yoast_head":"<!-- This site is optimized with the Yoast SEO plugin v22.3 - https:\/\/yoast.com\/wordpress\/plugins\/seo\/ -->\n<title>Morre aos 89 anos Anat\u00e1lia Sampaio, m\u00e3e do vice-governador Them\u00edstocles Filho - Portal NPM<\/title>\n<meta name=\"robots\" content=\"index, follow, max-snippet:-1, max-image-preview:large, max-video-preview:-1\" \/>\n<link rel=\"canonical\" href=\"https:\/\/portalnpm.com\/index.php\/2026\/09\/05\/morre-aos-89-anos-anatalia-sampaio-mae-do-vice-governador-themistocles-filho\/\" \/>\n<meta property=\"og:locale\" content=\"pt_BR\" \/>\n<meta property=\"og:type\" content=\"article\" \/>\n<meta property=\"og:title\" content=\"Morre aos 89 anos Anat\u00e1lia Sampaio, m\u00e3e do vice-governador Them\u00edstocles Filho - Portal NPM\" \/>\n<meta property=\"og:description\" content=\"A tabeli\u00e3 Anat\u00e1lia de Sampaio Pereira, m\u00e3e do vice-governador do Piau\u00ed, Them\u00edstocles Filho, morreu neste s\u00e1bado (05\/09), aos 89 anos, em Teresina. Anat\u00e1lia estava internada em um hospital particular da capital ap\u00f3s sofrer um acidente dom\u00e9stico. Ela teria sofrido uma queda que provocou uma fratura no f\u00eamur. O quadro de sa\u00fade apresentou complica\u00e7\u00f5es e ela &hellip;\" \/>\n<meta property=\"og:url\" content=\"https:\/\/portalnpm.com\/index.php\/2026\/09\/05\/morre-aos-89-anos-anatalia-sampaio-mae-do-vice-governador-themistocles-filho\/\" \/>\n<meta property=\"og:site_name\" content=\"Portal NPM\" \/>\n<meta property=\"article:published_time\" content=\"2026-09-06T01:06:54+00:00\" \/>\n<meta property=\"og:image\" content=\"https:\/\/portalnpm.com\/wp-content\/uploads\/2026\/09\/imagem_2026-09-05_105927837_-3433727738356734890.png\" \/>\n\t<meta property=\"og:image:width\" content=\"942\" \/>\n\t<meta property=\"og:image:height\" content=\"651\" \/>\n\t<meta property=\"og:image:type\" content=\"image\/png\" \/>\n<meta name=\"author\" content=\"Reda\u00e7\u00e3o\" \/>\n<meta name=\"twitter:card\" content=\"summary_large_image\" \/>\n<meta name=\"twitter:label1\" content=\"Escrito por\" \/>\n\t<meta name=\"twitter:data1\" content=\"Reda\u00e7\u00e3o\" \/>\n\t<meta name=\"twitter:label2\" content=\"Est. tempo de leitura\" \/>\n\t<meta name=\"twitter:data2\" content=\"1 minuto\" \/>\n<script type=\"application\/ld+json\" class=\"yoast-schema-graph\">{\"@context\":\"https:\/\/schema.org\",\"@graph\":[{\"@type\":\"WebPage\",\"@id\":\"https:\/\/portalnpm.com\/index.php\/2026\/09\/05\/morre-aos-89-anos-anatalia-sampaio-mae-do-vice-governador-themistocles-filho\/\",\"url\":\"https:\/\/portalnpm.com\/index.php\/2026\/09\/05\/morre-aos-89-anos-anatalia-sampaio-mae-do-vice-governador-themistocles-filho\/\",\"name\":\"Morre aos 89 anos Anat\u00e1lia Sampaio, m\u00e3e do vice-governador Them\u00edstocles Filho - Portal NPM\",\"isPartOf\":{\"@id\":\"https:\/\/portalnpm.com\/#website\"},\"primaryImageOfPage\":{\"@id\":\"https:\/\/portalnpm.com\/index.php\/2026\/09\/05\/morre-aos-89-anos-anatalia-sampaio-mae-do-vice-governador-themistocles-filho\/#primaryimage\"},\"image\":{\"@id\":\"https:\/\/portalnpm.com\/index.php\/2026\/09\/05\/morre-aos-89-anos-anatalia-sampaio-mae-do-vice-governador-themistocles-filho\/#primaryimage\"},\"thumbnailUrl\":\"https:\/\/portalnpm.com\/wp-content\/uploads\/2026\/09\/imagem_2026-09-05_105927837_-3433727738356734890.png\",\"datePublished\":\"2026-09-06T01:06:54+00:00\",\"dateModified\":\"2026-09-06T01:06:54+00:00\",\"author\":{\"@id\":\"https:\/\/portalnpm.com\/#\/schema\/person\/0b5f230ec96cee25504fa328e7f2b733\"},\"breadcrumb\":{\"@id\":\"https:\/\/portalnpm.com\/index.php\/2026\/09\/05\/morre-aos-89-anos-anatalia-sampaio-mae-do-vice-governador-themistocles-filho\/#breadcrumb\"},\"inLanguage\":\"pt-BR\",\"potentialAction\":[{\"@type\":\"ReadAction\",\"target\":[\"https:\/\/portalnpm.com\/index.php\/2026\/09\/05\/morre-aos-89-anos-anatalia-sampaio-mae-do-vice-governador-themistocles-filho\/\"]}]},{\"@type\":\"ImageObject\",\"inLanguage\":\"pt-BR\",\"@id\":\"https:\/\/portalnpm.com\/index.php\/2026\/09\/05\/morre-aos-89-anos-anatalia-sampaio-mae-do-vice-governador-themistocles-filho\/#primaryimage\",\"url\":\"https:\/\/portalnpm.com\/wp-content\/uploads\/2026\/09\/imagem_2026-09-05_105927837_-3433727738356734890.png\",\"contentUrl\":\"https:\/\/portalnpm.com\/wp-content\/uploads\/2026\/09\/imagem_2026-09-05_105927837_-3433727738356734890.png\",\"width\":942,\"height\":651},{\"@type\":\"BreadcrumbList\",\"@id\":\"https:\/\/portalnpm.com\/index.php\/2026\/09\/05\/morre-aos-89-anos-anatalia-sampaio-mae-do-vice-governador-themistocles-filho\/#breadcrumb\",\"itemListElement\":[{\"@type\":\"ListItem\",\"position\":1,\"name\":\"In\u00edcio\",\"item\":\"https:\/\/portalnpm.com\/\"},{\"@type\":\"ListItem\",\"position\":2,\"name\":\"Morre aos 89 anos Anat\u00e1lia Sampaio, m\u00e3e do vice-governador Them\u00edstocles Filho\"}]},{\"@type\":\"WebSite\",\"@id\":\"https:\/\/portalnpm.com\/#website\",\"url\":\"https:\/\/portalnpm.com\/\",\"name\":\"Portal NPM\",\"description\":\"Not\u00edcias em Primeira M\u00e3o\",\"potentialAction\":[{\"@type\":\"SearchAction\",\"target\":{\"@type\":\"EntryPoint\",\"urlTemplate\":\"https:\/\/portalnpm.com\/?s={search_term_string}\"},\"query-input\":\"required name=search_term_string\"}],\"inLanguage\":\"pt-BR\"},{\"@type\":\"Person\",\"@id\":\"https:\/\/portalnpm.com\/#\/schema\/person\/0b5f230ec96cee25504fa328e7f2b733\",\"name\":\"Reda\u00e7\u00e3o\",\"image\":{\"@type\":\"ImageObject\",\"inLanguage\":\"pt-BR\",\"@id\":\"https:\/\/portalnpm.com\/#\/schema\/person\/image\/\",\"url\":\"https:\/\/portalnpm.com\/wp-content\/uploads\/2024\/03\/avatar_user_4_1710097212-96x96.png\",\"contentUrl\":\"https:\/\/portalnpm.com\/wp-content\/uploads\/2024\/03\/avatar_user_4_1710097212-96x96.png\",\"caption\":\"Reda\u00e7\u00e3o\"},\"url\":\"https:\/\/portalnpm.com\/index.php\/author\/redacao\/\"}]}<\/script>\n<!-- \/ Yoast SEO plugin. -->","yoast_head_json":{"title":"Morre aos 89 anos Anat\u00e1lia Sampaio, m\u00e3e do vice-governador Them\u00edstocles Filho - Portal NPM","robots":{"index":"index","follow":"follow","max-snippet":"max-snippet:-1","max-image-preview":"max-image-preview:large","max-video-preview":"max-video-preview:-1"},"canonical":"https:\/\/portalnpm.com\/index.php\/2026\/09\/05\/morre-aos-89-anos-anatalia-sampaio-mae-do-vice-governador-themistocles-filho\/","og_locale":"pt_BR","og_type":"article","og_title":"Morre aos 89 anos Anat\u00e1lia Sampaio, m\u00e3e do vice-governador Them\u00edstocles Filho - Portal NPM","og_description":"A tabeli\u00e3 Anat\u00e1lia de Sampaio Pereira, m\u00e3e do vice-governador do Piau\u00ed, Them\u00edstocles Filho, morreu neste s\u00e1bado (05\/09), aos 89 anos, em Teresina. Anat\u00e1lia estava internada em um hospital particular da capital ap\u00f3s sofrer um acidente dom\u00e9stico. Ela teria sofrido uma queda que provocou uma fratura no f\u00eamur. O quadro de sa\u00fade apresentou complica\u00e7\u00f5es e ela &hellip;","og_url":"https:\/\/portalnpm.com\/index.php\/2026\/09\/05\/morre-aos-89-anos-anatalia-sampaio-mae-do-vice-governador-themistocles-filho\/","og_site_name":"Portal NPM","article_published_time":"2026-09-06T01:06:54+00:00","og_image":[{"width":942,"height":651,"url":"https:\/\/portalnpm.com\/wp-content\/uploads\/2026\/09\/imagem_2026-09-05_105927837_-3433727738356734890.png","type":"image\/png"}],"author":"Reda\u00e7\u00e3o","twitter_card":"summary_large_image","twitter_misc":{"Escrito por":"Reda\u00e7\u00e3o","Est. tempo de leitura":"1 minuto"},"schema":{"@context":"https:\/\/schema.org","@graph":[{"@type":"WebPage","@id":"https:\/\/portalnpm.com\/index.php\/2026\/09\/05\/morre-aos-89-anos-anatalia-sampaio-mae-do-vice-governador-themistocles-filho\/","url":"https:\/\/portalnpm.com\/index.php\/2026\/09\/05\/morre-aos-89-anos-anatalia-sampaio-mae-do-vice-governador-themistocles-filho\/","name":"Morre aos 89 anos Anat\u00e1lia Sampaio, m\u00e3e do vice-governador Them\u00edstocles Filho - Portal NPM","isPartOf":{"@id":"https:\/\/portalnpm.com\/#website"},"primaryImageOfPage":{"@id":"https:\/\/portalnpm.com\/index.php\/2026\/09\/05\/morre-aos-89-anos-anatalia-sampaio-mae-do-vice-governador-themistocles-filho\/#primaryimage"},"image":{"@id":"https:\/\/portalnpm.com\/index.php\/2026\/09\/05\/morre-aos-89-anos-anatalia-sampaio-mae-do-vice-governador-themistocles-filho\/#primaryimage"},"thumbnailUrl":"https:\/\/portalnpm.com\/wp-content\/uploads\/2026\/09\/imagem_2026-09-05_105927837_-3433727738356734890.png","datePublished":"2026-09-06T01:06:54+00:00","dateModified":"2026-09-06T01:06:54+00:00","author":{"@id":"https:\/\/portalnpm.com\/#\/schema\/person\/0b5f230ec96cee25504fa328e7f2b733"},"breadcrumb":{"@id":"https:\/\/portalnpm.com\/index.php\/2026\/09\/05\/morre-aos-89-anos-anatalia-sampaio-mae-do-vice-governador-themistocles-filho\/#breadcrumb"},"inLanguage":"pt-BR","potentialAction":[{"@type":"ReadAction","target":["https:\/\/portalnpm.com\/index.php\/2026\/09\/05\/morre-aos-89-anos-anatalia-sampaio-mae-do-vice-governador-themistocles-filho\/"]}]},{"@type":"ImageObject","inLanguage":"pt-BR","@id":"https:\/\/portalnpm.com\/index.php\/2026\/09\/05\/morre-aos-89-anos-anatalia-sampaio-mae-do-vice-governador-themistocles-filho\/#primaryimage","url":"https:\/\/portalnpm.com\/wp-content\/uploads\/2026\/09\/imagem_2026-09-05_105927837_-3433727738356734890.png","contentUrl":"https:\/\/portalnpm.com\/wp-content\/uploads\/2026\/09\/imagem_2026-09-05_105927837_-3433727738356734890.png","width":942,"height":651},{"@type":"BreadcrumbList","@id":"https:\/\/portalnpm.com\/index.php\/2026\/09\/05\/morre-aos-89-anos-anatalia-sampaio-mae-do-vice-governador-themistocles-filho\/#breadcrumb","itemListElement":[{"@type":"ListItem","position":1,"name":"In\u00edcio","item":"https:\/\/portalnpm.com\/"},{"@type":"ListItem","position":2,"name":"Morre aos 89 anos Anat\u00e1lia Sampaio, m\u00e3e do vice-governador Them\u00edstocles Filho"}]},{"@type":"WebSite","@id":"https:\/\/portalnpm.com\/#website","url":"https:\/\/portalnpm.com\/","name":"Portal NPM","description":"Not\u00edcias em Primeira M\u00e3o","potentialAction":[{"@type":"SearchAction","target":{"@type":"EntryPoint","urlTemplate":"https:\/\/portalnpm.com\/?s={search_term_string}"},"query-input":"required name=search_term_string"}],"inLanguage":"pt-BR"},{"@type":"Person","@id":"https:\/\/portalnpm.com\/#\/schema\/person\/0b5f230ec96cee25504fa328e7f2b733","name":"Reda\u00e7\u00e3o","image":{"@type":"ImageObject","inLanguage":"pt-BR","@id":"https:\/\/portalnpm.com\/#\/schema\/person\/image\/","url":"https:\/\/portalnpm.com\/wp-content\/uploads\/2024\/03\/avatar_user_4_1710097212-96x96.png","contentUrl":"https:\/\/portalnpm.com\/wp-content\/uploads\/2024\/03\/avatar_user_4_1710097212-96x96.png","caption":"Reda\u00e7\u00e3o"},"url":"https:\/\/portalnpm.com\/index.php\/author\/redacao\/"}]}},"jetpack_sharing_enabled":true,"jetpack_featured_media_url":"https:\/\/portalnpm.com\/wp-content\/uploads\/2026\/09\/imagem_2026-09-05_105927837_-3433727738356734890.png","_links":{"self":[{"href":"https:\/\/portalnpm.com\/index.php\/wp-json\/wp\/v2\/posts\/96284"}],"collection":[{"href":"https:\/\/portalnpm.com\/index.php\/wp-json\/wp\/v2\/posts"}],"about":[{"href":"https:\/\/portalnpm.com\/index.php\/wp-json\/wp\/v2\/types\/post"}],"author":[{"embeddable":true,"href":"https:\/\/portalnpm.com\/index.php\/wp-json\/wp\/v2\/users\/4"}],"replies":[{"embeddable":true,"href":"https:\/\/portalnpm.com\/index.php\/wp-json\/wp\/v2\/comments?post=96284"}],"version-history":[{"count":1,"href":"https:\/\/portalnpm.com\/index.php\/wp-json\/wp\/v2\/posts\/96284\/revisions"}],"predecessor-version":[{"id":96286,"href":"https:\/\/portalnpm.com\/index.php\/wp-json\/wp\/v2\/posts\/96284\/revisions\/96286"}],"wp:featuredmedia":[{"embeddable":true,"href":"https:\/\/portalnpm.com\/index.php\/wp-json\/wp\/v2\/media\/96285"}],"wp:attachment":[{"href":"https:\/\/portalnpm.com\/index.php\/wp-json\/wp\/v2\/media?parent=96284"}],"wp:term":[{"taxonomy":"category","embeddable":true,"href":"https:\/\/portalnpm.com\/index.php\/wp-json\/wp\/v2\/categories?post=96284"},{"taxonomy":"post_tag","embeddable":true,"href":"https:\/\/portalnpm.com\/index.php\/wp-json\/wp\/v2\/tags?post=96284"}],"curies":[{"name":"wp","href":"https:\/\/api.w.org\/{rel}","templated":true}]}}