{"id":9629,"date":"2019-07-08T13:45:31","date_gmt":"2019-07-08T16:45:31","guid":{"rendered":"http:\/\/srv.portalnpm.com.br\/?p=9629"},"modified":"2019-07-08T13:45:31","modified_gmt":"2019-07-08T16:45:31","slug":"dom-plinio-pede-apoio-da-populacao-para-a-reforma-da-catedral","status":"publish","type":"post","link":"https:\/\/portalnpm.com\/index.php\/2019\/07\/08\/dom-plinio-pede-apoio-da-populacao-para-a-reforma-da-catedral\/","title":{"rendered":"Dom Pl\u00ednio pede apoio da popula\u00e7\u00e3o para a reforma da Catedral"},"content":{"rendered":"<p style=\"text-align: justify;\">As obras de reforma da Catedral de Nossa Senhora dos Rem\u00e9dios ser\u00e3o retomadas nos pr\u00f3ximos dias. A Diocese se prepara para a continuidade dos trabalhos, ap\u00f3s o impasse judicial que embargou a execu\u00e7\u00e3o do projeto.<\/p>\n<p style=\"text-align: justify;\">\u201cN\u00f3s fomos barrados quando iniciamos a remo\u00e7\u00e3o do piso. Fomos notificados pelo Minist\u00e9rio P\u00fablico e atendemos a sua recomenda\u00e7\u00e3o, ap\u00f3s um processo legal o mesmo se posicionou favor\u00e1vel a continua\u00e7\u00e3o da obra e vamos seguindo aquilo que \u00e9 do nosso direito, pois estamos regularizados para isso\u201d, disse o bispo diocesano, Pl\u00ednio Jos\u00e9 da Silva.<\/p>\n<p style=\"text-align: justify;\">A programa\u00e7\u00e3o da obra, segue pela condu\u00e7\u00e3o do p\u00e1roco de Nossa Senhora dos Rem\u00e9dios, Padre Francisco Pereira Borges, mais conhecido pela comunidade cat\u00f3lica como Padre Chiquinho.<\/p>\n<p style=\"text-align: justify;\">Dom Pl\u00ednio pediu o apoio da popula\u00e7\u00e3o durante a reforma. \u201cO povo que quer a reforma do piso da catedral por certo vai colaborar nesta parte financeira. Temos um or\u00e7amento, mas sabemos que em obra tudo \u00e9 imprevis\u00edvel, uma vez que a igreja n\u00e3o tem reservas de grande porte para custear a obra integralmente\u201d.<\/p>\n<p><img fetchpriority=\"high\" decoding=\"async\" class=\"aligncenter size-full wp-image-9630\" src=\"http:\/\/portalnpm.com\/wp-content\/uploads\/2019\/07\/IMG_46181.jpg\" alt=\"\" width=\"900\" height=\"600\" \/><\/p>\n<p style=\"text-align: justify;\"><strong>A Obra<\/strong><\/p>\n<p style=\"text-align: justify;\">Or\u00e7ada em aproximadamente R$ 800 mil e com previs\u00e3o de conclus\u00e3o para fevereiro de 2020, a obra seria custeada por campanhas realizadas pela par\u00f3quia e contempla a mudan\u00e7a do piso, restaura\u00e7\u00e3o dos vitrais e adequa\u00e7\u00e3o da arquitetura sacra aos padr\u00f5es do Conselho do Vaticano II.<\/p>\n<p style=\"text-align: justify;\">De acordo com o, Ayrton Jos\u00e9 da Costa Luz, engenheiro civil respons\u00e1vel pela obra, o piso retirado far\u00e1 parte da campanha.<\/p>\n<p style=\"text-align: justify;\">\u201cOs mosaicos, chamados ladrilhos hidr\u00e1ulicos, est\u00e3o sendo limpos, moldurados, adesivados e far\u00e3o parte de uma campanha para arrecada\u00e7\u00e3o de fundos. Eles ser\u00e3o lembran\u00e7as para as fam\u00edlias que ajudar\u00e3o\u201d, explicou o engenheiro.<\/p>\n<p style=\"text-align: justify;\">picos 40 graus<\/p>\n","protected":false},"excerpt":{"rendered":"<p>As obras de reforma da Catedral de Nossa Senhora dos Rem\u00e9dios ser\u00e3o retomadas nos pr\u00f3ximos dias. A Diocese se prepara para a continuidade dos trabalhos, ap\u00f3s o impasse judicial que embargou a execu\u00e7\u00e3o do projeto. \u201cN\u00f3s fomos barrados quando iniciamos a remo\u00e7\u00e3o do piso. Fomos notificados pelo Minist\u00e9rio P\u00fablico e atendemos a sua recomenda\u00e7\u00e3o, ap\u00f3s &hellip;<\/p>\n","protected":false},"author":8,"featured_media":9631,"comment_status":"open","ping_status":"open","sticky":false,"template":"","format":"standard","meta":{"content-type":"","rop_custom_images_group":[],"rop_custom_messages_group":[],"rop_publish_now":"initial","rop_publish_now_accounts":{"facebook_2648258775420054_1618374048415101":""},"rop_publish_now_history":[],"rop_publish_now_status":"pending","footnotes":"","_jetpack_memberships_contains_paid_content":false},"categories":[113,127],"tags":[576,3069,811,2080],"yoast_head":"<!-- This site is optimized with the Yoast SEO plugin v22.3 - https:\/\/yoast.com\/wordpress\/plugins\/seo\/ -->\n<title>Dom Pl\u00ednio pede apoio da popula\u00e7\u00e3o para a reforma da Catedral - Portal NPM<\/title>\n<meta name=\"robots\" content=\"index, follow, max-snippet:-1, max-image-preview:large, max-video-preview:-1\" \/>\n<link rel=\"canonical\" href=\"https:\/\/portalnpm.com\/index.php\/2019\/07\/08\/dom-plinio-pede-apoio-da-populacao-para-a-reforma-da-catedral\/\" \/>\n<meta property=\"og:locale\" content=\"pt_BR\" \/>\n<meta property=\"og:type\" content=\"article\" \/>\n<meta property=\"og:title\" content=\"Dom Pl\u00ednio pede apoio da popula\u00e7\u00e3o para a reforma da Catedral - Portal NPM\" \/>\n<meta property=\"og:description\" content=\"As obras de reforma da Catedral de Nossa Senhora dos Rem\u00e9dios ser\u00e3o retomadas nos pr\u00f3ximos dias. A Diocese se prepara para a continuidade dos trabalhos, ap\u00f3s o impasse judicial que embargou a execu\u00e7\u00e3o do projeto. \u201cN\u00f3s fomos barrados quando iniciamos a remo\u00e7\u00e3o do piso. Fomos notificados pelo Minist\u00e9rio P\u00fablico e atendemos a sua recomenda\u00e7\u00e3o, ap\u00f3s &hellip;\" \/>\n<meta property=\"og:url\" content=\"https:\/\/portalnpm.com\/index.php\/2019\/07\/08\/dom-plinio-pede-apoio-da-populacao-para-a-reforma-da-catedral\/\" \/>\n<meta property=\"og:site_name\" content=\"Portal NPM\" \/>\n<meta property=\"article:published_time\" content=\"2019-07-08T16:45:31+00:00\" \/>\n<meta name=\"author\" content=\"Zenilton Lima\" \/>\n<meta name=\"twitter:card\" content=\"summary_large_image\" \/>\n<meta name=\"twitter:label1\" content=\"Escrito por\" \/>\n\t<meta name=\"twitter:data1\" content=\"Zenilton Lima\" \/>\n\t<meta name=\"twitter:label2\" content=\"Est. tempo de leitura\" \/>\n\t<meta name=\"twitter:data2\" content=\"2 minutos\" \/>\n<script type=\"application\/ld+json\" class=\"yoast-schema-graph\">{\"@context\":\"https:\/\/schema.org\",\"@graph\":[{\"@type\":\"WebPage\",\"@id\":\"https:\/\/portalnpm.com\/index.php\/2019\/07\/08\/dom-plinio-pede-apoio-da-populacao-para-a-reforma-da-catedral\/\",\"url\":\"https:\/\/portalnpm.com\/index.php\/2019\/07\/08\/dom-plinio-pede-apoio-da-populacao-para-a-reforma-da-catedral\/\",\"name\":\"Dom Pl\u00ednio pede apoio da popula\u00e7\u00e3o para a reforma da Catedral - Portal NPM\",\"isPartOf\":{\"@id\":\"https:\/\/portalnpm.com\/#website\"},\"primaryImageOfPage\":{\"@id\":\"https:\/\/portalnpm.com\/index.php\/2019\/07\/08\/dom-plinio-pede-apoio-da-populacao-para-a-reforma-da-catedral\/#primaryimage\"},\"image\":{\"@id\":\"https:\/\/portalnpm.com\/index.php\/2019\/07\/08\/dom-plinio-pede-apoio-da-populacao-para-a-reforma-da-catedral\/#primaryimage\"},\"thumbnailUrl\":\"\",\"datePublished\":\"2019-07-08T16:45:31+00:00\",\"dateModified\":\"2019-07-08T16:45:31+00:00\",\"author\":{\"@id\":\"https:\/\/portalnpm.com\/#\/schema\/person\/35cb55186eae3f074b6783da6d35591e\"},\"breadcrumb\":{\"@id\":\"https:\/\/portalnpm.com\/index.php\/2019\/07\/08\/dom-plinio-pede-apoio-da-populacao-para-a-reforma-da-catedral\/#breadcrumb\"},\"inLanguage\":\"pt-BR\",\"potentialAction\":[{\"@type\":\"ReadAction\",\"target\":[\"https:\/\/portalnpm.com\/index.php\/2019\/07\/08\/dom-plinio-pede-apoio-da-populacao-para-a-reforma-da-catedral\/\"]}]},{\"@type\":\"ImageObject\",\"inLanguage\":\"pt-BR\",\"@id\":\"https:\/\/portalnpm.com\/index.php\/2019\/07\/08\/dom-plinio-pede-apoio-da-populacao-para-a-reforma-da-catedral\/#primaryimage\",\"url\":\"\",\"contentUrl\":\"\"},{\"@type\":\"BreadcrumbList\",\"@id\":\"https:\/\/portalnpm.com\/index.php\/2019\/07\/08\/dom-plinio-pede-apoio-da-populacao-para-a-reforma-da-catedral\/#breadcrumb\",\"itemListElement\":[{\"@type\":\"ListItem\",\"position\":1,\"name\":\"In\u00edcio\",\"item\":\"https:\/\/portalnpm.com\/\"},{\"@type\":\"ListItem\",\"position\":2,\"name\":\"Dom Pl\u00ednio pede apoio da popula\u00e7\u00e3o para a reforma da Catedral\"}]},{\"@type\":\"WebSite\",\"@id\":\"https:\/\/portalnpm.com\/#website\",\"url\":\"https:\/\/portalnpm.com\/\",\"name\":\"Portal NPM\",\"description\":\"Not\u00edcias em Primeira M\u00e3o\",\"potentialAction\":[{\"@type\":\"SearchAction\",\"target\":{\"@type\":\"EntryPoint\",\"urlTemplate\":\"https:\/\/portalnpm.com\/?s={search_term_string}\"},\"query-input\":\"required name=search_term_string\"}],\"inLanguage\":\"pt-BR\"},{\"@type\":\"Person\",\"@id\":\"https:\/\/portalnpm.com\/#\/schema\/person\/35cb55186eae3f074b6783da6d35591e\",\"name\":\"Zenilton Lima\",\"image\":{\"@type\":\"ImageObject\",\"inLanguage\":\"pt-BR\",\"@id\":\"https:\/\/portalnpm.com\/#\/schema\/person\/image\/\",\"url\":\"https:\/\/portalnpm.com\/wp-content\/uploads\/2024\/12\/avatar_user_8_1733658137-96x96.jpeg\",\"contentUrl\":\"https:\/\/portalnpm.com\/wp-content\/uploads\/2024\/12\/avatar_user_8_1733658137-96x96.jpeg\",\"caption\":\"Zenilton Lima\"},\"url\":\"https:\/\/portalnpm.com\/index.php\/author\/zenilton\/\"}]}<\/script>\n<!-- \/ Yoast SEO plugin. -->","yoast_head_json":{"title":"Dom Pl\u00ednio pede apoio da popula\u00e7\u00e3o para a reforma da Catedral - Portal NPM","robots":{"index":"index","follow":"follow","max-snippet":"max-snippet:-1","max-image-preview":"max-image-preview:large","max-video-preview":"max-video-preview:-1"},"canonical":"https:\/\/portalnpm.com\/index.php\/2019\/07\/08\/dom-plinio-pede-apoio-da-populacao-para-a-reforma-da-catedral\/","og_locale":"pt_BR","og_type":"article","og_title":"Dom Pl\u00ednio pede apoio da popula\u00e7\u00e3o para a reforma da Catedral - Portal NPM","og_description":"As obras de reforma da Catedral de Nossa Senhora dos Rem\u00e9dios ser\u00e3o retomadas nos pr\u00f3ximos dias. A Diocese se prepara para a continuidade dos trabalhos, ap\u00f3s o impasse judicial que embargou a execu\u00e7\u00e3o do projeto. \u201cN\u00f3s fomos barrados quando iniciamos a remo\u00e7\u00e3o do piso. Fomos notificados pelo Minist\u00e9rio P\u00fablico e atendemos a sua recomenda\u00e7\u00e3o, ap\u00f3s &hellip;","og_url":"https:\/\/portalnpm.com\/index.php\/2019\/07\/08\/dom-plinio-pede-apoio-da-populacao-para-a-reforma-da-catedral\/","og_site_name":"Portal NPM","article_published_time":"2019-07-08T16:45:31+00:00","author":"Zenilton Lima","twitter_card":"summary_large_image","twitter_misc":{"Escrito por":"Zenilton Lima","Est. tempo de leitura":"2 minutos"},"schema":{"@context":"https:\/\/schema.org","@graph":[{"@type":"WebPage","@id":"https:\/\/portalnpm.com\/index.php\/2019\/07\/08\/dom-plinio-pede-apoio-da-populacao-para-a-reforma-da-catedral\/","url":"https:\/\/portalnpm.com\/index.php\/2019\/07\/08\/dom-plinio-pede-apoio-da-populacao-para-a-reforma-da-catedral\/","name":"Dom Pl\u00ednio pede apoio da popula\u00e7\u00e3o para a reforma da Catedral - Portal NPM","isPartOf":{"@id":"https:\/\/portalnpm.com\/#website"},"primaryImageOfPage":{"@id":"https:\/\/portalnpm.com\/index.php\/2019\/07\/08\/dom-plinio-pede-apoio-da-populacao-para-a-reforma-da-catedral\/#primaryimage"},"image":{"@id":"https:\/\/portalnpm.com\/index.php\/2019\/07\/08\/dom-plinio-pede-apoio-da-populacao-para-a-reforma-da-catedral\/#primaryimage"},"thumbnailUrl":"","datePublished":"2019-07-08T16:45:31+00:00","dateModified":"2019-07-08T16:45:31+00:00","author":{"@id":"https:\/\/portalnpm.com\/#\/schema\/person\/35cb55186eae3f074b6783da6d35591e"},"breadcrumb":{"@id":"https:\/\/portalnpm.com\/index.php\/2019\/07\/08\/dom-plinio-pede-apoio-da-populacao-para-a-reforma-da-catedral\/#breadcrumb"},"inLanguage":"pt-BR","potentialAction":[{"@type":"ReadAction","target":["https:\/\/portalnpm.com\/index.php\/2019\/07\/08\/dom-plinio-pede-apoio-da-populacao-para-a-reforma-da-catedral\/"]}]},{"@type":"ImageObject","inLanguage":"pt-BR","@id":"https:\/\/portalnpm.com\/index.php\/2019\/07\/08\/dom-plinio-pede-apoio-da-populacao-para-a-reforma-da-catedral\/#primaryimage","url":"","contentUrl":""},{"@type":"BreadcrumbList","@id":"https:\/\/portalnpm.com\/index.php\/2019\/07\/08\/dom-plinio-pede-apoio-da-populacao-para-a-reforma-da-catedral\/#breadcrumb","itemListElement":[{"@type":"ListItem","position":1,"name":"In\u00edcio","item":"https:\/\/portalnpm.com\/"},{"@type":"ListItem","position":2,"name":"Dom Pl\u00ednio pede apoio da popula\u00e7\u00e3o para a reforma da Catedral"}]},{"@type":"WebSite","@id":"https:\/\/portalnpm.com\/#website","url":"https:\/\/portalnpm.com\/","name":"Portal NPM","description":"Not\u00edcias em Primeira M\u00e3o","potentialAction":[{"@type":"SearchAction","target":{"@type":"EntryPoint","urlTemplate":"https:\/\/portalnpm.com\/?s={search_term_string}"},"query-input":"required name=search_term_string"}],"inLanguage":"pt-BR"},{"@type":"Person","@id":"https:\/\/portalnpm.com\/#\/schema\/person\/35cb55186eae3f074b6783da6d35591e","name":"Zenilton Lima","image":{"@type":"ImageObject","inLanguage":"pt-BR","@id":"https:\/\/portalnpm.com\/#\/schema\/person\/image\/","url":"https:\/\/portalnpm.com\/wp-content\/uploads\/2024\/12\/avatar_user_8_1733658137-96x96.jpeg","contentUrl":"https:\/\/portalnpm.com\/wp-content\/uploads\/2024\/12\/avatar_user_8_1733658137-96x96.jpeg","caption":"Zenilton Lima"},"url":"https:\/\/portalnpm.com\/index.php\/author\/zenilton\/"}]}},"jetpack_sharing_enabled":true,"jetpack_featured_media_url":"","_links":{"self":[{"href":"https:\/\/portalnpm.com\/index.php\/wp-json\/wp\/v2\/posts\/9629"}],"collection":[{"href":"https:\/\/portalnpm.com\/index.php\/wp-json\/wp\/v2\/posts"}],"about":[{"href":"https:\/\/portalnpm.com\/index.php\/wp-json\/wp\/v2\/types\/post"}],"author":[{"embeddable":true,"href":"https:\/\/portalnpm.com\/index.php\/wp-json\/wp\/v2\/users\/8"}],"replies":[{"embeddable":true,"href":"https:\/\/portalnpm.com\/index.php\/wp-json\/wp\/v2\/comments?post=9629"}],"version-history":[{"count":0,"href":"https:\/\/portalnpm.com\/index.php\/wp-json\/wp\/v2\/posts\/9629\/revisions"}],"wp:featuredmedia":[{"embeddable":true,"href":"https:\/\/portalnpm.com\/index.php\/wp-json\/"}],"wp:attachment":[{"href":"https:\/\/portalnpm.com\/index.php\/wp-json\/wp\/v2\/media?parent=9629"}],"wp:term":[{"taxonomy":"category","embeddable":true,"href":"https:\/\/portalnpm.com\/index.php\/wp-json\/wp\/v2\/categories?post=9629"},{"taxonomy":"post_tag","embeddable":true,"href":"https:\/\/portalnpm.com\/index.php\/wp-json\/wp\/v2\/tags?post=9629"}],"curies":[{"name":"wp","href":"https:\/\/api.w.org\/{rel}","templated":true}]}}