{"id":9689,"date":"2019-07-11T23:28:41","date_gmt":"2019-07-12T02:28:41","guid":{"rendered":"http:\/\/srv.portalnpm.com.br\/?p=9689"},"modified":"2019-07-11T23:28:41","modified_gmt":"2019-07-12T02:28:41","slug":"alegrete-do-piaui-em-evento-bastante-prestigiado-nova-diretoria-do-sindicato-dos-trabalhadores-rurais-e-empossada","status":"publish","type":"post","link":"https:\/\/portalnpm.com\/index.php\/2019\/07\/11\/alegrete-do-piaui-em-evento-bastante-prestigiado-nova-diretoria-do-sindicato-dos-trabalhadores-rurais-e-empossada\/","title":{"rendered":"ALEGRETE DO PIAU\u00cd | Em evento bastante prestigiado Nova Diretoria do Sindicato dos Trabalhadores Rurais \u00e9 Empossada"},"content":{"rendered":"<p style=\"text-align: justify;\">Um grande n\u00famero de trabalhadores e trabalhadoras rurais, lideran\u00e7as sindicais e autoridades, participaram nesta ter\u00e7a-feira, 9, da solenidade de posse da nova Diretoria do Sindicato dos Trabalhadores Rurais de Alegrete do Piau\u00ed para o quadri\u00eanio 2019-2023.<\/p>\n<p style=\"text-align: justify;\">A cerim\u00f4nia foi realizada no \u201cPonto de Eventos\u201d, localizado \u00e0s margens da BR-316 na Avenida Central da cidade. Na ocasi\u00e3o, foi empossado o candidato eleito ao cargo de presidente do Sindicato, e os demais membros da diretoria e do Conselho Fiscal.<\/p>\n<p><img decoding=\"async\" src=\"https:\/\/infonewss.com\/wp-content\/uploads\/2019\/07\/DSC_0925.jpg\" \/><\/p>\n<p style=\"text-align: justify;\">A nova diretoria \u00e9 composta pelo presidente Jos\u00e9 Nery de Lima; o vice-presidente, Cleudenor Ramos de Carvalho; a secret\u00e1ria geral, Rejane Maria de Carvalho; a secret\u00e1ria de Finan\u00e7as e Administra\u00e7\u00e3o, Adenilda de Ara\u00fajo Ramos; secret\u00e1ria de Pol\u00edtica Agr\u00edcola, Bernardina Francisca de Sousa; a secret\u00e1ria de Pol\u00edtica Agr\u00e1ria e Meio Ambiente, Maria Ocilia Ramos; a secret\u00e1ria de Mulheres Trabalhadoras Rurais, Mariazinha Ant\u00f4nia da Silva; secret\u00e1ria de Jovens Trabalhadores Rurais, Eva Auzeni da Silva Oliveira e a secret\u00e1rio de Trabalhadores Rurais da 3\u00aa idade, Hermes Gomes da Silva e seus devidos suplentes e tamb\u00e9m os membros do Conselho Fiscal, que s\u00e3o: Maria Vanilda Dias de Carvalho, Maria Percilia de Moraes Pereira e Vitorino Jo\u00e3o de Sousa al\u00e9m dos suplentes.<\/p>\n<p><img decoding=\"async\" src=\"https:\/\/infonewss.com\/wp-content\/uploads\/2019\/07\/DSC_0966-1.jpg\" \/><\/p>\n<p style=\"text-align: justify;\">O Secret\u00e1rio de Administra\u00e7\u00e3o e Finan\u00e7as da FETAG, Evandro Luz, explicou todos os tr\u00e2mites do Sindicato que antecederam a elei\u00e7\u00e3o no munic\u00edpio de Alegrete-PI. \u201cO que aconteceu aqui no munic\u00edpio de Alegrete \u00e9 que antiga diretoria, ap\u00f3s o n\u00e3o cumprimento de prazos exercido pelo \u00f3rg\u00e3o competente fiscalizador, veio a perder o mandato. Neste caso com a perca do mandato, foi criado pelo sindicato a vac\u00e2ncia, ou seja, foi criado uma junta governativa que administrou o \u00f3rg\u00e3o durante 6 (seis) meses, onde dentro deste per\u00edodo foi eleito uma comiss\u00e3o eleitoral para dirigir todo o processo de elei\u00e7\u00e3o, sendo registrada duas chapas, encerrando hoje o ciclo com este evento solene\u201d, disse.<\/p>\n<p><img decoding=\"async\" src=\"https:\/\/infonewss.com\/wp-content\/uploads\/2019\/07\/DSC_0959-1.jpg\" \/><\/p>\n<p style=\"text-align: justify;\">A presidente da junta governista, Joelma, que ficou \u00e0 frente do sindicato nos \u00faltimos 6 (seis) meses deixou uma mensagem aos trabalhadores rurais e a ambas as chapas que disputaram o pleito. \u201cA mensagem que eu deixo \u00e9 que os trabalhados sejam mais presentes ao sindicato, pois a diretoria n\u00e3o tem como andar sozinha, o trabalhador rural \u00e9 a base principal para o sindicato. Para a nova diretoria desejo muita sorte e muita garra, pois v\u00e3o precisar. Com rela\u00e7\u00e3o a disputa eleitoral em duas chapas e com grande concorr\u00eancia, espero que ap\u00f3s a elei\u00e7\u00e3o e agora a posse, nenhum l\u00edder ou grupo afaste os trabalhadores do sindicato, pois a diretoria n\u00e3o \u00e9 a chapa eleita e sim os trabalhadores rurais. \u201d Destacou.<\/p>\n<p><img decoding=\"async\" src=\"https:\/\/infonewss.com\/wp-content\/uploads\/2019\/07\/DSC_0879-1.jpg\" \/><\/p>\n<p style=\"text-align: justify;\">O L\u00edder Pol\u00edtico de Alegrete do Piau\u00ed e apoiador da chapa eleita, Manoel Filho, falou sobre o trabalho durante a campanha, avaliou o momento da posse do novo presidente e agradeceu o empenho de toda a equipe e demonstrou firmeza e disposi\u00e7\u00e3o para lutar pelos direitos dos trabalhadores de Alegrete. \u201cQuero agradecer a todos que nos ajudaram e confiaram na nossa proposta, pois foi muito importante, fizemos a campanha em todo o interior, sempre juntos, uma equipe que trabalhou unida, em grupo, e \u00e9 por isso que tivemos \u00eaxito. Enfrentamos uma grande luta, com o \u00fanico intuito de poder est\u00e1 ajudando os nossos agricultores que por um per\u00edodo estiveram largados, e essa luta teve in\u00edcio logo no registro da campanha, onde realizamos o registro restando apenas tr\u00eas minutos para o encerramento do prazo. Nessa caminhada houve bastante persegui\u00e7\u00f5es, por exemplo com trocas de pessoas de chapas atrav\u00e9s de influenciadores, mas todos viram o nosso empenho desde o in\u00edcio, viram quem nossa luta n\u00e3o era apenas para vencer, mas sim para trazer de volta a dignidade aos homens e mulheres da ro\u00e7a. Que voc\u00ea Nerinho fa\u00e7a um bom trabalho para todos homens e mulheres deste sindicato sem distinguir grupo um ou dois, vou est\u00e1 ajudando no que for poss\u00edvel, seja com conhecimento ou apoio, e foi com esse conhecimento que recentemente conseguimos entregar v\u00e1rios animais para o fortalecimento nossa pecu\u00e1ria atrav\u00e9s do programa viva o semi\u00e1rido, ent\u00e3o esse ser\u00e1 o nosso trabalho, ajudar a todos em especial aqueles que dependem da ro\u00e7a. Concluindo povo de Alegrete, temos que continuar assim, n\u00e3o podemos perder a esperan\u00e7a! \u201d Explanou.<\/p>\n<p><img decoding=\"async\" src=\"https:\/\/infonewss.com\/wp-content\/uploads\/2019\/07\/DSC_1010-1.jpg\" \/><\/p>\n<p>O candidato empossado, eleito ao cargo de presidente do Sindicato, Jos\u00e9 Nery de Lima, discursou bastante emocionado.<\/p>\n<p><img decoding=\"async\" src=\"https:\/\/infonewss.com\/wp-content\/uploads\/2019\/07\/DSC_1047.jpg\" \/><\/p>\n<blockquote>\n<p style=\"text-align: justify;\">\u201cN\u00e3o sou muito bom com palavras, pois n\u00e3o tive muitas oportunidades, vim e sou da ro\u00e7a, e tenho muito orgulho disso. Quero iniciar agradecendo a todos pela confian\u00e7a que a mim depositaram, estou aqui para trabalhar por todos os agricultores rurais de Alegrete independente de lado a ou b. Nossa luta ser\u00e1 constante para tentar melhorar a vida de cada agricultor, e a nossa luta j\u00e1 vem dando certo, recentemente conseguimos beneficiar v\u00e1rios agricultores com o programa viva o semi\u00e1rido, e esse ser\u00e1 o nosso embate, fazer o agricultor ter voz. \u201d Disse.<\/p>\n<\/blockquote>\n<p><img decoding=\"async\" src=\"https:\/\/infonewss.com\/wp-content\/uploads\/2019\/07\/DSC_1031-1.jpg\" \/><\/p>\n<p>Ap\u00f3s o encerramento, foi servido um Jantar para todos os presentes no Club Pai e Filhos, acompanhado de apresenta\u00e7\u00f5es art\u00edsticas com o Sanfoneiro Vit\u00f3rio e Duda Maravilha do Forr\u00f3 Classe A.<\/p>\n<p><img decoding=\"async\" src=\"https:\/\/infonewss.com\/wp-content\/uploads\/2019\/07\/DSC_1071-1.jpg\" \/><\/p>\n<p style=\"text-align: justify;\">Estiveram presentes durante a posse o secret\u00e1rio de Administra\u00e7\u00e3o e Finan\u00e7as da FETAG, Evandro Luz; a primeira suplente da FETAG, Sandra; o secret\u00e1rio jovem da FETAG, Diassis; os coordenadores p\u00f3lo de Picos, Joelma Veloso e Paulo Carvalho e os demais, Lib\u00f3rio Rocha de Sussuapara, e Francisco El\u00edsio de Geminiano; juntamente com autoridades do munic\u00edpio alegretense, a vice-prefeita Hermelinda Gomes; o vereador Manoel Ramos e a Advogada DR\u00aa Edna; al\u00e9m dos l\u00edderes pol\u00edticos Manoel Filho e D\u00e3o; o Empres\u00e1rio Janiel e a presidente do sindicato dos servidores p\u00fablicos Carleide.<\/p>\n<p><img decoding=\"async\" src=\"https:\/\/infonewss.com\/wp-content\/uploads\/2019\/07\/DSC_0998.jpg\" \/><\/p>\n<p>Elei\u00e7\u00e3o<\/p>\n<p>As elei\u00e7\u00f5es para o cargo de presidente do Sindicato dos Trabalhadores Rurais ocorrem a cada 4 (quatro) anos. Jos\u00e9 Nery de Lima juntamente com a nova diretoria foi eleito com 290 votos.<\/p>\n<p><strong>FONTE: Info Newss<\/strong><\/p>\n","protected":false},"excerpt":{"rendered":"<p>Um grande n\u00famero de trabalhadores e trabalhadoras rurais, lideran\u00e7as sindicais e autoridades, participaram nesta ter\u00e7a-feira, 9, da solenidade de posse da nova Diretoria do Sindicato dos Trabalhadores Rurais de Alegrete do Piau\u00ed para o quadri\u00eanio 2019-2023. A cerim\u00f4nia foi realizada no \u201cPonto de Eventos\u201d, localizado \u00e0s margens da BR-316 na Avenida Central da cidade. Na &hellip;<\/p>\n","protected":false},"author":3,"featured_media":9690,"comment_status":"open","ping_status":"open","sticky":false,"template":"","format":"standard","meta":{"content-type":"","rop_custom_images_group":[],"rop_custom_messages_group":[],"rop_publish_now":"initial","rop_publish_now_accounts":{"facebook_2648258775420054_1618374048415101":""},"rop_publish_now_history":[],"rop_publish_now_status":"pending","footnotes":"","_jetpack_memberships_contains_paid_content":false},"categories":[110,109],"tags":[196,3079,3080],"yoast_head":"<!-- This site is optimized with the Yoast SEO plugin v22.3 - https:\/\/yoast.com\/wordpress\/plugins\/seo\/ -->\n<title>ALEGRETE DO PIAU\u00cd | Em evento bastante prestigiado Nova Diretoria do Sindicato dos Trabalhadores Rurais \u00e9 Empossada - Portal NPM<\/title>\n<meta name=\"robots\" content=\"index, follow, max-snippet:-1, max-image-preview:large, max-video-preview:-1\" \/>\n<link rel=\"canonical\" href=\"https:\/\/portalnpm.com\/index.php\/2019\/07\/11\/alegrete-do-piaui-em-evento-bastante-prestigiado-nova-diretoria-do-sindicato-dos-trabalhadores-rurais-e-empossada\/\" \/>\n<meta property=\"og:locale\" content=\"pt_BR\" \/>\n<meta property=\"og:type\" content=\"article\" \/>\n<meta property=\"og:title\" content=\"ALEGRETE DO PIAU\u00cd | Em evento bastante prestigiado Nova Diretoria do Sindicato dos Trabalhadores Rurais \u00e9 Empossada - Portal NPM\" \/>\n<meta property=\"og:description\" content=\"Um grande n\u00famero de trabalhadores e trabalhadoras rurais, lideran\u00e7as sindicais e autoridades, participaram nesta ter\u00e7a-feira, 9, da solenidade de posse da nova Diretoria do Sindicato dos Trabalhadores Rurais de Alegrete do Piau\u00ed para o quadri\u00eanio 2019-2023. A cerim\u00f4nia foi realizada no \u201cPonto de Eventos\u201d, localizado \u00e0s margens da BR-316 na Avenida Central da cidade. Na &hellip;\" \/>\n<meta property=\"og:url\" content=\"https:\/\/portalnpm.com\/index.php\/2019\/07\/11\/alegrete-do-piaui-em-evento-bastante-prestigiado-nova-diretoria-do-sindicato-dos-trabalhadores-rurais-e-empossada\/\" \/>\n<meta property=\"og:site_name\" content=\"Portal NPM\" \/>\n<meta property=\"article:published_time\" content=\"2019-07-12T02:28:41+00:00\" \/>\n<meta name=\"author\" content=\"Luis Alberto\" \/>\n<meta name=\"twitter:card\" content=\"summary_large_image\" \/>\n<meta name=\"twitter:label1\" content=\"Escrito por\" \/>\n\t<meta name=\"twitter:data1\" content=\"Luis Alberto\" \/>\n\t<meta name=\"twitter:label2\" content=\"Est. tempo de leitura\" \/>\n\t<meta name=\"twitter:data2\" content=\"5 minutos\" \/>\n<script type=\"application\/ld+json\" class=\"yoast-schema-graph\">{\"@context\":\"https:\/\/schema.org\",\"@graph\":[{\"@type\":\"WebPage\",\"@id\":\"https:\/\/portalnpm.com\/index.php\/2019\/07\/11\/alegrete-do-piaui-em-evento-bastante-prestigiado-nova-diretoria-do-sindicato-dos-trabalhadores-rurais-e-empossada\/\",\"url\":\"https:\/\/portalnpm.com\/index.php\/2019\/07\/11\/alegrete-do-piaui-em-evento-bastante-prestigiado-nova-diretoria-do-sindicato-dos-trabalhadores-rurais-e-empossada\/\",\"name\":\"ALEGRETE DO PIAU\u00cd | Em evento bastante prestigiado Nova Diretoria do Sindicato dos Trabalhadores Rurais \u00e9 Empossada - Portal NPM\",\"isPartOf\":{\"@id\":\"https:\/\/portalnpm.com\/#website\"},\"primaryImageOfPage\":{\"@id\":\"https:\/\/portalnpm.com\/index.php\/2019\/07\/11\/alegrete-do-piaui-em-evento-bastante-prestigiado-nova-diretoria-do-sindicato-dos-trabalhadores-rurais-e-empossada\/#primaryimage\"},\"image\":{\"@id\":\"https:\/\/portalnpm.com\/index.php\/2019\/07\/11\/alegrete-do-piaui-em-evento-bastante-prestigiado-nova-diretoria-do-sindicato-dos-trabalhadores-rurais-e-empossada\/#primaryimage\"},\"thumbnailUrl\":\"\",\"datePublished\":\"2019-07-12T02:28:41+00:00\",\"dateModified\":\"2019-07-12T02:28:41+00:00\",\"author\":{\"@id\":\"https:\/\/portalnpm.com\/#\/schema\/person\/5c8006acdf71774cd4e7a5ab98482152\"},\"breadcrumb\":{\"@id\":\"https:\/\/portalnpm.com\/index.php\/2019\/07\/11\/alegrete-do-piaui-em-evento-bastante-prestigiado-nova-diretoria-do-sindicato-dos-trabalhadores-rurais-e-empossada\/#breadcrumb\"},\"inLanguage\":\"pt-BR\",\"potentialAction\":[{\"@type\":\"ReadAction\",\"target\":[\"https:\/\/portalnpm.com\/index.php\/2019\/07\/11\/alegrete-do-piaui-em-evento-bastante-prestigiado-nova-diretoria-do-sindicato-dos-trabalhadores-rurais-e-empossada\/\"]}]},{\"@type\":\"ImageObject\",\"inLanguage\":\"pt-BR\",\"@id\":\"https:\/\/portalnpm.com\/index.php\/2019\/07\/11\/alegrete-do-piaui-em-evento-bastante-prestigiado-nova-diretoria-do-sindicato-dos-trabalhadores-rurais-e-empossada\/#primaryimage\",\"url\":\"\",\"contentUrl\":\"\"},{\"@type\":\"BreadcrumbList\",\"@id\":\"https:\/\/portalnpm.com\/index.php\/2019\/07\/11\/alegrete-do-piaui-em-evento-bastante-prestigiado-nova-diretoria-do-sindicato-dos-trabalhadores-rurais-e-empossada\/#breadcrumb\",\"itemListElement\":[{\"@type\":\"ListItem\",\"position\":1,\"name\":\"In\u00edcio\",\"item\":\"https:\/\/portalnpm.com\/\"},{\"@type\":\"ListItem\",\"position\":2,\"name\":\"ALEGRETE DO PIAU\u00cd | Em evento bastante prestigiado Nova Diretoria do Sindicato dos Trabalhadores Rurais \u00e9 Empossada\"}]},{\"@type\":\"WebSite\",\"@id\":\"https:\/\/portalnpm.com\/#website\",\"url\":\"https:\/\/portalnpm.com\/\",\"name\":\"Portal NPM\",\"description\":\"Not\u00edcias em Primeira M\u00e3o\",\"potentialAction\":[{\"@type\":\"SearchAction\",\"target\":{\"@type\":\"EntryPoint\",\"urlTemplate\":\"https:\/\/portalnpm.com\/?s={search_term_string}\"},\"query-input\":\"required name=search_term_string\"}],\"inLanguage\":\"pt-BR\"},{\"@type\":\"Person\",\"@id\":\"https:\/\/portalnpm.com\/#\/schema\/person\/5c8006acdf71774cd4e7a5ab98482152\",\"name\":\"Luis Alberto\",\"image\":{\"@type\":\"ImageObject\",\"inLanguage\":\"pt-BR\",\"@id\":\"https:\/\/portalnpm.com\/#\/schema\/person\/image\/\",\"url\":\"https:\/\/portalnpm.com\/wp-content\/uploads\/2024\/12\/avatar_user_3_1734699769-96x96.jpeg\",\"contentUrl\":\"https:\/\/portalnpm.com\/wp-content\/uploads\/2024\/12\/avatar_user_3_1734699769-96x96.jpeg\",\"caption\":\"Luis Alberto\"},\"description\":\"Editor-geral do Portal NPM, \u00e9 formado como T\u00e9cnico em Seguran\u00e7a do Trabalho pela Escola Metropolitana de Cursos T\u00e9cnicos. Det\u00e9m ainda licenciatura em Educa\u00e7\u00e3o F\u00edsica e bacharelado em Ci\u00eancias Pol\u00edticas, ambos obtidos pela institui\u00e7\u00e3o Anhanguera\/UNOPAR.\",\"url\":\"https:\/\/portalnpm.com\/index.php\/author\/pereira\/\"}]}<\/script>\n<!-- \/ Yoast SEO plugin. -->","yoast_head_json":{"title":"ALEGRETE DO PIAU\u00cd | Em evento bastante prestigiado Nova Diretoria do Sindicato dos Trabalhadores Rurais \u00e9 Empossada - Portal NPM","robots":{"index":"index","follow":"follow","max-snippet":"max-snippet:-1","max-image-preview":"max-image-preview:large","max-video-preview":"max-video-preview:-1"},"canonical":"https:\/\/portalnpm.com\/index.php\/2019\/07\/11\/alegrete-do-piaui-em-evento-bastante-prestigiado-nova-diretoria-do-sindicato-dos-trabalhadores-rurais-e-empossada\/","og_locale":"pt_BR","og_type":"article","og_title":"ALEGRETE DO PIAU\u00cd | Em evento bastante prestigiado Nova Diretoria do Sindicato dos Trabalhadores Rurais \u00e9 Empossada - Portal NPM","og_description":"Um grande n\u00famero de trabalhadores e trabalhadoras rurais, lideran\u00e7as sindicais e autoridades, participaram nesta ter\u00e7a-feira, 9, da solenidade de posse da nova Diretoria do Sindicato dos Trabalhadores Rurais de Alegrete do Piau\u00ed para o quadri\u00eanio 2019-2023. A cerim\u00f4nia foi realizada no \u201cPonto de Eventos\u201d, localizado \u00e0s margens da BR-316 na Avenida Central da cidade. Na &hellip;","og_url":"https:\/\/portalnpm.com\/index.php\/2019\/07\/11\/alegrete-do-piaui-em-evento-bastante-prestigiado-nova-diretoria-do-sindicato-dos-trabalhadores-rurais-e-empossada\/","og_site_name":"Portal NPM","article_published_time":"2019-07-12T02:28:41+00:00","author":"Luis Alberto","twitter_card":"summary_large_image","twitter_misc":{"Escrito por":"Luis Alberto","Est. tempo de leitura":"5 minutos"},"schema":{"@context":"https:\/\/schema.org","@graph":[{"@type":"WebPage","@id":"https:\/\/portalnpm.com\/index.php\/2019\/07\/11\/alegrete-do-piaui-em-evento-bastante-prestigiado-nova-diretoria-do-sindicato-dos-trabalhadores-rurais-e-empossada\/","url":"https:\/\/portalnpm.com\/index.php\/2019\/07\/11\/alegrete-do-piaui-em-evento-bastante-prestigiado-nova-diretoria-do-sindicato-dos-trabalhadores-rurais-e-empossada\/","name":"ALEGRETE DO PIAU\u00cd | Em evento bastante prestigiado Nova Diretoria do Sindicato dos Trabalhadores Rurais \u00e9 Empossada - Portal NPM","isPartOf":{"@id":"https:\/\/portalnpm.com\/#website"},"primaryImageOfPage":{"@id":"https:\/\/portalnpm.com\/index.php\/2019\/07\/11\/alegrete-do-piaui-em-evento-bastante-prestigiado-nova-diretoria-do-sindicato-dos-trabalhadores-rurais-e-empossada\/#primaryimage"},"image":{"@id":"https:\/\/portalnpm.com\/index.php\/2019\/07\/11\/alegrete-do-piaui-em-evento-bastante-prestigiado-nova-diretoria-do-sindicato-dos-trabalhadores-rurais-e-empossada\/#primaryimage"},"thumbnailUrl":"","datePublished":"2019-07-12T02:28:41+00:00","dateModified":"2019-07-12T02:28:41+00:00","author":{"@id":"https:\/\/portalnpm.com\/#\/schema\/person\/5c8006acdf71774cd4e7a5ab98482152"},"breadcrumb":{"@id":"https:\/\/portalnpm.com\/index.php\/2019\/07\/11\/alegrete-do-piaui-em-evento-bastante-prestigiado-nova-diretoria-do-sindicato-dos-trabalhadores-rurais-e-empossada\/#breadcrumb"},"inLanguage":"pt-BR","potentialAction":[{"@type":"ReadAction","target":["https:\/\/portalnpm.com\/index.php\/2019\/07\/11\/alegrete-do-piaui-em-evento-bastante-prestigiado-nova-diretoria-do-sindicato-dos-trabalhadores-rurais-e-empossada\/"]}]},{"@type":"ImageObject","inLanguage":"pt-BR","@id":"https:\/\/portalnpm.com\/index.php\/2019\/07\/11\/alegrete-do-piaui-em-evento-bastante-prestigiado-nova-diretoria-do-sindicato-dos-trabalhadores-rurais-e-empossada\/#primaryimage","url":"","contentUrl":""},{"@type":"BreadcrumbList","@id":"https:\/\/portalnpm.com\/index.php\/2019\/07\/11\/alegrete-do-piaui-em-evento-bastante-prestigiado-nova-diretoria-do-sindicato-dos-trabalhadores-rurais-e-empossada\/#breadcrumb","itemListElement":[{"@type":"ListItem","position":1,"name":"In\u00edcio","item":"https:\/\/portalnpm.com\/"},{"@type":"ListItem","position":2,"name":"ALEGRETE DO PIAU\u00cd | Em evento bastante prestigiado Nova Diretoria do Sindicato dos Trabalhadores Rurais \u00e9 Empossada"}]},{"@type":"WebSite","@id":"https:\/\/portalnpm.com\/#website","url":"https:\/\/portalnpm.com\/","name":"Portal NPM","description":"Not\u00edcias em Primeira M\u00e3o","potentialAction":[{"@type":"SearchAction","target":{"@type":"EntryPoint","urlTemplate":"https:\/\/portalnpm.com\/?s={search_term_string}"},"query-input":"required name=search_term_string"}],"inLanguage":"pt-BR"},{"@type":"Person","@id":"https:\/\/portalnpm.com\/#\/schema\/person\/5c8006acdf71774cd4e7a5ab98482152","name":"Luis Alberto","image":{"@type":"ImageObject","inLanguage":"pt-BR","@id":"https:\/\/portalnpm.com\/#\/schema\/person\/image\/","url":"https:\/\/portalnpm.com\/wp-content\/uploads\/2024\/12\/avatar_user_3_1734699769-96x96.jpeg","contentUrl":"https:\/\/portalnpm.com\/wp-content\/uploads\/2024\/12\/avatar_user_3_1734699769-96x96.jpeg","caption":"Luis Alberto"},"description":"Editor-geral do Portal NPM, \u00e9 formado como T\u00e9cnico em Seguran\u00e7a do Trabalho pela Escola Metropolitana de Cursos T\u00e9cnicos. Det\u00e9m ainda licenciatura em Educa\u00e7\u00e3o F\u00edsica e bacharelado em Ci\u00eancias Pol\u00edticas, ambos obtidos pela institui\u00e7\u00e3o Anhanguera\/UNOPAR.","url":"https:\/\/portalnpm.com\/index.php\/author\/pereira\/"}]}},"jetpack_sharing_enabled":true,"jetpack_featured_media_url":"","_links":{"self":[{"href":"https:\/\/portalnpm.com\/index.php\/wp-json\/wp\/v2\/posts\/9689"}],"collection":[{"href":"https:\/\/portalnpm.com\/index.php\/wp-json\/wp\/v2\/posts"}],"about":[{"href":"https:\/\/portalnpm.com\/index.php\/wp-json\/wp\/v2\/types\/post"}],"author":[{"embeddable":true,"href":"https:\/\/portalnpm.com\/index.php\/wp-json\/wp\/v2\/users\/3"}],"replies":[{"embeddable":true,"href":"https:\/\/portalnpm.com\/index.php\/wp-json\/wp\/v2\/comments?post=9689"}],"version-history":[{"count":0,"href":"https:\/\/portalnpm.com\/index.php\/wp-json\/wp\/v2\/posts\/9689\/revisions"}],"wp:featuredmedia":[{"embeddable":true,"href":"https:\/\/portalnpm.com\/index.php\/wp-json\/"}],"wp:attachment":[{"href":"https:\/\/portalnpm.com\/index.php\/wp-json\/wp\/v2\/media?parent=9689"}],"wp:term":[{"taxonomy":"category","embeddable":true,"href":"https:\/\/portalnpm.com\/index.php\/wp-json\/wp\/v2\/categories?post=9689"},{"taxonomy":"post_tag","embeddable":true,"href":"https:\/\/portalnpm.com\/index.php\/wp-json\/wp\/v2\/tags?post=9689"}],"curies":[{"name":"wp","href":"https:\/\/api.w.org\/{rel}","templated":true}]}}