{"id":9714,"date":"2019-07-13T10:39:39","date_gmt":"2019-07-13T13:39:39","guid":{"rendered":"http:\/\/srv.portalnpm.com.br\/?p=9714"},"modified":"2019-07-13T10:39:39","modified_gmt":"2019-07-13T13:39:39","slug":"cercada-de-misterio-pedra-da-caveira-alerta-para-o-perigo-da-morte-no-litoral-do-piaui","status":"publish","type":"post","link":"https:\/\/portalnpm.com\/index.php\/2019\/07\/13\/cercada-de-misterio-pedra-da-caveira-alerta-para-o-perigo-da-morte-no-litoral-do-piaui\/","title":{"rendered":"Cercada de mist\u00e9rio, Pedra da Caveira alerta para o perigo da morte no litoral do Piau\u00ed"},"content":{"rendered":"<p style=\"text-align: justify;\">Dada as in\u00fameras belezas a serem observadas na praia da Pedra do Sal, em Parna\u00edba, uma delas passa despercebida pela maioria dos visitantes, a Pedra da Caveira, assim chamada pela sua forma muito semelhante a caveira de um cr\u00e2nio humano.<\/p>\n<figure id=\"attachment_9716\" aria-describedby=\"caption-attachment-9716\" style=\"width: 768px\" class=\"wp-caption aligncenter\"><img fetchpriority=\"high\" decoding=\"async\" class=\"size-full wp-image-9716\" src=\"http:\/\/portalnpm.com\/wp-content\/uploads\/2019\/07\/pedra-da-caveira-pedra-do-sal-768x576.jpg\" alt=\"\" width=\"768\" height=\"576\" \/><figcaption id=\"caption-attachment-9716\" class=\"wp-caption-text\">Cercada de mist\u00e9rio, Pedra da Caveira alerta para o perigo da morte no litoral do Piau\u00ed<\/figcaption><\/figure>\n<p style=\"text-align: justify;\">Segundo os nativos, ela est\u00e1 ali pra chamar a aten\u00e7\u00e3o dos visitantes para n\u00e3o se aventurarem a entrar nas \u00e1guas onde as ondas quebram nas pedras, pois isso pode levar a morte. Ainda segundo os nativos, n\u00e3o se deve escrever o nome na pedra, pois isso significa a morte.<\/p>\n<p style=\"text-align: justify;\">Localizada a 18 km de Parna\u00edba, a praia Pedra do Sal atrai a todo tipo de pessoas, especialmente os turistas, surfistas e ambientalistas. Dos ovos de tartaruga ao intenso vento que gera a energia e\u00f3lica, tudo ali \u00e9 marcado por magia e riquezas naturais.<\/p>\n<figure id=\"attachment_9715\" aria-describedby=\"caption-attachment-9715\" style=\"width: 500px\" class=\"wp-caption aligncenter\"><img decoding=\"async\" class=\"size-full wp-image-9715\" src=\"http:\/\/portalnpm.com\/wp-content\/uploads\/2019\/07\/pedra-do-sal-parnaiba-1.jpg\" alt=\"\" width=\"500\" height=\"347\" \/><figcaption id=\"caption-attachment-9715\" class=\"wp-caption-text\">Pedra da Caveira<\/figcaption><\/figure>\n<p style=\"text-align: justify;\">A Pedra do Sal fica na Ilha Grande de Santa Isabel em Parna\u00edba e chama aten\u00e7\u00e3o pelo conjunto de rochedos e lendas que circulam por suas redondezas.<\/p>\n<p style=\"text-align: justify;\">A praia divide seus 6 km de extens\u00e3o em dois lados completamente distintos: o lado da praia mansa, que fica de frente para o nascente e \u00e9 um incr\u00edvel balne\u00e1rio que atrai fam\u00edlias de todos os lugares e o lado da praia brava, de frente para o poente, ideal para as pr\u00e1ticas de esporte, como o surfe.<\/p>\n<p style=\"text-align: justify;\">A Pedra do Sal recebeu esse nome porque \u00e9 poss\u00edvel ver o sal depositado em buracos nas pedras quando a \u00e1gua evapora.<\/p>\n<p style=\"text-align: justify;\"><strong>FONTE: Jornal da Parna\u00edba<\/strong><\/p>\n","protected":false},"excerpt":{"rendered":"<p>Dada as in\u00fameras belezas a serem observadas na praia da Pedra do Sal, em Parna\u00edba, uma delas passa despercebida pela maioria dos visitantes, a Pedra da Caveira, assim chamada pela sua forma muito semelhante a caveira de um cr\u00e2nio humano. Segundo os nativos, ela est\u00e1 ali pra chamar a aten\u00e7\u00e3o dos visitantes para n\u00e3o se &hellip;<\/p>\n","protected":false},"author":8,"featured_media":9716,"comment_status":"open","ping_status":"open","sticky":false,"template":"","format":"standard","meta":{"content-type":"","rop_custom_images_group":[],"rop_custom_messages_group":[],"rop_publish_now":"initial","rop_publish_now_accounts":{"facebook_2648258775420054_1618374048415101":""},"rop_publish_now_history":[],"rop_publish_now_status":"pending","footnotes":"","_jetpack_memberships_contains_paid_content":false},"categories":[113],"tags":[3087,3088,3089],"yoast_head":"<!-- This site is optimized with the Yoast SEO plugin v22.3 - https:\/\/yoast.com\/wordpress\/plugins\/seo\/ -->\n<title>Cercada de mist\u00e9rio, Pedra da Caveira alerta para o perigo da morte no litoral do Piau\u00ed - Portal NPM<\/title>\n<meta name=\"robots\" content=\"index, follow, max-snippet:-1, max-image-preview:large, max-video-preview:-1\" \/>\n<link rel=\"canonical\" href=\"https:\/\/portalnpm.com\/index.php\/2019\/07\/13\/cercada-de-misterio-pedra-da-caveira-alerta-para-o-perigo-da-morte-no-litoral-do-piaui\/\" \/>\n<meta property=\"og:locale\" content=\"pt_BR\" \/>\n<meta property=\"og:type\" content=\"article\" \/>\n<meta property=\"og:title\" content=\"Cercada de mist\u00e9rio, Pedra da Caveira alerta para o perigo da morte no litoral do Piau\u00ed - Portal NPM\" \/>\n<meta property=\"og:description\" content=\"Dada as in\u00fameras belezas a serem observadas na praia da Pedra do Sal, em Parna\u00edba, uma delas passa despercebida pela maioria dos visitantes, a Pedra da Caveira, assim chamada pela sua forma muito semelhante a caveira de um cr\u00e2nio humano. Segundo os nativos, ela est\u00e1 ali pra chamar a aten\u00e7\u00e3o dos visitantes para n\u00e3o se &hellip;\" \/>\n<meta property=\"og:url\" content=\"https:\/\/portalnpm.com\/index.php\/2019\/07\/13\/cercada-de-misterio-pedra-da-caveira-alerta-para-o-perigo-da-morte-no-litoral-do-piaui\/\" \/>\n<meta property=\"og:site_name\" content=\"Portal NPM\" \/>\n<meta property=\"article:published_time\" content=\"2019-07-13T13:39:39+00:00\" \/>\n<meta name=\"author\" content=\"Zenilton Lima\" \/>\n<meta name=\"twitter:card\" content=\"summary_large_image\" \/>\n<meta name=\"twitter:label1\" content=\"Escrito por\" \/>\n\t<meta name=\"twitter:data1\" content=\"Zenilton Lima\" \/>\n\t<meta name=\"twitter:label2\" content=\"Est. tempo de leitura\" \/>\n\t<meta name=\"twitter:data2\" content=\"1 minuto\" \/>\n<script type=\"application\/ld+json\" class=\"yoast-schema-graph\">{\"@context\":\"https:\/\/schema.org\",\"@graph\":[{\"@type\":\"WebPage\",\"@id\":\"https:\/\/portalnpm.com\/index.php\/2019\/07\/13\/cercada-de-misterio-pedra-da-caveira-alerta-para-o-perigo-da-morte-no-litoral-do-piaui\/\",\"url\":\"https:\/\/portalnpm.com\/index.php\/2019\/07\/13\/cercada-de-misterio-pedra-da-caveira-alerta-para-o-perigo-da-morte-no-litoral-do-piaui\/\",\"name\":\"Cercada de mist\u00e9rio, Pedra da Caveira alerta para o perigo da morte no litoral do Piau\u00ed - Portal NPM\",\"isPartOf\":{\"@id\":\"https:\/\/portalnpm.com\/#website\"},\"primaryImageOfPage\":{\"@id\":\"https:\/\/portalnpm.com\/index.php\/2019\/07\/13\/cercada-de-misterio-pedra-da-caveira-alerta-para-o-perigo-da-morte-no-litoral-do-piaui\/#primaryimage\"},\"image\":{\"@id\":\"https:\/\/portalnpm.com\/index.php\/2019\/07\/13\/cercada-de-misterio-pedra-da-caveira-alerta-para-o-perigo-da-morte-no-litoral-do-piaui\/#primaryimage\"},\"thumbnailUrl\":\"\",\"datePublished\":\"2019-07-13T13:39:39+00:00\",\"dateModified\":\"2019-07-13T13:39:39+00:00\",\"author\":{\"@id\":\"https:\/\/portalnpm.com\/#\/schema\/person\/35cb55186eae3f074b6783da6d35591e\"},\"breadcrumb\":{\"@id\":\"https:\/\/portalnpm.com\/index.php\/2019\/07\/13\/cercada-de-misterio-pedra-da-caveira-alerta-para-o-perigo-da-morte-no-litoral-do-piaui\/#breadcrumb\"},\"inLanguage\":\"pt-BR\",\"potentialAction\":[{\"@type\":\"ReadAction\",\"target\":[\"https:\/\/portalnpm.com\/index.php\/2019\/07\/13\/cercada-de-misterio-pedra-da-caveira-alerta-para-o-perigo-da-morte-no-litoral-do-piaui\/\"]}]},{\"@type\":\"ImageObject\",\"inLanguage\":\"pt-BR\",\"@id\":\"https:\/\/portalnpm.com\/index.php\/2019\/07\/13\/cercada-de-misterio-pedra-da-caveira-alerta-para-o-perigo-da-morte-no-litoral-do-piaui\/#primaryimage\",\"url\":\"\",\"contentUrl\":\"\"},{\"@type\":\"BreadcrumbList\",\"@id\":\"https:\/\/portalnpm.com\/index.php\/2019\/07\/13\/cercada-de-misterio-pedra-da-caveira-alerta-para-o-perigo-da-morte-no-litoral-do-piaui\/#breadcrumb\",\"itemListElement\":[{\"@type\":\"ListItem\",\"position\":1,\"name\":\"In\u00edcio\",\"item\":\"https:\/\/portalnpm.com\/\"},{\"@type\":\"ListItem\",\"position\":2,\"name\":\"Cercada de mist\u00e9rio, Pedra da Caveira alerta para o perigo da morte no litoral do Piau\u00ed\"}]},{\"@type\":\"WebSite\",\"@id\":\"https:\/\/portalnpm.com\/#website\",\"url\":\"https:\/\/portalnpm.com\/\",\"name\":\"Portal NPM\",\"description\":\"Not\u00edcias em Primeira M\u00e3o\",\"potentialAction\":[{\"@type\":\"SearchAction\",\"target\":{\"@type\":\"EntryPoint\",\"urlTemplate\":\"https:\/\/portalnpm.com\/?s={search_term_string}\"},\"query-input\":\"required name=search_term_string\"}],\"inLanguage\":\"pt-BR\"},{\"@type\":\"Person\",\"@id\":\"https:\/\/portalnpm.com\/#\/schema\/person\/35cb55186eae3f074b6783da6d35591e\",\"name\":\"Zenilton Lima\",\"image\":{\"@type\":\"ImageObject\",\"inLanguage\":\"pt-BR\",\"@id\":\"https:\/\/portalnpm.com\/#\/schema\/person\/image\/\",\"url\":\"https:\/\/portalnpm.com\/wp-content\/uploads\/2024\/12\/avatar_user_8_1733658137-96x96.jpeg\",\"contentUrl\":\"https:\/\/portalnpm.com\/wp-content\/uploads\/2024\/12\/avatar_user_8_1733658137-96x96.jpeg\",\"caption\":\"Zenilton Lima\"},\"url\":\"https:\/\/portalnpm.com\/index.php\/author\/zenilton\/\"}]}<\/script>\n<!-- \/ Yoast SEO plugin. -->","yoast_head_json":{"title":"Cercada de mist\u00e9rio, Pedra da Caveira alerta para o perigo da morte no litoral do Piau\u00ed - Portal NPM","robots":{"index":"index","follow":"follow","max-snippet":"max-snippet:-1","max-image-preview":"max-image-preview:large","max-video-preview":"max-video-preview:-1"},"canonical":"https:\/\/portalnpm.com\/index.php\/2019\/07\/13\/cercada-de-misterio-pedra-da-caveira-alerta-para-o-perigo-da-morte-no-litoral-do-piaui\/","og_locale":"pt_BR","og_type":"article","og_title":"Cercada de mist\u00e9rio, Pedra da Caveira alerta para o perigo da morte no litoral do Piau\u00ed - Portal NPM","og_description":"Dada as in\u00fameras belezas a serem observadas na praia da Pedra do Sal, em Parna\u00edba, uma delas passa despercebida pela maioria dos visitantes, a Pedra da Caveira, assim chamada pela sua forma muito semelhante a caveira de um cr\u00e2nio humano. Segundo os nativos, ela est\u00e1 ali pra chamar a aten\u00e7\u00e3o dos visitantes para n\u00e3o se &hellip;","og_url":"https:\/\/portalnpm.com\/index.php\/2019\/07\/13\/cercada-de-misterio-pedra-da-caveira-alerta-para-o-perigo-da-morte-no-litoral-do-piaui\/","og_site_name":"Portal NPM","article_published_time":"2019-07-13T13:39:39+00:00","author":"Zenilton Lima","twitter_card":"summary_large_image","twitter_misc":{"Escrito por":"Zenilton Lima","Est. tempo de leitura":"1 minuto"},"schema":{"@context":"https:\/\/schema.org","@graph":[{"@type":"WebPage","@id":"https:\/\/portalnpm.com\/index.php\/2019\/07\/13\/cercada-de-misterio-pedra-da-caveira-alerta-para-o-perigo-da-morte-no-litoral-do-piaui\/","url":"https:\/\/portalnpm.com\/index.php\/2019\/07\/13\/cercada-de-misterio-pedra-da-caveira-alerta-para-o-perigo-da-morte-no-litoral-do-piaui\/","name":"Cercada de mist\u00e9rio, Pedra da Caveira alerta para o perigo da morte no litoral do Piau\u00ed - Portal NPM","isPartOf":{"@id":"https:\/\/portalnpm.com\/#website"},"primaryImageOfPage":{"@id":"https:\/\/portalnpm.com\/index.php\/2019\/07\/13\/cercada-de-misterio-pedra-da-caveira-alerta-para-o-perigo-da-morte-no-litoral-do-piaui\/#primaryimage"},"image":{"@id":"https:\/\/portalnpm.com\/index.php\/2019\/07\/13\/cercada-de-misterio-pedra-da-caveira-alerta-para-o-perigo-da-morte-no-litoral-do-piaui\/#primaryimage"},"thumbnailUrl":"","datePublished":"2019-07-13T13:39:39+00:00","dateModified":"2019-07-13T13:39:39+00:00","author":{"@id":"https:\/\/portalnpm.com\/#\/schema\/person\/35cb55186eae3f074b6783da6d35591e"},"breadcrumb":{"@id":"https:\/\/portalnpm.com\/index.php\/2019\/07\/13\/cercada-de-misterio-pedra-da-caveira-alerta-para-o-perigo-da-morte-no-litoral-do-piaui\/#breadcrumb"},"inLanguage":"pt-BR","potentialAction":[{"@type":"ReadAction","target":["https:\/\/portalnpm.com\/index.php\/2019\/07\/13\/cercada-de-misterio-pedra-da-caveira-alerta-para-o-perigo-da-morte-no-litoral-do-piaui\/"]}]},{"@type":"ImageObject","inLanguage":"pt-BR","@id":"https:\/\/portalnpm.com\/index.php\/2019\/07\/13\/cercada-de-misterio-pedra-da-caveira-alerta-para-o-perigo-da-morte-no-litoral-do-piaui\/#primaryimage","url":"","contentUrl":""},{"@type":"BreadcrumbList","@id":"https:\/\/portalnpm.com\/index.php\/2019\/07\/13\/cercada-de-misterio-pedra-da-caveira-alerta-para-o-perigo-da-morte-no-litoral-do-piaui\/#breadcrumb","itemListElement":[{"@type":"ListItem","position":1,"name":"In\u00edcio","item":"https:\/\/portalnpm.com\/"},{"@type":"ListItem","position":2,"name":"Cercada de mist\u00e9rio, Pedra da Caveira alerta para o perigo da morte no litoral do Piau\u00ed"}]},{"@type":"WebSite","@id":"https:\/\/portalnpm.com\/#website","url":"https:\/\/portalnpm.com\/","name":"Portal NPM","description":"Not\u00edcias em Primeira M\u00e3o","potentialAction":[{"@type":"SearchAction","target":{"@type":"EntryPoint","urlTemplate":"https:\/\/portalnpm.com\/?s={search_term_string}"},"query-input":"required name=search_term_string"}],"inLanguage":"pt-BR"},{"@type":"Person","@id":"https:\/\/portalnpm.com\/#\/schema\/person\/35cb55186eae3f074b6783da6d35591e","name":"Zenilton Lima","image":{"@type":"ImageObject","inLanguage":"pt-BR","@id":"https:\/\/portalnpm.com\/#\/schema\/person\/image\/","url":"https:\/\/portalnpm.com\/wp-content\/uploads\/2024\/12\/avatar_user_8_1733658137-96x96.jpeg","contentUrl":"https:\/\/portalnpm.com\/wp-content\/uploads\/2024\/12\/avatar_user_8_1733658137-96x96.jpeg","caption":"Zenilton Lima"},"url":"https:\/\/portalnpm.com\/index.php\/author\/zenilton\/"}]}},"jetpack_sharing_enabled":true,"jetpack_featured_media_url":"","_links":{"self":[{"href":"https:\/\/portalnpm.com\/index.php\/wp-json\/wp\/v2\/posts\/9714"}],"collection":[{"href":"https:\/\/portalnpm.com\/index.php\/wp-json\/wp\/v2\/posts"}],"about":[{"href":"https:\/\/portalnpm.com\/index.php\/wp-json\/wp\/v2\/types\/post"}],"author":[{"embeddable":true,"href":"https:\/\/portalnpm.com\/index.php\/wp-json\/wp\/v2\/users\/8"}],"replies":[{"embeddable":true,"href":"https:\/\/portalnpm.com\/index.php\/wp-json\/wp\/v2\/comments?post=9714"}],"version-history":[{"count":0,"href":"https:\/\/portalnpm.com\/index.php\/wp-json\/wp\/v2\/posts\/9714\/revisions"}],"wp:featuredmedia":[{"embeddable":true,"href":"https:\/\/portalnpm.com\/index.php\/wp-json\/"}],"wp:attachment":[{"href":"https:\/\/portalnpm.com\/index.php\/wp-json\/wp\/v2\/media?parent=9714"}],"wp:term":[{"taxonomy":"category","embeddable":true,"href":"https:\/\/portalnpm.com\/index.php\/wp-json\/wp\/v2\/categories?post=9714"},{"taxonomy":"post_tag","embeddable":true,"href":"https:\/\/portalnpm.com\/index.php\/wp-json\/wp\/v2\/tags?post=9714"}],"curies":[{"name":"wp","href":"https:\/\/api.w.org\/{rel}","templated":true}]}}